{"id":99,"date":"2019-03-28T13:06:39","date_gmt":"2019-03-28T20:06:39","guid":{"rendered":"http:\/\/ichd.mx\/?p=99"},"modified":"2020-04-26T10:17:47","modified_gmt":"2020-04-26T16:17:47","slug":"campamento-de-semana-santa-en-el-centro-acuatico-chihuahua","status":"publish","type":"post","link":"https:\/\/ichd.mx\/?p=99","title":{"rendered":"Campamento de Semana Santa en el Centro Acu\u00e1tico Chihuahua"},"content":{"rendered":"<p><img loading=\"lazy\" decoding=\"async\" class=\"wp-image-101 alignleft\" src=\"http:\/\/ichd.mx\/wp-content\/uploads\/2019\/03\/Nado-por-mi-corazon-2019-3-300x200.jpg\" alt=\"\" width=\"300\" height=\"200\" srcset=\"https:\/\/ichd.mx\/wp-content\/uploads\/2019\/03\/Nado-por-mi-corazon-2019-3-300x200.jpg 300w, https:\/\/ichd.mx\/wp-content\/uploads\/2019\/03\/Nado-por-mi-corazon-2019-3-768x512.jpg 768w, https:\/\/ichd.mx\/wp-content\/uploads\/2019\/03\/Nado-por-mi-corazon-2019-3.jpg 1024w\" sizes=\"auto, (max-width: 300px) 100vw, 300px\" \/>El Centro Acu\u00e1tico Chihuahua (CACH), dio a conocer el calendario y el programa de actividades para el Campamento de \u201cSemana Santa\u201d, siendo una alternativa para los padres de familia durante el periodo vacacional.<\/p>\n<p>La informaci\u00f3n fue proporcionada por Alejandra Ram\u00edrez administradora del CACH quien indic\u00f3 que el periodo de inscripci\u00f3n ya comenz\u00f3 y los padres interesados en este campamento deben acudir a las instalaciones de la alberca ubicada en la Ciudad Deportiva en Pascual Orozco y Av. Tecnol\u00f3gico o comunicarse al tel\u00e9fono 414-48-20.<\/p>\n<p>\u201cLas disciplinas deportivas que se ofertan para este a\u00f1o son; b\u00e1squetbol, f\u00fatbol soccer y la nataci\u00f3n, los horarios ser\u00e1n de 8:30 a 14:30 horas de lunes a viernes excepto el 19 de abril (viernes santo), podr\u00e1n formar parte de este curso los ni\u00f1os, ni\u00f1as y j\u00f3venes de entre 5 y 14 a\u00f1os\u201d, dijo Ram\u00edrez.<\/p>\n<p>El campamento contar\u00e1 con maestros especializados en cada deporte y con preparaci\u00f3n para atender a grupos peque\u00f1os acorde a su edad con el objetivo de brindar un curso en el que los participantes se lleven una ense\u00f1anza.<\/p>\n<p><img loading=\"lazy\" decoding=\"async\" class=\"alignnone size-medium wp-image-100\" src=\"http:\/\/ichd.mx\/wp-content\/uploads\/2019\/03\/SEMANA-SANTA-CACH-300x128.jpg\" alt=\"\" width=\"300\" height=\"128\" srcset=\"https:\/\/ichd.mx\/wp-content\/uploads\/2019\/03\/SEMANA-SANTA-CACH-300x128.jpg 300w, https:\/\/ichd.mx\/wp-content\/uploads\/2019\/03\/SEMANA-SANTA-CACH-768x329.jpg 768w, https:\/\/ichd.mx\/wp-content\/uploads\/2019\/03\/SEMANA-SANTA-CACH.jpg 1024w\" sizes=\"auto, (max-width: 300px) 100vw, 300px\" \/> <\/p>\n","protected":false},"excerpt":{"rendered":"<p>El Centro Acu\u00e1tico Chihuahua (CACH), dio a conocer el calendario y el programa de actividades para el Campamento de \u201cSemana<\/p>\n","protected":false},"author":1,"featured_media":101,"comment_status":"closed","ping_status":"open","sticky":false,"template":"","format":"standard","meta":{"footnotes":""},"categories":[8,3],"tags":[12,11,10],"class_list":["post-99","post","type-post","status-publish","format-standard","has-post-thumbnail","hentry","category-gral","category-sub","tag-alberca","tag-cach","tag-campamento-de-semana-santa"],"yoast_head":"<!-- This site is optimized with the Yoast SEO plugin v25.9 - https:\/\/yoast.com\/wordpress\/plugins\/seo\/ -->\n<title>Campamento de Semana Santa en el Centro Acu\u00e1tico Chihuahua - ICHD<\/title>\n<meta name=\"robots\" content=\"index, follow, max-snippet:-1, max-image-preview:large, max-video-preview:-1\" \/>\n<link rel=\"canonical\" href=\"https:\/\/ichd.mx\/?p=99\" \/>\n<meta property=\"og:locale\" content=\"es_ES\" \/>\n<meta property=\"og:type\" content=\"article\" \/>\n<meta property=\"og:title\" content=\"Campamento de Semana Santa en el Centro Acu\u00e1tico Chihuahua - ICHD\" \/>\n<meta property=\"og:description\" content=\"El Centro Acu\u00e1tico Chihuahua (CACH), dio a conocer el calendario y el programa de actividades para el Campamento de \u201cSemana\" \/>\n<meta property=\"og:url\" content=\"https:\/\/ichd.mx\/?p=99\" \/>\n<meta property=\"og:site_name\" content=\"ICHD\" \/>\n<meta property=\"article:publisher\" content=\"https:\/\/www.facebook.com\/ichdmx\" \/>\n<meta property=\"article:published_time\" content=\"2019-03-28T20:06:39+00:00\" \/>\n<meta property=\"article:modified_time\" content=\"2020-04-26T16:17:47+00:00\" \/>\n<meta property=\"og:image\" content=\"https:\/\/ichd.mx\/wp-content\/uploads\/2019\/03\/Nado-por-mi-corazon-2019-3.jpg\" \/>\n\t<meta property=\"og:image:width\" content=\"1024\" \/>\n\t<meta property=\"og:image:height\" content=\"682\" \/>\n\t<meta property=\"og:image:type\" content=\"image\/jpeg\" \/>\n<meta name=\"author\" content=\"Prensa ICHD\" \/>\n<meta name=\"twitter:card\" content=\"summary_large_image\" \/>\n<meta name=\"twitter:creator\" content=\"@ICHDmx\" \/>\n<meta name=\"twitter:site\" content=\"@ICHDmx\" \/>\n<meta name=\"twitter:label1\" content=\"Escrito por\" \/>\n\t<meta name=\"twitter:data1\" content=\"Prensa ICHD\" \/>\n\t<meta name=\"twitter:label2\" content=\"Tiempo de lectura\" \/>\n\t<meta name=\"twitter:data2\" content=\"1 minuto\" \/>\n<script type=\"application\/ld+json\" class=\"yoast-schema-graph\">{\"@context\":\"https:\/\/schema.org\",\"@graph\":[{\"@type\":\"WebPage\",\"@id\":\"https:\/\/ichd.mx\/?p=99\",\"url\":\"https:\/\/ichd.mx\/?p=99\",\"name\":\"Campamento de Semana Santa en el Centro Acu\u00e1tico Chihuahua - ICHD\",\"isPartOf\":{\"@id\":\"https:\/\/ichd.mx\/#website\"},\"primaryImageOfPage\":{\"@id\":\"https:\/\/ichd.mx\/?p=99#primaryimage\"},\"image\":{\"@id\":\"https:\/\/ichd.mx\/?p=99#primaryimage\"},\"thumbnailUrl\":\"https:\/\/ichd.mx\/wp-content\/uploads\/2019\/03\/Nado-por-mi-corazon-2019-3.jpg\",\"datePublished\":\"2019-03-28T20:06:39+00:00\",\"dateModified\":\"2020-04-26T16:17:47+00:00\",\"author\":{\"@id\":\"https:\/\/ichd.mx\/#\/schema\/person\/f479276b61f414d2c9cb093175585910\"},\"breadcrumb\":{\"@id\":\"https:\/\/ichd.mx\/?p=99#breadcrumb\"},\"inLanguage\":\"es\",\"potentialAction\":[{\"@type\":\"ReadAction\",\"target\":[\"https:\/\/ichd.mx\/?p=99\"]}]},{\"@type\":\"ImageObject\",\"inLanguage\":\"es\",\"@id\":\"https:\/\/ichd.mx\/?p=99#primaryimage\",\"url\":\"https:\/\/ichd.mx\/wp-content\/uploads\/2019\/03\/Nado-por-mi-corazon-2019-3.jpg\",\"contentUrl\":\"https:\/\/ichd.mx\/wp-content\/uploads\/2019\/03\/Nado-por-mi-corazon-2019-3.jpg\",\"width\":1024,\"height\":682},{\"@type\":\"BreadcrumbList\",\"@id\":\"https:\/\/ichd.mx\/?p=99#breadcrumb\",\"itemListElement\":[{\"@type\":\"ListItem\",\"position\":1,\"name\":\"Portada\",\"item\":\"https:\/\/ichd.mx\/\"},{\"@type\":\"ListItem\",\"position\":2,\"name\":\"Campamento de Semana Santa en el Centro Acu\u00e1tico Chihuahua\"}]},{\"@type\":\"WebSite\",\"@id\":\"https:\/\/ichd.mx\/#website\",\"url\":\"https:\/\/ichd.mx\/\",\"name\":\"ICHD\",\"description\":\"Instituto Chihuahuense del Deporte y Cultura F\u00edsica\",\"potentialAction\":[{\"@type\":\"SearchAction\",\"target\":{\"@type\":\"EntryPoint\",\"urlTemplate\":\"https:\/\/ichd.mx\/?s={search_term_string}\"},\"query-input\":{\"@type\":\"PropertyValueSpecification\",\"valueRequired\":true,\"valueName\":\"search_term_string\"}}],\"inLanguage\":\"es\"},{\"@type\":\"Person\",\"@id\":\"https:\/\/ichd.mx\/#\/schema\/person\/f479276b61f414d2c9cb093175585910\",\"name\":\"Prensa ICHD\",\"image\":{\"@type\":\"ImageObject\",\"inLanguage\":\"es\",\"@id\":\"https:\/\/ichd.mx\/#\/schema\/person\/image\/\",\"url\":\"https:\/\/secure.gravatar.com\/avatar\/6046115645d37646586ee77488df800b?s=96&d=mm&r=g\",\"contentUrl\":\"https:\/\/secure.gravatar.com\/avatar\/6046115645d37646586ee77488df800b?s=96&d=mm&r=g\",\"caption\":\"Prensa ICHD\"},\"url\":\"https:\/\/ichd.mx\/?author=1\"}]}<\/script>\n<!-- \/ Yoast SEO plugin. -->","yoast_head_json":{"title":"Campamento de Semana Santa en el Centro Acu\u00e1tico Chihuahua - ICHD","robots":{"index":"index","follow":"follow","max-snippet":"max-snippet:-1","max-image-preview":"max-image-preview:large","max-video-preview":"max-video-preview:-1"},"canonical":"https:\/\/ichd.mx\/?p=99","og_locale":"es_ES","og_type":"article","og_title":"Campamento de Semana Santa en el Centro Acu\u00e1tico Chihuahua - ICHD","og_description":"El Centro Acu\u00e1tico Chihuahua (CACH), dio a conocer el calendario y el programa de actividades para el Campamento de \u201cSemana","og_url":"https:\/\/ichd.mx\/?p=99","og_site_name":"ICHD","article_publisher":"https:\/\/www.facebook.com\/ichdmx","article_published_time":"2019-03-28T20:06:39+00:00","article_modified_time":"2020-04-26T16:17:47+00:00","og_image":[{"width":1024,"height":682,"url":"https:\/\/ichd.mx\/wp-content\/uploads\/2019\/03\/Nado-por-mi-corazon-2019-3.jpg","type":"image\/jpeg"}],"author":"Prensa ICHD","twitter_card":"summary_large_image","twitter_creator":"@ICHDmx","twitter_site":"@ICHDmx","twitter_misc":{"Escrito por":"Prensa ICHD","Tiempo de lectura":"1 minuto"},"schema":{"@context":"https:\/\/schema.org","@graph":[{"@type":"WebPage","@id":"https:\/\/ichd.mx\/?p=99","url":"https:\/\/ichd.mx\/?p=99","name":"Campamento de Semana Santa en el Centro Acu\u00e1tico Chihuahua - ICHD","isPartOf":{"@id":"https:\/\/ichd.mx\/#website"},"primaryImageOfPage":{"@id":"https:\/\/ichd.mx\/?p=99#primaryimage"},"image":{"@id":"https:\/\/ichd.mx\/?p=99#primaryimage"},"thumbnailUrl":"https:\/\/ichd.mx\/wp-content\/uploads\/2019\/03\/Nado-por-mi-corazon-2019-3.jpg","datePublished":"2019-03-28T20:06:39+00:00","dateModified":"2020-04-26T16:17:47+00:00","author":{"@id":"https:\/\/ichd.mx\/#\/schema\/person\/f479276b61f414d2c9cb093175585910"},"breadcrumb":{"@id":"https:\/\/ichd.mx\/?p=99#breadcrumb"},"inLanguage":"es","potentialAction":[{"@type":"ReadAction","target":["https:\/\/ichd.mx\/?p=99"]}]},{"@type":"ImageObject","inLanguage":"es","@id":"https:\/\/ichd.mx\/?p=99#primaryimage","url":"https:\/\/ichd.mx\/wp-content\/uploads\/2019\/03\/Nado-por-mi-corazon-2019-3.jpg","contentUrl":"https:\/\/ichd.mx\/wp-content\/uploads\/2019\/03\/Nado-por-mi-corazon-2019-3.jpg","width":1024,"height":682},{"@type":"BreadcrumbList","@id":"https:\/\/ichd.mx\/?p=99#breadcrumb","itemListElement":[{"@type":"ListItem","position":1,"name":"Portada","item":"https:\/\/ichd.mx\/"},{"@type":"ListItem","position":2,"name":"Campamento de Semana Santa en el Centro Acu\u00e1tico Chihuahua"}]},{"@type":"WebSite","@id":"https:\/\/ichd.mx\/#website","url":"https:\/\/ichd.mx\/","name":"ICHD","description":"Instituto Chihuahuense del Deporte y Cultura F\u00edsica","potentialAction":[{"@type":"SearchAction","target":{"@type":"EntryPoint","urlTemplate":"https:\/\/ichd.mx\/?s={search_term_string}"},"query-input":{"@type":"PropertyValueSpecification","valueRequired":true,"valueName":"search_term_string"}}],"inLanguage":"es"},{"@type":"Person","@id":"https:\/\/ichd.mx\/#\/schema\/person\/f479276b61f414d2c9cb093175585910","name":"Prensa ICHD","image":{"@type":"ImageObject","inLanguage":"es","@id":"https:\/\/ichd.mx\/#\/schema\/person\/image\/","url":"https:\/\/secure.gravatar.com\/avatar\/6046115645d37646586ee77488df800b?s=96&d=mm&r=g","contentUrl":"https:\/\/secure.gravatar.com\/avatar\/6046115645d37646586ee77488df800b?s=96&d=mm&r=g","caption":"Prensa ICHD"},"url":"https:\/\/ichd.mx\/?author=1"}]}},"_links":{"self":[{"href":"https:\/\/ichd.mx\/index.php?rest_route=\/wp\/v2\/posts\/99","targetHints":{"allow":["GET"]}}],"collection":[{"href":"https:\/\/ichd.mx\/index.php?rest_route=\/wp\/v2\/posts"}],"about":[{"href":"https:\/\/ichd.mx\/index.php?rest_route=\/wp\/v2\/types\/post"}],"author":[{"embeddable":true,"href":"https:\/\/ichd.mx\/index.php?rest_route=\/wp\/v2\/users\/1"}],"replies":[{"embeddable":true,"href":"https:\/\/ichd.mx\/index.php?rest_route=%2Fwp%2Fv2%2Fcomments&post=99"}],"version-history":[{"count":2,"href":"https:\/\/ichd.mx\/index.php?rest_route=\/wp\/v2\/posts\/99\/revisions"}],"predecessor-version":[{"id":1374,"href":"https:\/\/ichd.mx\/index.php?rest_route=\/wp\/v2\/posts\/99\/revisions\/1374"}],"wp:featuredmedia":[{"embeddable":true,"href":"https:\/\/ichd.mx\/index.php?rest_route=\/wp\/v2\/media\/101"}],"wp:attachment":[{"href":"https:\/\/ichd.mx\/index.php?rest_route=%2Fwp%2Fv2%2Fmedia&parent=99"}],"wp:term":[{"taxonomy":"category","embeddable":true,"href":"https:\/\/ichd.mx\/index.php?rest_route=%2Fwp%2Fv2%2Fcategories&post=99"},{"taxonomy":"post_tag","embeddable":true,"href":"https:\/\/ichd.mx\/index.php?rest_route=%2Fwp%2Fv2%2Ftags&post=99"}],"curies":[{"name":"wp","href":"https:\/\/api.w.org\/{rel}","templated":true}]}}