{"id":90,"date":"2019-03-26T14:58:45","date_gmt":"2019-03-26T21:58:45","guid":{"rendered":"http:\/\/ichd.mx\/?p=90"},"modified":"2020-04-26T10:18:03","modified_gmt":"2020-04-26T16:18:03","slug":"anuncian-semana-nacional-de-cultura-fisica-y-el-deporte","status":"publish","type":"post","link":"https:\/\/ichd.mx\/?p=90","title":{"rendered":"Anuncian Semana Nacional de Cultura F\u00edsica y el Deporte"},"content":{"rendered":"<p align=\"justify\"><span style=\"font-family: Ubuntu;\"><span style=\"font-size: medium;\">Con el objetivo de promover, fomentar y estimular la cultura f\u00edsica y el deporte entre la poblaci\u00f3n a trav\u00e9s de actividades deportivas y recreativas, el Instituto Chihuahuense del Deporte y Cultura F\u00edsica, encabezar\u00e1 la Semana Nacional de la Cultura F\u00edsica y el Deporte con actividades del 1 al 7 de abril.<\/span><\/span><\/p>\n<p class=\"western\" align=\"justify\"><span style=\"font-family: Ubuntu;\"><span style=\"font-size: medium;\"><span style=\"color: #222222;\">Las actividades estar\u00e1n enfocadas a fomentar la cultura del deporte en todo el Estado y en todos los sectores de la sociedad en los que se pretende activar a m\u00e1s de 77 mil personas en 40 municipios.<\/span><\/span><\/span><\/p>\n<p class=\"western\" align=\"justify\"><span style=\"font-family: Ubuntu;\"><span style=\"font-size: medium;\"><span style=\"color: #222222;\">En conferencia de prensa, el director del Instituto Chihuahuense del Deporte y Cultura F\u00edsica, Juan Pedro Santa Rosa Gonz\u00e1lez, se\u00f1al\u00f3 la importancia que tienen este tipo de actividades en la poblaci\u00f3n.<\/span><\/span><\/span><\/p>\n<p class=\"western\" align=\"justify\"><a name=\"_GoBack\"><\/a> <span style=\"font-family: Ubuntu;\"><span style=\"font-size: medium;\"><span style=\"color: #222222;\">En el anuncio estuvieron adem\u00e1s de Santa Rosa, el director de la Facultad de Cultura F\u00edsica de la UACH Francisco Aguirre, el regidor de la Comisi\u00f3n del Deporte Juan Jos\u00e9 Abdo y Magdiel Valles subdirector de Cultura F\u00edsica del ICHD.<\/span><\/span><\/span><\/p>\n<p class=\"western\" align=\"justify\"><span style=\"font-family: Ubuntu;\"><span style=\"font-size: medium;\"><span style=\"color: #222222;\">Los municipios e instituciones participantes en este programa elaborar\u00e1n su propio programa de actividades f\u00edsicas, deportivas y recreativas que consideren de inter\u00e9s para la poblaci\u00f3n, con el prop\u00f3sito de propiciar una participaci\u00f3n masiva.<\/span><\/span><\/span><\/p>\n<p class=\"western\" align=\"justify\"><span style=\"font-family: Ubuntu;\"><span style=\"font-size: medium;\"><span style=\"color: #222222;\">Durante la Semana Nacional de la Cultura F\u00edsica y el Deporte 2018 participaci\u00f3n en el Estado un total de 45,281 personas de 31 municipios, por lo que con las nuevas estrategias que se implementar\u00e1n, se pretende activar a m\u00e1s de 77 mil personas en 40 municipios.<\/span><\/span><\/span><\/p>\n","protected":false},"excerpt":{"rendered":"<p>Con el objetivo de promover, fomentar y estimular la cultura f\u00edsica y el deporte entre la poblaci\u00f3n a trav\u00e9s de<\/p>\n","protected":false},"author":1,"featured_media":91,"comment_status":"closed","ping_status":"open","sticky":false,"template":"","format":"standard","meta":{"footnotes":""},"categories":[8,3],"tags":[],"class_list":["post-90","post","type-post","status-publish","format-standard","has-post-thumbnail","hentry","category-gral","category-sub"],"yoast_head":"<!-- This site is optimized with the Yoast SEO plugin v25.9 - https:\/\/yoast.com\/wordpress\/plugins\/seo\/ -->\n<title>Anuncian Semana Nacional de Cultura F\u00edsica y el Deporte - ICHD<\/title>\n<meta name=\"robots\" content=\"index, follow, max-snippet:-1, max-image-preview:large, max-video-preview:-1\" \/>\n<link rel=\"canonical\" href=\"https:\/\/ichd.mx\/?p=90\" \/>\n<meta property=\"og:locale\" content=\"es_ES\" \/>\n<meta property=\"og:type\" content=\"article\" \/>\n<meta property=\"og:title\" content=\"Anuncian Semana Nacional de Cultura F\u00edsica y el Deporte - ICHD\" \/>\n<meta property=\"og:description\" content=\"Con el objetivo de promover, fomentar y estimular la cultura f\u00edsica y el deporte entre la poblaci\u00f3n a trav\u00e9s de\" \/>\n<meta property=\"og:url\" content=\"https:\/\/ichd.mx\/?p=90\" \/>\n<meta property=\"og:site_name\" content=\"ICHD\" \/>\n<meta property=\"article:publisher\" content=\"https:\/\/www.facebook.com\/ichdmx\" \/>\n<meta property=\"article:published_time\" content=\"2019-03-26T21:58:45+00:00\" \/>\n<meta property=\"article:modified_time\" content=\"2020-04-26T16:18:03+00:00\" \/>\n<meta property=\"og:image\" content=\"https:\/\/ichd.mx\/wp-content\/uploads\/2019\/03\/SemanaNacionaldeCulturaFisicayDeporte2.jpg\" \/>\n\t<meta property=\"og:image:width\" content=\"3584\" \/>\n\t<meta property=\"og:image:height\" content=\"2808\" \/>\n\t<meta property=\"og:image:type\" content=\"image\/jpeg\" \/>\n<meta name=\"author\" content=\"Prensa ICHD\" \/>\n<meta name=\"twitter:card\" content=\"summary_large_image\" \/>\n<meta name=\"twitter:creator\" content=\"@ICHDmx\" \/>\n<meta name=\"twitter:site\" content=\"@ICHDmx\" \/>\n<meta name=\"twitter:label1\" content=\"Escrito por\" \/>\n\t<meta name=\"twitter:data1\" content=\"Prensa ICHD\" \/>\n\t<meta name=\"twitter:label2\" content=\"Tiempo de lectura\" \/>\n\t<meta name=\"twitter:data2\" content=\"1 minuto\" \/>\n<script type=\"application\/ld+json\" class=\"yoast-schema-graph\">{\"@context\":\"https:\/\/schema.org\",\"@graph\":[{\"@type\":\"WebPage\",\"@id\":\"https:\/\/ichd.mx\/?p=90\",\"url\":\"https:\/\/ichd.mx\/?p=90\",\"name\":\"Anuncian Semana Nacional de Cultura F\u00edsica y el Deporte - ICHD\",\"isPartOf\":{\"@id\":\"https:\/\/ichd.mx\/#website\"},\"primaryImageOfPage\":{\"@id\":\"https:\/\/ichd.mx\/?p=90#primaryimage\"},\"image\":{\"@id\":\"https:\/\/ichd.mx\/?p=90#primaryimage\"},\"thumbnailUrl\":\"https:\/\/ichd.mx\/wp-content\/uploads\/2019\/03\/SemanaNacionaldeCulturaFisicayDeporte2.jpg\",\"datePublished\":\"2019-03-26T21:58:45+00:00\",\"dateModified\":\"2020-04-26T16:18:03+00:00\",\"author\":{\"@id\":\"https:\/\/ichd.mx\/#\/schema\/person\/f479276b61f414d2c9cb093175585910\"},\"breadcrumb\":{\"@id\":\"https:\/\/ichd.mx\/?p=90#breadcrumb\"},\"inLanguage\":\"es\",\"potentialAction\":[{\"@type\":\"ReadAction\",\"target\":[\"https:\/\/ichd.mx\/?p=90\"]}]},{\"@type\":\"ImageObject\",\"inLanguage\":\"es\",\"@id\":\"https:\/\/ichd.mx\/?p=90#primaryimage\",\"url\":\"https:\/\/ichd.mx\/wp-content\/uploads\/2019\/03\/SemanaNacionaldeCulturaFisicayDeporte2.jpg\",\"contentUrl\":\"https:\/\/ichd.mx\/wp-content\/uploads\/2019\/03\/SemanaNacionaldeCulturaFisicayDeporte2.jpg\",\"width\":3584,\"height\":2808},{\"@type\":\"BreadcrumbList\",\"@id\":\"https:\/\/ichd.mx\/?p=90#breadcrumb\",\"itemListElement\":[{\"@type\":\"ListItem\",\"position\":1,\"name\":\"Portada\",\"item\":\"https:\/\/ichd.mx\/\"},{\"@type\":\"ListItem\",\"position\":2,\"name\":\"Anuncian Semana Nacional de Cultura F\u00edsica y el Deporte\"}]},{\"@type\":\"WebSite\",\"@id\":\"https:\/\/ichd.mx\/#website\",\"url\":\"https:\/\/ichd.mx\/\",\"name\":\"ICHD\",\"description\":\"Instituto Chihuahuense del Deporte y Cultura F\u00edsica\",\"potentialAction\":[{\"@type\":\"SearchAction\",\"target\":{\"@type\":\"EntryPoint\",\"urlTemplate\":\"https:\/\/ichd.mx\/?s={search_term_string}\"},\"query-input\":{\"@type\":\"PropertyValueSpecification\",\"valueRequired\":true,\"valueName\":\"search_term_string\"}}],\"inLanguage\":\"es\"},{\"@type\":\"Person\",\"@id\":\"https:\/\/ichd.mx\/#\/schema\/person\/f479276b61f414d2c9cb093175585910\",\"name\":\"Prensa ICHD\",\"image\":{\"@type\":\"ImageObject\",\"inLanguage\":\"es\",\"@id\":\"https:\/\/ichd.mx\/#\/schema\/person\/image\/\",\"url\":\"https:\/\/secure.gravatar.com\/avatar\/6046115645d37646586ee77488df800b?s=96&d=mm&r=g\",\"contentUrl\":\"https:\/\/secure.gravatar.com\/avatar\/6046115645d37646586ee77488df800b?s=96&d=mm&r=g\",\"caption\":\"Prensa ICHD\"},\"url\":\"https:\/\/ichd.mx\/?author=1\"}]}<\/script>\n<!-- \/ Yoast SEO plugin. -->","yoast_head_json":{"title":"Anuncian Semana Nacional de Cultura F\u00edsica y el Deporte - ICHD","robots":{"index":"index","follow":"follow","max-snippet":"max-snippet:-1","max-image-preview":"max-image-preview:large","max-video-preview":"max-video-preview:-1"},"canonical":"https:\/\/ichd.mx\/?p=90","og_locale":"es_ES","og_type":"article","og_title":"Anuncian Semana Nacional de Cultura F\u00edsica y el Deporte - ICHD","og_description":"Con el objetivo de promover, fomentar y estimular la cultura f\u00edsica y el deporte entre la poblaci\u00f3n a trav\u00e9s de","og_url":"https:\/\/ichd.mx\/?p=90","og_site_name":"ICHD","article_publisher":"https:\/\/www.facebook.com\/ichdmx","article_published_time":"2019-03-26T21:58:45+00:00","article_modified_time":"2020-04-26T16:18:03+00:00","og_image":[{"width":3584,"height":2808,"url":"https:\/\/ichd.mx\/wp-content\/uploads\/2019\/03\/SemanaNacionaldeCulturaFisicayDeporte2.jpg","type":"image\/jpeg"}],"author":"Prensa ICHD","twitter_card":"summary_large_image","twitter_creator":"@ICHDmx","twitter_site":"@ICHDmx","twitter_misc":{"Escrito por":"Prensa ICHD","Tiempo de lectura":"1 minuto"},"schema":{"@context":"https:\/\/schema.org","@graph":[{"@type":"WebPage","@id":"https:\/\/ichd.mx\/?p=90","url":"https:\/\/ichd.mx\/?p=90","name":"Anuncian Semana Nacional de Cultura F\u00edsica y el Deporte - ICHD","isPartOf":{"@id":"https:\/\/ichd.mx\/#website"},"primaryImageOfPage":{"@id":"https:\/\/ichd.mx\/?p=90#primaryimage"},"image":{"@id":"https:\/\/ichd.mx\/?p=90#primaryimage"},"thumbnailUrl":"https:\/\/ichd.mx\/wp-content\/uploads\/2019\/03\/SemanaNacionaldeCulturaFisicayDeporte2.jpg","datePublished":"2019-03-26T21:58:45+00:00","dateModified":"2020-04-26T16:18:03+00:00","author":{"@id":"https:\/\/ichd.mx\/#\/schema\/person\/f479276b61f414d2c9cb093175585910"},"breadcrumb":{"@id":"https:\/\/ichd.mx\/?p=90#breadcrumb"},"inLanguage":"es","potentialAction":[{"@type":"ReadAction","target":["https:\/\/ichd.mx\/?p=90"]}]},{"@type":"ImageObject","inLanguage":"es","@id":"https:\/\/ichd.mx\/?p=90#primaryimage","url":"https:\/\/ichd.mx\/wp-content\/uploads\/2019\/03\/SemanaNacionaldeCulturaFisicayDeporte2.jpg","contentUrl":"https:\/\/ichd.mx\/wp-content\/uploads\/2019\/03\/SemanaNacionaldeCulturaFisicayDeporte2.jpg","width":3584,"height":2808},{"@type":"BreadcrumbList","@id":"https:\/\/ichd.mx\/?p=90#breadcrumb","itemListElement":[{"@type":"ListItem","position":1,"name":"Portada","item":"https:\/\/ichd.mx\/"},{"@type":"ListItem","position":2,"name":"Anuncian Semana Nacional de Cultura F\u00edsica y el Deporte"}]},{"@type":"WebSite","@id":"https:\/\/ichd.mx\/#website","url":"https:\/\/ichd.mx\/","name":"ICHD","description":"Instituto Chihuahuense del Deporte y Cultura F\u00edsica","potentialAction":[{"@type":"SearchAction","target":{"@type":"EntryPoint","urlTemplate":"https:\/\/ichd.mx\/?s={search_term_string}"},"query-input":{"@type":"PropertyValueSpecification","valueRequired":true,"valueName":"search_term_string"}}],"inLanguage":"es"},{"@type":"Person","@id":"https:\/\/ichd.mx\/#\/schema\/person\/f479276b61f414d2c9cb093175585910","name":"Prensa ICHD","image":{"@type":"ImageObject","inLanguage":"es","@id":"https:\/\/ichd.mx\/#\/schema\/person\/image\/","url":"https:\/\/secure.gravatar.com\/avatar\/6046115645d37646586ee77488df800b?s=96&d=mm&r=g","contentUrl":"https:\/\/secure.gravatar.com\/avatar\/6046115645d37646586ee77488df800b?s=96&d=mm&r=g","caption":"Prensa ICHD"},"url":"https:\/\/ichd.mx\/?author=1"}]}},"_links":{"self":[{"href":"https:\/\/ichd.mx\/index.php?rest_route=\/wp\/v2\/posts\/90","targetHints":{"allow":["GET"]}}],"collection":[{"href":"https:\/\/ichd.mx\/index.php?rest_route=\/wp\/v2\/posts"}],"about":[{"href":"https:\/\/ichd.mx\/index.php?rest_route=\/wp\/v2\/types\/post"}],"author":[{"embeddable":true,"href":"https:\/\/ichd.mx\/index.php?rest_route=\/wp\/v2\/users\/1"}],"replies":[{"embeddable":true,"href":"https:\/\/ichd.mx\/index.php?rest_route=%2Fwp%2Fv2%2Fcomments&post=90"}],"version-history":[{"count":4,"href":"https:\/\/ichd.mx\/index.php?rest_route=\/wp\/v2\/posts\/90\/revisions"}],"predecessor-version":[{"id":1376,"href":"https:\/\/ichd.mx\/index.php?rest_route=\/wp\/v2\/posts\/90\/revisions\/1376"}],"wp:featuredmedia":[{"embeddable":true,"href":"https:\/\/ichd.mx\/index.php?rest_route=\/wp\/v2\/media\/91"}],"wp:attachment":[{"href":"https:\/\/ichd.mx\/index.php?rest_route=%2Fwp%2Fv2%2Fmedia&parent=90"}],"wp:term":[{"taxonomy":"category","embeddable":true,"href":"https:\/\/ichd.mx\/index.php?rest_route=%2Fwp%2Fv2%2Fcategories&post=90"},{"taxonomy":"post_tag","embeddable":true,"href":"https:\/\/ichd.mx\/index.php?rest_route=%2Fwp%2Fv2%2Ftags&post=90"}],"curies":[{"name":"wp","href":"https:\/\/api.w.org\/{rel}","templated":true}]}}