{"id":815,"date":"2020-01-09T21:13:17","date_gmt":"2020-01-10T04:13:17","guid":{"rendered":"http:\/\/ichd.mx\/?p=815"},"modified":"2020-04-26T09:55:03","modified_gmt":"2020-04-26T15:55:03","slug":"lamenta-instituto-chihuahuense-del-deporte-y-cultura-fisica-fallecimiento-de-martin-loera-trujillo","status":"publish","type":"post","link":"https:\/\/ichd.mx\/?p=815","title":{"rendered":"Lamenta Instituto Chihuahuense del Deporte y Cultura F\u00edsica fallecimiento de Mart\u00edn Loera Trujillo"},"content":{"rendered":"<p><em>&#8212;Destacado deportista en la disciplina de atletismo; multimedallista en Olimpiada Nacional&#8212;<\/em><\/p>\n<p>El Instituto Chihuahuense del Deporte y Cultura F\u00edsica lamenta profundamente el fallecimiento acontecido este jueves del deportista juarense Mart\u00edn Loera, destacado atleta con sobresalientes actuaciones en la Olimpiada Nacional, Campeonatos Nacionales e Internacionales de la especialidad.<!--more--><\/p>\n<p>Mart\u00edn Alejandro Loera Trujillo, deportista de la disciplina de atletismo, multimedallista de la Olimpiada Nacional, en el 2018 se convirti\u00f3 en el atleta m\u00e1s veloz del evento, obtuvo dos medallas de oro en la prueba de 100 y 200 metros planos, en la categor\u00eda de 16\u201317 a\u00f1os (2001\u20132002).<\/p>\n<p>Mart\u00edn naci\u00f3 en Ciudad Ju\u00e1rez el 22 de julio de 2001, sus inicios con el deporte fueron con el box, pero debido a una lesi\u00f3n tuvo que abandonarlo, para luego incursionar al atletismo por invitaci\u00f3n, cuando cursaba la secundaria.<\/p>\n<p>En el atletismo se inici\u00f3 con el profesor Carlos Sifuentes, continu\u00f3 con Cosme Rodr\u00edguez y Javier Guerrero, mostrando aptitudes y cualidades en las pruebas de velocidad como su especialidad.<\/p>\n<p>El 2 de julio del 2018 public\u00f3 en su Facebook; \u201cHoy cumpl\u00ed una de mis m\u00e1s grandes metas propuestas en la vida desde que llegu\u00e9 al atletismo, una de ellas fue representar a mi pa\u00eds, para lo cual me he esforzado d\u00eda a d\u00eda para poder lograrlo, no solamente f\u00edsicamente sino mentalmente\u2026 hoy oficialmente califiqu\u00e9 a los Juegos Ol\u00edmpicos de la Juventud que se llevar\u00e1n a cabo en Buenos Aires, Argentina, pero para poder llegar a donde estoy he pasado grandes procesos en los cuales incluye felicidad , desesperaci\u00f3n , impotencia , tristeza e sacrificado muchas de mis amistades para poder estar enfocado d\u00eda a d\u00eda en un solo objetivo representar y poner en alto a mi pa\u00eds , pero la base para llegar a donde he estado siempre ser\u00e1 la humildad la que desde ni\u00f1o he conocido y me ha abierto muchas puertas a las cuales me ayudaron en la vida a ser mejor persona, adem\u00e1s, de tener metas, quiero hacer la mejor actuaci\u00f3n posible para mi pa\u00eds es lo que s\u00e9, me enfocar\u00e9 duro en el siguiente proceso porque una de mis frases es, \u00b4Sin sacrificio no hay victoria y todo lo que he sacrificado no tiene comparaci\u00f3n a lo que he ganado\u00b4, gracias a todos los que me han apoyado en mi trayectoria en todo momento, dar\u00e9 lo mejor de m\u00ed en esta etapa de mi vida\u201d.<\/p>\n<p>El 16 de octubre del 2018 luego de participar en la justa ol\u00edmpica, Mart\u00edn escribi\u00f3 en sus redes sociales; \u201cTermina mi participaci\u00f3n en los Juegos Ol\u00edmpicos de la Juventud algo que me ha hecho crecer bastante como atleta y como persona, pero m\u00e1s que nada es algo que me motiva a esforzarme m\u00e1s para cumplir los objetivos y sue\u00f1os que me he propuesto, por lo tanto lo dej\u00e9 todo en la pista y aunque no se dieron los resultados esperados entrenar\u00e9 mejor junto con mi equipo, que me gu\u00eda analizaremos los errores para corregirlos y poder hacer lo que me he propuesto personalmente\u201d.<\/p>\n<p>Se caracteriz\u00f3 por ser un deportista que siempre sonr\u00eda, nada lo deten\u00eda, superaba cada obst\u00e1culo, su carisma lo convirti\u00f3 en un excelente compa\u00f1ero dentro y fuera de las competencias.<\/p>\n<p>Siempre bajo la motivaci\u00f3n y el cobijo de su familia, Mart\u00edn nos deja un vaci\u00f3 imposible de llenar.<\/p>\n<p>Descanse en Paz.<\/p>\n<p><img loading=\"lazy\" decoding=\"async\" class=\"alignnone wp-image-816 size-large\" src=\"http:\/\/ichd.mx\/wp-content\/uploads\/2020\/01\/Martin-Loera-abanderado-2019-2-1024x683.jpg\" alt=\"\" width=\"800\" height=\"534\" srcset=\"https:\/\/ichd.mx\/wp-content\/uploads\/2020\/01\/Martin-Loera-abanderado-2019-2-1024x683.jpg 1024w, https:\/\/ichd.mx\/wp-content\/uploads\/2020\/01\/Martin-Loera-abanderado-2019-2-300x200.jpg 300w, https:\/\/ichd.mx\/wp-content\/uploads\/2020\/01\/Martin-Loera-abanderado-2019-2-768x512.jpg 768w\" sizes=\"auto, (max-width: 800px) 100vw, 800px\" \/> <\/p>\n","protected":false},"excerpt":{"rendered":"<p>&#8212;Destacado deportista en la disciplina de atletismo; multimedallista en Olimpiada Nacional&#8212; El Instituto Chihuahuense del Deporte y Cultura F\u00edsica lamenta<\/p>\n","protected":false},"author":1,"featured_media":817,"comment_status":"closed","ping_status":"open","sticky":false,"template":"","format":"standard","meta":{"footnotes":""},"categories":[8,2,3],"tags":[130],"class_list":["post-815","post","type-post","status-publish","format-standard","has-post-thumbnail","hentry","category-gral","category-ppal","category-sub","tag-martin-loera"],"yoast_head":"<!-- This site is optimized with the Yoast SEO plugin v25.9 - https:\/\/yoast.com\/wordpress\/plugins\/seo\/ -->\n<title>Lamenta Instituto Chihuahuense del Deporte y Cultura F\u00edsica fallecimiento de Mart\u00edn Loera Trujillo - ICHD<\/title>\n<meta name=\"robots\" content=\"index, follow, max-snippet:-1, max-image-preview:large, max-video-preview:-1\" \/>\n<link rel=\"canonical\" href=\"https:\/\/ichd.mx\/?p=815\" \/>\n<meta property=\"og:locale\" content=\"es_ES\" \/>\n<meta property=\"og:type\" content=\"article\" \/>\n<meta property=\"og:title\" content=\"Lamenta Instituto Chihuahuense del Deporte y Cultura F\u00edsica fallecimiento de Mart\u00edn Loera Trujillo - ICHD\" \/>\n<meta property=\"og:description\" content=\"&#8212;Destacado deportista en la disciplina de atletismo; multimedallista en Olimpiada Nacional&#8212; El Instituto Chihuahuense del Deporte y Cultura F\u00edsica lamenta\" \/>\n<meta property=\"og:url\" content=\"https:\/\/ichd.mx\/?p=815\" \/>\n<meta property=\"og:site_name\" content=\"ICHD\" \/>\n<meta property=\"article:publisher\" content=\"https:\/\/www.facebook.com\/ichdmx\" \/>\n<meta property=\"article:published_time\" content=\"2020-01-10T04:13:17+00:00\" \/>\n<meta property=\"article:modified_time\" content=\"2020-04-26T15:55:03+00:00\" \/>\n<meta property=\"og:image\" content=\"https:\/\/ichd.mx\/wp-content\/uploads\/2020\/01\/IMG_6253-e1578629690279.jpg\" \/>\n\t<meta property=\"og:image:width\" content=\"1080\" \/>\n\t<meta property=\"og:image:height\" content=\"683\" \/>\n\t<meta property=\"og:image:type\" content=\"image\/jpeg\" \/>\n<meta name=\"author\" content=\"Prensa ICHD\" \/>\n<meta name=\"twitter:card\" content=\"summary_large_image\" \/>\n<meta name=\"twitter:creator\" content=\"@ICHDmx\" \/>\n<meta name=\"twitter:site\" content=\"@ICHDmx\" \/>\n<meta name=\"twitter:label1\" content=\"Escrito por\" \/>\n\t<meta name=\"twitter:data1\" content=\"Prensa ICHD\" \/>\n\t<meta name=\"twitter:label2\" content=\"Tiempo de lectura\" \/>\n\t<meta name=\"twitter:data2\" content=\"3 minutos\" \/>\n<script type=\"application\/ld+json\" class=\"yoast-schema-graph\">{\"@context\":\"https:\/\/schema.org\",\"@graph\":[{\"@type\":\"WebPage\",\"@id\":\"https:\/\/ichd.mx\/?p=815\",\"url\":\"https:\/\/ichd.mx\/?p=815\",\"name\":\"Lamenta Instituto Chihuahuense del Deporte y Cultura F\u00edsica fallecimiento de Mart\u00edn Loera Trujillo - ICHD\",\"isPartOf\":{\"@id\":\"https:\/\/ichd.mx\/#website\"},\"primaryImageOfPage\":{\"@id\":\"https:\/\/ichd.mx\/?p=815#primaryimage\"},\"image\":{\"@id\":\"https:\/\/ichd.mx\/?p=815#primaryimage\"},\"thumbnailUrl\":\"https:\/\/ichd.mx\/wp-content\/uploads\/2020\/01\/IMG_6253-e1578629690279.jpg\",\"datePublished\":\"2020-01-10T04:13:17+00:00\",\"dateModified\":\"2020-04-26T15:55:03+00:00\",\"author\":{\"@id\":\"https:\/\/ichd.mx\/#\/schema\/person\/f479276b61f414d2c9cb093175585910\"},\"breadcrumb\":{\"@id\":\"https:\/\/ichd.mx\/?p=815#breadcrumb\"},\"inLanguage\":\"es\",\"potentialAction\":[{\"@type\":\"ReadAction\",\"target\":[\"https:\/\/ichd.mx\/?p=815\"]}]},{\"@type\":\"ImageObject\",\"inLanguage\":\"es\",\"@id\":\"https:\/\/ichd.mx\/?p=815#primaryimage\",\"url\":\"https:\/\/ichd.mx\/wp-content\/uploads\/2020\/01\/IMG_6253-e1578629690279.jpg\",\"contentUrl\":\"https:\/\/ichd.mx\/wp-content\/uploads\/2020\/01\/IMG_6253-e1578629690279.jpg\",\"width\":1080,\"height\":683},{\"@type\":\"BreadcrumbList\",\"@id\":\"https:\/\/ichd.mx\/?p=815#breadcrumb\",\"itemListElement\":[{\"@type\":\"ListItem\",\"position\":1,\"name\":\"Portada\",\"item\":\"https:\/\/ichd.mx\/\"},{\"@type\":\"ListItem\",\"position\":2,\"name\":\"Lamenta Instituto Chihuahuense del Deporte y Cultura F\u00edsica fallecimiento de Mart\u00edn Loera Trujillo\"}]},{\"@type\":\"WebSite\",\"@id\":\"https:\/\/ichd.mx\/#website\",\"url\":\"https:\/\/ichd.mx\/\",\"name\":\"ICHD\",\"description\":\"Instituto Chihuahuense del Deporte y Cultura F\u00edsica\",\"potentialAction\":[{\"@type\":\"SearchAction\",\"target\":{\"@type\":\"EntryPoint\",\"urlTemplate\":\"https:\/\/ichd.mx\/?s={search_term_string}\"},\"query-input\":{\"@type\":\"PropertyValueSpecification\",\"valueRequired\":true,\"valueName\":\"search_term_string\"}}],\"inLanguage\":\"es\"},{\"@type\":\"Person\",\"@id\":\"https:\/\/ichd.mx\/#\/schema\/person\/f479276b61f414d2c9cb093175585910\",\"name\":\"Prensa ICHD\",\"image\":{\"@type\":\"ImageObject\",\"inLanguage\":\"es\",\"@id\":\"https:\/\/ichd.mx\/#\/schema\/person\/image\/\",\"url\":\"https:\/\/secure.gravatar.com\/avatar\/6046115645d37646586ee77488df800b?s=96&d=mm&r=g\",\"contentUrl\":\"https:\/\/secure.gravatar.com\/avatar\/6046115645d37646586ee77488df800b?s=96&d=mm&r=g\",\"caption\":\"Prensa ICHD\"},\"url\":\"https:\/\/ichd.mx\/?author=1\"}]}<\/script>\n<!-- \/ Yoast SEO plugin. -->","yoast_head_json":{"title":"Lamenta Instituto Chihuahuense del Deporte y Cultura F\u00edsica fallecimiento de Mart\u00edn Loera Trujillo - ICHD","robots":{"index":"index","follow":"follow","max-snippet":"max-snippet:-1","max-image-preview":"max-image-preview:large","max-video-preview":"max-video-preview:-1"},"canonical":"https:\/\/ichd.mx\/?p=815","og_locale":"es_ES","og_type":"article","og_title":"Lamenta Instituto Chihuahuense del Deporte y Cultura F\u00edsica fallecimiento de Mart\u00edn Loera Trujillo - ICHD","og_description":"&#8212;Destacado deportista en la disciplina de atletismo; multimedallista en Olimpiada Nacional&#8212; El Instituto Chihuahuense del Deporte y Cultura F\u00edsica lamenta","og_url":"https:\/\/ichd.mx\/?p=815","og_site_name":"ICHD","article_publisher":"https:\/\/www.facebook.com\/ichdmx","article_published_time":"2020-01-10T04:13:17+00:00","article_modified_time":"2020-04-26T15:55:03+00:00","og_image":[{"width":1080,"height":683,"url":"https:\/\/ichd.mx\/wp-content\/uploads\/2020\/01\/IMG_6253-e1578629690279.jpg","type":"image\/jpeg"}],"author":"Prensa ICHD","twitter_card":"summary_large_image","twitter_creator":"@ICHDmx","twitter_site":"@ICHDmx","twitter_misc":{"Escrito por":"Prensa ICHD","Tiempo de lectura":"3 minutos"},"schema":{"@context":"https:\/\/schema.org","@graph":[{"@type":"WebPage","@id":"https:\/\/ichd.mx\/?p=815","url":"https:\/\/ichd.mx\/?p=815","name":"Lamenta Instituto Chihuahuense del Deporte y Cultura F\u00edsica fallecimiento de Mart\u00edn Loera Trujillo - ICHD","isPartOf":{"@id":"https:\/\/ichd.mx\/#website"},"primaryImageOfPage":{"@id":"https:\/\/ichd.mx\/?p=815#primaryimage"},"image":{"@id":"https:\/\/ichd.mx\/?p=815#primaryimage"},"thumbnailUrl":"https:\/\/ichd.mx\/wp-content\/uploads\/2020\/01\/IMG_6253-e1578629690279.jpg","datePublished":"2020-01-10T04:13:17+00:00","dateModified":"2020-04-26T15:55:03+00:00","author":{"@id":"https:\/\/ichd.mx\/#\/schema\/person\/f479276b61f414d2c9cb093175585910"},"breadcrumb":{"@id":"https:\/\/ichd.mx\/?p=815#breadcrumb"},"inLanguage":"es","potentialAction":[{"@type":"ReadAction","target":["https:\/\/ichd.mx\/?p=815"]}]},{"@type":"ImageObject","inLanguage":"es","@id":"https:\/\/ichd.mx\/?p=815#primaryimage","url":"https:\/\/ichd.mx\/wp-content\/uploads\/2020\/01\/IMG_6253-e1578629690279.jpg","contentUrl":"https:\/\/ichd.mx\/wp-content\/uploads\/2020\/01\/IMG_6253-e1578629690279.jpg","width":1080,"height":683},{"@type":"BreadcrumbList","@id":"https:\/\/ichd.mx\/?p=815#breadcrumb","itemListElement":[{"@type":"ListItem","position":1,"name":"Portada","item":"https:\/\/ichd.mx\/"},{"@type":"ListItem","position":2,"name":"Lamenta Instituto Chihuahuense del Deporte y Cultura F\u00edsica fallecimiento de Mart\u00edn Loera Trujillo"}]},{"@type":"WebSite","@id":"https:\/\/ichd.mx\/#website","url":"https:\/\/ichd.mx\/","name":"ICHD","description":"Instituto Chihuahuense del Deporte y Cultura F\u00edsica","potentialAction":[{"@type":"SearchAction","target":{"@type":"EntryPoint","urlTemplate":"https:\/\/ichd.mx\/?s={search_term_string}"},"query-input":{"@type":"PropertyValueSpecification","valueRequired":true,"valueName":"search_term_string"}}],"inLanguage":"es"},{"@type":"Person","@id":"https:\/\/ichd.mx\/#\/schema\/person\/f479276b61f414d2c9cb093175585910","name":"Prensa ICHD","image":{"@type":"ImageObject","inLanguage":"es","@id":"https:\/\/ichd.mx\/#\/schema\/person\/image\/","url":"https:\/\/secure.gravatar.com\/avatar\/6046115645d37646586ee77488df800b?s=96&d=mm&r=g","contentUrl":"https:\/\/secure.gravatar.com\/avatar\/6046115645d37646586ee77488df800b?s=96&d=mm&r=g","caption":"Prensa ICHD"},"url":"https:\/\/ichd.mx\/?author=1"}]}},"_links":{"self":[{"href":"https:\/\/ichd.mx\/index.php?rest_route=\/wp\/v2\/posts\/815","targetHints":{"allow":["GET"]}}],"collection":[{"href":"https:\/\/ichd.mx\/index.php?rest_route=\/wp\/v2\/posts"}],"about":[{"href":"https:\/\/ichd.mx\/index.php?rest_route=\/wp\/v2\/types\/post"}],"author":[{"embeddable":true,"href":"https:\/\/ichd.mx\/index.php?rest_route=\/wp\/v2\/users\/1"}],"replies":[{"embeddable":true,"href":"https:\/\/ichd.mx\/index.php?rest_route=%2Fwp%2Fv2%2Fcomments&post=815"}],"version-history":[{"count":2,"href":"https:\/\/ichd.mx\/index.php?rest_route=\/wp\/v2\/posts\/815\/revisions"}],"predecessor-version":[{"id":1211,"href":"https:\/\/ichd.mx\/index.php?rest_route=\/wp\/v2\/posts\/815\/revisions\/1211"}],"wp:featuredmedia":[{"embeddable":true,"href":"https:\/\/ichd.mx\/index.php?rest_route=\/wp\/v2\/media\/817"}],"wp:attachment":[{"href":"https:\/\/ichd.mx\/index.php?rest_route=%2Fwp%2Fv2%2Fmedia&parent=815"}],"wp:term":[{"taxonomy":"category","embeddable":true,"href":"https:\/\/ichd.mx\/index.php?rest_route=%2Fwp%2Fv2%2Fcategories&post=815"},{"taxonomy":"post_tag","embeddable":true,"href":"https:\/\/ichd.mx\/index.php?rest_route=%2Fwp%2Fv2%2Ftags&post=815"}],"curies":[{"name":"wp","href":"https:\/\/api.w.org\/{rel}","templated":true}]}}