{"id":731,"date":"2019-11-04T14:17:44","date_gmt":"2019-11-04T21:17:44","guid":{"rendered":"http:\/\/ichd.mx\/?p=731"},"modified":"2020-04-26T09:57:24","modified_gmt":"2020-04-26T15:57:24","slug":"distinguen-a-delegacion-chihuahuense-en-paralimpiada-nacional","status":"publish","type":"post","link":"https:\/\/ichd.mx\/?p=731","title":{"rendered":"Distinguen a delegaci\u00f3n chihuahuense en Paralimpiada Nacional"},"content":{"rendered":"<p>La Comisi\u00f3n Nacional de Cultura F\u00edsica y Deporte (Conade), distingui\u00f3 a la delegaci\u00f3n Chihuahua que particip\u00f3 del 12 al 25 de octubre en la Paralimpiada Nacional que se llev\u00f3 a cabo en Colima.<\/p>\n<p><!--more--><\/p>\n<p>El galard\u00f3n fue por el segundo lugar en eficiencia con una cosecha de 74.5 puntos, adem\u00e1s, fue primer lugar en para-atletismo con 76 unidades producto de 19 medallas en 25 participaciones, la colecta de metales fue; 11 de oro, cinco de plata y tres de bronce.<\/p>\n<p>Mientras que, en la disciplina de para-nataci\u00f3n, las sirenas y tritones chihuahuenses tuvieron 16 apariciones en el podio de ganadores con 10 medallas \u00e1ureas, tres preseas argentas y tres de bronce.<\/p>\n<p>Con la delegaci\u00f3n chihuahuense participaron 21 atletas y 10 entrenadores, originarios de Ciudad Delicias, Ciudad Ju\u00e1rez y Chihuahua capital, dentro de las disciplinas de para-nataci\u00f3n, para-atletismo, gol-bol y para-powerlifting. <\/p>\n","protected":false},"excerpt":{"rendered":"<p>La Comisi\u00f3n Nacional de Cultura F\u00edsica y Deporte (Conade), distingui\u00f3 a la delegaci\u00f3n Chihuahua que particip\u00f3 del 12 al 25<\/p>\n","protected":false},"author":1,"featured_media":732,"comment_status":"closed","ping_status":"open","sticky":false,"template":"","format":"standard","meta":{"footnotes":""},"categories":[8,5,2,3],"tags":[116],"class_list":["post-731","post","type-post","status-publish","format-standard","has-post-thumbnail","hentry","category-gral","category-on","category-ppal","category-sub","tag-paralimpiada-nacional"],"yoast_head":"<!-- This site is optimized with the Yoast SEO plugin v25.9 - https:\/\/yoast.com\/wordpress\/plugins\/seo\/ -->\n<title>Distinguen a delegaci\u00f3n chihuahuense en Paralimpiada Nacional - ICHD<\/title>\n<meta name=\"robots\" content=\"index, follow, max-snippet:-1, max-image-preview:large, max-video-preview:-1\" \/>\n<link rel=\"canonical\" href=\"https:\/\/ichd.mx\/?p=731\" \/>\n<meta property=\"og:locale\" content=\"es_ES\" \/>\n<meta property=\"og:type\" content=\"article\" \/>\n<meta property=\"og:title\" content=\"Distinguen a delegaci\u00f3n chihuahuense en Paralimpiada Nacional - ICHD\" \/>\n<meta property=\"og:description\" content=\"La Comisi\u00f3n Nacional de Cultura F\u00edsica y Deporte (Conade), distingui\u00f3 a la delegaci\u00f3n Chihuahua que particip\u00f3 del 12 al 25\" \/>\n<meta property=\"og:url\" content=\"https:\/\/ichd.mx\/?p=731\" \/>\n<meta property=\"og:site_name\" content=\"ICHD\" \/>\n<meta property=\"article:publisher\" content=\"https:\/\/www.facebook.com\/ichdmx\" \/>\n<meta property=\"article:published_time\" content=\"2019-11-04T21:17:44+00:00\" \/>\n<meta property=\"article:modified_time\" content=\"2020-04-26T15:57:24+00:00\" \/>\n<meta property=\"og:image\" content=\"https:\/\/ichd.mx\/wp-content\/uploads\/2019\/11\/PN2019_Natacion_MelissaAlvarado1.jpg\" \/>\n\t<meta property=\"og:image:width\" content=\"2968\" \/>\n\t<meta property=\"og:image:height\" content=\"2120\" \/>\n\t<meta property=\"og:image:type\" content=\"image\/jpeg\" \/>\n<meta name=\"author\" content=\"Prensa ICHD\" \/>\n<meta name=\"twitter:card\" content=\"summary_large_image\" \/>\n<meta name=\"twitter:creator\" content=\"@ICHDmx\" \/>\n<meta name=\"twitter:site\" content=\"@ICHDmx\" \/>\n<meta name=\"twitter:label1\" content=\"Escrito por\" \/>\n\t<meta name=\"twitter:data1\" content=\"Prensa ICHD\" \/>\n\t<meta name=\"twitter:label2\" content=\"Tiempo de lectura\" \/>\n\t<meta name=\"twitter:data2\" content=\"1 minuto\" \/>\n<script type=\"application\/ld+json\" class=\"yoast-schema-graph\">{\"@context\":\"https:\/\/schema.org\",\"@graph\":[{\"@type\":\"WebPage\",\"@id\":\"https:\/\/ichd.mx\/?p=731\",\"url\":\"https:\/\/ichd.mx\/?p=731\",\"name\":\"Distinguen a delegaci\u00f3n chihuahuense en Paralimpiada Nacional - ICHD\",\"isPartOf\":{\"@id\":\"https:\/\/ichd.mx\/#website\"},\"primaryImageOfPage\":{\"@id\":\"https:\/\/ichd.mx\/?p=731#primaryimage\"},\"image\":{\"@id\":\"https:\/\/ichd.mx\/?p=731#primaryimage\"},\"thumbnailUrl\":\"https:\/\/ichd.mx\/wp-content\/uploads\/2019\/11\/PN2019_Natacion_MelissaAlvarado1.jpg\",\"datePublished\":\"2019-11-04T21:17:44+00:00\",\"dateModified\":\"2020-04-26T15:57:24+00:00\",\"author\":{\"@id\":\"https:\/\/ichd.mx\/#\/schema\/person\/f479276b61f414d2c9cb093175585910\"},\"breadcrumb\":{\"@id\":\"https:\/\/ichd.mx\/?p=731#breadcrumb\"},\"inLanguage\":\"es\",\"potentialAction\":[{\"@type\":\"ReadAction\",\"target\":[\"https:\/\/ichd.mx\/?p=731\"]}]},{\"@type\":\"ImageObject\",\"inLanguage\":\"es\",\"@id\":\"https:\/\/ichd.mx\/?p=731#primaryimage\",\"url\":\"https:\/\/ichd.mx\/wp-content\/uploads\/2019\/11\/PN2019_Natacion_MelissaAlvarado1.jpg\",\"contentUrl\":\"https:\/\/ichd.mx\/wp-content\/uploads\/2019\/11\/PN2019_Natacion_MelissaAlvarado1.jpg\",\"width\":2968,\"height\":2120},{\"@type\":\"BreadcrumbList\",\"@id\":\"https:\/\/ichd.mx\/?p=731#breadcrumb\",\"itemListElement\":[{\"@type\":\"ListItem\",\"position\":1,\"name\":\"Portada\",\"item\":\"https:\/\/ichd.mx\/\"},{\"@type\":\"ListItem\",\"position\":2,\"name\":\"Distinguen a delegaci\u00f3n chihuahuense en Paralimpiada Nacional\"}]},{\"@type\":\"WebSite\",\"@id\":\"https:\/\/ichd.mx\/#website\",\"url\":\"https:\/\/ichd.mx\/\",\"name\":\"ICHD\",\"description\":\"Instituto Chihuahuense del Deporte y Cultura F\u00edsica\",\"potentialAction\":[{\"@type\":\"SearchAction\",\"target\":{\"@type\":\"EntryPoint\",\"urlTemplate\":\"https:\/\/ichd.mx\/?s={search_term_string}\"},\"query-input\":{\"@type\":\"PropertyValueSpecification\",\"valueRequired\":true,\"valueName\":\"search_term_string\"}}],\"inLanguage\":\"es\"},{\"@type\":\"Person\",\"@id\":\"https:\/\/ichd.mx\/#\/schema\/person\/f479276b61f414d2c9cb093175585910\",\"name\":\"Prensa ICHD\",\"image\":{\"@type\":\"ImageObject\",\"inLanguage\":\"es\",\"@id\":\"https:\/\/ichd.mx\/#\/schema\/person\/image\/\",\"url\":\"https:\/\/secure.gravatar.com\/avatar\/6046115645d37646586ee77488df800b?s=96&d=mm&r=g\",\"contentUrl\":\"https:\/\/secure.gravatar.com\/avatar\/6046115645d37646586ee77488df800b?s=96&d=mm&r=g\",\"caption\":\"Prensa ICHD\"},\"url\":\"https:\/\/ichd.mx\/?author=1\"}]}<\/script>\n<!-- \/ Yoast SEO plugin. -->","yoast_head_json":{"title":"Distinguen a delegaci\u00f3n chihuahuense en Paralimpiada Nacional - ICHD","robots":{"index":"index","follow":"follow","max-snippet":"max-snippet:-1","max-image-preview":"max-image-preview:large","max-video-preview":"max-video-preview:-1"},"canonical":"https:\/\/ichd.mx\/?p=731","og_locale":"es_ES","og_type":"article","og_title":"Distinguen a delegaci\u00f3n chihuahuense en Paralimpiada Nacional - ICHD","og_description":"La Comisi\u00f3n Nacional de Cultura F\u00edsica y Deporte (Conade), distingui\u00f3 a la delegaci\u00f3n Chihuahua que particip\u00f3 del 12 al 25","og_url":"https:\/\/ichd.mx\/?p=731","og_site_name":"ICHD","article_publisher":"https:\/\/www.facebook.com\/ichdmx","article_published_time":"2019-11-04T21:17:44+00:00","article_modified_time":"2020-04-26T15:57:24+00:00","og_image":[{"width":2968,"height":2120,"url":"https:\/\/ichd.mx\/wp-content\/uploads\/2019\/11\/PN2019_Natacion_MelissaAlvarado1.jpg","type":"image\/jpeg"}],"author":"Prensa ICHD","twitter_card":"summary_large_image","twitter_creator":"@ICHDmx","twitter_site":"@ICHDmx","twitter_misc":{"Escrito por":"Prensa ICHD","Tiempo de lectura":"1 minuto"},"schema":{"@context":"https:\/\/schema.org","@graph":[{"@type":"WebPage","@id":"https:\/\/ichd.mx\/?p=731","url":"https:\/\/ichd.mx\/?p=731","name":"Distinguen a delegaci\u00f3n chihuahuense en Paralimpiada Nacional - ICHD","isPartOf":{"@id":"https:\/\/ichd.mx\/#website"},"primaryImageOfPage":{"@id":"https:\/\/ichd.mx\/?p=731#primaryimage"},"image":{"@id":"https:\/\/ichd.mx\/?p=731#primaryimage"},"thumbnailUrl":"https:\/\/ichd.mx\/wp-content\/uploads\/2019\/11\/PN2019_Natacion_MelissaAlvarado1.jpg","datePublished":"2019-11-04T21:17:44+00:00","dateModified":"2020-04-26T15:57:24+00:00","author":{"@id":"https:\/\/ichd.mx\/#\/schema\/person\/f479276b61f414d2c9cb093175585910"},"breadcrumb":{"@id":"https:\/\/ichd.mx\/?p=731#breadcrumb"},"inLanguage":"es","potentialAction":[{"@type":"ReadAction","target":["https:\/\/ichd.mx\/?p=731"]}]},{"@type":"ImageObject","inLanguage":"es","@id":"https:\/\/ichd.mx\/?p=731#primaryimage","url":"https:\/\/ichd.mx\/wp-content\/uploads\/2019\/11\/PN2019_Natacion_MelissaAlvarado1.jpg","contentUrl":"https:\/\/ichd.mx\/wp-content\/uploads\/2019\/11\/PN2019_Natacion_MelissaAlvarado1.jpg","width":2968,"height":2120},{"@type":"BreadcrumbList","@id":"https:\/\/ichd.mx\/?p=731#breadcrumb","itemListElement":[{"@type":"ListItem","position":1,"name":"Portada","item":"https:\/\/ichd.mx\/"},{"@type":"ListItem","position":2,"name":"Distinguen a delegaci\u00f3n chihuahuense en Paralimpiada Nacional"}]},{"@type":"WebSite","@id":"https:\/\/ichd.mx\/#website","url":"https:\/\/ichd.mx\/","name":"ICHD","description":"Instituto Chihuahuense del Deporte y Cultura F\u00edsica","potentialAction":[{"@type":"SearchAction","target":{"@type":"EntryPoint","urlTemplate":"https:\/\/ichd.mx\/?s={search_term_string}"},"query-input":{"@type":"PropertyValueSpecification","valueRequired":true,"valueName":"search_term_string"}}],"inLanguage":"es"},{"@type":"Person","@id":"https:\/\/ichd.mx\/#\/schema\/person\/f479276b61f414d2c9cb093175585910","name":"Prensa ICHD","image":{"@type":"ImageObject","inLanguage":"es","@id":"https:\/\/ichd.mx\/#\/schema\/person\/image\/","url":"https:\/\/secure.gravatar.com\/avatar\/6046115645d37646586ee77488df800b?s=96&d=mm&r=g","contentUrl":"https:\/\/secure.gravatar.com\/avatar\/6046115645d37646586ee77488df800b?s=96&d=mm&r=g","caption":"Prensa ICHD"},"url":"https:\/\/ichd.mx\/?author=1"}]}},"_links":{"self":[{"href":"https:\/\/ichd.mx\/index.php?rest_route=\/wp\/v2\/posts\/731","targetHints":{"allow":["GET"]}}],"collection":[{"href":"https:\/\/ichd.mx\/index.php?rest_route=\/wp\/v2\/posts"}],"about":[{"href":"https:\/\/ichd.mx\/index.php?rest_route=\/wp\/v2\/types\/post"}],"author":[{"embeddable":true,"href":"https:\/\/ichd.mx\/index.php?rest_route=\/wp\/v2\/users\/1"}],"replies":[{"embeddable":true,"href":"https:\/\/ichd.mx\/index.php?rest_route=%2Fwp%2Fv2%2Fcomments&post=731"}],"version-history":[{"count":2,"href":"https:\/\/ichd.mx\/index.php?rest_route=\/wp\/v2\/posts\/731\/revisions"}],"predecessor-version":[{"id":1228,"href":"https:\/\/ichd.mx\/index.php?rest_route=\/wp\/v2\/posts\/731\/revisions\/1228"}],"wp:featuredmedia":[{"embeddable":true,"href":"https:\/\/ichd.mx\/index.php?rest_route=\/wp\/v2\/media\/732"}],"wp:attachment":[{"href":"https:\/\/ichd.mx\/index.php?rest_route=%2Fwp%2Fv2%2Fmedia&parent=731"}],"wp:term":[{"taxonomy":"category","embeddable":true,"href":"https:\/\/ichd.mx\/index.php?rest_route=%2Fwp%2Fv2%2Fcategories&post=731"},{"taxonomy":"post_tag","embeddable":true,"href":"https:\/\/ichd.mx\/index.php?rest_route=%2Fwp%2Fv2%2Ftags&post=731"}],"curies":[{"name":"wp","href":"https:\/\/api.w.org\/{rel}","templated":true}]}}