{"id":711,"date":"2019-10-19T14:07:45","date_gmt":"2019-10-19T20:07:45","guid":{"rendered":"http:\/\/ichd.mx\/?p=711"},"modified":"2020-04-26T09:58:05","modified_gmt":"2020-04-26T15:58:05","slug":"en-para-atletismo-chihuahua-logra-oro-y-bronce-en-la-jornada-sabatina","status":"publish","type":"post","link":"https:\/\/ichd.mx\/?p=711","title":{"rendered":"En Para-Atletismo; Chihuahua logra oro y bronce en la jornada sabatina"},"content":{"rendered":"<p>Este s\u00e1bado, la delegaci\u00f3n chihuahuense vio actividad en Para-Atletismo de Paralimpiada Nacional 2019, dentro de la pista de la Unidad Morelos en la ciudad de Colima, los para-atletas sumaron una de oro y un bronce.<\/p>\n<p><!--more--><\/p>\n<p>Consigue Eduardo Muela su segunda presea dorada en el Lanzamiento de Disco, con marca de 19.08 metros y cerr\u00f3 su participaci\u00f3n con un bronce en Salto de Longitud en la clasificaci\u00f3n F21\/22 con una distancia de 3.27 metros.<\/p>\n<p>Por otro lado, el delisciense Karin R\u00edos logr\u00f3 un cuarto lugar en la prueba de 400mts planos en la clasificaci\u00f3n T25 con una marca de 56.18 segundos.<\/p>\n<p>La delegaci\u00f3n chihuahuense cerrar\u00e1 su participaci\u00f3n este domingo, en Para-Atletismo con Karin R\u00edos en la prueba de 1500 metros planos. <\/p>\n","protected":false},"excerpt":{"rendered":"<p>Este s\u00e1bado, la delegaci\u00f3n chihuahuense vio actividad en Para-Atletismo de Paralimpiada Nacional 2019, dentro de la pista de la Unidad<\/p>\n","protected":false},"author":1,"featured_media":712,"comment_status":"closed","ping_status":"open","sticky":false,"template":"","format":"standard","meta":{"footnotes":""},"categories":[5,2,3],"tags":[100],"class_list":["post-711","post","type-post","status-publish","format-standard","has-post-thumbnail","hentry","category-on","category-ppal","category-sub","tag-paralimpiada"],"yoast_head":"<!-- This site is optimized with the Yoast SEO plugin v25.9 - https:\/\/yoast.com\/wordpress\/plugins\/seo\/ -->\n<title>En Para-Atletismo; Chihuahua logra oro y bronce en la jornada sabatina - ICHD<\/title>\n<meta name=\"robots\" content=\"index, follow, max-snippet:-1, max-image-preview:large, max-video-preview:-1\" \/>\n<link rel=\"canonical\" href=\"https:\/\/ichd.mx\/?p=711\" \/>\n<meta property=\"og:locale\" content=\"es_ES\" \/>\n<meta property=\"og:type\" content=\"article\" \/>\n<meta property=\"og:title\" content=\"En Para-Atletismo; Chihuahua logra oro y bronce en la jornada sabatina - ICHD\" \/>\n<meta property=\"og:description\" content=\"Este s\u00e1bado, la delegaci\u00f3n chihuahuense vio actividad en Para-Atletismo de Paralimpiada Nacional 2019, dentro de la pista de la Unidad\" \/>\n<meta property=\"og:url\" content=\"https:\/\/ichd.mx\/?p=711\" \/>\n<meta property=\"og:site_name\" content=\"ICHD\" \/>\n<meta property=\"article:publisher\" content=\"https:\/\/www.facebook.com\/ichdmx\" \/>\n<meta property=\"article:published_time\" content=\"2019-10-19T20:07:45+00:00\" \/>\n<meta property=\"article:modified_time\" content=\"2020-04-26T15:58:05+00:00\" \/>\n<meta property=\"og:image\" content=\"https:\/\/ichd.mx\/wp-content\/uploads\/2019\/10\/WhatsApp-Image-2019-10-19-at-1.30.24-PM.jpeg\" \/>\n\t<meta property=\"og:image:width\" content=\"1280\" \/>\n\t<meta property=\"og:image:height\" content=\"1262\" \/>\n\t<meta property=\"og:image:type\" content=\"image\/jpeg\" \/>\n<meta name=\"author\" content=\"Prensa ICHD\" \/>\n<meta name=\"twitter:card\" content=\"summary_large_image\" \/>\n<meta name=\"twitter:creator\" content=\"@ICHDmx\" \/>\n<meta name=\"twitter:site\" content=\"@ICHDmx\" \/>\n<meta name=\"twitter:label1\" content=\"Escrito por\" \/>\n\t<meta name=\"twitter:data1\" content=\"Prensa ICHD\" \/>\n\t<meta name=\"twitter:label2\" content=\"Tiempo de lectura\" \/>\n\t<meta name=\"twitter:data2\" content=\"1 minuto\" \/>\n<script type=\"application\/ld+json\" class=\"yoast-schema-graph\">{\"@context\":\"https:\/\/schema.org\",\"@graph\":[{\"@type\":\"WebPage\",\"@id\":\"https:\/\/ichd.mx\/?p=711\",\"url\":\"https:\/\/ichd.mx\/?p=711\",\"name\":\"En Para-Atletismo; Chihuahua logra oro y bronce en la jornada sabatina - ICHD\",\"isPartOf\":{\"@id\":\"https:\/\/ichd.mx\/#website\"},\"primaryImageOfPage\":{\"@id\":\"https:\/\/ichd.mx\/?p=711#primaryimage\"},\"image\":{\"@id\":\"https:\/\/ichd.mx\/?p=711#primaryimage\"},\"thumbnailUrl\":\"https:\/\/ichd.mx\/wp-content\/uploads\/2019\/10\/WhatsApp-Image-2019-10-19-at-1.30.24-PM.jpeg\",\"datePublished\":\"2019-10-19T20:07:45+00:00\",\"dateModified\":\"2020-04-26T15:58:05+00:00\",\"author\":{\"@id\":\"https:\/\/ichd.mx\/#\/schema\/person\/f479276b61f414d2c9cb093175585910\"},\"breadcrumb\":{\"@id\":\"https:\/\/ichd.mx\/?p=711#breadcrumb\"},\"inLanguage\":\"es\",\"potentialAction\":[{\"@type\":\"ReadAction\",\"target\":[\"https:\/\/ichd.mx\/?p=711\"]}]},{\"@type\":\"ImageObject\",\"inLanguage\":\"es\",\"@id\":\"https:\/\/ichd.mx\/?p=711#primaryimage\",\"url\":\"https:\/\/ichd.mx\/wp-content\/uploads\/2019\/10\/WhatsApp-Image-2019-10-19-at-1.30.24-PM.jpeg\",\"contentUrl\":\"https:\/\/ichd.mx\/wp-content\/uploads\/2019\/10\/WhatsApp-Image-2019-10-19-at-1.30.24-PM.jpeg\",\"width\":1280,\"height\":1262},{\"@type\":\"BreadcrumbList\",\"@id\":\"https:\/\/ichd.mx\/?p=711#breadcrumb\",\"itemListElement\":[{\"@type\":\"ListItem\",\"position\":1,\"name\":\"Portada\",\"item\":\"https:\/\/ichd.mx\/\"},{\"@type\":\"ListItem\",\"position\":2,\"name\":\"En Para-Atletismo; Chihuahua logra oro y bronce en la jornada sabatina\"}]},{\"@type\":\"WebSite\",\"@id\":\"https:\/\/ichd.mx\/#website\",\"url\":\"https:\/\/ichd.mx\/\",\"name\":\"ICHD\",\"description\":\"Instituto Chihuahuense del Deporte y Cultura F\u00edsica\",\"potentialAction\":[{\"@type\":\"SearchAction\",\"target\":{\"@type\":\"EntryPoint\",\"urlTemplate\":\"https:\/\/ichd.mx\/?s={search_term_string}\"},\"query-input\":{\"@type\":\"PropertyValueSpecification\",\"valueRequired\":true,\"valueName\":\"search_term_string\"}}],\"inLanguage\":\"es\"},{\"@type\":\"Person\",\"@id\":\"https:\/\/ichd.mx\/#\/schema\/person\/f479276b61f414d2c9cb093175585910\",\"name\":\"Prensa ICHD\",\"image\":{\"@type\":\"ImageObject\",\"inLanguage\":\"es\",\"@id\":\"https:\/\/ichd.mx\/#\/schema\/person\/image\/\",\"url\":\"https:\/\/secure.gravatar.com\/avatar\/6046115645d37646586ee77488df800b?s=96&d=mm&r=g\",\"contentUrl\":\"https:\/\/secure.gravatar.com\/avatar\/6046115645d37646586ee77488df800b?s=96&d=mm&r=g\",\"caption\":\"Prensa ICHD\"},\"url\":\"https:\/\/ichd.mx\/?author=1\"}]}<\/script>\n<!-- \/ Yoast SEO plugin. -->","yoast_head_json":{"title":"En Para-Atletismo; Chihuahua logra oro y bronce en la jornada sabatina - ICHD","robots":{"index":"index","follow":"follow","max-snippet":"max-snippet:-1","max-image-preview":"max-image-preview:large","max-video-preview":"max-video-preview:-1"},"canonical":"https:\/\/ichd.mx\/?p=711","og_locale":"es_ES","og_type":"article","og_title":"En Para-Atletismo; Chihuahua logra oro y bronce en la jornada sabatina - ICHD","og_description":"Este s\u00e1bado, la delegaci\u00f3n chihuahuense vio actividad en Para-Atletismo de Paralimpiada Nacional 2019, dentro de la pista de la Unidad","og_url":"https:\/\/ichd.mx\/?p=711","og_site_name":"ICHD","article_publisher":"https:\/\/www.facebook.com\/ichdmx","article_published_time":"2019-10-19T20:07:45+00:00","article_modified_time":"2020-04-26T15:58:05+00:00","og_image":[{"width":1280,"height":1262,"url":"https:\/\/ichd.mx\/wp-content\/uploads\/2019\/10\/WhatsApp-Image-2019-10-19-at-1.30.24-PM.jpeg","type":"image\/jpeg"}],"author":"Prensa ICHD","twitter_card":"summary_large_image","twitter_creator":"@ICHDmx","twitter_site":"@ICHDmx","twitter_misc":{"Escrito por":"Prensa ICHD","Tiempo de lectura":"1 minuto"},"schema":{"@context":"https:\/\/schema.org","@graph":[{"@type":"WebPage","@id":"https:\/\/ichd.mx\/?p=711","url":"https:\/\/ichd.mx\/?p=711","name":"En Para-Atletismo; Chihuahua logra oro y bronce en la jornada sabatina - ICHD","isPartOf":{"@id":"https:\/\/ichd.mx\/#website"},"primaryImageOfPage":{"@id":"https:\/\/ichd.mx\/?p=711#primaryimage"},"image":{"@id":"https:\/\/ichd.mx\/?p=711#primaryimage"},"thumbnailUrl":"https:\/\/ichd.mx\/wp-content\/uploads\/2019\/10\/WhatsApp-Image-2019-10-19-at-1.30.24-PM.jpeg","datePublished":"2019-10-19T20:07:45+00:00","dateModified":"2020-04-26T15:58:05+00:00","author":{"@id":"https:\/\/ichd.mx\/#\/schema\/person\/f479276b61f414d2c9cb093175585910"},"breadcrumb":{"@id":"https:\/\/ichd.mx\/?p=711#breadcrumb"},"inLanguage":"es","potentialAction":[{"@type":"ReadAction","target":["https:\/\/ichd.mx\/?p=711"]}]},{"@type":"ImageObject","inLanguage":"es","@id":"https:\/\/ichd.mx\/?p=711#primaryimage","url":"https:\/\/ichd.mx\/wp-content\/uploads\/2019\/10\/WhatsApp-Image-2019-10-19-at-1.30.24-PM.jpeg","contentUrl":"https:\/\/ichd.mx\/wp-content\/uploads\/2019\/10\/WhatsApp-Image-2019-10-19-at-1.30.24-PM.jpeg","width":1280,"height":1262},{"@type":"BreadcrumbList","@id":"https:\/\/ichd.mx\/?p=711#breadcrumb","itemListElement":[{"@type":"ListItem","position":1,"name":"Portada","item":"https:\/\/ichd.mx\/"},{"@type":"ListItem","position":2,"name":"En Para-Atletismo; Chihuahua logra oro y bronce en la jornada sabatina"}]},{"@type":"WebSite","@id":"https:\/\/ichd.mx\/#website","url":"https:\/\/ichd.mx\/","name":"ICHD","description":"Instituto Chihuahuense del Deporte y Cultura F\u00edsica","potentialAction":[{"@type":"SearchAction","target":{"@type":"EntryPoint","urlTemplate":"https:\/\/ichd.mx\/?s={search_term_string}"},"query-input":{"@type":"PropertyValueSpecification","valueRequired":true,"valueName":"search_term_string"}}],"inLanguage":"es"},{"@type":"Person","@id":"https:\/\/ichd.mx\/#\/schema\/person\/f479276b61f414d2c9cb093175585910","name":"Prensa ICHD","image":{"@type":"ImageObject","inLanguage":"es","@id":"https:\/\/ichd.mx\/#\/schema\/person\/image\/","url":"https:\/\/secure.gravatar.com\/avatar\/6046115645d37646586ee77488df800b?s=96&d=mm&r=g","contentUrl":"https:\/\/secure.gravatar.com\/avatar\/6046115645d37646586ee77488df800b?s=96&d=mm&r=g","caption":"Prensa ICHD"},"url":"https:\/\/ichd.mx\/?author=1"}]}},"_links":{"self":[{"href":"https:\/\/ichd.mx\/index.php?rest_route=\/wp\/v2\/posts\/711","targetHints":{"allow":["GET"]}}],"collection":[{"href":"https:\/\/ichd.mx\/index.php?rest_route=\/wp\/v2\/posts"}],"about":[{"href":"https:\/\/ichd.mx\/index.php?rest_route=\/wp\/v2\/types\/post"}],"author":[{"embeddable":true,"href":"https:\/\/ichd.mx\/index.php?rest_route=\/wp\/v2\/users\/1"}],"replies":[{"embeddable":true,"href":"https:\/\/ichd.mx\/index.php?rest_route=%2Fwp%2Fv2%2Fcomments&post=711"}],"version-history":[{"count":2,"href":"https:\/\/ichd.mx\/index.php?rest_route=\/wp\/v2\/posts\/711\/revisions"}],"predecessor-version":[{"id":1233,"href":"https:\/\/ichd.mx\/index.php?rest_route=\/wp\/v2\/posts\/711\/revisions\/1233"}],"wp:featuredmedia":[{"embeddable":true,"href":"https:\/\/ichd.mx\/index.php?rest_route=\/wp\/v2\/media\/712"}],"wp:attachment":[{"href":"https:\/\/ichd.mx\/index.php?rest_route=%2Fwp%2Fv2%2Fmedia&parent=711"}],"wp:term":[{"taxonomy":"category","embeddable":true,"href":"https:\/\/ichd.mx\/index.php?rest_route=%2Fwp%2Fv2%2Fcategories&post=711"},{"taxonomy":"post_tag","embeddable":true,"href":"https:\/\/ichd.mx\/index.php?rest_route=%2Fwp%2Fv2%2Ftags&post=711"}],"curies":[{"name":"wp","href":"https:\/\/api.w.org\/{rel}","templated":true}]}}