{"id":7058,"date":"2026-04-23T10:53:54","date_gmt":"2026-04-23T16:53:54","guid":{"rendered":"https:\/\/ichd.mx\/?p=7058"},"modified":"2026-04-27T10:55:14","modified_gmt":"2026-04-27T16:55:14","slug":"la-escuela-de-iniciacion-deportiva-de-atletismo-eida-con-nueva-sede-en-la-deportiva-sur","status":"publish","type":"post","link":"https:\/\/ichd.mx\/?p=7058","title":{"rendered":"La Escuela de Iniciaci\u00f3n Deportiva de Atletismo (EIDA)  con nueva sede en la Deportiva Sur"},"content":{"rendered":"<p>La Escuela de Iniciaci\u00f3n Deportiva de Atletismo (EIDA) contin\u00faa fortaleciendo su compromiso<br \/>\ncon la formaci\u00f3n integral de ni\u00f1as, ni\u00f1os y j\u00f3venes al anunciar la apertura de una nueva sede<br \/>\nen la Pista de Atletismo de la Deportiva Sur.<br \/>\nLas clases se llevar\u00e1n a cabo los lunes, mi\u00e9rcoles y viernes en un horario de 18:30 a 20:00<br \/>\nhoras, y estar\u00e1n dirigidas a participantes desde los 5 a\u00f1os hasta j\u00f3venes adultos, ampliando<br \/>\nas\u00ed las oportunidades de acceso al deporte en la zona sur de la ciudad.<br \/>\nDurante el arranque de actividades en esta nueva sede, se cont\u00f3 con la presencia del<br \/>\nmarchista ol\u00edmpico Horacio Nava Reza, quien comparti\u00f3 un mensaje motivacional con los<br \/>\nasistentes, alentando a las nuevas generaciones a mantenerse en el camino del deporte y la<br \/>\ndisciplina.<br \/>\nAsimismo, estuvieron presentes los maestros Eddie Deydali Mart\u00ednez y Ricardo Lechuga,<br \/>\nquienes forman parte del equipo de trabajo coordinado por el entrenador Guillermo Orozco,<br \/>\nresponsable del desarrollo deportivo de la instituci\u00f3n.<br \/>\nEste crecimiento se da en un momento significativo para EIDA, ya que el pr\u00f3ximo mes de junio<br \/>\ncelebrar\u00e1 20 a\u00f1os de su fundaci\u00f3n. \u201cSon dos d\u00e9cadas formando ni\u00f1os y j\u00f3venes integrales en<br \/>\nlo emocional y f\u00edsico. Nos distinguimos por ser una escuela formadora y proveedora de atletas<br \/>\nque nos representan a nivel nacional, en un proyecto que inici\u00f3 la entrenadora Laurita<br \/>\nValenzuela, \u00edcono del atletismo chihuahuense\u201d, expres\u00f3 el coach Guillermo Orozco.<br \/>\nAdem\u00e1s de esta nueva sede, la escuela contin\u00faa con sus actividades regulares en la pista de<br \/>\nla Universidad La Salle (ULSA).<br \/>\nPara mayores informes, las personas interesadas pueden comunicarse a los tel\u00e9fonos 614 176<br \/>\n2629 y 614 141 2032.<img loading=\"lazy\" decoding=\"async\" class=\"alignnone size-medium wp-image-7059\" src=\"https:\/\/ichd.mx\/wp-content\/uploads\/2026\/04\/EIDA-en-la-Deportiva-Sur-3-300x225.jpeg\" alt=\"\" width=\"300\" height=\"225\" srcset=\"https:\/\/ichd.mx\/wp-content\/uploads\/2026\/04\/EIDA-en-la-Deportiva-Sur-3-300x225.jpeg 300w, https:\/\/ichd.mx\/wp-content\/uploads\/2026\/04\/EIDA-en-la-Deportiva-Sur-3-1024x768.jpeg 1024w, https:\/\/ichd.mx\/wp-content\/uploads\/2026\/04\/EIDA-en-la-Deportiva-Sur-3-768x576.jpeg 768w, https:\/\/ichd.mx\/wp-content\/uploads\/2026\/04\/EIDA-en-la-Deportiva-Sur-3-1536x1152.jpeg 1536w, https:\/\/ichd.mx\/wp-content\/uploads\/2026\/04\/EIDA-en-la-Deportiva-Sur-3.jpeg 1600w\" sizes=\"auto, (max-width: 300px) 100vw, 300px\" \/> <img loading=\"lazy\" decoding=\"async\" class=\"alignnone size-medium wp-image-7060\" src=\"https:\/\/ichd.mx\/wp-content\/uploads\/2026\/04\/EIDA-en-la-Deportiva-Sur-2-300x225.jpeg\" alt=\"\" width=\"300\" height=\"225\" srcset=\"https:\/\/ichd.mx\/wp-content\/uploads\/2026\/04\/EIDA-en-la-Deportiva-Sur-2-300x225.jpeg 300w, https:\/\/ichd.mx\/wp-content\/uploads\/2026\/04\/EIDA-en-la-Deportiva-Sur-2-1024x768.jpeg 1024w, https:\/\/ichd.mx\/wp-content\/uploads\/2026\/04\/EIDA-en-la-Deportiva-Sur-2-768x576.jpeg 768w, https:\/\/ichd.mx\/wp-content\/uploads\/2026\/04\/EIDA-en-la-Deportiva-Sur-2-1536x1152.jpeg 1536w, https:\/\/ichd.mx\/wp-content\/uploads\/2026\/04\/EIDA-en-la-Deportiva-Sur-2.jpeg 1600w\" sizes=\"auto, (max-width: 300px) 100vw, 300px\" \/> <img loading=\"lazy\" decoding=\"async\" class=\"alignnone size-medium wp-image-7061\" src=\"https:\/\/ichd.mx\/wp-content\/uploads\/2026\/04\/EIDA-en-la-Deportiva-Sur-1-300x271.jpeg\" alt=\"\" width=\"300\" height=\"271\" srcset=\"https:\/\/ichd.mx\/wp-content\/uploads\/2026\/04\/EIDA-en-la-Deportiva-Sur-1-300x271.jpeg 300w, https:\/\/ichd.mx\/wp-content\/uploads\/2026\/04\/EIDA-en-la-Deportiva-Sur-1-1024x925.jpeg 1024w, https:\/\/ichd.mx\/wp-content\/uploads\/2026\/04\/EIDA-en-la-Deportiva-Sur-1-768x694.jpeg 768w, https:\/\/ichd.mx\/wp-content\/uploads\/2026\/04\/EIDA-en-la-Deportiva-Sur-1.jpeg 1280w\" sizes=\"auto, (max-width: 300px) 100vw, 300px\" \/><\/p>\n","protected":false},"excerpt":{"rendered":"<p>La Escuela de Iniciaci\u00f3n Deportiva de Atletismo (EIDA) contin\u00faa fortaleciendo su compromiso con la formaci\u00f3n integral de ni\u00f1as, ni\u00f1os y<\/p>\n","protected":false},"author":3,"featured_media":7061,"comment_status":"closed","ping_status":"open","sticky":false,"template":"","format":"standard","meta":{"footnotes":""},"categories":[8,163,2,3],"tags":[],"class_list":["post-7058","post","type-post","status-publish","format-standard","has-post-thumbnail","hentry","category-gral","category-main-2","category-ppal","category-sub"],"yoast_head":"<!-- This site is optimized with the Yoast SEO plugin v25.9 - https:\/\/yoast.com\/wordpress\/plugins\/seo\/ -->\n<title>La Escuela de Iniciaci\u00f3n Deportiva de Atletismo (EIDA) con nueva sede en la Deportiva Sur - ICHD<\/title>\n<meta name=\"robots\" content=\"index, follow, max-snippet:-1, max-image-preview:large, max-video-preview:-1\" \/>\n<link rel=\"canonical\" href=\"https:\/\/ichd.mx\/?p=7058\" \/>\n<meta property=\"og:locale\" content=\"es_ES\" \/>\n<meta property=\"og:type\" content=\"article\" \/>\n<meta property=\"og:title\" content=\"La Escuela de Iniciaci\u00f3n Deportiva de Atletismo (EIDA) con nueva sede en la Deportiva Sur - ICHD\" \/>\n<meta property=\"og:description\" content=\"La Escuela de Iniciaci\u00f3n Deportiva de Atletismo (EIDA) contin\u00faa fortaleciendo su compromiso con la formaci\u00f3n integral de ni\u00f1as, ni\u00f1os y\" \/>\n<meta property=\"og:url\" content=\"https:\/\/ichd.mx\/?p=7058\" \/>\n<meta property=\"og:site_name\" content=\"ICHD\" \/>\n<meta property=\"article:publisher\" content=\"https:\/\/www.facebook.com\/ichdmx\" \/>\n<meta property=\"article:published_time\" content=\"2026-04-23T16:53:54+00:00\" \/>\n<meta property=\"article:modified_time\" content=\"2026-04-27T16:55:14+00:00\" \/>\n<meta property=\"og:image\" content=\"https:\/\/ichd.mx\/wp-content\/uploads\/2026\/04\/EIDA-en-la-Deportiva-Sur-1.jpeg\" \/>\n\t<meta property=\"og:image:width\" content=\"1280\" \/>\n\t<meta property=\"og:image:height\" content=\"1156\" \/>\n\t<meta property=\"og:image:type\" content=\"image\/jpeg\" \/>\n<meta name=\"author\" content=\"Prensa ICHD\" \/>\n<meta name=\"twitter:card\" content=\"summary_large_image\" \/>\n<meta name=\"twitter:creator\" content=\"@ICHDmx\" \/>\n<meta name=\"twitter:site\" content=\"@ICHDmx\" \/>\n<meta name=\"twitter:label1\" content=\"Escrito por\" \/>\n\t<meta name=\"twitter:data1\" content=\"Prensa ICHD\" \/>\n\t<meta name=\"twitter:label2\" content=\"Tiempo de lectura\" \/>\n\t<meta name=\"twitter:data2\" content=\"3 minutos\" \/>\n<script type=\"application\/ld+json\" class=\"yoast-schema-graph\">{\"@context\":\"https:\/\/schema.org\",\"@graph\":[{\"@type\":\"WebPage\",\"@id\":\"https:\/\/ichd.mx\/?p=7058\",\"url\":\"https:\/\/ichd.mx\/?p=7058\",\"name\":\"La Escuela de Iniciaci\u00f3n Deportiva de Atletismo (EIDA) con nueva sede en la Deportiva Sur - ICHD\",\"isPartOf\":{\"@id\":\"https:\/\/ichd.mx\/#website\"},\"primaryImageOfPage\":{\"@id\":\"https:\/\/ichd.mx\/?p=7058#primaryimage\"},\"image\":{\"@id\":\"https:\/\/ichd.mx\/?p=7058#primaryimage\"},\"thumbnailUrl\":\"https:\/\/ichd.mx\/wp-content\/uploads\/2026\/04\/EIDA-en-la-Deportiva-Sur-1.jpeg\",\"datePublished\":\"2026-04-23T16:53:54+00:00\",\"dateModified\":\"2026-04-27T16:55:14+00:00\",\"author\":{\"@id\":\"https:\/\/ichd.mx\/#\/schema\/person\/137528cf3411e3cbc248ffe1288137a7\"},\"breadcrumb\":{\"@id\":\"https:\/\/ichd.mx\/?p=7058#breadcrumb\"},\"inLanguage\":\"es\",\"potentialAction\":[{\"@type\":\"ReadAction\",\"target\":[\"https:\/\/ichd.mx\/?p=7058\"]}]},{\"@type\":\"ImageObject\",\"inLanguage\":\"es\",\"@id\":\"https:\/\/ichd.mx\/?p=7058#primaryimage\",\"url\":\"https:\/\/ichd.mx\/wp-content\/uploads\/2026\/04\/EIDA-en-la-Deportiva-Sur-1.jpeg\",\"contentUrl\":\"https:\/\/ichd.mx\/wp-content\/uploads\/2026\/04\/EIDA-en-la-Deportiva-Sur-1.jpeg\",\"width\":1280,\"height\":1156},{\"@type\":\"BreadcrumbList\",\"@id\":\"https:\/\/ichd.mx\/?p=7058#breadcrumb\",\"itemListElement\":[{\"@type\":\"ListItem\",\"position\":1,\"name\":\"Portada\",\"item\":\"https:\/\/ichd.mx\/\"},{\"@type\":\"ListItem\",\"position\":2,\"name\":\"La Escuela de Iniciaci\u00f3n Deportiva de Atletismo (EIDA) con nueva sede en la Deportiva Sur\"}]},{\"@type\":\"WebSite\",\"@id\":\"https:\/\/ichd.mx\/#website\",\"url\":\"https:\/\/ichd.mx\/\",\"name\":\"ICHD\",\"description\":\"Instituto Chihuahuense del Deporte y Cultura F\u00edsica\",\"potentialAction\":[{\"@type\":\"SearchAction\",\"target\":{\"@type\":\"EntryPoint\",\"urlTemplate\":\"https:\/\/ichd.mx\/?s={search_term_string}\"},\"query-input\":{\"@type\":\"PropertyValueSpecification\",\"valueRequired\":true,\"valueName\":\"search_term_string\"}}],\"inLanguage\":\"es\"},{\"@type\":\"Person\",\"@id\":\"https:\/\/ichd.mx\/#\/schema\/person\/137528cf3411e3cbc248ffe1288137a7\",\"name\":\"Prensa ICHD\",\"image\":{\"@type\":\"ImageObject\",\"inLanguage\":\"es\",\"@id\":\"https:\/\/ichd.mx\/#\/schema\/person\/image\/\",\"url\":\"https:\/\/secure.gravatar.com\/avatar\/166c01e5e415043a004f7d214348c415?s=96&d=mm&r=g\",\"contentUrl\":\"https:\/\/secure.gravatar.com\/avatar\/166c01e5e415043a004f7d214348c415?s=96&d=mm&r=g\",\"caption\":\"Prensa ICHD\"},\"url\":\"https:\/\/ichd.mx\/?author=3\"}]}<\/script>\n<!-- \/ Yoast SEO plugin. -->","yoast_head_json":{"title":"La Escuela de Iniciaci\u00f3n Deportiva de Atletismo (EIDA) con nueva sede en la Deportiva Sur - ICHD","robots":{"index":"index","follow":"follow","max-snippet":"max-snippet:-1","max-image-preview":"max-image-preview:large","max-video-preview":"max-video-preview:-1"},"canonical":"https:\/\/ichd.mx\/?p=7058","og_locale":"es_ES","og_type":"article","og_title":"La Escuela de Iniciaci\u00f3n Deportiva de Atletismo (EIDA) con nueva sede en la Deportiva Sur - ICHD","og_description":"La Escuela de Iniciaci\u00f3n Deportiva de Atletismo (EIDA) contin\u00faa fortaleciendo su compromiso con la formaci\u00f3n integral de ni\u00f1as, ni\u00f1os y","og_url":"https:\/\/ichd.mx\/?p=7058","og_site_name":"ICHD","article_publisher":"https:\/\/www.facebook.com\/ichdmx","article_published_time":"2026-04-23T16:53:54+00:00","article_modified_time":"2026-04-27T16:55:14+00:00","og_image":[{"width":1280,"height":1156,"url":"https:\/\/ichd.mx\/wp-content\/uploads\/2026\/04\/EIDA-en-la-Deportiva-Sur-1.jpeg","type":"image\/jpeg"}],"author":"Prensa ICHD","twitter_card":"summary_large_image","twitter_creator":"@ICHDmx","twitter_site":"@ICHDmx","twitter_misc":{"Escrito por":"Prensa ICHD","Tiempo de lectura":"3 minutos"},"schema":{"@context":"https:\/\/schema.org","@graph":[{"@type":"WebPage","@id":"https:\/\/ichd.mx\/?p=7058","url":"https:\/\/ichd.mx\/?p=7058","name":"La Escuela de Iniciaci\u00f3n Deportiva de Atletismo (EIDA) con nueva sede en la Deportiva Sur - ICHD","isPartOf":{"@id":"https:\/\/ichd.mx\/#website"},"primaryImageOfPage":{"@id":"https:\/\/ichd.mx\/?p=7058#primaryimage"},"image":{"@id":"https:\/\/ichd.mx\/?p=7058#primaryimage"},"thumbnailUrl":"https:\/\/ichd.mx\/wp-content\/uploads\/2026\/04\/EIDA-en-la-Deportiva-Sur-1.jpeg","datePublished":"2026-04-23T16:53:54+00:00","dateModified":"2026-04-27T16:55:14+00:00","author":{"@id":"https:\/\/ichd.mx\/#\/schema\/person\/137528cf3411e3cbc248ffe1288137a7"},"breadcrumb":{"@id":"https:\/\/ichd.mx\/?p=7058#breadcrumb"},"inLanguage":"es","potentialAction":[{"@type":"ReadAction","target":["https:\/\/ichd.mx\/?p=7058"]}]},{"@type":"ImageObject","inLanguage":"es","@id":"https:\/\/ichd.mx\/?p=7058#primaryimage","url":"https:\/\/ichd.mx\/wp-content\/uploads\/2026\/04\/EIDA-en-la-Deportiva-Sur-1.jpeg","contentUrl":"https:\/\/ichd.mx\/wp-content\/uploads\/2026\/04\/EIDA-en-la-Deportiva-Sur-1.jpeg","width":1280,"height":1156},{"@type":"BreadcrumbList","@id":"https:\/\/ichd.mx\/?p=7058#breadcrumb","itemListElement":[{"@type":"ListItem","position":1,"name":"Portada","item":"https:\/\/ichd.mx\/"},{"@type":"ListItem","position":2,"name":"La Escuela de Iniciaci\u00f3n Deportiva de Atletismo (EIDA) con nueva sede en la Deportiva Sur"}]},{"@type":"WebSite","@id":"https:\/\/ichd.mx\/#website","url":"https:\/\/ichd.mx\/","name":"ICHD","description":"Instituto Chihuahuense del Deporte y Cultura F\u00edsica","potentialAction":[{"@type":"SearchAction","target":{"@type":"EntryPoint","urlTemplate":"https:\/\/ichd.mx\/?s={search_term_string}"},"query-input":{"@type":"PropertyValueSpecification","valueRequired":true,"valueName":"search_term_string"}}],"inLanguage":"es"},{"@type":"Person","@id":"https:\/\/ichd.mx\/#\/schema\/person\/137528cf3411e3cbc248ffe1288137a7","name":"Prensa ICHD","image":{"@type":"ImageObject","inLanguage":"es","@id":"https:\/\/ichd.mx\/#\/schema\/person\/image\/","url":"https:\/\/secure.gravatar.com\/avatar\/166c01e5e415043a004f7d214348c415?s=96&d=mm&r=g","contentUrl":"https:\/\/secure.gravatar.com\/avatar\/166c01e5e415043a004f7d214348c415?s=96&d=mm&r=g","caption":"Prensa ICHD"},"url":"https:\/\/ichd.mx\/?author=3"}]}},"_links":{"self":[{"href":"https:\/\/ichd.mx\/index.php?rest_route=\/wp\/v2\/posts\/7058","targetHints":{"allow":["GET"]}}],"collection":[{"href":"https:\/\/ichd.mx\/index.php?rest_route=\/wp\/v2\/posts"}],"about":[{"href":"https:\/\/ichd.mx\/index.php?rest_route=\/wp\/v2\/types\/post"}],"author":[{"embeddable":true,"href":"https:\/\/ichd.mx\/index.php?rest_route=\/wp\/v2\/users\/3"}],"replies":[{"embeddable":true,"href":"https:\/\/ichd.mx\/index.php?rest_route=%2Fwp%2Fv2%2Fcomments&post=7058"}],"version-history":[{"count":1,"href":"https:\/\/ichd.mx\/index.php?rest_route=\/wp\/v2\/posts\/7058\/revisions"}],"predecessor-version":[{"id":7062,"href":"https:\/\/ichd.mx\/index.php?rest_route=\/wp\/v2\/posts\/7058\/revisions\/7062"}],"wp:featuredmedia":[{"embeddable":true,"href":"https:\/\/ichd.mx\/index.php?rest_route=\/wp\/v2\/media\/7061"}],"wp:attachment":[{"href":"https:\/\/ichd.mx\/index.php?rest_route=%2Fwp%2Fv2%2Fmedia&parent=7058"}],"wp:term":[{"taxonomy":"category","embeddable":true,"href":"https:\/\/ichd.mx\/index.php?rest_route=%2Fwp%2Fv2%2Fcategories&post=7058"},{"taxonomy":"post_tag","embeddable":true,"href":"https:\/\/ichd.mx\/index.php?rest_route=%2Fwp%2Fv2%2Ftags&post=7058"}],"curies":[{"name":"wp","href":"https:\/\/api.w.org\/{rel}","templated":true}]}}