{"id":705,"date":"2019-10-16T20:38:01","date_gmt":"2019-10-17T02:38:01","guid":{"rendered":"http:\/\/ichd.mx\/?p=705"},"modified":"2020-04-26T09:58:13","modified_gmt":"2020-04-26T15:58:13","slug":"insaculan-al-jurado-elector-para-el-premio-estatal-del-deporte-2019","status":"publish","type":"post","link":"https:\/\/ichd.mx\/?p=705","title":{"rendered":"Insaculan al Jurado Elector para el Premio Estatal del Deporte 2019"},"content":{"rendered":"<p>Esta tarde se llev\u00f3 a cabo el proceso de insaculaci\u00f3n para definir al Jurado Elector del Premio Estatal del Deporte 2019, el cual estuvo encabezado por Juan Pedro Santa Rosa Gonz\u00e1lez, director del Instituto Chihuahuense del Deporte y Cultura F\u00edsica, donde se definieron a los 10 integrantes, que ser\u00e1n encargados de elegir a los ganadores de dicho galard\u00f3n.<\/p>\n<p>Estuvieron tambi\u00e9n presentes, Mariano Corral, subdirector de Desarrollo del Deporte, Aid\u00e9 Carrillo Lugo del Departamento de Normatividad y Asuntos Jur\u00eddicos del ICHD, ante la presencia de la licenciada Elsa Ordo\u00f1ez Ordo\u00f1ez, titular de la Notar\u00eda P\u00fablica No. 25, adscrita al Distrito Judicial Morelos, se sorte\u00f3 a siete titulares del jurado, (dos asociaciones, tres medios de comunicaci\u00f3n, un deportista y un entrenador ganadores de ediciones anteriores), adem\u00e1s tres designados por el Director del Instituto Chihuahuense del Deporte y Cultura F\u00edsica, as\u00ed como a sus suplentes. El proceso se realiz\u00f3 bajo la convocatoria previamente emitida, dado por concluido el proceso a las 19:58 horas.<\/p>\n<p>La ceremonia de Elecci\u00f3n se realizar\u00e1 el 14 o 15 de noviembre en Palacio de Gobierno, mientras que, la Premiaci\u00f3n ser\u00e1 en el marco de los festejos de la Revoluci\u00f3n Mexicana el 20 de noviembre pr\u00f3ximo, previo al desfile.<\/p>\n<p>El registro de candidatos para el Premio Estatal del Deporte 2019, cerrar\u00e1 el 4 de noviembre, el Jurado elegir\u00e1 al entrenador y deportista, que, por sus resultados en el periodo comprendido del 1 de octubre del 2018 al 31 de octubre de 2019, hayan destacado.<\/p>\n<p><strong>PREMIO ESTATAL DEL DEPORTE 2019<\/strong><\/p>\n<p><strong>INSACULACION DEL JURADO ELECTOR<\/strong><\/p>\n<p>&nbsp;<\/p>\n<p><strong>ASOCIACIONES DEPORTIVAS<\/strong><\/p>\n<p><strong>TITULARES<\/strong><\/p>\n<p><strong>1 Asociaci\u00f3n de R\u00e1cquetbol del Estado de Chihuahua, A.C. <\/strong><\/p>\n<p><strong>(Mart\u00ednez S\u00e1nchez Carlos Gilberto)<\/strong><\/p>\n<p><strong>2 Asociaci\u00f3n de Juegos y Deportes Aut\u00f3ctonos de Chihuahua A.C.\u00a0 (Lara Carre\u00f3n Francisco)<\/strong><\/p>\n<p>&nbsp;<\/p>\n<p>SUPLENTES<\/p>\n<p>1 Asociaci\u00f3n Polinesia de Artes Marciales Lima Lama del Estado de Chihuahua A.C.<\/p>\n<p>(Chao G\u00f3mez Adri\u00e1n)<\/p>\n<p>2 Asociaci\u00f3n Estatal de Deportes Sobre Sillas de Ruedas del Estado de Chihuahua A.C.<\/p>\n<p>(Chaparro Carrillo Mart\u00edn Enrrique)<\/p>\n<p>&nbsp;<\/p>\n<p><strong>MEDIOS DE COMUNICACI\u00d3N<\/strong><\/p>\n<p><strong>TITULARES<\/strong><\/p>\n<p><strong>1 El Diario de Chihuahua<\/strong><\/p>\n<p><strong>2 Pasi\u00f3n Deportiva (Delicias)<\/strong><\/p>\n<p><strong>3 Radiorama<\/strong><\/p>\n<p>&nbsp;<\/p>\n<p>SUPLENTES<\/p>\n<p>1 El Heraldo de Chihuahua<\/p>\n<p>2 RadioNet<\/p>\n<p>3 Diario de Ciudad Ju\u00e1rez<\/p>\n<p>&nbsp;<\/p>\n<p><strong>DEPORTISTA GANADOR DE EDICIONES ANTERIORES<\/strong><\/p>\n<p><strong>TITULAR<\/strong><\/p>\n<p><strong>1 Zudikey Rodr\u00edguez N\u00fa\u00f1ez (Atletismo 2007)<\/strong><\/p>\n<p>&nbsp;<\/p>\n<p>SUPLENTE<\/p>\n<p>1 Tamara Vega Arroyos (Pentatl\u00f3n Moderno 2011)<\/p>\n<p>&nbsp;<\/p>\n<p><strong>ENTRENADOR GANADOR DE EDICIONES ANTERIORES<\/strong><\/p>\n<p><strong>TITULAR<\/strong><\/p>\n<p><strong>1 Gamaliel Ruiz Molina (Voleibol 1996)<\/strong><\/p>\n<p>&nbsp;<\/p>\n<p>SUPLENTE<\/p>\n<p>1 Ernesto Aar\u00f3n Palomino Gonz\u00e1lez (R\u00e1cquetbol 2018)<\/p>\n<p>&nbsp;<\/p>\n<p><strong>DESIGNADOS POR EL DIRECTOR DEL<\/strong><\/p>\n<p><strong>INSTITUTO CHIHUAHUENSE DEL DEPORTE Y CULTURA F\u00ccSICA<\/strong><\/p>\n<p><strong>TITULAR<\/strong><\/p>\n<p><strong>1 Dip. Lourdes Valle Armend\u00e1riz (Comisi\u00f3n Juventud y Deporte)<\/strong><\/p>\n<p><strong>2 Pedro Gudi\u00f1o Corona (Multimedios)<\/strong><\/p>\n<p><strong>3 Gustavo Scherenberg Farret (Empresario)<\/strong><\/p>\n<p>&nbsp;<\/p>\n<p>SUPLENTES<\/p>\n<p>1 Florentino Ch\u00e1vez Valles (Cobach)<\/p>\n<p>2 Mario Quintana Fern\u00e1ndez (Televisa)<\/p>\n<p>3 Juan Carlos Viv\u00f3 Prieto (UACH FC)<\/p>\n<p>&nbsp;<\/p>\n<div id=\"fb-root\"><\/div>\n<p><script async=\"1\" defer=\"1\" crossorigin=\"anonymous\" src=\"https:\/\/connect.facebook.net\/en_US\/sdk.js#xfbml=1&amp;version=v4.0\"><\/script><\/p>\n<div class=\"fb-video\" data-href=\"https:\/\/www.facebook.com\/ichdmx\/videos\/2514457885451090\/\" data-width=\"800\">\n<blockquote cite=\"https:\/\/www.facebook.com\/ichdmx\/videos\/2514457885451090\/\" class=\"fb-xfbml-parse-ignore\"><p><a href=\"https:\/\/www.facebook.com\/ichdmx\/videos\/2514457885451090\/\">Transmisi\u00f3n Ceremonia de Insaculaci\u00f3n Jurado Elector del fPremio Estatal del Deporte 2019<\/a><\/p>\n<p>Transmisi\u00f3n Ceremonia de Insaculaci\u00f3n Jurado Elector del Premio Estatal del Deporte 2019.#ICHD #DeporteConValor<\/p>\n<p>Posted by <a href=\"https:\/\/www.facebook.com\/ichdmx\/\">ICHDmx<\/a> on Wednesday, October 16, 2019<\/p><\/blockquote>\n<\/div>\n","protected":false},"excerpt":{"rendered":"<p>Esta tarde se llev\u00f3 a cabo el proceso de insaculaci\u00f3n para definir al Jurado Elector del Premio Estatal del Deporte<\/p>\n","protected":false},"author":1,"featured_media":706,"comment_status":"closed","ping_status":"open","sticky":false,"template":"","format":"standard","meta":{"footnotes":""},"categories":[2,3],"tags":[113,114],"class_list":["post-705","post","type-post","status-publish","format-standard","has-post-thumbnail","hentry","category-ppal","category-sub","tag-insaculacion","tag-premio-estatal-del-deporte"],"yoast_head":"<!-- This site is optimized with the Yoast SEO plugin v25.9 - https:\/\/yoast.com\/wordpress\/plugins\/seo\/ -->\n<title>Insaculan al Jurado Elector para el Premio Estatal del Deporte 2019 - ICHD<\/title>\n<meta name=\"robots\" content=\"index, follow, max-snippet:-1, max-image-preview:large, max-video-preview:-1\" \/>\n<link rel=\"canonical\" href=\"https:\/\/ichd.mx\/?p=705\" \/>\n<meta property=\"og:locale\" content=\"es_ES\" \/>\n<meta property=\"og:type\" content=\"article\" \/>\n<meta property=\"og:title\" content=\"Insaculan al Jurado Elector para el Premio Estatal del Deporte 2019 - ICHD\" \/>\n<meta property=\"og:description\" content=\"Esta tarde se llev\u00f3 a cabo el proceso de insaculaci\u00f3n para definir al Jurado Elector del Premio Estatal del Deporte\" \/>\n<meta property=\"og:url\" content=\"https:\/\/ichd.mx\/?p=705\" \/>\n<meta property=\"og:site_name\" content=\"ICHD\" \/>\n<meta property=\"article:publisher\" content=\"https:\/\/www.facebook.com\/ichdmx\" \/>\n<meta property=\"article:published_time\" content=\"2019-10-17T02:38:01+00:00\" \/>\n<meta property=\"article:modified_time\" content=\"2020-04-26T15:58:13+00:00\" \/>\n<meta property=\"og:image\" content=\"https:\/\/ichd.mx\/wp-content\/uploads\/2019\/10\/insaculacion_PED3.jpg\" \/>\n\t<meta property=\"og:image:width\" content=\"2500\" \/>\n\t<meta property=\"og:image:height\" content=\"1755\" \/>\n\t<meta property=\"og:image:type\" content=\"image\/jpeg\" \/>\n<meta name=\"author\" content=\"Prensa ICHD\" \/>\n<meta name=\"twitter:card\" content=\"summary_large_image\" \/>\n<meta name=\"twitter:creator\" content=\"@ICHDmx\" \/>\n<meta name=\"twitter:site\" content=\"@ICHDmx\" \/>\n<meta name=\"twitter:label1\" content=\"Escrito por\" \/>\n\t<meta name=\"twitter:data1\" content=\"Prensa ICHD\" \/>\n\t<meta name=\"twitter:label2\" content=\"Tiempo de lectura\" \/>\n\t<meta name=\"twitter:data2\" content=\"2 minutos\" \/>\n<script type=\"application\/ld+json\" class=\"yoast-schema-graph\">{\"@context\":\"https:\/\/schema.org\",\"@graph\":[{\"@type\":\"WebPage\",\"@id\":\"https:\/\/ichd.mx\/?p=705\",\"url\":\"https:\/\/ichd.mx\/?p=705\",\"name\":\"Insaculan al Jurado Elector para el Premio Estatal del Deporte 2019 - ICHD\",\"isPartOf\":{\"@id\":\"https:\/\/ichd.mx\/#website\"},\"primaryImageOfPage\":{\"@id\":\"https:\/\/ichd.mx\/?p=705#primaryimage\"},\"image\":{\"@id\":\"https:\/\/ichd.mx\/?p=705#primaryimage\"},\"thumbnailUrl\":\"https:\/\/ichd.mx\/wp-content\/uploads\/2019\/10\/insaculacion_PED3.jpg\",\"datePublished\":\"2019-10-17T02:38:01+00:00\",\"dateModified\":\"2020-04-26T15:58:13+00:00\",\"author\":{\"@id\":\"https:\/\/ichd.mx\/#\/schema\/person\/f479276b61f414d2c9cb093175585910\"},\"breadcrumb\":{\"@id\":\"https:\/\/ichd.mx\/?p=705#breadcrumb\"},\"inLanguage\":\"es\",\"potentialAction\":[{\"@type\":\"ReadAction\",\"target\":[\"https:\/\/ichd.mx\/?p=705\"]}]},{\"@type\":\"ImageObject\",\"inLanguage\":\"es\",\"@id\":\"https:\/\/ichd.mx\/?p=705#primaryimage\",\"url\":\"https:\/\/ichd.mx\/wp-content\/uploads\/2019\/10\/insaculacion_PED3.jpg\",\"contentUrl\":\"https:\/\/ichd.mx\/wp-content\/uploads\/2019\/10\/insaculacion_PED3.jpg\",\"width\":2500,\"height\":1755},{\"@type\":\"BreadcrumbList\",\"@id\":\"https:\/\/ichd.mx\/?p=705#breadcrumb\",\"itemListElement\":[{\"@type\":\"ListItem\",\"position\":1,\"name\":\"Portada\",\"item\":\"https:\/\/ichd.mx\/\"},{\"@type\":\"ListItem\",\"position\":2,\"name\":\"Insaculan al Jurado Elector para el Premio Estatal del Deporte 2019\"}]},{\"@type\":\"WebSite\",\"@id\":\"https:\/\/ichd.mx\/#website\",\"url\":\"https:\/\/ichd.mx\/\",\"name\":\"ICHD\",\"description\":\"Instituto Chihuahuense del Deporte y Cultura F\u00edsica\",\"potentialAction\":[{\"@type\":\"SearchAction\",\"target\":{\"@type\":\"EntryPoint\",\"urlTemplate\":\"https:\/\/ichd.mx\/?s={search_term_string}\"},\"query-input\":{\"@type\":\"PropertyValueSpecification\",\"valueRequired\":true,\"valueName\":\"search_term_string\"}}],\"inLanguage\":\"es\"},{\"@type\":\"Person\",\"@id\":\"https:\/\/ichd.mx\/#\/schema\/person\/f479276b61f414d2c9cb093175585910\",\"name\":\"Prensa ICHD\",\"image\":{\"@type\":\"ImageObject\",\"inLanguage\":\"es\",\"@id\":\"https:\/\/ichd.mx\/#\/schema\/person\/image\/\",\"url\":\"https:\/\/secure.gravatar.com\/avatar\/6046115645d37646586ee77488df800b?s=96&d=mm&r=g\",\"contentUrl\":\"https:\/\/secure.gravatar.com\/avatar\/6046115645d37646586ee77488df800b?s=96&d=mm&r=g\",\"caption\":\"Prensa ICHD\"},\"url\":\"https:\/\/ichd.mx\/?author=1\"}]}<\/script>\n<!-- \/ Yoast SEO plugin. -->","yoast_head_json":{"title":"Insaculan al Jurado Elector para el Premio Estatal del Deporte 2019 - ICHD","robots":{"index":"index","follow":"follow","max-snippet":"max-snippet:-1","max-image-preview":"max-image-preview:large","max-video-preview":"max-video-preview:-1"},"canonical":"https:\/\/ichd.mx\/?p=705","og_locale":"es_ES","og_type":"article","og_title":"Insaculan al Jurado Elector para el Premio Estatal del Deporte 2019 - ICHD","og_description":"Esta tarde se llev\u00f3 a cabo el proceso de insaculaci\u00f3n para definir al Jurado Elector del Premio Estatal del Deporte","og_url":"https:\/\/ichd.mx\/?p=705","og_site_name":"ICHD","article_publisher":"https:\/\/www.facebook.com\/ichdmx","article_published_time":"2019-10-17T02:38:01+00:00","article_modified_time":"2020-04-26T15:58:13+00:00","og_image":[{"width":2500,"height":1755,"url":"https:\/\/ichd.mx\/wp-content\/uploads\/2019\/10\/insaculacion_PED3.jpg","type":"image\/jpeg"}],"author":"Prensa ICHD","twitter_card":"summary_large_image","twitter_creator":"@ICHDmx","twitter_site":"@ICHDmx","twitter_misc":{"Escrito por":"Prensa ICHD","Tiempo de lectura":"2 minutos"},"schema":{"@context":"https:\/\/schema.org","@graph":[{"@type":"WebPage","@id":"https:\/\/ichd.mx\/?p=705","url":"https:\/\/ichd.mx\/?p=705","name":"Insaculan al Jurado Elector para el Premio Estatal del Deporte 2019 - ICHD","isPartOf":{"@id":"https:\/\/ichd.mx\/#website"},"primaryImageOfPage":{"@id":"https:\/\/ichd.mx\/?p=705#primaryimage"},"image":{"@id":"https:\/\/ichd.mx\/?p=705#primaryimage"},"thumbnailUrl":"https:\/\/ichd.mx\/wp-content\/uploads\/2019\/10\/insaculacion_PED3.jpg","datePublished":"2019-10-17T02:38:01+00:00","dateModified":"2020-04-26T15:58:13+00:00","author":{"@id":"https:\/\/ichd.mx\/#\/schema\/person\/f479276b61f414d2c9cb093175585910"},"breadcrumb":{"@id":"https:\/\/ichd.mx\/?p=705#breadcrumb"},"inLanguage":"es","potentialAction":[{"@type":"ReadAction","target":["https:\/\/ichd.mx\/?p=705"]}]},{"@type":"ImageObject","inLanguage":"es","@id":"https:\/\/ichd.mx\/?p=705#primaryimage","url":"https:\/\/ichd.mx\/wp-content\/uploads\/2019\/10\/insaculacion_PED3.jpg","contentUrl":"https:\/\/ichd.mx\/wp-content\/uploads\/2019\/10\/insaculacion_PED3.jpg","width":2500,"height":1755},{"@type":"BreadcrumbList","@id":"https:\/\/ichd.mx\/?p=705#breadcrumb","itemListElement":[{"@type":"ListItem","position":1,"name":"Portada","item":"https:\/\/ichd.mx\/"},{"@type":"ListItem","position":2,"name":"Insaculan al Jurado Elector para el Premio Estatal del Deporte 2019"}]},{"@type":"WebSite","@id":"https:\/\/ichd.mx\/#website","url":"https:\/\/ichd.mx\/","name":"ICHD","description":"Instituto Chihuahuense del Deporte y Cultura F\u00edsica","potentialAction":[{"@type":"SearchAction","target":{"@type":"EntryPoint","urlTemplate":"https:\/\/ichd.mx\/?s={search_term_string}"},"query-input":{"@type":"PropertyValueSpecification","valueRequired":true,"valueName":"search_term_string"}}],"inLanguage":"es"},{"@type":"Person","@id":"https:\/\/ichd.mx\/#\/schema\/person\/f479276b61f414d2c9cb093175585910","name":"Prensa ICHD","image":{"@type":"ImageObject","inLanguage":"es","@id":"https:\/\/ichd.mx\/#\/schema\/person\/image\/","url":"https:\/\/secure.gravatar.com\/avatar\/6046115645d37646586ee77488df800b?s=96&d=mm&r=g","contentUrl":"https:\/\/secure.gravatar.com\/avatar\/6046115645d37646586ee77488df800b?s=96&d=mm&r=g","caption":"Prensa ICHD"},"url":"https:\/\/ichd.mx\/?author=1"}]}},"_links":{"self":[{"href":"https:\/\/ichd.mx\/index.php?rest_route=\/wp\/v2\/posts\/705","targetHints":{"allow":["GET"]}}],"collection":[{"href":"https:\/\/ichd.mx\/index.php?rest_route=\/wp\/v2\/posts"}],"about":[{"href":"https:\/\/ichd.mx\/index.php?rest_route=\/wp\/v2\/types\/post"}],"author":[{"embeddable":true,"href":"https:\/\/ichd.mx\/index.php?rest_route=\/wp\/v2\/users\/1"}],"replies":[{"embeddable":true,"href":"https:\/\/ichd.mx\/index.php?rest_route=%2Fwp%2Fv2%2Fcomments&post=705"}],"version-history":[{"count":4,"href":"https:\/\/ichd.mx\/index.php?rest_route=\/wp\/v2\/posts\/705\/revisions"}],"predecessor-version":[{"id":1234,"href":"https:\/\/ichd.mx\/index.php?rest_route=\/wp\/v2\/posts\/705\/revisions\/1234"}],"wp:featuredmedia":[{"embeddable":true,"href":"https:\/\/ichd.mx\/index.php?rest_route=\/wp\/v2\/media\/706"}],"wp:attachment":[{"href":"https:\/\/ichd.mx\/index.php?rest_route=%2Fwp%2Fv2%2Fmedia&parent=705"}],"wp:term":[{"taxonomy":"category","embeddable":true,"href":"https:\/\/ichd.mx\/index.php?rest_route=%2Fwp%2Fv2%2Fcategories&post=705"},{"taxonomy":"post_tag","embeddable":true,"href":"https:\/\/ichd.mx\/index.php?rest_route=%2Fwp%2Fv2%2Ftags&post=705"}],"curies":[{"name":"wp","href":"https:\/\/api.w.org\/{rel}","templated":true}]}}