{"id":70,"date":"2019-03-25T13:11:27","date_gmt":"2019-03-25T20:11:27","guid":{"rendered":"http:\/\/ichd.mx\/?p=70"},"modified":"2020-04-26T10:18:28","modified_gmt":"2020-04-26T16:18:28","slug":"participa-el-gobernador-javier-corral-en-la-carrera-del-seminario","status":"publish","type":"post","link":"https:\/\/ichd.mx\/?p=70","title":{"rendered":"Participa el gobernador Javier Corral en la Carrera del Seminario"},"content":{"rendered":"<p class=\"western\" align=\"justify\"><span style=\"font-family: Ubuntu;\"><span style=\"font-size: large;\">Con la participaci\u00f3n del Gobernador Javier Corral, la ma\u00f1ana de este domingo cerca de 500 personas tomaron parte en la Carrera 5K Conmemorativa del 125 Aniversario del Seminario Arquidiocesano de Chihuahua, la cual se desarroll\u00f3 en calles de la colonia Cuarteles; evento con que concluyen las celebraciones por un aniversario m\u00e1s de esta instituci\u00f3n<\/span><\/span><\/p>\n<p class=\"western\" align=\"justify\"><span style=\"font-family: Ubuntu;\"><span style=\"font-size: large;\">Al finalizar la competencia, el titular del Ejecutivo dijo que: \u201che querido participar en esta carrera, no solamente para sumarme a un ambiente de convivencia familiar, de sano esparcimiento, sino como una forma de tributarle reconocimiento y gratitud al Seminario de Chihuahua. Yo nunca hab\u00eda corrido con tantos padrecitos al lado, me supongo que esta carrera est\u00e1 m\u00e1s bendita que las otras\u201d.<\/span><\/span><\/p>\n<p class=\"western\" align=\"justify\"><span style=\"font-family: Ubuntu;\"><span style=\"font-size: large;\">A\u00f1adi\u00f3 que para Chihuahua, el seminario es un basti\u00f3n \u00e9tico y moral en la ense\u00f1anza de los valores del occidente cristiano, \u201ccomo instituci\u00f3n la reconocemos en el Gobierno de Chihuahua y nos sentimos muy orgullosos de las generaciones que ha formado al servicio de la Iglesia, pero tambi\u00e9n de la sociedad chihuahuense\u201d.<\/span><\/span><\/p>\n<p class=\"western\" align=\"justify\"><span style=\"font-family: Ubuntu;\"><span style=\"font-size: large;\">Destac\u00f3 que aqu\u00ed (en el Seminario) hay efigies egregias muy destacables, como el padre Camilo Daniel, de quien dijo ser amigo.<\/span><\/span><\/p>\n<p class=\"western\" align=\"justify\"><span style=\"font-family: Ubuntu;\"><span style=\"font-size: large;\">El circuito de la competencia comprendi\u00f3 las calles Ernesto Talavera, Cuauht\u00e9moc, 18, D\u00edaz Ordaz, 22, 20 de Noviembre, Flores Mag\u00f3n, \u00c1ngela Peralta, Acueducto, 52, J. Mor\u00f3n, para culminar nuevamente en la Talavera, en las puertas del Seminario.<\/span><\/span><\/p>\n<p class=\"western\" align=\"justify\"><span style=\"font-family: Ubuntu;\"><span style=\"font-size: large;\">El primer lugar de la carrera en la rama varonil fue Abel Ram\u00edrez Beltr\u00e1n, con 16 minutos 35 segundos, mientras que en la rama femenil Anel Rodr\u00edguez 22 minutos 41 segundos result\u00f3 como la m\u00e1s r\u00e1pida; ambos ganaron como premio un viaje a las Barrancas del Cobre.<\/span><\/span><\/p>\n<p class=\"western\" align=\"justify\"><span style=\"font-family: Ubuntu;\"><span style=\"font-size: large;\">En la categor\u00eda Familiar, la ganadora fue la familia Infante Nieto, con 28 minutos 12 segundos, por lo cual obtuvieron la posibilidad de \u201cUn minuto feliz\u201d, en el cual podr\u00e1n tomar todos los productos que puedan en un centro comercial.<\/span><\/span><\/p>\n<p class=\"western\" align=\"justify\"><span style=\"font-family: Ubuntu;\"><span style=\"font-size: large;\">En su participaci\u00f3n, el rector de Seminario, Leopoldo Prieto Rivero, agradeci\u00f3 el apoyo del gobernador a trav\u00e9s del Departamento de Asuntos Religiosos, en este y otros eventos que han emprendido en lo que va de la administraci\u00f3n estatal.<\/span><\/span><\/p>\n<p class=\"western\" align=\"justify\"><span style=\"font-family: Ubuntu;\"><span style=\"font-size: large;\">Manifest\u00f3 su reconocimiento a quienes hicieron posible esta competencia, especialmente a los seminaristas que combinaron sus actividades normales con los preparativos de la carrera.<\/span><\/span><\/p>\n<p class=\"western\" align=\"justify\"><span style=\"font-family: Ubuntu;\"><span style=\"font-size: large;\">El Seminario se fund\u00f3 en 1894 por el primer obispo de Chihuahua, monse\u00f1or Jos\u00e9 de Jes\u00fas Ort\u00edz y en ese entonces la provincia eclesi\u00e1stica abarcaba todo el territorio del estado, hasta Torre\u00f3n, Coahuila.<\/span><\/span><\/p>\n","protected":false},"excerpt":{"rendered":"<p>Con la participaci\u00f3n del Gobernador Javier Corral, la ma\u00f1ana de este domingo cerca de 500 personas tomaron parte en la<\/p>\n","protected":false},"author":1,"featured_media":71,"comment_status":"closed","ping_status":"open","sticky":false,"template":"","format":"standard","meta":{"footnotes":""},"categories":[8],"tags":[],"class_list":["post-70","post","type-post","status-publish","format-standard","has-post-thumbnail","hentry","category-gral"],"yoast_head":"<!-- This site is optimized with the Yoast SEO plugin v25.9 - https:\/\/yoast.com\/wordpress\/plugins\/seo\/ -->\n<title>Participa el gobernador Javier Corral en la Carrera del Seminario - ICHD<\/title>\n<meta name=\"robots\" content=\"index, follow, max-snippet:-1, max-image-preview:large, max-video-preview:-1\" \/>\n<link rel=\"canonical\" href=\"https:\/\/ichd.mx\/?p=70\" \/>\n<meta property=\"og:locale\" content=\"es_ES\" \/>\n<meta property=\"og:type\" content=\"article\" \/>\n<meta property=\"og:title\" content=\"Participa el gobernador Javier Corral en la Carrera del Seminario - ICHD\" \/>\n<meta property=\"og:description\" content=\"Con la participaci\u00f3n del Gobernador Javier Corral, la ma\u00f1ana de este domingo cerca de 500 personas tomaron parte en la\" \/>\n<meta property=\"og:url\" content=\"https:\/\/ichd.mx\/?p=70\" \/>\n<meta property=\"og:site_name\" content=\"ICHD\" \/>\n<meta property=\"article:publisher\" content=\"https:\/\/www.facebook.com\/ichdmx\" \/>\n<meta property=\"article:published_time\" content=\"2019-03-25T20:11:27+00:00\" \/>\n<meta property=\"article:modified_time\" content=\"2020-04-26T16:18:28+00:00\" \/>\n<meta property=\"og:image\" content=\"https:\/\/ichd.mx\/wp-content\/uploads\/2019\/03\/5K-Seminario-1.jpg\" \/>\n\t<meta property=\"og:image:width\" content=\"1280\" \/>\n\t<meta property=\"og:image:height\" content=\"853\" \/>\n\t<meta property=\"og:image:type\" content=\"image\/jpeg\" \/>\n<meta name=\"author\" content=\"Prensa ICHD\" \/>\n<meta name=\"twitter:card\" content=\"summary_large_image\" \/>\n<meta name=\"twitter:creator\" content=\"@ICHDmx\" \/>\n<meta name=\"twitter:site\" content=\"@ICHDmx\" \/>\n<meta name=\"twitter:label1\" content=\"Escrito por\" \/>\n\t<meta name=\"twitter:data1\" content=\"Prensa ICHD\" \/>\n\t<meta name=\"twitter:label2\" content=\"Tiempo de lectura\" \/>\n\t<meta name=\"twitter:data2\" content=\"2 minutos\" \/>\n<script type=\"application\/ld+json\" class=\"yoast-schema-graph\">{\"@context\":\"https:\/\/schema.org\",\"@graph\":[{\"@type\":\"WebPage\",\"@id\":\"https:\/\/ichd.mx\/?p=70\",\"url\":\"https:\/\/ichd.mx\/?p=70\",\"name\":\"Participa el gobernador Javier Corral en la Carrera del Seminario - ICHD\",\"isPartOf\":{\"@id\":\"https:\/\/ichd.mx\/#website\"},\"primaryImageOfPage\":{\"@id\":\"https:\/\/ichd.mx\/?p=70#primaryimage\"},\"image\":{\"@id\":\"https:\/\/ichd.mx\/?p=70#primaryimage\"},\"thumbnailUrl\":\"https:\/\/ichd.mx\/wp-content\/uploads\/2019\/03\/5K-Seminario-1.jpg\",\"datePublished\":\"2019-03-25T20:11:27+00:00\",\"dateModified\":\"2020-04-26T16:18:28+00:00\",\"author\":{\"@id\":\"https:\/\/ichd.mx\/#\/schema\/person\/f479276b61f414d2c9cb093175585910\"},\"breadcrumb\":{\"@id\":\"https:\/\/ichd.mx\/?p=70#breadcrumb\"},\"inLanguage\":\"es\",\"potentialAction\":[{\"@type\":\"ReadAction\",\"target\":[\"https:\/\/ichd.mx\/?p=70\"]}]},{\"@type\":\"ImageObject\",\"inLanguage\":\"es\",\"@id\":\"https:\/\/ichd.mx\/?p=70#primaryimage\",\"url\":\"https:\/\/ichd.mx\/wp-content\/uploads\/2019\/03\/5K-Seminario-1.jpg\",\"contentUrl\":\"https:\/\/ichd.mx\/wp-content\/uploads\/2019\/03\/5K-Seminario-1.jpg\",\"width\":1280,\"height\":853},{\"@type\":\"BreadcrumbList\",\"@id\":\"https:\/\/ichd.mx\/?p=70#breadcrumb\",\"itemListElement\":[{\"@type\":\"ListItem\",\"position\":1,\"name\":\"Portada\",\"item\":\"https:\/\/ichd.mx\/\"},{\"@type\":\"ListItem\",\"position\":2,\"name\":\"Participa el gobernador Javier Corral en la Carrera del Seminario\"}]},{\"@type\":\"WebSite\",\"@id\":\"https:\/\/ichd.mx\/#website\",\"url\":\"https:\/\/ichd.mx\/\",\"name\":\"ICHD\",\"description\":\"Instituto Chihuahuense del Deporte y Cultura F\u00edsica\",\"potentialAction\":[{\"@type\":\"SearchAction\",\"target\":{\"@type\":\"EntryPoint\",\"urlTemplate\":\"https:\/\/ichd.mx\/?s={search_term_string}\"},\"query-input\":{\"@type\":\"PropertyValueSpecification\",\"valueRequired\":true,\"valueName\":\"search_term_string\"}}],\"inLanguage\":\"es\"},{\"@type\":\"Person\",\"@id\":\"https:\/\/ichd.mx\/#\/schema\/person\/f479276b61f414d2c9cb093175585910\",\"name\":\"Prensa ICHD\",\"image\":{\"@type\":\"ImageObject\",\"inLanguage\":\"es\",\"@id\":\"https:\/\/ichd.mx\/#\/schema\/person\/image\/\",\"url\":\"https:\/\/secure.gravatar.com\/avatar\/6046115645d37646586ee77488df800b?s=96&d=mm&r=g\",\"contentUrl\":\"https:\/\/secure.gravatar.com\/avatar\/6046115645d37646586ee77488df800b?s=96&d=mm&r=g\",\"caption\":\"Prensa ICHD\"},\"url\":\"https:\/\/ichd.mx\/?author=1\"}]}<\/script>\n<!-- \/ Yoast SEO plugin. -->","yoast_head_json":{"title":"Participa el gobernador Javier Corral en la Carrera del Seminario - ICHD","robots":{"index":"index","follow":"follow","max-snippet":"max-snippet:-1","max-image-preview":"max-image-preview:large","max-video-preview":"max-video-preview:-1"},"canonical":"https:\/\/ichd.mx\/?p=70","og_locale":"es_ES","og_type":"article","og_title":"Participa el gobernador Javier Corral en la Carrera del Seminario - ICHD","og_description":"Con la participaci\u00f3n del Gobernador Javier Corral, la ma\u00f1ana de este domingo cerca de 500 personas tomaron parte en la","og_url":"https:\/\/ichd.mx\/?p=70","og_site_name":"ICHD","article_publisher":"https:\/\/www.facebook.com\/ichdmx","article_published_time":"2019-03-25T20:11:27+00:00","article_modified_time":"2020-04-26T16:18:28+00:00","og_image":[{"width":1280,"height":853,"url":"https:\/\/ichd.mx\/wp-content\/uploads\/2019\/03\/5K-Seminario-1.jpg","type":"image\/jpeg"}],"author":"Prensa ICHD","twitter_card":"summary_large_image","twitter_creator":"@ICHDmx","twitter_site":"@ICHDmx","twitter_misc":{"Escrito por":"Prensa ICHD","Tiempo de lectura":"2 minutos"},"schema":{"@context":"https:\/\/schema.org","@graph":[{"@type":"WebPage","@id":"https:\/\/ichd.mx\/?p=70","url":"https:\/\/ichd.mx\/?p=70","name":"Participa el gobernador Javier Corral en la Carrera del Seminario - ICHD","isPartOf":{"@id":"https:\/\/ichd.mx\/#website"},"primaryImageOfPage":{"@id":"https:\/\/ichd.mx\/?p=70#primaryimage"},"image":{"@id":"https:\/\/ichd.mx\/?p=70#primaryimage"},"thumbnailUrl":"https:\/\/ichd.mx\/wp-content\/uploads\/2019\/03\/5K-Seminario-1.jpg","datePublished":"2019-03-25T20:11:27+00:00","dateModified":"2020-04-26T16:18:28+00:00","author":{"@id":"https:\/\/ichd.mx\/#\/schema\/person\/f479276b61f414d2c9cb093175585910"},"breadcrumb":{"@id":"https:\/\/ichd.mx\/?p=70#breadcrumb"},"inLanguage":"es","potentialAction":[{"@type":"ReadAction","target":["https:\/\/ichd.mx\/?p=70"]}]},{"@type":"ImageObject","inLanguage":"es","@id":"https:\/\/ichd.mx\/?p=70#primaryimage","url":"https:\/\/ichd.mx\/wp-content\/uploads\/2019\/03\/5K-Seminario-1.jpg","contentUrl":"https:\/\/ichd.mx\/wp-content\/uploads\/2019\/03\/5K-Seminario-1.jpg","width":1280,"height":853},{"@type":"BreadcrumbList","@id":"https:\/\/ichd.mx\/?p=70#breadcrumb","itemListElement":[{"@type":"ListItem","position":1,"name":"Portada","item":"https:\/\/ichd.mx\/"},{"@type":"ListItem","position":2,"name":"Participa el gobernador Javier Corral en la Carrera del Seminario"}]},{"@type":"WebSite","@id":"https:\/\/ichd.mx\/#website","url":"https:\/\/ichd.mx\/","name":"ICHD","description":"Instituto Chihuahuense del Deporte y Cultura F\u00edsica","potentialAction":[{"@type":"SearchAction","target":{"@type":"EntryPoint","urlTemplate":"https:\/\/ichd.mx\/?s={search_term_string}"},"query-input":{"@type":"PropertyValueSpecification","valueRequired":true,"valueName":"search_term_string"}}],"inLanguage":"es"},{"@type":"Person","@id":"https:\/\/ichd.mx\/#\/schema\/person\/f479276b61f414d2c9cb093175585910","name":"Prensa ICHD","image":{"@type":"ImageObject","inLanguage":"es","@id":"https:\/\/ichd.mx\/#\/schema\/person\/image\/","url":"https:\/\/secure.gravatar.com\/avatar\/6046115645d37646586ee77488df800b?s=96&d=mm&r=g","contentUrl":"https:\/\/secure.gravatar.com\/avatar\/6046115645d37646586ee77488df800b?s=96&d=mm&r=g","caption":"Prensa ICHD"},"url":"https:\/\/ichd.mx\/?author=1"}]}},"_links":{"self":[{"href":"https:\/\/ichd.mx\/index.php?rest_route=\/wp\/v2\/posts\/70","targetHints":{"allow":["GET"]}}],"collection":[{"href":"https:\/\/ichd.mx\/index.php?rest_route=\/wp\/v2\/posts"}],"about":[{"href":"https:\/\/ichd.mx\/index.php?rest_route=\/wp\/v2\/types\/post"}],"author":[{"embeddable":true,"href":"https:\/\/ichd.mx\/index.php?rest_route=\/wp\/v2\/users\/1"}],"replies":[{"embeddable":true,"href":"https:\/\/ichd.mx\/index.php?rest_route=%2Fwp%2Fv2%2Fcomments&post=70"}],"version-history":[{"count":2,"href":"https:\/\/ichd.mx\/index.php?rest_route=\/wp\/v2\/posts\/70\/revisions"}],"predecessor-version":[{"id":1379,"href":"https:\/\/ichd.mx\/index.php?rest_route=\/wp\/v2\/posts\/70\/revisions\/1379"}],"wp:featuredmedia":[{"embeddable":true,"href":"https:\/\/ichd.mx\/index.php?rest_route=\/wp\/v2\/media\/71"}],"wp:attachment":[{"href":"https:\/\/ichd.mx\/index.php?rest_route=%2Fwp%2Fv2%2Fmedia&parent=70"}],"wp:term":[{"taxonomy":"category","embeddable":true,"href":"https:\/\/ichd.mx\/index.php?rest_route=%2Fwp%2Fv2%2Fcategories&post=70"},{"taxonomy":"post_tag","embeddable":true,"href":"https:\/\/ichd.mx\/index.php?rest_route=%2Fwp%2Fv2%2Ftags&post=70"}],"curies":[{"name":"wp","href":"https:\/\/api.w.org\/{rel}","templated":true}]}}