{"id":6601,"date":"2025-11-20T09:06:25","date_gmt":"2025-11-20T15:06:25","guid":{"rendered":"https:\/\/ichd.mx\/?p=6601"},"modified":"2025-11-21T09:09:24","modified_gmt":"2025-11-21T15:09:24","slug":"galardonan-a-los-atletas-ganadores-del-premio-estatal-del-deporte-2025","status":"publish","type":"post","link":"https:\/\/ichd.mx\/?p=6601","title":{"rendered":"Galardonan a los atletas ganadores del Premio Estatal del Deporte 2025"},"content":{"rendered":"<p>En el marco de la celebraci\u00f3n del CXV Aniversario de la Revoluci\u00f3n Mexicana, los atletas<br \/>\nchihuahuenses Kenia Contreras, Uziel Mu\u00f1oz, Alegna Gonz\u00e1lez y Juan de Dios V\u00e1zquez, fueron<br \/>\ngalardonados con el Premio Estatal del Deporte (PED) 2025.<br \/>\nEl acto se efectu\u00f3 en el Sal\u00f3n Rojo en Palacio de Gobierno, con la presencia de autoridades de la<br \/>\nSecretar\u00eda de Educaci\u00f3n y Deporte.<br \/>\nEn la categor\u00eda deportista femenil el Premio fue recibido por la marchista Alegna Ariday Gonz\u00e1lez<br \/>\nMu\u00f1oz; en la rama varonil fue para el lanzador de bala, Uziel Aar\u00f3n Mu\u00f1oz Galarza; en deporte adaptado<br \/>\nlo gan\u00f3 Kenia Marlenne Contreras Rom\u00e1n y como entrenador, lo obtuvo Juan de Dios V\u00e1zquez.<br \/>\nLa directora del Instituto Chihuahuense del Deporte del Deporte y Cultura F\u00edsica (ICHD), Teporaca<br \/>\nRomero Del Hierro, expres\u00f3 que Alegna y Uziel llevaron la fuerza del norte hasta Jap\u00f3n y regresaron con<br \/>\nel honor de quienes compiten con el alma.<br \/>\n\u201cSu triunfo une dos mundos, la disciplina japonesa y el esp\u00edritu indomable chihuahuense\u201d, declar\u00f3 la<br \/>\nfuncionaria.<br \/>\nReconoci\u00f3 adem\u00e1s a Kenia y a Juan de Dios, por poner en alto el nombre del estado: \u201cSon orgullo de sus<br \/>\nfamilias, esperanza de la comunidad chihuahuense y un claro ejemplo de lucha, de trabajo, esfuerzo y<br \/>\nlealtad\u201d.<br \/>\nEl PED apoya, promueve y reconoce a los atletas y entrenadores destacados, que desarrollan actividades<br \/>\nen beneficio al deporte. En esta edici\u00f3n fueron condecorados con numerario econ\u00f3mico, medalla<br \/>\nconmemorativa Conade, placa de reconocimiento y estatuilla.<br \/>\nDe acuerdo con la convocatoria de la Comisi\u00f3n Nacional de Cultura F\u00edsica y Deporte, el premio<br \/>\necon\u00f3mico de 110 mil pesos se dividir\u00e1 parcial y equitativamente entre los ganadores de las categor\u00edas<br \/>\nconvocadas, siempre y cuando, no hayan sido acreedores a esta premiaci\u00f3n en ediciones anteriores, como<br \/>\nes el caso de Alegna, quien lo recibi\u00f3 en 2018.<br \/>\nLa funcionaria anunci\u00f3 que el ICHD aportar\u00e1 la cantidad necesaria para que cada ganador obtenga 50 mil<br \/>\npesos totales, como parte de su est\u00edmulo econ\u00f3mico.<br \/>\nEn su participaci\u00f3n, Kenia Contreras dijo que estar aqu\u00ed es ser rebelde por todas las veces que le dijeron<br \/>\nque no.<br \/>\n\u201cPor las veces que me dec\u00edan \u00bfpara qu\u00e9 vas? Hay mejores que t\u00fa. Hoy Alegna, Uziel, Juan de Dios y yo<br \/>\nhacemos la diferencia, y demostramos que la voluntad y perseverancia abren caminos\u201d, expres\u00f3 tras<br \/>\nrecibir el reconocimiento.<\/p>\n<p>Por su parte, Alegna Mu\u00f1oz agradeci\u00f3 a la gobernadora Maru Campos por creer en los atletas de<br \/>\nChihuahua y permitir que el deporte siga siendo prioridad, porque transforma vidas y construye<br \/>\ncomunidades con futuro.<br \/>\nUziel Mu\u00f1oz, a\u00f1adi\u00f3 que el suyo no ha sido un camino f\u00e1cil, pero que hoy se siente fortalecido al sentir<br \/>\nel apoyo de la gente que le rodea, que de una u otra manera siempre est\u00e1 ah\u00ed confiando en su trabajo.<br \/>\nAl evento asistieron adem\u00e1s el secretario de Educaci\u00f3n de Deporte, Francisco Hugo Guti\u00e9rrez; el<br \/>\ndiputado presidente del Congreso el Estado, Guillermo Patricio Ram\u00edrez y la presidenta del Tribunal<br \/>\nSuperior de Justicia del Estado, Marcela Herrera.<br \/>\nTambi\u00e9n acudi\u00f3 el alcalde Marco Bonilla; el subdirector de Desarrollo del Deporte del ICHD, Tom\u00e1s<br \/>\nAguilera y el marchista ol\u00edmpico y ganador del PED 2024, Andr\u00e9s Olivas N\u00fa\u00f1ez.<img loading=\"lazy\" decoding=\"async\" class=\"alignnone size-medium wp-image-6602\" src=\"https:\/\/ichd.mx\/wp-content\/uploads\/2025\/11\/ENTREGA-PED-2025-15-300x200.jpeg\" alt=\"\" width=\"300\" height=\"200\" srcset=\"https:\/\/ichd.mx\/wp-content\/uploads\/2025\/11\/ENTREGA-PED-2025-15-300x200.jpeg 300w, https:\/\/ichd.mx\/wp-content\/uploads\/2025\/11\/ENTREGA-PED-2025-15-1024x682.jpeg 1024w, https:\/\/ichd.mx\/wp-content\/uploads\/2025\/11\/ENTREGA-PED-2025-15-768x512.jpeg 768w, https:\/\/ichd.mx\/wp-content\/uploads\/2025\/11\/ENTREGA-PED-2025-15-1536x1023.jpeg 1536w, https:\/\/ichd.mx\/wp-content\/uploads\/2025\/11\/ENTREGA-PED-2025-15.jpeg 1600w\" sizes=\"auto, (max-width: 300px) 100vw, 300px\" \/> <img loading=\"lazy\" decoding=\"async\" class=\"alignnone size-medium wp-image-6603\" src=\"https:\/\/ichd.mx\/wp-content\/uploads\/2025\/11\/ENTREGA-PED-2025-1-300x200.jpeg\" alt=\"\" width=\"300\" height=\"200\" srcset=\"https:\/\/ichd.mx\/wp-content\/uploads\/2025\/11\/ENTREGA-PED-2025-1-300x200.jpeg 300w, https:\/\/ichd.mx\/wp-content\/uploads\/2025\/11\/ENTREGA-PED-2025-1-1024x682.jpeg 1024w, https:\/\/ichd.mx\/wp-content\/uploads\/2025\/11\/ENTREGA-PED-2025-1-768x512.jpeg 768w, https:\/\/ichd.mx\/wp-content\/uploads\/2025\/11\/ENTREGA-PED-2025-1-1536x1023.jpeg 1536w, https:\/\/ichd.mx\/wp-content\/uploads\/2025\/11\/ENTREGA-PED-2025-1.jpeg 1600w\" sizes=\"auto, (max-width: 300px) 100vw, 300px\" \/> <img loading=\"lazy\" decoding=\"async\" class=\"alignnone size-medium wp-image-6604\" src=\"https:\/\/ichd.mx\/wp-content\/uploads\/2025\/11\/ENTREGA-PED-2025-12-300x200.jpeg\" alt=\"\" width=\"300\" height=\"200\" srcset=\"https:\/\/ichd.mx\/wp-content\/uploads\/2025\/11\/ENTREGA-PED-2025-12-300x200.jpeg 300w, https:\/\/ichd.mx\/wp-content\/uploads\/2025\/11\/ENTREGA-PED-2025-12-1024x682.jpeg 1024w, https:\/\/ichd.mx\/wp-content\/uploads\/2025\/11\/ENTREGA-PED-2025-12-768x512.jpeg 768w, https:\/\/ichd.mx\/wp-content\/uploads\/2025\/11\/ENTREGA-PED-2025-12-1536x1023.jpeg 1536w, https:\/\/ichd.mx\/wp-content\/uploads\/2025\/11\/ENTREGA-PED-2025-12.jpeg 1600w\" sizes=\"auto, (max-width: 300px) 100vw, 300px\" \/> <img loading=\"lazy\" decoding=\"async\" class=\"alignnone size-medium wp-image-6605\" src=\"https:\/\/ichd.mx\/wp-content\/uploads\/2025\/11\/ENTREGA-PED-2025-5-300x200.jpeg\" alt=\"\" width=\"300\" height=\"200\" srcset=\"https:\/\/ichd.mx\/wp-content\/uploads\/2025\/11\/ENTREGA-PED-2025-5-300x200.jpeg 300w, https:\/\/ichd.mx\/wp-content\/uploads\/2025\/11\/ENTREGA-PED-2025-5-1024x682.jpeg 1024w, https:\/\/ichd.mx\/wp-content\/uploads\/2025\/11\/ENTREGA-PED-2025-5-768x512.jpeg 768w, https:\/\/ichd.mx\/wp-content\/uploads\/2025\/11\/ENTREGA-PED-2025-5-1536x1023.jpeg 1536w, https:\/\/ichd.mx\/wp-content\/uploads\/2025\/11\/ENTREGA-PED-2025-5.jpeg 1600w\" sizes=\"auto, (max-width: 300px) 100vw, 300px\" \/> <img loading=\"lazy\" decoding=\"async\" class=\"alignnone size-medium wp-image-6606\" src=\"https:\/\/ichd.mx\/wp-content\/uploads\/2025\/11\/ENTREGA-PED-2025-2-300x200.jpeg\" alt=\"\" width=\"300\" height=\"200\" srcset=\"https:\/\/ichd.mx\/wp-content\/uploads\/2025\/11\/ENTREGA-PED-2025-2-300x200.jpeg 300w, https:\/\/ichd.mx\/wp-content\/uploads\/2025\/11\/ENTREGA-PED-2025-2-1024x682.jpeg 1024w, https:\/\/ichd.mx\/wp-content\/uploads\/2025\/11\/ENTREGA-PED-2025-2-768x512.jpeg 768w, https:\/\/ichd.mx\/wp-content\/uploads\/2025\/11\/ENTREGA-PED-2025-2-1536x1023.jpeg 1536w, https:\/\/ichd.mx\/wp-content\/uploads\/2025\/11\/ENTREGA-PED-2025-2.jpeg 1600w\" sizes=\"auto, (max-width: 300px) 100vw, 300px\" \/><\/p>\n","protected":false},"excerpt":{"rendered":"<p>En el marco de la celebraci\u00f3n del CXV Aniversario de la Revoluci\u00f3n Mexicana, los atletas chihuahuenses Kenia Contreras, Uziel Mu\u00f1oz,<\/p>\n","protected":false},"author":3,"featured_media":6602,"comment_status":"closed","ping_status":"open","sticky":false,"template":"","format":"standard","meta":{"footnotes":""},"categories":[8,2,3],"tags":[],"class_list":["post-6601","post","type-post","status-publish","format-standard","has-post-thumbnail","hentry","category-gral","category-ppal","category-sub"],"yoast_head":"<!-- This site is optimized with the Yoast SEO plugin v25.9 - https:\/\/yoast.com\/wordpress\/plugins\/seo\/ -->\n<title>Galardonan a los atletas ganadores del Premio Estatal del Deporte 2025 - ICHD<\/title>\n<meta name=\"robots\" content=\"index, follow, max-snippet:-1, max-image-preview:large, max-video-preview:-1\" \/>\n<link rel=\"canonical\" href=\"https:\/\/ichd.mx\/?p=6601\" \/>\n<meta property=\"og:locale\" content=\"es_ES\" \/>\n<meta property=\"og:type\" content=\"article\" \/>\n<meta property=\"og:title\" content=\"Galardonan a los atletas ganadores del Premio Estatal del Deporte 2025 - ICHD\" \/>\n<meta property=\"og:description\" content=\"En el marco de la celebraci\u00f3n del CXV Aniversario de la Revoluci\u00f3n Mexicana, los atletas chihuahuenses Kenia Contreras, Uziel Mu\u00f1oz,\" \/>\n<meta property=\"og:url\" content=\"https:\/\/ichd.mx\/?p=6601\" \/>\n<meta property=\"og:site_name\" content=\"ICHD\" \/>\n<meta property=\"article:publisher\" content=\"https:\/\/www.facebook.com\/ichdmx\" \/>\n<meta property=\"article:published_time\" content=\"2025-11-20T15:06:25+00:00\" \/>\n<meta property=\"article:modified_time\" content=\"2025-11-21T15:09:24+00:00\" \/>\n<meta property=\"og:image\" content=\"https:\/\/ichd.mx\/wp-content\/uploads\/2025\/11\/ENTREGA-PED-2025-15.jpeg\" \/>\n\t<meta property=\"og:image:width\" content=\"1600\" \/>\n\t<meta property=\"og:image:height\" content=\"1066\" \/>\n\t<meta property=\"og:image:type\" content=\"image\/jpeg\" \/>\n<meta name=\"author\" content=\"Prensa ICHD\" \/>\n<meta name=\"twitter:card\" content=\"summary_large_image\" \/>\n<meta name=\"twitter:creator\" content=\"@ICHDmx\" \/>\n<meta name=\"twitter:site\" content=\"@ICHDmx\" \/>\n<meta name=\"twitter:label1\" content=\"Escrito por\" \/>\n\t<meta name=\"twitter:data1\" content=\"Prensa ICHD\" \/>\n\t<meta name=\"twitter:label2\" content=\"Tiempo de lectura\" \/>\n\t<meta name=\"twitter:data2\" content=\"4 minutos\" \/>\n<script type=\"application\/ld+json\" class=\"yoast-schema-graph\">{\"@context\":\"https:\/\/schema.org\",\"@graph\":[{\"@type\":\"WebPage\",\"@id\":\"https:\/\/ichd.mx\/?p=6601\",\"url\":\"https:\/\/ichd.mx\/?p=6601\",\"name\":\"Galardonan a los atletas ganadores del Premio Estatal del Deporte 2025 - ICHD\",\"isPartOf\":{\"@id\":\"https:\/\/ichd.mx\/#website\"},\"primaryImageOfPage\":{\"@id\":\"https:\/\/ichd.mx\/?p=6601#primaryimage\"},\"image\":{\"@id\":\"https:\/\/ichd.mx\/?p=6601#primaryimage\"},\"thumbnailUrl\":\"https:\/\/ichd.mx\/wp-content\/uploads\/2025\/11\/ENTREGA-PED-2025-15.jpeg\",\"datePublished\":\"2025-11-20T15:06:25+00:00\",\"dateModified\":\"2025-11-21T15:09:24+00:00\",\"author\":{\"@id\":\"https:\/\/ichd.mx\/#\/schema\/person\/137528cf3411e3cbc248ffe1288137a7\"},\"breadcrumb\":{\"@id\":\"https:\/\/ichd.mx\/?p=6601#breadcrumb\"},\"inLanguage\":\"es\",\"potentialAction\":[{\"@type\":\"ReadAction\",\"target\":[\"https:\/\/ichd.mx\/?p=6601\"]}]},{\"@type\":\"ImageObject\",\"inLanguage\":\"es\",\"@id\":\"https:\/\/ichd.mx\/?p=6601#primaryimage\",\"url\":\"https:\/\/ichd.mx\/wp-content\/uploads\/2025\/11\/ENTREGA-PED-2025-15.jpeg\",\"contentUrl\":\"https:\/\/ichd.mx\/wp-content\/uploads\/2025\/11\/ENTREGA-PED-2025-15.jpeg\",\"width\":1600,\"height\":1066},{\"@type\":\"BreadcrumbList\",\"@id\":\"https:\/\/ichd.mx\/?p=6601#breadcrumb\",\"itemListElement\":[{\"@type\":\"ListItem\",\"position\":1,\"name\":\"Portada\",\"item\":\"https:\/\/ichd.mx\/\"},{\"@type\":\"ListItem\",\"position\":2,\"name\":\"Galardonan a los atletas ganadores del Premio Estatal del Deporte 2025\"}]},{\"@type\":\"WebSite\",\"@id\":\"https:\/\/ichd.mx\/#website\",\"url\":\"https:\/\/ichd.mx\/\",\"name\":\"ICHD\",\"description\":\"Instituto Chihuahuense del Deporte y Cultura F\u00edsica\",\"potentialAction\":[{\"@type\":\"SearchAction\",\"target\":{\"@type\":\"EntryPoint\",\"urlTemplate\":\"https:\/\/ichd.mx\/?s={search_term_string}\"},\"query-input\":{\"@type\":\"PropertyValueSpecification\",\"valueRequired\":true,\"valueName\":\"search_term_string\"}}],\"inLanguage\":\"es\"},{\"@type\":\"Person\",\"@id\":\"https:\/\/ichd.mx\/#\/schema\/person\/137528cf3411e3cbc248ffe1288137a7\",\"name\":\"Prensa ICHD\",\"image\":{\"@type\":\"ImageObject\",\"inLanguage\":\"es\",\"@id\":\"https:\/\/ichd.mx\/#\/schema\/person\/image\/\",\"url\":\"https:\/\/secure.gravatar.com\/avatar\/166c01e5e415043a004f7d214348c415?s=96&d=mm&r=g\",\"contentUrl\":\"https:\/\/secure.gravatar.com\/avatar\/166c01e5e415043a004f7d214348c415?s=96&d=mm&r=g\",\"caption\":\"Prensa ICHD\"},\"url\":\"https:\/\/ichd.mx\/?author=3\"}]}<\/script>\n<!-- \/ Yoast SEO plugin. -->","yoast_head_json":{"title":"Galardonan a los atletas ganadores del Premio Estatal del Deporte 2025 - ICHD","robots":{"index":"index","follow":"follow","max-snippet":"max-snippet:-1","max-image-preview":"max-image-preview:large","max-video-preview":"max-video-preview:-1"},"canonical":"https:\/\/ichd.mx\/?p=6601","og_locale":"es_ES","og_type":"article","og_title":"Galardonan a los atletas ganadores del Premio Estatal del Deporte 2025 - ICHD","og_description":"En el marco de la celebraci\u00f3n del CXV Aniversario de la Revoluci\u00f3n Mexicana, los atletas chihuahuenses Kenia Contreras, Uziel Mu\u00f1oz,","og_url":"https:\/\/ichd.mx\/?p=6601","og_site_name":"ICHD","article_publisher":"https:\/\/www.facebook.com\/ichdmx","article_published_time":"2025-11-20T15:06:25+00:00","article_modified_time":"2025-11-21T15:09:24+00:00","og_image":[{"width":1600,"height":1066,"url":"https:\/\/ichd.mx\/wp-content\/uploads\/2025\/11\/ENTREGA-PED-2025-15.jpeg","type":"image\/jpeg"}],"author":"Prensa ICHD","twitter_card":"summary_large_image","twitter_creator":"@ICHDmx","twitter_site":"@ICHDmx","twitter_misc":{"Escrito por":"Prensa ICHD","Tiempo de lectura":"4 minutos"},"schema":{"@context":"https:\/\/schema.org","@graph":[{"@type":"WebPage","@id":"https:\/\/ichd.mx\/?p=6601","url":"https:\/\/ichd.mx\/?p=6601","name":"Galardonan a los atletas ganadores del Premio Estatal del Deporte 2025 - ICHD","isPartOf":{"@id":"https:\/\/ichd.mx\/#website"},"primaryImageOfPage":{"@id":"https:\/\/ichd.mx\/?p=6601#primaryimage"},"image":{"@id":"https:\/\/ichd.mx\/?p=6601#primaryimage"},"thumbnailUrl":"https:\/\/ichd.mx\/wp-content\/uploads\/2025\/11\/ENTREGA-PED-2025-15.jpeg","datePublished":"2025-11-20T15:06:25+00:00","dateModified":"2025-11-21T15:09:24+00:00","author":{"@id":"https:\/\/ichd.mx\/#\/schema\/person\/137528cf3411e3cbc248ffe1288137a7"},"breadcrumb":{"@id":"https:\/\/ichd.mx\/?p=6601#breadcrumb"},"inLanguage":"es","potentialAction":[{"@type":"ReadAction","target":["https:\/\/ichd.mx\/?p=6601"]}]},{"@type":"ImageObject","inLanguage":"es","@id":"https:\/\/ichd.mx\/?p=6601#primaryimage","url":"https:\/\/ichd.mx\/wp-content\/uploads\/2025\/11\/ENTREGA-PED-2025-15.jpeg","contentUrl":"https:\/\/ichd.mx\/wp-content\/uploads\/2025\/11\/ENTREGA-PED-2025-15.jpeg","width":1600,"height":1066},{"@type":"BreadcrumbList","@id":"https:\/\/ichd.mx\/?p=6601#breadcrumb","itemListElement":[{"@type":"ListItem","position":1,"name":"Portada","item":"https:\/\/ichd.mx\/"},{"@type":"ListItem","position":2,"name":"Galardonan a los atletas ganadores del Premio Estatal del Deporte 2025"}]},{"@type":"WebSite","@id":"https:\/\/ichd.mx\/#website","url":"https:\/\/ichd.mx\/","name":"ICHD","description":"Instituto Chihuahuense del Deporte y Cultura F\u00edsica","potentialAction":[{"@type":"SearchAction","target":{"@type":"EntryPoint","urlTemplate":"https:\/\/ichd.mx\/?s={search_term_string}"},"query-input":{"@type":"PropertyValueSpecification","valueRequired":true,"valueName":"search_term_string"}}],"inLanguage":"es"},{"@type":"Person","@id":"https:\/\/ichd.mx\/#\/schema\/person\/137528cf3411e3cbc248ffe1288137a7","name":"Prensa ICHD","image":{"@type":"ImageObject","inLanguage":"es","@id":"https:\/\/ichd.mx\/#\/schema\/person\/image\/","url":"https:\/\/secure.gravatar.com\/avatar\/166c01e5e415043a004f7d214348c415?s=96&d=mm&r=g","contentUrl":"https:\/\/secure.gravatar.com\/avatar\/166c01e5e415043a004f7d214348c415?s=96&d=mm&r=g","caption":"Prensa ICHD"},"url":"https:\/\/ichd.mx\/?author=3"}]}},"_links":{"self":[{"href":"https:\/\/ichd.mx\/index.php?rest_route=\/wp\/v2\/posts\/6601","targetHints":{"allow":["GET"]}}],"collection":[{"href":"https:\/\/ichd.mx\/index.php?rest_route=\/wp\/v2\/posts"}],"about":[{"href":"https:\/\/ichd.mx\/index.php?rest_route=\/wp\/v2\/types\/post"}],"author":[{"embeddable":true,"href":"https:\/\/ichd.mx\/index.php?rest_route=\/wp\/v2\/users\/3"}],"replies":[{"embeddable":true,"href":"https:\/\/ichd.mx\/index.php?rest_route=%2Fwp%2Fv2%2Fcomments&post=6601"}],"version-history":[{"count":1,"href":"https:\/\/ichd.mx\/index.php?rest_route=\/wp\/v2\/posts\/6601\/revisions"}],"predecessor-version":[{"id":6607,"href":"https:\/\/ichd.mx\/index.php?rest_route=\/wp\/v2\/posts\/6601\/revisions\/6607"}],"wp:featuredmedia":[{"embeddable":true,"href":"https:\/\/ichd.mx\/index.php?rest_route=\/wp\/v2\/media\/6602"}],"wp:attachment":[{"href":"https:\/\/ichd.mx\/index.php?rest_route=%2Fwp%2Fv2%2Fmedia&parent=6601"}],"wp:term":[{"taxonomy":"category","embeddable":true,"href":"https:\/\/ichd.mx\/index.php?rest_route=%2Fwp%2Fv2%2Fcategories&post=6601"},{"taxonomy":"post_tag","embeddable":true,"href":"https:\/\/ichd.mx\/index.php?rest_route=%2Fwp%2Fv2%2Ftags&post=6601"}],"curies":[{"name":"wp","href":"https:\/\/api.w.org\/{rel}","templated":true}]}}