{"id":6395,"date":"2025-09-19T10:02:21","date_gmt":"2025-09-19T16:02:21","guid":{"rendered":"https:\/\/ichd.mx\/?p=6395"},"modified":"2025-09-22T10:05:12","modified_gmt":"2025-09-22T16:05:12","slug":"medalla-de-plata-y-record-continental-para-alegna-gonzalez","status":"publish","type":"post","link":"https:\/\/ichd.mx\/?p=6395","title":{"rendered":"Medalla de plata y r\u00e9cord continental para Alegna Gonz\u00e1lez"},"content":{"rendered":"<p>Con nuevo R\u00e9cord de Am\u00e9rica, Alegna Ariday Gonz\u00e1lez Mu\u00f1oz gan\u00f3 la medalla de plata en los 20km<br \/>\nmarcha del Campeonato Mundial de Atletismo Tokio 25, al cruzar la meta en 1:26.06 horas.<br \/>\nEsta es su primera presea mundial senior, luego de que en Tampere 2018 se convirti\u00f3 en Campeonato<br \/>\nMundial Sub20.<br \/>\nLa chihuahuense, tres veces finalista ol\u00edmpica, fue siempre en el grupo puntero, decidida a estar en el<br \/>\npodio, luego de quedar fuera de los 35km a causa de malestar estomacal.<br \/>\nEsta es la primera vez, en 20 ediciones de Campeonatos Mundiales de Atletismo, que M\u00e9xico sube dos<br \/>\nveces al podio del certamen; primero el 13 de septiembre con el nacido en Nuevo Casas Grandes, Uziel<br \/>\nMu\u00f1oz Galarza, quien gan\u00f3 plata en el impulso de bala con nuevo r\u00e9cord mexicano de 22.97m y este<br \/>\nviernes 19 de septiembre con la nacida en Ojinaga Alegna Gonz\u00e1lez Mu\u00f1oz, que gana plata con nuevo<br \/>\nr\u00e9cord continental.<br \/>\nEsta es la segunda vez que la marcha femenil mexicana sube al podio, diez a\u00f1os despu\u00e9s de que lo<br \/>\nlograra Lupita Gonz\u00e1lez en la edici\u00f3n de Beijing 2015.<br \/>\nAs\u00ed es como lleg\u00f3 al estadio la hoy Subcampeona Mundial Alegna Gonz\u00e1lez, a recibir el apoyo de su<br \/>\ncoequipera Ximena Serrano.<br \/>\nRESULTADOS<br \/>\n1 Mar\u00eda P\u00e9rez Espa\u00f1a 1:25.54h<br \/>\n2 Alegna Gonz\u00e1lez M\u00e9xico 1:26.06h<br \/>\n3 Nanako Fuji Jap\u00f3n 1:26.18h<br \/>\nFuente: Katya L\u00f3pez<img loading=\"lazy\" decoding=\"async\" class=\"alignnone size-medium wp-image-6396\" src=\"https:\/\/ichd.mx\/wp-content\/uploads\/2025\/09\/Plata-Alegna-Gonzalez-4-225x300.jpeg\" alt=\"\" width=\"225\" height=\"300\" srcset=\"https:\/\/ichd.mx\/wp-content\/uploads\/2025\/09\/Plata-Alegna-Gonzalez-4-225x300.jpeg 225w, https:\/\/ichd.mx\/wp-content\/uploads\/2025\/09\/Plata-Alegna-Gonzalez-4-768x1024.jpeg 768w, https:\/\/ichd.mx\/wp-content\/uploads\/2025\/09\/Plata-Alegna-Gonzalez-4-1152x1536.jpeg 1152w, https:\/\/ichd.mx\/wp-content\/uploads\/2025\/09\/Plata-Alegna-Gonzalez-4.jpeg 1200w\" sizes=\"auto, (max-width: 225px) 100vw, 225px\" \/> <img loading=\"lazy\" decoding=\"async\" class=\"alignnone size-medium wp-image-6397\" src=\"https:\/\/ichd.mx\/wp-content\/uploads\/2025\/09\/Plata-Alegna-Gonzalez-2-240x300.jpeg\" alt=\"\" width=\"240\" height=\"300\" srcset=\"https:\/\/ichd.mx\/wp-content\/uploads\/2025\/09\/Plata-Alegna-Gonzalez-2-240x300.jpeg 240w, https:\/\/ichd.mx\/wp-content\/uploads\/2025\/09\/Plata-Alegna-Gonzalez-2-819x1024.jpeg 819w, https:\/\/ichd.mx\/wp-content\/uploads\/2025\/09\/Plata-Alegna-Gonzalez-2-768x960.jpeg 768w, https:\/\/ichd.mx\/wp-content\/uploads\/2025\/09\/Plata-Alegna-Gonzalez-2.jpeg 1024w\" sizes=\"auto, (max-width: 240px) 100vw, 240px\" \/> <img loading=\"lazy\" decoding=\"async\" class=\"alignnone size-medium wp-image-6398\" src=\"https:\/\/ichd.mx\/wp-content\/uploads\/2025\/09\/Plata-Alegna-Gonzalez-3-225x300.jpeg\" alt=\"\" width=\"225\" height=\"300\" srcset=\"https:\/\/ichd.mx\/wp-content\/uploads\/2025\/09\/Plata-Alegna-Gonzalez-3-225x300.jpeg 225w, https:\/\/ichd.mx\/wp-content\/uploads\/2025\/09\/Plata-Alegna-Gonzalez-3-768x1024.jpeg 768w, https:\/\/ichd.mx\/wp-content\/uploads\/2025\/09\/Plata-Alegna-Gonzalez-3-1152x1536.jpeg 1152w, https:\/\/ichd.mx\/wp-content\/uploads\/2025\/09\/Plata-Alegna-Gonzalez-3.jpeg 1200w\" sizes=\"auto, (max-width: 225px) 100vw, 225px\" \/> <img loading=\"lazy\" decoding=\"async\" class=\"alignnone size-medium wp-image-6399\" src=\"https:\/\/ichd.mx\/wp-content\/uploads\/2025\/09\/Plata-Alegna-Gonzalez-5-225x300.jpeg\" alt=\"\" width=\"225\" height=\"300\" srcset=\"https:\/\/ichd.mx\/wp-content\/uploads\/2025\/09\/Plata-Alegna-Gonzalez-5-225x300.jpeg 225w, https:\/\/ichd.mx\/wp-content\/uploads\/2025\/09\/Plata-Alegna-Gonzalez-5-768x1024.jpeg 768w, https:\/\/ichd.mx\/wp-content\/uploads\/2025\/09\/Plata-Alegna-Gonzalez-5-1152x1536.jpeg 1152w, https:\/\/ichd.mx\/wp-content\/uploads\/2025\/09\/Plata-Alegna-Gonzalez-5.jpeg 1200w\" sizes=\"auto, (max-width: 225px) 100vw, 225px\" \/> <img loading=\"lazy\" decoding=\"async\" class=\"alignnone size-medium wp-image-6400\" src=\"https:\/\/ichd.mx\/wp-content\/uploads\/2025\/09\/Plata-Alegna-Gonzalez-1-300x206.jpeg\" alt=\"\" width=\"300\" height=\"206\" srcset=\"https:\/\/ichd.mx\/wp-content\/uploads\/2025\/09\/Plata-Alegna-Gonzalez-1-300x206.jpeg 300w, https:\/\/ichd.mx\/wp-content\/uploads\/2025\/09\/Plata-Alegna-Gonzalez-1-768x529.jpeg 768w, https:\/\/ichd.mx\/wp-content\/uploads\/2025\/09\/Plata-Alegna-Gonzalez-1-130x90.jpeg 130w, https:\/\/ichd.mx\/wp-content\/uploads\/2025\/09\/Plata-Alegna-Gonzalez-1.jpeg 770w\" sizes=\"auto, (max-width: 300px) 100vw, 300px\" \/><\/p>\n","protected":false},"excerpt":{"rendered":"<p>Con nuevo R\u00e9cord de Am\u00e9rica, Alegna Ariday Gonz\u00e1lez Mu\u00f1oz gan\u00f3 la medalla de plata en los 20km marcha del Campeonato<\/p>\n","protected":false},"author":3,"featured_media":6402,"comment_status":"closed","ping_status":"open","sticky":false,"template":"","format":"standard","meta":{"footnotes":""},"categories":[4,163,5,2],"tags":[],"class_list":["post-6395","post","type-post","status-publish","format-standard","has-post-thumbnail","hentry","category-dcv","category-main-2","category-on","category-ppal"],"yoast_head":"<!-- This site is optimized with the Yoast SEO plugin v25.9 - https:\/\/yoast.com\/wordpress\/plugins\/seo\/ -->\n<title>Medalla de plata y r\u00e9cord continental para Alegna Gonz\u00e1lez - ICHD<\/title>\n<meta name=\"robots\" content=\"index, follow, max-snippet:-1, max-image-preview:large, max-video-preview:-1\" \/>\n<link rel=\"canonical\" href=\"https:\/\/ichd.mx\/?p=6395\" \/>\n<meta property=\"og:locale\" content=\"es_ES\" \/>\n<meta property=\"og:type\" content=\"article\" \/>\n<meta property=\"og:title\" content=\"Medalla de plata y r\u00e9cord continental para Alegna Gonz\u00e1lez - ICHD\" \/>\n<meta property=\"og:description\" content=\"Con nuevo R\u00e9cord de Am\u00e9rica, Alegna Ariday Gonz\u00e1lez Mu\u00f1oz gan\u00f3 la medalla de plata en los 20km marcha del Campeonato\" \/>\n<meta property=\"og:url\" content=\"https:\/\/ichd.mx\/?p=6395\" \/>\n<meta property=\"og:site_name\" content=\"ICHD\" \/>\n<meta property=\"article:publisher\" content=\"https:\/\/www.facebook.com\/ichdmx\" \/>\n<meta property=\"article:published_time\" content=\"2025-09-19T16:02:21+00:00\" \/>\n<meta property=\"article:modified_time\" content=\"2025-09-22T16:05:12+00:00\" \/>\n<meta property=\"og:image\" content=\"https:\/\/ichd.mx\/wp-content\/uploads\/2025\/09\/Plata-Alegna-Gonzalez-2-copia.jpg\" \/>\n\t<meta property=\"og:image:width\" content=\"1024\" \/>\n\t<meta property=\"og:image:height\" content=\"640\" \/>\n\t<meta property=\"og:image:type\" content=\"image\/jpeg\" \/>\n<meta name=\"author\" content=\"Prensa ICHD\" \/>\n<meta name=\"twitter:card\" content=\"summary_large_image\" \/>\n<meta name=\"twitter:creator\" content=\"@ICHDmx\" \/>\n<meta name=\"twitter:site\" content=\"@ICHDmx\" \/>\n<meta name=\"twitter:label1\" content=\"Escrito por\" \/>\n\t<meta name=\"twitter:data1\" content=\"Prensa ICHD\" \/>\n\t<meta name=\"twitter:label2\" content=\"Tiempo de lectura\" \/>\n\t<meta name=\"twitter:data2\" content=\"3 minutos\" \/>\n<script type=\"application\/ld+json\" class=\"yoast-schema-graph\">{\"@context\":\"https:\/\/schema.org\",\"@graph\":[{\"@type\":\"WebPage\",\"@id\":\"https:\/\/ichd.mx\/?p=6395\",\"url\":\"https:\/\/ichd.mx\/?p=6395\",\"name\":\"Medalla de plata y r\u00e9cord continental para Alegna Gonz\u00e1lez - ICHD\",\"isPartOf\":{\"@id\":\"https:\/\/ichd.mx\/#website\"},\"primaryImageOfPage\":{\"@id\":\"https:\/\/ichd.mx\/?p=6395#primaryimage\"},\"image\":{\"@id\":\"https:\/\/ichd.mx\/?p=6395#primaryimage\"},\"thumbnailUrl\":\"https:\/\/ichd.mx\/wp-content\/uploads\/2025\/09\/Plata-Alegna-Gonzalez-2-copia.jpg\",\"datePublished\":\"2025-09-19T16:02:21+00:00\",\"dateModified\":\"2025-09-22T16:05:12+00:00\",\"author\":{\"@id\":\"https:\/\/ichd.mx\/#\/schema\/person\/137528cf3411e3cbc248ffe1288137a7\"},\"breadcrumb\":{\"@id\":\"https:\/\/ichd.mx\/?p=6395#breadcrumb\"},\"inLanguage\":\"es\",\"potentialAction\":[{\"@type\":\"ReadAction\",\"target\":[\"https:\/\/ichd.mx\/?p=6395\"]}]},{\"@type\":\"ImageObject\",\"inLanguage\":\"es\",\"@id\":\"https:\/\/ichd.mx\/?p=6395#primaryimage\",\"url\":\"https:\/\/ichd.mx\/wp-content\/uploads\/2025\/09\/Plata-Alegna-Gonzalez-2-copia.jpg\",\"contentUrl\":\"https:\/\/ichd.mx\/wp-content\/uploads\/2025\/09\/Plata-Alegna-Gonzalez-2-copia.jpg\",\"width\":1024,\"height\":640},{\"@type\":\"BreadcrumbList\",\"@id\":\"https:\/\/ichd.mx\/?p=6395#breadcrumb\",\"itemListElement\":[{\"@type\":\"ListItem\",\"position\":1,\"name\":\"Portada\",\"item\":\"https:\/\/ichd.mx\/\"},{\"@type\":\"ListItem\",\"position\":2,\"name\":\"Medalla de plata y r\u00e9cord continental para Alegna Gonz\u00e1lez\"}]},{\"@type\":\"WebSite\",\"@id\":\"https:\/\/ichd.mx\/#website\",\"url\":\"https:\/\/ichd.mx\/\",\"name\":\"ICHD\",\"description\":\"Instituto Chihuahuense del Deporte y Cultura F\u00edsica\",\"potentialAction\":[{\"@type\":\"SearchAction\",\"target\":{\"@type\":\"EntryPoint\",\"urlTemplate\":\"https:\/\/ichd.mx\/?s={search_term_string}\"},\"query-input\":{\"@type\":\"PropertyValueSpecification\",\"valueRequired\":true,\"valueName\":\"search_term_string\"}}],\"inLanguage\":\"es\"},{\"@type\":\"Person\",\"@id\":\"https:\/\/ichd.mx\/#\/schema\/person\/137528cf3411e3cbc248ffe1288137a7\",\"name\":\"Prensa ICHD\",\"image\":{\"@type\":\"ImageObject\",\"inLanguage\":\"es\",\"@id\":\"https:\/\/ichd.mx\/#\/schema\/person\/image\/\",\"url\":\"https:\/\/secure.gravatar.com\/avatar\/166c01e5e415043a004f7d214348c415?s=96&d=mm&r=g\",\"contentUrl\":\"https:\/\/secure.gravatar.com\/avatar\/166c01e5e415043a004f7d214348c415?s=96&d=mm&r=g\",\"caption\":\"Prensa ICHD\"},\"url\":\"https:\/\/ichd.mx\/?author=3\"}]}<\/script>\n<!-- \/ Yoast SEO plugin. -->","yoast_head_json":{"title":"Medalla de plata y r\u00e9cord continental para Alegna Gonz\u00e1lez - ICHD","robots":{"index":"index","follow":"follow","max-snippet":"max-snippet:-1","max-image-preview":"max-image-preview:large","max-video-preview":"max-video-preview:-1"},"canonical":"https:\/\/ichd.mx\/?p=6395","og_locale":"es_ES","og_type":"article","og_title":"Medalla de plata y r\u00e9cord continental para Alegna Gonz\u00e1lez - ICHD","og_description":"Con nuevo R\u00e9cord de Am\u00e9rica, Alegna Ariday Gonz\u00e1lez Mu\u00f1oz gan\u00f3 la medalla de plata en los 20km marcha del Campeonato","og_url":"https:\/\/ichd.mx\/?p=6395","og_site_name":"ICHD","article_publisher":"https:\/\/www.facebook.com\/ichdmx","article_published_time":"2025-09-19T16:02:21+00:00","article_modified_time":"2025-09-22T16:05:12+00:00","og_image":[{"width":1024,"height":640,"url":"https:\/\/ichd.mx\/wp-content\/uploads\/2025\/09\/Plata-Alegna-Gonzalez-2-copia.jpg","type":"image\/jpeg"}],"author":"Prensa ICHD","twitter_card":"summary_large_image","twitter_creator":"@ICHDmx","twitter_site":"@ICHDmx","twitter_misc":{"Escrito por":"Prensa ICHD","Tiempo de lectura":"3 minutos"},"schema":{"@context":"https:\/\/schema.org","@graph":[{"@type":"WebPage","@id":"https:\/\/ichd.mx\/?p=6395","url":"https:\/\/ichd.mx\/?p=6395","name":"Medalla de plata y r\u00e9cord continental para Alegna Gonz\u00e1lez - ICHD","isPartOf":{"@id":"https:\/\/ichd.mx\/#website"},"primaryImageOfPage":{"@id":"https:\/\/ichd.mx\/?p=6395#primaryimage"},"image":{"@id":"https:\/\/ichd.mx\/?p=6395#primaryimage"},"thumbnailUrl":"https:\/\/ichd.mx\/wp-content\/uploads\/2025\/09\/Plata-Alegna-Gonzalez-2-copia.jpg","datePublished":"2025-09-19T16:02:21+00:00","dateModified":"2025-09-22T16:05:12+00:00","author":{"@id":"https:\/\/ichd.mx\/#\/schema\/person\/137528cf3411e3cbc248ffe1288137a7"},"breadcrumb":{"@id":"https:\/\/ichd.mx\/?p=6395#breadcrumb"},"inLanguage":"es","potentialAction":[{"@type":"ReadAction","target":["https:\/\/ichd.mx\/?p=6395"]}]},{"@type":"ImageObject","inLanguage":"es","@id":"https:\/\/ichd.mx\/?p=6395#primaryimage","url":"https:\/\/ichd.mx\/wp-content\/uploads\/2025\/09\/Plata-Alegna-Gonzalez-2-copia.jpg","contentUrl":"https:\/\/ichd.mx\/wp-content\/uploads\/2025\/09\/Plata-Alegna-Gonzalez-2-copia.jpg","width":1024,"height":640},{"@type":"BreadcrumbList","@id":"https:\/\/ichd.mx\/?p=6395#breadcrumb","itemListElement":[{"@type":"ListItem","position":1,"name":"Portada","item":"https:\/\/ichd.mx\/"},{"@type":"ListItem","position":2,"name":"Medalla de plata y r\u00e9cord continental para Alegna Gonz\u00e1lez"}]},{"@type":"WebSite","@id":"https:\/\/ichd.mx\/#website","url":"https:\/\/ichd.mx\/","name":"ICHD","description":"Instituto Chihuahuense del Deporte y Cultura F\u00edsica","potentialAction":[{"@type":"SearchAction","target":{"@type":"EntryPoint","urlTemplate":"https:\/\/ichd.mx\/?s={search_term_string}"},"query-input":{"@type":"PropertyValueSpecification","valueRequired":true,"valueName":"search_term_string"}}],"inLanguage":"es"},{"@type":"Person","@id":"https:\/\/ichd.mx\/#\/schema\/person\/137528cf3411e3cbc248ffe1288137a7","name":"Prensa ICHD","image":{"@type":"ImageObject","inLanguage":"es","@id":"https:\/\/ichd.mx\/#\/schema\/person\/image\/","url":"https:\/\/secure.gravatar.com\/avatar\/166c01e5e415043a004f7d214348c415?s=96&d=mm&r=g","contentUrl":"https:\/\/secure.gravatar.com\/avatar\/166c01e5e415043a004f7d214348c415?s=96&d=mm&r=g","caption":"Prensa ICHD"},"url":"https:\/\/ichd.mx\/?author=3"}]}},"_links":{"self":[{"href":"https:\/\/ichd.mx\/index.php?rest_route=\/wp\/v2\/posts\/6395","targetHints":{"allow":["GET"]}}],"collection":[{"href":"https:\/\/ichd.mx\/index.php?rest_route=\/wp\/v2\/posts"}],"about":[{"href":"https:\/\/ichd.mx\/index.php?rest_route=\/wp\/v2\/types\/post"}],"author":[{"embeddable":true,"href":"https:\/\/ichd.mx\/index.php?rest_route=\/wp\/v2\/users\/3"}],"replies":[{"embeddable":true,"href":"https:\/\/ichd.mx\/index.php?rest_route=%2Fwp%2Fv2%2Fcomments&post=6395"}],"version-history":[{"count":1,"href":"https:\/\/ichd.mx\/index.php?rest_route=\/wp\/v2\/posts\/6395\/revisions"}],"predecessor-version":[{"id":6401,"href":"https:\/\/ichd.mx\/index.php?rest_route=\/wp\/v2\/posts\/6395\/revisions\/6401"}],"wp:featuredmedia":[{"embeddable":true,"href":"https:\/\/ichd.mx\/index.php?rest_route=\/wp\/v2\/media\/6402"}],"wp:attachment":[{"href":"https:\/\/ichd.mx\/index.php?rest_route=%2Fwp%2Fv2%2Fmedia&parent=6395"}],"wp:term":[{"taxonomy":"category","embeddable":true,"href":"https:\/\/ichd.mx\/index.php?rest_route=%2Fwp%2Fv2%2Fcategories&post=6395"},{"taxonomy":"post_tag","embeddable":true,"href":"https:\/\/ichd.mx\/index.php?rest_route=%2Fwp%2Fv2%2Ftags&post=6395"}],"curies":[{"name":"wp","href":"https:\/\/api.w.org\/{rel}","templated":true}]}}