{"id":6165,"date":"2025-06-24T18:34:55","date_gmt":"2025-06-25T00:34:55","guid":{"rendered":"https:\/\/ichd.mx\/?p=6165"},"modified":"2025-06-26T18:36:24","modified_gmt":"2025-06-27T00:36:24","slug":"medallas-para-chihuahua-en-la-primera-jornada-de-atletismo","status":"publish","type":"post","link":"https:\/\/ichd.mx\/?p=6165","title":{"rendered":"Medallas para Chihuahua en la primera jornada de atletismo"},"content":{"rendered":"<p>Abre la delegaci\u00f3n chihuahuense de atletismo con medallas su participaci\u00f3n en la pista \u201cNueva<br \/>\nHistoria\u201d de Tlaxcala, en la ciudad de Apizaco, d\u00f3nde los recibi\u00f3 una ligera llovizna, a pesar de<br \/>\neso, los de Chihuahua lograron otorgar las primeras medallas para el estado en esta disciplina<br \/>\ndeportiva.<br \/>\nEn los 80 metros planos de la categor\u00eda Sub 16, el juarense Eliecer Gonz\u00e1lez logr\u00f3 la medalla<br \/>\nde oro y r\u00e9cord nacional con un tiempo de 9.08 segundos, compartiendo el p\u00f3dium con Axel<br \/>\nS\u00e1enz de Nuevo Le\u00f3n (9.17s) y Wily Hern\u00e1ndez de Tamaulipas (9.21s), en esa misma prueba,<br \/>\nAlan Aranda de Chihuahua se ubic\u00f3 en el s\u00e9ptimo lugar con una marca de 9.42 segundos.<br \/>\nEl r\u00e9cord registrado en 2023 era de 9.94 segundos y en este 2025, el velocista bajo la<br \/>\nestrategia del profesor David Serna, logr\u00f3 en su ronda clasificatoria tuvo un crono de 9.03<br \/>\nsegundos y en la final detuvo el reloj en 9.08 segundos.<br \/>\nMientras que, en la prueba de los 400 metros planos sub 18, Miguel P\u00e9rez de Chihuahua se<br \/>\ngan\u00f3 la medalla de plata con un tiempo de 47.83 segundos, el atleta comandado por la<br \/>\nmaestra Laurita Valenzuela, estuvo en el p\u00f3dium junto a Esteban Avena representante del<br \/>\nInstituto de Mexicanos en el Extranjero en el primer lugar (47.12s) y con medalla de bronce el<br \/>\nqueretano Emiliano P\u00e9rez (48.38s), a su vez, el chihuahuense Roberto Madrid finaliz\u00f3 en el<br \/>\ncuarto lugar con una marca de 48.79s.<br \/>\nOtros resultados de los chihuahuenses<br \/>\nLugar Nombre Prueba Marca<br \/>\n4 Sa\u00fal Olivas 100m planos Sub 18 11.09s<br \/>\n6 Ian Dur\u00e1n Lanz. Disco Sub 16 49.04m<br \/>\n5 Georgina Sosa 400m planos Sub 18 57.45s<br \/>\n6 Giovan Delgado 5000m Marcha Sub 16 28:41.82min<br \/>\n7 Ian Ramos 5000m Marcha Sub 16 30:28.33min<br \/>\n6 Luis Requejo Salto Longitud Sub 18 6.57m<img loading=\"lazy\" decoding=\"async\" class=\"alignnone size-medium wp-image-6166\" src=\"https:\/\/ichd.mx\/wp-content\/uploads\/2025\/06\/Atletismo-Chih-4-300x285.jpg\" alt=\"\" width=\"300\" height=\"285\" srcset=\"https:\/\/ichd.mx\/wp-content\/uploads\/2025\/06\/Atletismo-Chih-4-300x285.jpg 300w, https:\/\/ichd.mx\/wp-content\/uploads\/2025\/06\/Atletismo-Chih-4.jpg 595w\" sizes=\"auto, (max-width: 300px) 100vw, 300px\" \/> <img loading=\"lazy\" decoding=\"async\" class=\"alignnone size-medium wp-image-6167\" src=\"https:\/\/ichd.mx\/wp-content\/uploads\/2025\/06\/Atletismo-Chih-1-200x300.jpg\" alt=\"\" width=\"200\" height=\"300\" srcset=\"https:\/\/ichd.mx\/wp-content\/uploads\/2025\/06\/Atletismo-Chih-1-200x300.jpg 200w, https:\/\/ichd.mx\/wp-content\/uploads\/2025\/06\/Atletismo-Chih-1-683x1024.jpg 683w, https:\/\/ichd.mx\/wp-content\/uploads\/2025\/06\/Atletismo-Chih-1-768x1152.jpg 768w, https:\/\/ichd.mx\/wp-content\/uploads\/2025\/06\/Atletismo-Chih-1-1024x1536.jpg 1024w, https:\/\/ichd.mx\/wp-content\/uploads\/2025\/06\/Atletismo-Chih-1.jpg 1365w\" sizes=\"auto, (max-width: 200px) 100vw, 200px\" \/> <img loading=\"lazy\" decoding=\"async\" class=\"alignnone size-medium wp-image-6168\" src=\"https:\/\/ichd.mx\/wp-content\/uploads\/2025\/06\/Atletismo-1-7-216x300.jpg\" alt=\"\" width=\"216\" height=\"300\" srcset=\"https:\/\/ichd.mx\/wp-content\/uploads\/2025\/06\/Atletismo-1-7-216x300.jpg 216w, https:\/\/ichd.mx\/wp-content\/uploads\/2025\/06\/Atletismo-1-7-739x1024.jpg 739w, https:\/\/ichd.mx\/wp-content\/uploads\/2025\/06\/Atletismo-1-7-768x1065.jpg 768w, https:\/\/ichd.mx\/wp-content\/uploads\/2025\/06\/Atletismo-1-7-1108x1536.jpg 1108w, https:\/\/ichd.mx\/wp-content\/uploads\/2025\/06\/Atletismo-1-7.jpg 1477w\" sizes=\"auto, (max-width: 216px) 100vw, 216px\" \/> <img loading=\"lazy\" decoding=\"async\" class=\"alignnone size-medium wp-image-6169\" src=\"https:\/\/ichd.mx\/wp-content\/uploads\/2025\/06\/Atletismo-1-3-300x200.jpg\" alt=\"\" width=\"300\" height=\"200\" srcset=\"https:\/\/ichd.mx\/wp-content\/uploads\/2025\/06\/Atletismo-1-3-300x200.jpg 300w, https:\/\/ichd.mx\/wp-content\/uploads\/2025\/06\/Atletismo-1-3-1024x683.jpg 1024w, https:\/\/ichd.mx\/wp-content\/uploads\/2025\/06\/Atletismo-1-3-768x512.jpg 768w, https:\/\/ichd.mx\/wp-content\/uploads\/2025\/06\/Atletismo-1-3-1536x1024.jpg 1536w, https:\/\/ichd.mx\/wp-content\/uploads\/2025\/06\/Atletismo-1-3.jpg 2048w\" sizes=\"auto, (max-width: 300px) 100vw, 300px\" \/> <img loading=\"lazy\" decoding=\"async\" class=\"alignnone size-medium wp-image-6170\" src=\"https:\/\/ichd.mx\/wp-content\/uploads\/2025\/06\/Atletismo-1-2-300x200.jpg\" alt=\"\" width=\"300\" height=\"200\" srcset=\"https:\/\/ichd.mx\/wp-content\/uploads\/2025\/06\/Atletismo-1-2-300x200.jpg 300w, https:\/\/ichd.mx\/wp-content\/uploads\/2025\/06\/Atletismo-1-2-1024x683.jpg 1024w, https:\/\/ichd.mx\/wp-content\/uploads\/2025\/06\/Atletismo-1-2-768x512.jpg 768w, https:\/\/ichd.mx\/wp-content\/uploads\/2025\/06\/Atletismo-1-2-1536x1024.jpg 1536w, https:\/\/ichd.mx\/wp-content\/uploads\/2025\/06\/Atletismo-1-2.jpg 2048w\" sizes=\"auto, (max-width: 300px) 100vw, 300px\" \/>24<\/p>\n","protected":false},"excerpt":{"rendered":"<p>Abre la delegaci\u00f3n chihuahuense de atletismo con medallas su participaci\u00f3n en la pista \u201cNueva Historia\u201d de Tlaxcala, en la ciudad<\/p>\n","protected":false},"author":3,"featured_media":6166,"comment_status":"closed","ping_status":"open","sticky":false,"template":"","format":"standard","meta":{"footnotes":""},"categories":[8,163,5,2,3],"tags":[],"class_list":["post-6165","post","type-post","status-publish","format-standard","has-post-thumbnail","hentry","category-gral","category-main-2","category-on","category-ppal","category-sub"],"yoast_head":"<!-- This site is optimized with the Yoast SEO plugin v25.9 - https:\/\/yoast.com\/wordpress\/plugins\/seo\/ -->\n<title>Medallas para Chihuahua en la primera jornada de atletismo - ICHD<\/title>\n<meta name=\"robots\" content=\"index, follow, max-snippet:-1, max-image-preview:large, max-video-preview:-1\" \/>\n<link rel=\"canonical\" href=\"https:\/\/ichd.mx\/?p=6165\" \/>\n<meta property=\"og:locale\" content=\"es_ES\" \/>\n<meta property=\"og:type\" content=\"article\" \/>\n<meta property=\"og:title\" content=\"Medallas para Chihuahua en la primera jornada de atletismo - ICHD\" \/>\n<meta property=\"og:description\" content=\"Abre la delegaci\u00f3n chihuahuense de atletismo con medallas su participaci\u00f3n en la pista \u201cNueva Historia\u201d de Tlaxcala, en la ciudad\" \/>\n<meta property=\"og:url\" content=\"https:\/\/ichd.mx\/?p=6165\" \/>\n<meta property=\"og:site_name\" content=\"ICHD\" \/>\n<meta property=\"article:publisher\" content=\"https:\/\/www.facebook.com\/ichdmx\" \/>\n<meta property=\"article:published_time\" content=\"2025-06-25T00:34:55+00:00\" \/>\n<meta property=\"article:modified_time\" content=\"2025-06-27T00:36:24+00:00\" \/>\n<meta property=\"og:image\" content=\"https:\/\/ichd.mx\/wp-content\/uploads\/2025\/06\/Atletismo-Chih-4.jpg\" \/>\n\t<meta property=\"og:image:width\" content=\"595\" \/>\n\t<meta property=\"og:image:height\" content=\"565\" \/>\n\t<meta property=\"og:image:type\" content=\"image\/jpeg\" \/>\n<meta name=\"author\" content=\"Prensa ICHD\" \/>\n<meta name=\"twitter:card\" content=\"summary_large_image\" \/>\n<meta name=\"twitter:creator\" content=\"@ICHDmx\" \/>\n<meta name=\"twitter:site\" content=\"@ICHDmx\" \/>\n<meta name=\"twitter:label1\" content=\"Escrito por\" \/>\n\t<meta name=\"twitter:data1\" content=\"Prensa ICHD\" \/>\n\t<meta name=\"twitter:label2\" content=\"Tiempo de lectura\" \/>\n\t<meta name=\"twitter:data2\" content=\"3 minutos\" \/>\n<script type=\"application\/ld+json\" class=\"yoast-schema-graph\">{\"@context\":\"https:\/\/schema.org\",\"@graph\":[{\"@type\":\"WebPage\",\"@id\":\"https:\/\/ichd.mx\/?p=6165\",\"url\":\"https:\/\/ichd.mx\/?p=6165\",\"name\":\"Medallas para Chihuahua en la primera jornada de atletismo - ICHD\",\"isPartOf\":{\"@id\":\"https:\/\/ichd.mx\/#website\"},\"primaryImageOfPage\":{\"@id\":\"https:\/\/ichd.mx\/?p=6165#primaryimage\"},\"image\":{\"@id\":\"https:\/\/ichd.mx\/?p=6165#primaryimage\"},\"thumbnailUrl\":\"https:\/\/ichd.mx\/wp-content\/uploads\/2025\/06\/Atletismo-Chih-4.jpg\",\"datePublished\":\"2025-06-25T00:34:55+00:00\",\"dateModified\":\"2025-06-27T00:36:24+00:00\",\"author\":{\"@id\":\"https:\/\/ichd.mx\/#\/schema\/person\/137528cf3411e3cbc248ffe1288137a7\"},\"breadcrumb\":{\"@id\":\"https:\/\/ichd.mx\/?p=6165#breadcrumb\"},\"inLanguage\":\"es\",\"potentialAction\":[{\"@type\":\"ReadAction\",\"target\":[\"https:\/\/ichd.mx\/?p=6165\"]}]},{\"@type\":\"ImageObject\",\"inLanguage\":\"es\",\"@id\":\"https:\/\/ichd.mx\/?p=6165#primaryimage\",\"url\":\"https:\/\/ichd.mx\/wp-content\/uploads\/2025\/06\/Atletismo-Chih-4.jpg\",\"contentUrl\":\"https:\/\/ichd.mx\/wp-content\/uploads\/2025\/06\/Atletismo-Chih-4.jpg\",\"width\":595,\"height\":565},{\"@type\":\"BreadcrumbList\",\"@id\":\"https:\/\/ichd.mx\/?p=6165#breadcrumb\",\"itemListElement\":[{\"@type\":\"ListItem\",\"position\":1,\"name\":\"Portada\",\"item\":\"https:\/\/ichd.mx\/\"},{\"@type\":\"ListItem\",\"position\":2,\"name\":\"Medallas para Chihuahua en la primera jornada de atletismo\"}]},{\"@type\":\"WebSite\",\"@id\":\"https:\/\/ichd.mx\/#website\",\"url\":\"https:\/\/ichd.mx\/\",\"name\":\"ICHD\",\"description\":\"Instituto Chihuahuense del Deporte y Cultura F\u00edsica\",\"potentialAction\":[{\"@type\":\"SearchAction\",\"target\":{\"@type\":\"EntryPoint\",\"urlTemplate\":\"https:\/\/ichd.mx\/?s={search_term_string}\"},\"query-input\":{\"@type\":\"PropertyValueSpecification\",\"valueRequired\":true,\"valueName\":\"search_term_string\"}}],\"inLanguage\":\"es\"},{\"@type\":\"Person\",\"@id\":\"https:\/\/ichd.mx\/#\/schema\/person\/137528cf3411e3cbc248ffe1288137a7\",\"name\":\"Prensa ICHD\",\"image\":{\"@type\":\"ImageObject\",\"inLanguage\":\"es\",\"@id\":\"https:\/\/ichd.mx\/#\/schema\/person\/image\/\",\"url\":\"https:\/\/secure.gravatar.com\/avatar\/166c01e5e415043a004f7d214348c415?s=96&d=mm&r=g\",\"contentUrl\":\"https:\/\/secure.gravatar.com\/avatar\/166c01e5e415043a004f7d214348c415?s=96&d=mm&r=g\",\"caption\":\"Prensa ICHD\"},\"url\":\"https:\/\/ichd.mx\/?author=3\"}]}<\/script>\n<!-- \/ Yoast SEO plugin. -->","yoast_head_json":{"title":"Medallas para Chihuahua en la primera jornada de atletismo - ICHD","robots":{"index":"index","follow":"follow","max-snippet":"max-snippet:-1","max-image-preview":"max-image-preview:large","max-video-preview":"max-video-preview:-1"},"canonical":"https:\/\/ichd.mx\/?p=6165","og_locale":"es_ES","og_type":"article","og_title":"Medallas para Chihuahua en la primera jornada de atletismo - ICHD","og_description":"Abre la delegaci\u00f3n chihuahuense de atletismo con medallas su participaci\u00f3n en la pista \u201cNueva Historia\u201d de Tlaxcala, en la ciudad","og_url":"https:\/\/ichd.mx\/?p=6165","og_site_name":"ICHD","article_publisher":"https:\/\/www.facebook.com\/ichdmx","article_published_time":"2025-06-25T00:34:55+00:00","article_modified_time":"2025-06-27T00:36:24+00:00","og_image":[{"width":595,"height":565,"url":"https:\/\/ichd.mx\/wp-content\/uploads\/2025\/06\/Atletismo-Chih-4.jpg","type":"image\/jpeg"}],"author":"Prensa ICHD","twitter_card":"summary_large_image","twitter_creator":"@ICHDmx","twitter_site":"@ICHDmx","twitter_misc":{"Escrito por":"Prensa ICHD","Tiempo de lectura":"3 minutos"},"schema":{"@context":"https:\/\/schema.org","@graph":[{"@type":"WebPage","@id":"https:\/\/ichd.mx\/?p=6165","url":"https:\/\/ichd.mx\/?p=6165","name":"Medallas para Chihuahua en la primera jornada de atletismo - ICHD","isPartOf":{"@id":"https:\/\/ichd.mx\/#website"},"primaryImageOfPage":{"@id":"https:\/\/ichd.mx\/?p=6165#primaryimage"},"image":{"@id":"https:\/\/ichd.mx\/?p=6165#primaryimage"},"thumbnailUrl":"https:\/\/ichd.mx\/wp-content\/uploads\/2025\/06\/Atletismo-Chih-4.jpg","datePublished":"2025-06-25T00:34:55+00:00","dateModified":"2025-06-27T00:36:24+00:00","author":{"@id":"https:\/\/ichd.mx\/#\/schema\/person\/137528cf3411e3cbc248ffe1288137a7"},"breadcrumb":{"@id":"https:\/\/ichd.mx\/?p=6165#breadcrumb"},"inLanguage":"es","potentialAction":[{"@type":"ReadAction","target":["https:\/\/ichd.mx\/?p=6165"]}]},{"@type":"ImageObject","inLanguage":"es","@id":"https:\/\/ichd.mx\/?p=6165#primaryimage","url":"https:\/\/ichd.mx\/wp-content\/uploads\/2025\/06\/Atletismo-Chih-4.jpg","contentUrl":"https:\/\/ichd.mx\/wp-content\/uploads\/2025\/06\/Atletismo-Chih-4.jpg","width":595,"height":565},{"@type":"BreadcrumbList","@id":"https:\/\/ichd.mx\/?p=6165#breadcrumb","itemListElement":[{"@type":"ListItem","position":1,"name":"Portada","item":"https:\/\/ichd.mx\/"},{"@type":"ListItem","position":2,"name":"Medallas para Chihuahua en la primera jornada de atletismo"}]},{"@type":"WebSite","@id":"https:\/\/ichd.mx\/#website","url":"https:\/\/ichd.mx\/","name":"ICHD","description":"Instituto Chihuahuense del Deporte y Cultura F\u00edsica","potentialAction":[{"@type":"SearchAction","target":{"@type":"EntryPoint","urlTemplate":"https:\/\/ichd.mx\/?s={search_term_string}"},"query-input":{"@type":"PropertyValueSpecification","valueRequired":true,"valueName":"search_term_string"}}],"inLanguage":"es"},{"@type":"Person","@id":"https:\/\/ichd.mx\/#\/schema\/person\/137528cf3411e3cbc248ffe1288137a7","name":"Prensa ICHD","image":{"@type":"ImageObject","inLanguage":"es","@id":"https:\/\/ichd.mx\/#\/schema\/person\/image\/","url":"https:\/\/secure.gravatar.com\/avatar\/166c01e5e415043a004f7d214348c415?s=96&d=mm&r=g","contentUrl":"https:\/\/secure.gravatar.com\/avatar\/166c01e5e415043a004f7d214348c415?s=96&d=mm&r=g","caption":"Prensa ICHD"},"url":"https:\/\/ichd.mx\/?author=3"}]}},"_links":{"self":[{"href":"https:\/\/ichd.mx\/index.php?rest_route=\/wp\/v2\/posts\/6165","targetHints":{"allow":["GET"]}}],"collection":[{"href":"https:\/\/ichd.mx\/index.php?rest_route=\/wp\/v2\/posts"}],"about":[{"href":"https:\/\/ichd.mx\/index.php?rest_route=\/wp\/v2\/types\/post"}],"author":[{"embeddable":true,"href":"https:\/\/ichd.mx\/index.php?rest_route=\/wp\/v2\/users\/3"}],"replies":[{"embeddable":true,"href":"https:\/\/ichd.mx\/index.php?rest_route=%2Fwp%2Fv2%2Fcomments&post=6165"}],"version-history":[{"count":1,"href":"https:\/\/ichd.mx\/index.php?rest_route=\/wp\/v2\/posts\/6165\/revisions"}],"predecessor-version":[{"id":6171,"href":"https:\/\/ichd.mx\/index.php?rest_route=\/wp\/v2\/posts\/6165\/revisions\/6171"}],"wp:featuredmedia":[{"embeddable":true,"href":"https:\/\/ichd.mx\/index.php?rest_route=\/wp\/v2\/media\/6166"}],"wp:attachment":[{"href":"https:\/\/ichd.mx\/index.php?rest_route=%2Fwp%2Fv2%2Fmedia&parent=6165"}],"wp:term":[{"taxonomy":"category","embeddable":true,"href":"https:\/\/ichd.mx\/index.php?rest_route=%2Fwp%2Fv2%2Fcategories&post=6165"},{"taxonomy":"post_tag","embeddable":true,"href":"https:\/\/ichd.mx\/index.php?rest_route=%2Fwp%2Fv2%2Ftags&post=6165"}],"curies":[{"name":"wp","href":"https:\/\/api.w.org\/{rel}","templated":true}]}}