{"id":6138,"date":"2025-06-22T18:29:38","date_gmt":"2025-06-23T00:29:38","guid":{"rendered":"https:\/\/ichd.mx\/?p=6138"},"modified":"2025-06-26T18:30:30","modified_gmt":"2025-06-27T00:30:30","slug":"cierra-chihuahua-con-oro-y-bronce-la-primera-etapa-de-ciclismo","status":"publish","type":"post","link":"https:\/\/ichd.mx\/?p=6138","title":{"rendered":"Cierra Chihuahua con oro y bronce la primera etapa de ciclismo"},"content":{"rendered":"<p>Hoy el ciclismo chihuahuense no solo brill\u00f3 con medallas, sino con algo a\u00fan m\u00e1s grande:<br \/>\nunidad, entrega y coraz\u00f3n de equipo, la delegaci\u00f3n Chihuahua que compite en Olimpiada<br \/>\nNacional Conade 2025, que se realiza en Tlaxcala, cerr\u00f3 la primera etapa de ciclismo con una<br \/>\nmedalla de oro m\u00e1s y una de bronce.<br \/>\nCon informaci\u00f3n de la Uni\u00f3n de Ciclistas por el Estado de Chihuahua, comparti\u00f3 que, con una<br \/>\ncarrera estrat\u00e9gica, valiente y coordinada, los tres corredores que integran el equipo Juvenil C<br \/>\nVaronil, cruzaron la meta como lo que son: una verdadera escuadra.<br \/>\nSantiago Alejandro P\u00e9rez P\u00e9rez, Manuel Mart\u00ednez Cort\u00e9s y Luis Monserrat Carrera Ruiz se<br \/>\nllevaron la medalla de oro para Chihuahua, en un trabajo coordinado con entrenadores,<br \/>\nmec\u00e1nicos, cuerpo t\u00e9cnico y padres de familia.<br \/>\nPor otro lado, la guerrera Carolina Galaviz subi\u00f3 al podio nacional con un cierre s\u00f3lido y digno<br \/>\ndel nivel que ha demostrado en cada competencia, este bronce en ruta se suma al legado que<br \/>\nest\u00e1 escribiendo con constancia dedicaci\u00f3n.<br \/>\nAsimismo, en la categor\u00eda Juvenil B varonil, Eliam Antill\u00f3n, Julio Ibarra y Bryan Galaviz dieron<br \/>\ntambi\u00e9n la pelea, en donde Julio Ibarra obtuvo el quinto lugar general, Eliam lleg\u00f3 en el d\u00e9cimo<br \/>\ny Bryan culmin\u00f3 en el lugar 21 entre un contingente de 49 atletas.<img loading=\"lazy\" decoding=\"async\" class=\"alignnone size-medium wp-image-6139\" src=\"https:\/\/ichd.mx\/wp-content\/uploads\/2025\/06\/Ciclismo-medallas-3-300x158.jpg\" alt=\"\" width=\"300\" height=\"158\" srcset=\"https:\/\/ichd.mx\/wp-content\/uploads\/2025\/06\/Ciclismo-medallas-3-300x158.jpg 300w, https:\/\/ichd.mx\/wp-content\/uploads\/2025\/06\/Ciclismo-medallas-3-768x403.jpg 768w, https:\/\/ichd.mx\/wp-content\/uploads\/2025\/06\/Ciclismo-medallas-3-390x205.jpg 390w, https:\/\/ichd.mx\/wp-content\/uploads\/2025\/06\/Ciclismo-medallas-3.jpg 840w\" sizes=\"auto, (max-width: 300px) 100vw, 300px\" \/> <img loading=\"lazy\" decoding=\"async\" class=\"alignnone size-medium wp-image-6140\" src=\"https:\/\/ichd.mx\/wp-content\/uploads\/2025\/06\/Ciclismo-medallas-2-300x158.jpg\" alt=\"\" width=\"300\" height=\"158\" srcset=\"https:\/\/ichd.mx\/wp-content\/uploads\/2025\/06\/Ciclismo-medallas-2-300x158.jpg 300w, https:\/\/ichd.mx\/wp-content\/uploads\/2025\/06\/Ciclismo-medallas-2-768x403.jpg 768w, https:\/\/ichd.mx\/wp-content\/uploads\/2025\/06\/Ciclismo-medallas-2-390x205.jpg 390w, https:\/\/ichd.mx\/wp-content\/uploads\/2025\/06\/Ciclismo-medallas-2.jpg 840w\" sizes=\"auto, (max-width: 300px) 100vw, 300px\" \/> <img loading=\"lazy\" decoding=\"async\" class=\"alignnone size-medium wp-image-6141\" src=\"https:\/\/ichd.mx\/wp-content\/uploads\/2025\/06\/Ciclismo-medallas-1-300x158.jpg\" alt=\"\" width=\"300\" height=\"158\" srcset=\"https:\/\/ichd.mx\/wp-content\/uploads\/2025\/06\/Ciclismo-medallas-1-300x158.jpg 300w, https:\/\/ichd.mx\/wp-content\/uploads\/2025\/06\/Ciclismo-medallas-1-768x403.jpg 768w, https:\/\/ichd.mx\/wp-content\/uploads\/2025\/06\/Ciclismo-medallas-1-390x205.jpg 390w, https:\/\/ichd.mx\/wp-content\/uploads\/2025\/06\/Ciclismo-medallas-1.jpg 840w\" sizes=\"auto, (max-width: 300px) 100vw, 300px\" \/> <img loading=\"lazy\" decoding=\"async\" class=\"alignnone size-medium wp-image-6142\" src=\"https:\/\/ichd.mx\/wp-content\/uploads\/2025\/06\/Ciclismo-medallas-4-300x158.jpg\" alt=\"\" width=\"300\" height=\"158\" srcset=\"https:\/\/ichd.mx\/wp-content\/uploads\/2025\/06\/Ciclismo-medallas-4-300x158.jpg 300w, https:\/\/ichd.mx\/wp-content\/uploads\/2025\/06\/Ciclismo-medallas-4-768x403.jpg 768w, https:\/\/ichd.mx\/wp-content\/uploads\/2025\/06\/Ciclismo-medallas-4-390x205.jpg 390w, https:\/\/ichd.mx\/wp-content\/uploads\/2025\/06\/Ciclismo-medallas-4.jpg 840w\" sizes=\"auto, (max-width: 300px) 100vw, 300px\" \/><\/p>\n","protected":false},"excerpt":{"rendered":"<p>Hoy el ciclismo chihuahuense no solo brill\u00f3 con medallas, sino con algo a\u00fan m\u00e1s grande: unidad, entrega y coraz\u00f3n de<\/p>\n","protected":false},"author":3,"featured_media":6142,"comment_status":"closed","ping_status":"open","sticky":false,"template":"","format":"standard","meta":{"footnotes":""},"categories":[8,163,5,2,3],"tags":[],"class_list":["post-6138","post","type-post","status-publish","format-standard","has-post-thumbnail","hentry","category-gral","category-main-2","category-on","category-ppal","category-sub"],"yoast_head":"<!-- This site is optimized with the Yoast SEO plugin v25.9 - https:\/\/yoast.com\/wordpress\/plugins\/seo\/ -->\n<title>Cierra Chihuahua con oro y bronce la primera etapa de ciclismo - ICHD<\/title>\n<meta name=\"robots\" content=\"index, follow, max-snippet:-1, max-image-preview:large, max-video-preview:-1\" \/>\n<link rel=\"canonical\" href=\"https:\/\/ichd.mx\/?p=6138\" \/>\n<meta property=\"og:locale\" content=\"es_ES\" \/>\n<meta property=\"og:type\" content=\"article\" \/>\n<meta property=\"og:title\" content=\"Cierra Chihuahua con oro y bronce la primera etapa de ciclismo - ICHD\" \/>\n<meta property=\"og:description\" content=\"Hoy el ciclismo chihuahuense no solo brill\u00f3 con medallas, sino con algo a\u00fan m\u00e1s grande: unidad, entrega y coraz\u00f3n de\" \/>\n<meta property=\"og:url\" content=\"https:\/\/ichd.mx\/?p=6138\" \/>\n<meta property=\"og:site_name\" content=\"ICHD\" \/>\n<meta property=\"article:publisher\" content=\"https:\/\/www.facebook.com\/ichdmx\" \/>\n<meta property=\"article:published_time\" content=\"2025-06-23T00:29:38+00:00\" \/>\n<meta property=\"article:modified_time\" content=\"2025-06-27T00:30:30+00:00\" \/>\n<meta property=\"og:image\" content=\"https:\/\/ichd.mx\/wp-content\/uploads\/2025\/06\/Ciclismo-medallas-4.jpg\" \/>\n\t<meta property=\"og:image:width\" content=\"840\" \/>\n\t<meta property=\"og:image:height\" content=\"441\" \/>\n\t<meta property=\"og:image:type\" content=\"image\/jpeg\" \/>\n<meta name=\"author\" content=\"Prensa ICHD\" \/>\n<meta name=\"twitter:card\" content=\"summary_large_image\" \/>\n<meta name=\"twitter:creator\" content=\"@ICHDmx\" \/>\n<meta name=\"twitter:site\" content=\"@ICHDmx\" \/>\n<meta name=\"twitter:label1\" content=\"Escrito por\" \/>\n\t<meta name=\"twitter:data1\" content=\"Prensa ICHD\" \/>\n\t<meta name=\"twitter:label2\" content=\"Tiempo de lectura\" \/>\n\t<meta name=\"twitter:data2\" content=\"2 minutos\" \/>\n<script type=\"application\/ld+json\" class=\"yoast-schema-graph\">{\"@context\":\"https:\/\/schema.org\",\"@graph\":[{\"@type\":\"WebPage\",\"@id\":\"https:\/\/ichd.mx\/?p=6138\",\"url\":\"https:\/\/ichd.mx\/?p=6138\",\"name\":\"Cierra Chihuahua con oro y bronce la primera etapa de ciclismo - ICHD\",\"isPartOf\":{\"@id\":\"https:\/\/ichd.mx\/#website\"},\"primaryImageOfPage\":{\"@id\":\"https:\/\/ichd.mx\/?p=6138#primaryimage\"},\"image\":{\"@id\":\"https:\/\/ichd.mx\/?p=6138#primaryimage\"},\"thumbnailUrl\":\"https:\/\/ichd.mx\/wp-content\/uploads\/2025\/06\/Ciclismo-medallas-4.jpg\",\"datePublished\":\"2025-06-23T00:29:38+00:00\",\"dateModified\":\"2025-06-27T00:30:30+00:00\",\"author\":{\"@id\":\"https:\/\/ichd.mx\/#\/schema\/person\/137528cf3411e3cbc248ffe1288137a7\"},\"breadcrumb\":{\"@id\":\"https:\/\/ichd.mx\/?p=6138#breadcrumb\"},\"inLanguage\":\"es\",\"potentialAction\":[{\"@type\":\"ReadAction\",\"target\":[\"https:\/\/ichd.mx\/?p=6138\"]}]},{\"@type\":\"ImageObject\",\"inLanguage\":\"es\",\"@id\":\"https:\/\/ichd.mx\/?p=6138#primaryimage\",\"url\":\"https:\/\/ichd.mx\/wp-content\/uploads\/2025\/06\/Ciclismo-medallas-4.jpg\",\"contentUrl\":\"https:\/\/ichd.mx\/wp-content\/uploads\/2025\/06\/Ciclismo-medallas-4.jpg\",\"width\":840,\"height\":441},{\"@type\":\"BreadcrumbList\",\"@id\":\"https:\/\/ichd.mx\/?p=6138#breadcrumb\",\"itemListElement\":[{\"@type\":\"ListItem\",\"position\":1,\"name\":\"Portada\",\"item\":\"https:\/\/ichd.mx\/\"},{\"@type\":\"ListItem\",\"position\":2,\"name\":\"Cierra Chihuahua con oro y bronce la primera etapa de ciclismo\"}]},{\"@type\":\"WebSite\",\"@id\":\"https:\/\/ichd.mx\/#website\",\"url\":\"https:\/\/ichd.mx\/\",\"name\":\"ICHD\",\"description\":\"Instituto Chihuahuense del Deporte y Cultura F\u00edsica\",\"potentialAction\":[{\"@type\":\"SearchAction\",\"target\":{\"@type\":\"EntryPoint\",\"urlTemplate\":\"https:\/\/ichd.mx\/?s={search_term_string}\"},\"query-input\":{\"@type\":\"PropertyValueSpecification\",\"valueRequired\":true,\"valueName\":\"search_term_string\"}}],\"inLanguage\":\"es\"},{\"@type\":\"Person\",\"@id\":\"https:\/\/ichd.mx\/#\/schema\/person\/137528cf3411e3cbc248ffe1288137a7\",\"name\":\"Prensa ICHD\",\"image\":{\"@type\":\"ImageObject\",\"inLanguage\":\"es\",\"@id\":\"https:\/\/ichd.mx\/#\/schema\/person\/image\/\",\"url\":\"https:\/\/secure.gravatar.com\/avatar\/166c01e5e415043a004f7d214348c415?s=96&d=mm&r=g\",\"contentUrl\":\"https:\/\/secure.gravatar.com\/avatar\/166c01e5e415043a004f7d214348c415?s=96&d=mm&r=g\",\"caption\":\"Prensa ICHD\"},\"url\":\"https:\/\/ichd.mx\/?author=3\"}]}<\/script>\n<!-- \/ Yoast SEO plugin. -->","yoast_head_json":{"title":"Cierra Chihuahua con oro y bronce la primera etapa de ciclismo - ICHD","robots":{"index":"index","follow":"follow","max-snippet":"max-snippet:-1","max-image-preview":"max-image-preview:large","max-video-preview":"max-video-preview:-1"},"canonical":"https:\/\/ichd.mx\/?p=6138","og_locale":"es_ES","og_type":"article","og_title":"Cierra Chihuahua con oro y bronce la primera etapa de ciclismo - ICHD","og_description":"Hoy el ciclismo chihuahuense no solo brill\u00f3 con medallas, sino con algo a\u00fan m\u00e1s grande: unidad, entrega y coraz\u00f3n de","og_url":"https:\/\/ichd.mx\/?p=6138","og_site_name":"ICHD","article_publisher":"https:\/\/www.facebook.com\/ichdmx","article_published_time":"2025-06-23T00:29:38+00:00","article_modified_time":"2025-06-27T00:30:30+00:00","og_image":[{"width":840,"height":441,"url":"https:\/\/ichd.mx\/wp-content\/uploads\/2025\/06\/Ciclismo-medallas-4.jpg","type":"image\/jpeg"}],"author":"Prensa ICHD","twitter_card":"summary_large_image","twitter_creator":"@ICHDmx","twitter_site":"@ICHDmx","twitter_misc":{"Escrito por":"Prensa ICHD","Tiempo de lectura":"2 minutos"},"schema":{"@context":"https:\/\/schema.org","@graph":[{"@type":"WebPage","@id":"https:\/\/ichd.mx\/?p=6138","url":"https:\/\/ichd.mx\/?p=6138","name":"Cierra Chihuahua con oro y bronce la primera etapa de ciclismo - ICHD","isPartOf":{"@id":"https:\/\/ichd.mx\/#website"},"primaryImageOfPage":{"@id":"https:\/\/ichd.mx\/?p=6138#primaryimage"},"image":{"@id":"https:\/\/ichd.mx\/?p=6138#primaryimage"},"thumbnailUrl":"https:\/\/ichd.mx\/wp-content\/uploads\/2025\/06\/Ciclismo-medallas-4.jpg","datePublished":"2025-06-23T00:29:38+00:00","dateModified":"2025-06-27T00:30:30+00:00","author":{"@id":"https:\/\/ichd.mx\/#\/schema\/person\/137528cf3411e3cbc248ffe1288137a7"},"breadcrumb":{"@id":"https:\/\/ichd.mx\/?p=6138#breadcrumb"},"inLanguage":"es","potentialAction":[{"@type":"ReadAction","target":["https:\/\/ichd.mx\/?p=6138"]}]},{"@type":"ImageObject","inLanguage":"es","@id":"https:\/\/ichd.mx\/?p=6138#primaryimage","url":"https:\/\/ichd.mx\/wp-content\/uploads\/2025\/06\/Ciclismo-medallas-4.jpg","contentUrl":"https:\/\/ichd.mx\/wp-content\/uploads\/2025\/06\/Ciclismo-medallas-4.jpg","width":840,"height":441},{"@type":"BreadcrumbList","@id":"https:\/\/ichd.mx\/?p=6138#breadcrumb","itemListElement":[{"@type":"ListItem","position":1,"name":"Portada","item":"https:\/\/ichd.mx\/"},{"@type":"ListItem","position":2,"name":"Cierra Chihuahua con oro y bronce la primera etapa de ciclismo"}]},{"@type":"WebSite","@id":"https:\/\/ichd.mx\/#website","url":"https:\/\/ichd.mx\/","name":"ICHD","description":"Instituto Chihuahuense del Deporte y Cultura F\u00edsica","potentialAction":[{"@type":"SearchAction","target":{"@type":"EntryPoint","urlTemplate":"https:\/\/ichd.mx\/?s={search_term_string}"},"query-input":{"@type":"PropertyValueSpecification","valueRequired":true,"valueName":"search_term_string"}}],"inLanguage":"es"},{"@type":"Person","@id":"https:\/\/ichd.mx\/#\/schema\/person\/137528cf3411e3cbc248ffe1288137a7","name":"Prensa ICHD","image":{"@type":"ImageObject","inLanguage":"es","@id":"https:\/\/ichd.mx\/#\/schema\/person\/image\/","url":"https:\/\/secure.gravatar.com\/avatar\/166c01e5e415043a004f7d214348c415?s=96&d=mm&r=g","contentUrl":"https:\/\/secure.gravatar.com\/avatar\/166c01e5e415043a004f7d214348c415?s=96&d=mm&r=g","caption":"Prensa ICHD"},"url":"https:\/\/ichd.mx\/?author=3"}]}},"_links":{"self":[{"href":"https:\/\/ichd.mx\/index.php?rest_route=\/wp\/v2\/posts\/6138","targetHints":{"allow":["GET"]}}],"collection":[{"href":"https:\/\/ichd.mx\/index.php?rest_route=\/wp\/v2\/posts"}],"about":[{"href":"https:\/\/ichd.mx\/index.php?rest_route=\/wp\/v2\/types\/post"}],"author":[{"embeddable":true,"href":"https:\/\/ichd.mx\/index.php?rest_route=\/wp\/v2\/users\/3"}],"replies":[{"embeddable":true,"href":"https:\/\/ichd.mx\/index.php?rest_route=%2Fwp%2Fv2%2Fcomments&post=6138"}],"version-history":[{"count":1,"href":"https:\/\/ichd.mx\/index.php?rest_route=\/wp\/v2\/posts\/6138\/revisions"}],"predecessor-version":[{"id":6143,"href":"https:\/\/ichd.mx\/index.php?rest_route=\/wp\/v2\/posts\/6138\/revisions\/6143"}],"wp:featuredmedia":[{"embeddable":true,"href":"https:\/\/ichd.mx\/index.php?rest_route=\/wp\/v2\/media\/6142"}],"wp:attachment":[{"href":"https:\/\/ichd.mx\/index.php?rest_route=%2Fwp%2Fv2%2Fmedia&parent=6138"}],"wp:term":[{"taxonomy":"category","embeddable":true,"href":"https:\/\/ichd.mx\/index.php?rest_route=%2Fwp%2Fv2%2Fcategories&post=6138"},{"taxonomy":"post_tag","embeddable":true,"href":"https:\/\/ichd.mx\/index.php?rest_route=%2Fwp%2Fv2%2Ftags&post=6138"}],"curies":[{"name":"wp","href":"https:\/\/api.w.org\/{rel}","templated":true}]}}