{"id":6123,"date":"2025-06-16T17:04:49","date_gmt":"2025-06-16T23:04:49","guid":{"rendered":"https:\/\/ichd.mx\/?p=6123"},"modified":"2025-06-16T17:04:49","modified_gmt":"2025-06-16T23:04:49","slug":"fin-de-semana-de-medallas-para-chihuahua","status":"publish","type":"post","link":"https:\/\/ichd.mx\/?p=6123","title":{"rendered":"Fin de semana de medallas para Chihuahua"},"content":{"rendered":"<p>&#8211;En Olimpiada Nacional Conade 2025<\/p>\n<p>Chihuahua vivi\u00f3 una jornada de medallas este fin de semana en la Olimpiada Nacional Conade<br \/>\n2025, en d\u00f3nde sum\u00f3 2 medallas de plata y 2 de bronce en las disciplinas de Boliche, Luchas<br \/>\nAsociadas y Karate.<br \/>\nEl equipo integrado por Danna Garc\u00eda Carlos, Adonai Castellanos R\u00edos, Alexandra J\u00e1uregui<br \/>\nMaldonado y Ana Zamora Ceja, lograron la medalla de plata en la modalidad de Cuartetas de<br \/>\nla categor\u00eda sub 16 femenil, en d\u00f3nde Ciudad de M\u00e9xico se llev\u00f3 el oro y el bronce fue para<br \/>\nNuevo Le\u00f3n, en el cierre del boliche que se desarroll\u00f3 en Jalisco.<br \/>\nMientras que, en la disciplina de Luchas Asociadas, Adri\u00e1n Prieto V\u00e1zquez de la categor\u00eda<br \/>\nU15, logr\u00f3 la medalla de plata en la divisi\u00f3n de 75 kilogramos en la modalidad Libre, a su vez,<br \/>\nH\u00e9ctor Alan\u00eds P\u00e9rez se qued\u00f3 con la presea de bronce en los 41 kilogramos, de la misma<br \/>\ncategor\u00eda.<br \/>\nA su vez, Jeshua Villegas Villalobos, brind\u00f3 a Chihuahua la medalla de bronce en la divisi\u00f3n de<br \/>\n-68 kilogramos, en Karate que se desarroll\u00f3 en M\u00e9rida, Yucat\u00e1n.<img loading=\"lazy\" decoding=\"async\" class=\"alignnone size-medium wp-image-6121\" src=\"https:\/\/ichd.mx\/wp-content\/uploads\/2025\/06\/Hector-Alanis-bronce-luchas-asociadas-2-300x169.jpg\" alt=\"\" width=\"300\" height=\"169\" srcset=\"https:\/\/ichd.mx\/wp-content\/uploads\/2025\/06\/Hector-Alanis-bronce-luchas-asociadas-2-300x169.jpg 300w, https:\/\/ichd.mx\/wp-content\/uploads\/2025\/06\/Hector-Alanis-bronce-luchas-asociadas-2-1024x576.jpg 1024w, https:\/\/ichd.mx\/wp-content\/uploads\/2025\/06\/Hector-Alanis-bronce-luchas-asociadas-2-768x432.jpg 768w, https:\/\/ichd.mx\/wp-content\/uploads\/2025\/06\/Hector-Alanis-bronce-luchas-asociadas-2-1536x864.jpg 1536w, https:\/\/ichd.mx\/wp-content\/uploads\/2025\/06\/Hector-Alanis-bronce-luchas-asociadas-2.jpg 1600w\" sizes=\"auto, (max-width: 300px) 100vw, 300px\" \/> <img loading=\"lazy\" decoding=\"async\" class=\"alignnone size-medium wp-image-6122\" src=\"https:\/\/ichd.mx\/wp-content\/uploads\/2025\/06\/Jeshua-Villegas-bronce-karate-2-228x300.jpeg\" alt=\"\" width=\"228\" height=\"300\" srcset=\"https:\/\/ichd.mx\/wp-content\/uploads\/2025\/06\/Jeshua-Villegas-bronce-karate-2-228x300.jpeg 228w, https:\/\/ichd.mx\/wp-content\/uploads\/2025\/06\/Jeshua-Villegas-bronce-karate-2-778x1024.jpeg 778w, https:\/\/ichd.mx\/wp-content\/uploads\/2025\/06\/Jeshua-Villegas-bronce-karate-2-768x1011.jpeg 768w, https:\/\/ichd.mx\/wp-content\/uploads\/2025\/06\/Jeshua-Villegas-bronce-karate-2.jpeg 815w\" sizes=\"auto, (max-width: 228px) 100vw, 228px\" \/> <img loading=\"lazy\" decoding=\"async\" class=\"alignnone size-medium wp-image-6120\" src=\"https:\/\/ichd.mx\/wp-content\/uploads\/2025\/06\/Hector-Alanis-bronce-luchas-asociadas-1-169x300.jpg\" alt=\"\" width=\"169\" height=\"300\" srcset=\"https:\/\/ichd.mx\/wp-content\/uploads\/2025\/06\/Hector-Alanis-bronce-luchas-asociadas-1-169x300.jpg 169w, https:\/\/ichd.mx\/wp-content\/uploads\/2025\/06\/Hector-Alanis-bronce-luchas-asociadas-1-576x1024.jpg 576w, https:\/\/ichd.mx\/wp-content\/uploads\/2025\/06\/Hector-Alanis-bronce-luchas-asociadas-1-768x1366.jpg 768w, https:\/\/ichd.mx\/wp-content\/uploads\/2025\/06\/Hector-Alanis-bronce-luchas-asociadas-1-864x1536.jpg 864w, https:\/\/ichd.mx\/wp-content\/uploads\/2025\/06\/Hector-Alanis-bronce-luchas-asociadas-1.jpg 899w\" sizes=\"auto, (max-width: 169px) 100vw, 169px\" \/> <img loading=\"lazy\" decoding=\"async\" class=\"alignnone size-medium wp-image-6119\" src=\"https:\/\/ichd.mx\/wp-content\/uploads\/2025\/06\/Adrian-Prieto-plata-luchas-asociadas-3-169x300.jpg\" alt=\"\" width=\"169\" height=\"300\" srcset=\"https:\/\/ichd.mx\/wp-content\/uploads\/2025\/06\/Adrian-Prieto-plata-luchas-asociadas-3-169x300.jpg 169w, https:\/\/ichd.mx\/wp-content\/uploads\/2025\/06\/Adrian-Prieto-plata-luchas-asociadas-3-576x1024.jpg 576w, https:\/\/ichd.mx\/wp-content\/uploads\/2025\/06\/Adrian-Prieto-plata-luchas-asociadas-3-768x1366.jpg 768w, https:\/\/ichd.mx\/wp-content\/uploads\/2025\/06\/Adrian-Prieto-plata-luchas-asociadas-3-864x1536.jpg 864w, https:\/\/ichd.mx\/wp-content\/uploads\/2025\/06\/Adrian-Prieto-plata-luchas-asociadas-3.jpg 899w\" sizes=\"auto, (max-width: 169px) 100vw, 169px\" \/> <img loading=\"lazy\" decoding=\"async\" class=\"alignnone size-medium wp-image-6118\" src=\"https:\/\/ichd.mx\/wp-content\/uploads\/2025\/06\/Adrian-Prieto-plata-luchas-asociadas-1-225x300.jpg\" alt=\"\" width=\"225\" height=\"300\" srcset=\"https:\/\/ichd.mx\/wp-content\/uploads\/2025\/06\/Adrian-Prieto-plata-luchas-asociadas-1-225x300.jpg 225w, https:\/\/ichd.mx\/wp-content\/uploads\/2025\/06\/Adrian-Prieto-plata-luchas-asociadas-1-768x1024.jpg 768w, https:\/\/ichd.mx\/wp-content\/uploads\/2025\/06\/Adrian-Prieto-plata-luchas-asociadas-1-1152x1536.jpg 1152w, https:\/\/ichd.mx\/wp-content\/uploads\/2025\/06\/Adrian-Prieto-plata-luchas-asociadas-1.jpg 1200w\" sizes=\"auto, (max-width: 225px) 100vw, 225px\" \/> <img loading=\"lazy\" decoding=\"async\" class=\"alignnone size-medium wp-image-6117\" src=\"https:\/\/ichd.mx\/wp-content\/uploads\/2025\/06\/Cuarteta-plata-boliche-2-169x300.jpeg\" alt=\"\" width=\"169\" height=\"300\" srcset=\"https:\/\/ichd.mx\/wp-content\/uploads\/2025\/06\/Cuarteta-plata-boliche-2-169x300.jpeg 169w, https:\/\/ichd.mx\/wp-content\/uploads\/2025\/06\/Cuarteta-plata-boliche-2-576x1024.jpeg 576w, https:\/\/ichd.mx\/wp-content\/uploads\/2025\/06\/Cuarteta-plata-boliche-2-768x1365.jpeg 768w, https:\/\/ichd.mx\/wp-content\/uploads\/2025\/06\/Cuarteta-plata-boliche-2-864x1536.jpeg 864w, https:\/\/ichd.mx\/wp-content\/uploads\/2025\/06\/Cuarteta-plata-boliche-2.jpeg 900w\" sizes=\"auto, (max-width: 169px) 100vw, 169px\" \/> <img loading=\"lazy\" decoding=\"async\" class=\"alignnone size-medium wp-image-6116\" src=\"https:\/\/ichd.mx\/wp-content\/uploads\/2025\/06\/Cuarteta-plata-boliche-1-169x300.jpeg\" alt=\"\" width=\"169\" height=\"300\" srcset=\"https:\/\/ichd.mx\/wp-content\/uploads\/2025\/06\/Cuarteta-plata-boliche-1-169x300.jpeg 169w, https:\/\/ichd.mx\/wp-content\/uploads\/2025\/06\/Cuarteta-plata-boliche-1-576x1024.jpeg 576w, https:\/\/ichd.mx\/wp-content\/uploads\/2025\/06\/Cuarteta-plata-boliche-1-768x1365.jpeg 768w, https:\/\/ichd.mx\/wp-content\/uploads\/2025\/06\/Cuarteta-plata-boliche-1-864x1536.jpeg 864w, https:\/\/ichd.mx\/wp-content\/uploads\/2025\/06\/Cuarteta-plata-boliche-1.jpeg 900w\" sizes=\"auto, (max-width: 169px) 100vw, 169px\" \/><\/p>\n","protected":false},"excerpt":{"rendered":"<p>&#8211;En Olimpiada Nacional Conade 2025 Chihuahua vivi\u00f3 una jornada de medallas este fin de semana en la Olimpiada Nacional Conade<\/p>\n","protected":false},"author":3,"featured_media":6121,"comment_status":"closed","ping_status":"open","sticky":false,"template":"","format":"standard","meta":{"footnotes":""},"categories":[8,163,5,2,3],"tags":[],"class_list":["post-6123","post","type-post","status-publish","format-standard","has-post-thumbnail","hentry","category-gral","category-main-2","category-on","category-ppal","category-sub"],"yoast_head":"<!-- This site is optimized with the Yoast SEO plugin v25.9 - https:\/\/yoast.com\/wordpress\/plugins\/seo\/ -->\n<title>Fin de semana de medallas para Chihuahua - ICHD<\/title>\n<meta name=\"robots\" content=\"index, follow, max-snippet:-1, max-image-preview:large, max-video-preview:-1\" \/>\n<link rel=\"canonical\" href=\"https:\/\/ichd.mx\/?p=6123\" \/>\n<meta property=\"og:locale\" content=\"es_ES\" \/>\n<meta property=\"og:type\" content=\"article\" \/>\n<meta property=\"og:title\" content=\"Fin de semana de medallas para Chihuahua - ICHD\" \/>\n<meta property=\"og:description\" content=\"&#8211;En Olimpiada Nacional Conade 2025 Chihuahua vivi\u00f3 una jornada de medallas este fin de semana en la Olimpiada Nacional Conade\" \/>\n<meta property=\"og:url\" content=\"https:\/\/ichd.mx\/?p=6123\" \/>\n<meta property=\"og:site_name\" content=\"ICHD\" \/>\n<meta property=\"article:publisher\" content=\"https:\/\/www.facebook.com\/ichdmx\" \/>\n<meta property=\"article:published_time\" content=\"2025-06-16T23:04:49+00:00\" \/>\n<meta property=\"og:image\" content=\"https:\/\/ichd.mx\/wp-content\/uploads\/2025\/06\/Hector-Alanis-bronce-luchas-asociadas-2.jpg\" \/>\n\t<meta property=\"og:image:width\" content=\"1600\" \/>\n\t<meta property=\"og:image:height\" content=\"900\" \/>\n\t<meta property=\"og:image:type\" content=\"image\/jpeg\" \/>\n<meta name=\"author\" content=\"Prensa ICHD\" \/>\n<meta name=\"twitter:card\" content=\"summary_large_image\" \/>\n<meta name=\"twitter:creator\" content=\"@ICHDmx\" \/>\n<meta name=\"twitter:site\" content=\"@ICHDmx\" \/>\n<meta name=\"twitter:label1\" content=\"Escrito por\" \/>\n\t<meta name=\"twitter:data1\" content=\"Prensa ICHD\" \/>\n\t<meta name=\"twitter:label2\" content=\"Tiempo de lectura\" \/>\n\t<meta name=\"twitter:data2\" content=\"3 minutos\" \/>\n<script type=\"application\/ld+json\" class=\"yoast-schema-graph\">{\"@context\":\"https:\/\/schema.org\",\"@graph\":[{\"@type\":\"WebPage\",\"@id\":\"https:\/\/ichd.mx\/?p=6123\",\"url\":\"https:\/\/ichd.mx\/?p=6123\",\"name\":\"Fin de semana de medallas para Chihuahua - ICHD\",\"isPartOf\":{\"@id\":\"https:\/\/ichd.mx\/#website\"},\"primaryImageOfPage\":{\"@id\":\"https:\/\/ichd.mx\/?p=6123#primaryimage\"},\"image\":{\"@id\":\"https:\/\/ichd.mx\/?p=6123#primaryimage\"},\"thumbnailUrl\":\"https:\/\/ichd.mx\/wp-content\/uploads\/2025\/06\/Hector-Alanis-bronce-luchas-asociadas-2.jpg\",\"datePublished\":\"2025-06-16T23:04:49+00:00\",\"author\":{\"@id\":\"https:\/\/ichd.mx\/#\/schema\/person\/137528cf3411e3cbc248ffe1288137a7\"},\"breadcrumb\":{\"@id\":\"https:\/\/ichd.mx\/?p=6123#breadcrumb\"},\"inLanguage\":\"es\",\"potentialAction\":[{\"@type\":\"ReadAction\",\"target\":[\"https:\/\/ichd.mx\/?p=6123\"]}]},{\"@type\":\"ImageObject\",\"inLanguage\":\"es\",\"@id\":\"https:\/\/ichd.mx\/?p=6123#primaryimage\",\"url\":\"https:\/\/ichd.mx\/wp-content\/uploads\/2025\/06\/Hector-Alanis-bronce-luchas-asociadas-2.jpg\",\"contentUrl\":\"https:\/\/ichd.mx\/wp-content\/uploads\/2025\/06\/Hector-Alanis-bronce-luchas-asociadas-2.jpg\",\"width\":1600,\"height\":900},{\"@type\":\"BreadcrumbList\",\"@id\":\"https:\/\/ichd.mx\/?p=6123#breadcrumb\",\"itemListElement\":[{\"@type\":\"ListItem\",\"position\":1,\"name\":\"Portada\",\"item\":\"https:\/\/ichd.mx\/\"},{\"@type\":\"ListItem\",\"position\":2,\"name\":\"Fin de semana de medallas para Chihuahua\"}]},{\"@type\":\"WebSite\",\"@id\":\"https:\/\/ichd.mx\/#website\",\"url\":\"https:\/\/ichd.mx\/\",\"name\":\"ICHD\",\"description\":\"Instituto Chihuahuense del Deporte y Cultura F\u00edsica\",\"potentialAction\":[{\"@type\":\"SearchAction\",\"target\":{\"@type\":\"EntryPoint\",\"urlTemplate\":\"https:\/\/ichd.mx\/?s={search_term_string}\"},\"query-input\":{\"@type\":\"PropertyValueSpecification\",\"valueRequired\":true,\"valueName\":\"search_term_string\"}}],\"inLanguage\":\"es\"},{\"@type\":\"Person\",\"@id\":\"https:\/\/ichd.mx\/#\/schema\/person\/137528cf3411e3cbc248ffe1288137a7\",\"name\":\"Prensa ICHD\",\"image\":{\"@type\":\"ImageObject\",\"inLanguage\":\"es\",\"@id\":\"https:\/\/ichd.mx\/#\/schema\/person\/image\/\",\"url\":\"https:\/\/secure.gravatar.com\/avatar\/166c01e5e415043a004f7d214348c415?s=96&d=mm&r=g\",\"contentUrl\":\"https:\/\/secure.gravatar.com\/avatar\/166c01e5e415043a004f7d214348c415?s=96&d=mm&r=g\",\"caption\":\"Prensa ICHD\"},\"url\":\"https:\/\/ichd.mx\/?author=3\"}]}<\/script>\n<!-- \/ Yoast SEO plugin. -->","yoast_head_json":{"title":"Fin de semana de medallas para Chihuahua - ICHD","robots":{"index":"index","follow":"follow","max-snippet":"max-snippet:-1","max-image-preview":"max-image-preview:large","max-video-preview":"max-video-preview:-1"},"canonical":"https:\/\/ichd.mx\/?p=6123","og_locale":"es_ES","og_type":"article","og_title":"Fin de semana de medallas para Chihuahua - ICHD","og_description":"&#8211;En Olimpiada Nacional Conade 2025 Chihuahua vivi\u00f3 una jornada de medallas este fin de semana en la Olimpiada Nacional Conade","og_url":"https:\/\/ichd.mx\/?p=6123","og_site_name":"ICHD","article_publisher":"https:\/\/www.facebook.com\/ichdmx","article_published_time":"2025-06-16T23:04:49+00:00","og_image":[{"width":1600,"height":900,"url":"https:\/\/ichd.mx\/wp-content\/uploads\/2025\/06\/Hector-Alanis-bronce-luchas-asociadas-2.jpg","type":"image\/jpeg"}],"author":"Prensa ICHD","twitter_card":"summary_large_image","twitter_creator":"@ICHDmx","twitter_site":"@ICHDmx","twitter_misc":{"Escrito por":"Prensa ICHD","Tiempo de lectura":"3 minutos"},"schema":{"@context":"https:\/\/schema.org","@graph":[{"@type":"WebPage","@id":"https:\/\/ichd.mx\/?p=6123","url":"https:\/\/ichd.mx\/?p=6123","name":"Fin de semana de medallas para Chihuahua - ICHD","isPartOf":{"@id":"https:\/\/ichd.mx\/#website"},"primaryImageOfPage":{"@id":"https:\/\/ichd.mx\/?p=6123#primaryimage"},"image":{"@id":"https:\/\/ichd.mx\/?p=6123#primaryimage"},"thumbnailUrl":"https:\/\/ichd.mx\/wp-content\/uploads\/2025\/06\/Hector-Alanis-bronce-luchas-asociadas-2.jpg","datePublished":"2025-06-16T23:04:49+00:00","author":{"@id":"https:\/\/ichd.mx\/#\/schema\/person\/137528cf3411e3cbc248ffe1288137a7"},"breadcrumb":{"@id":"https:\/\/ichd.mx\/?p=6123#breadcrumb"},"inLanguage":"es","potentialAction":[{"@type":"ReadAction","target":["https:\/\/ichd.mx\/?p=6123"]}]},{"@type":"ImageObject","inLanguage":"es","@id":"https:\/\/ichd.mx\/?p=6123#primaryimage","url":"https:\/\/ichd.mx\/wp-content\/uploads\/2025\/06\/Hector-Alanis-bronce-luchas-asociadas-2.jpg","contentUrl":"https:\/\/ichd.mx\/wp-content\/uploads\/2025\/06\/Hector-Alanis-bronce-luchas-asociadas-2.jpg","width":1600,"height":900},{"@type":"BreadcrumbList","@id":"https:\/\/ichd.mx\/?p=6123#breadcrumb","itemListElement":[{"@type":"ListItem","position":1,"name":"Portada","item":"https:\/\/ichd.mx\/"},{"@type":"ListItem","position":2,"name":"Fin de semana de medallas para Chihuahua"}]},{"@type":"WebSite","@id":"https:\/\/ichd.mx\/#website","url":"https:\/\/ichd.mx\/","name":"ICHD","description":"Instituto Chihuahuense del Deporte y Cultura F\u00edsica","potentialAction":[{"@type":"SearchAction","target":{"@type":"EntryPoint","urlTemplate":"https:\/\/ichd.mx\/?s={search_term_string}"},"query-input":{"@type":"PropertyValueSpecification","valueRequired":true,"valueName":"search_term_string"}}],"inLanguage":"es"},{"@type":"Person","@id":"https:\/\/ichd.mx\/#\/schema\/person\/137528cf3411e3cbc248ffe1288137a7","name":"Prensa ICHD","image":{"@type":"ImageObject","inLanguage":"es","@id":"https:\/\/ichd.mx\/#\/schema\/person\/image\/","url":"https:\/\/secure.gravatar.com\/avatar\/166c01e5e415043a004f7d214348c415?s=96&d=mm&r=g","contentUrl":"https:\/\/secure.gravatar.com\/avatar\/166c01e5e415043a004f7d214348c415?s=96&d=mm&r=g","caption":"Prensa ICHD"},"url":"https:\/\/ichd.mx\/?author=3"}]}},"_links":{"self":[{"href":"https:\/\/ichd.mx\/index.php?rest_route=\/wp\/v2\/posts\/6123","targetHints":{"allow":["GET"]}}],"collection":[{"href":"https:\/\/ichd.mx\/index.php?rest_route=\/wp\/v2\/posts"}],"about":[{"href":"https:\/\/ichd.mx\/index.php?rest_route=\/wp\/v2\/types\/post"}],"author":[{"embeddable":true,"href":"https:\/\/ichd.mx\/index.php?rest_route=\/wp\/v2\/users\/3"}],"replies":[{"embeddable":true,"href":"https:\/\/ichd.mx\/index.php?rest_route=%2Fwp%2Fv2%2Fcomments&post=6123"}],"version-history":[{"count":1,"href":"https:\/\/ichd.mx\/index.php?rest_route=\/wp\/v2\/posts\/6123\/revisions"}],"predecessor-version":[{"id":6124,"href":"https:\/\/ichd.mx\/index.php?rest_route=\/wp\/v2\/posts\/6123\/revisions\/6124"}],"wp:featuredmedia":[{"embeddable":true,"href":"https:\/\/ichd.mx\/index.php?rest_route=\/wp\/v2\/media\/6121"}],"wp:attachment":[{"href":"https:\/\/ichd.mx\/index.php?rest_route=%2Fwp%2Fv2%2Fmedia&parent=6123"}],"wp:term":[{"taxonomy":"category","embeddable":true,"href":"https:\/\/ichd.mx\/index.php?rest_route=%2Fwp%2Fv2%2Fcategories&post=6123"},{"taxonomy":"post_tag","embeddable":true,"href":"https:\/\/ichd.mx\/index.php?rest_route=%2Fwp%2Fv2%2Ftags&post=6123"}],"curies":[{"name":"wp","href":"https:\/\/api.w.org\/{rel}","templated":true}]}}