{"id":5863,"date":"2025-03-29T10:06:07","date_gmt":"2025-03-29T16:06:07","guid":{"rendered":"https:\/\/ichd.mx\/?p=5863"},"modified":"2025-04-21T10:08:30","modified_gmt":"2025-04-21T16:08:30","slug":"realizan-carrera-por-la-paz-y-contra-las-adicciones-en-chihuahua","status":"publish","type":"post","link":"https:\/\/ichd.mx\/?p=5863","title":{"rendered":"Realizan \u201cCarrera por la Paz y Contra las Adicciones\u201d en Chihuahua"},"content":{"rendered":"<p>&#8211; Con la participaci\u00f3n de estudiantes de instituciones de Educaci\u00f3n Media Superior, personal<\/p>\n<p>educativo, familias y poblaci\u00f3n en general<\/p>\n<p>Con la participaci\u00f3n de aproximadamente 750 personas, entre ellas estudiantes, personal<br \/>\neducativo, familias y poblaci\u00f3n en general, se llev\u00f3 a cabo la \u201cCarrera por la Paz y Contra las<br \/>\nAdicciones\u201d en la Ciudad Deportiva de la capital del estado.<\/p>\n<p>La actividad fue organizada por la Secretar\u00eda de Educaci\u00f3n y Deporte (SEyD), a trav\u00e9s del<br \/>\nInstituto Chihuahuense del Deporte y Cultura F\u00edsica (ICHD), como parte de la Estrategia<br \/>\nNacional de Prevenci\u00f3n de Conductas de Riesgo, que impulsa el Gobierno Federal en<br \/>\ncoordinaci\u00f3n con las entidades estatales.<\/p>\n<p>Esta competencia forma parte de la Semana Nacional de la Cultura F\u00edsica y el Deporte 2025,<br \/>\nque se desarrolla por decreto federal la primera semana de abril de cada a\u00f1o.<\/p>\n<p>El arranque oficial estuvo a cargo del secretario de Educaci\u00f3n y Deporte, Francisco Hugo<br \/>\nGuti\u00e9rrez D\u00e1vila, quien se\u00f1al\u00f3 que mediante estas acciones, se fomenta una vida saludable y<br \/>\nlibre del consumo de sustancias nocivas.<\/p>\n<p>Adem\u00e1s contribuye al fortalecimiento de la cohesi\u00f3n social, el uso de los espacios p\u00fablicos, la<br \/>\nintegraci\u00f3n comunitaria y a la promoci\u00f3n de la activaci\u00f3n f\u00edsica, la paz y el bienestar colectivo.<\/p>\n<p>A\u00f1adi\u00f3 que el ejercicio es una herramienta fundamental para mejorar la calidad de vida,<br \/>\nfortalecer el cuerpo y la mente, y alejarse de la violencia y las adicciones: \u201cCon cada paso que<br \/>\nden en esta carrera, estar\u00e1n impulsando una cultura del movimiento y el autocuidado\u201d.<\/p>\n<p>\u201cDesde el Gobierno del Estado, que encabeza la gobernadora Maru Campos, la SEyD, y de las<br \/>\ninstituciones educativas que la conforman, reafirmamos nuestro compromiso de impulsar<br \/>\niniciativas que fomenten espacios seguros y estilos de vida saludables en las escuelas,<br \/>\ncomunidades y familias\u201d, expres\u00f3 Guti\u00e9rrez D\u00e1vila.<\/p>\n<p>La actividad consisti\u00f3 en una carrera de 4 km y un caminata recreativa de 2 km, alrededor de<br \/>\nlas instalaciones de la Ciudad Deportiva, con la participaci\u00f3n de j\u00f3venes pertenecientes a los<br \/>\ndiferentes subsistemas de Educaci\u00f3n Media Superior.<\/p>\n<p>Los subsistemas de Educaci\u00f3n Media Superior que participaron fueron el Colegio de<br \/>\nBachilleres del Estado de Chihuahua (Cobach), Colegio de Educaci\u00f3n Profesional T\u00e9cnica del<br \/>\nEstado de Chihuahua (Conalep), y el Colegio de Estudios Cient\u00edficos y Tecnol\u00f3gicos del<br \/>\nEstado de Chihuahua (CECyTECH).<\/p>\n<p>Adem\u00e1s del Subsistema de Preparatoria Abierta y Telebachillerato (SPAyT), Direcci\u00f3n General<br \/>\nde Educaci\u00f3n Tecnol\u00f3gica Industrial y de Servicios (DGETI), Centro de Educaci\u00f3n Art\u00edstica<br \/>\n(CEDART) y Preparatorias del Estado.<img loading=\"lazy\" decoding=\"async\" class=\"alignnone size-medium wp-image-5864\" src=\"https:\/\/ichd.mx\/wp-content\/uploads\/2025\/04\/1-7-300x200.jpg\" alt=\"\" width=\"300\" height=\"200\" srcset=\"https:\/\/ichd.mx\/wp-content\/uploads\/2025\/04\/1-7-300x200.jpg 300w, https:\/\/ichd.mx\/wp-content\/uploads\/2025\/04\/1-7-1024x683.jpg 1024w, https:\/\/ichd.mx\/wp-content\/uploads\/2025\/04\/1-7-768x512.jpg 768w, https:\/\/ichd.mx\/wp-content\/uploads\/2025\/04\/1-7-1536x1024.jpg 1536w, https:\/\/ichd.mx\/wp-content\/uploads\/2025\/04\/1-7.jpg 2048w\" sizes=\"auto, (max-width: 300px) 100vw, 300px\" \/> <img loading=\"lazy\" decoding=\"async\" class=\"alignnone size-medium wp-image-5865\" src=\"https:\/\/ichd.mx\/wp-content\/uploads\/2025\/04\/3-3-300x200.jpg\" alt=\"\" width=\"300\" height=\"200\" srcset=\"https:\/\/ichd.mx\/wp-content\/uploads\/2025\/04\/3-3-300x200.jpg 300w, https:\/\/ichd.mx\/wp-content\/uploads\/2025\/04\/3-3-1024x683.jpg 1024w, https:\/\/ichd.mx\/wp-content\/uploads\/2025\/04\/3-3-768x512.jpg 768w, https:\/\/ichd.mx\/wp-content\/uploads\/2025\/04\/3-3-1536x1024.jpg 1536w, https:\/\/ichd.mx\/wp-content\/uploads\/2025\/04\/3-3.jpg 2048w\" sizes=\"auto, (max-width: 300px) 100vw, 300px\" \/> <img loading=\"lazy\" decoding=\"async\" class=\"alignnone size-medium wp-image-5866\" src=\"https:\/\/ichd.mx\/wp-content\/uploads\/2025\/04\/7-5-300x200.jpg\" alt=\"\" width=\"300\" height=\"200\" srcset=\"https:\/\/ichd.mx\/wp-content\/uploads\/2025\/04\/7-5-300x200.jpg 300w, https:\/\/ichd.mx\/wp-content\/uploads\/2025\/04\/7-5-1024x683.jpg 1024w, https:\/\/ichd.mx\/wp-content\/uploads\/2025\/04\/7-5-768x512.jpg 768w, https:\/\/ichd.mx\/wp-content\/uploads\/2025\/04\/7-5-1536x1024.jpg 1536w, https:\/\/ichd.mx\/wp-content\/uploads\/2025\/04\/7-5.jpg 2048w\" sizes=\"auto, (max-width: 300px) 100vw, 300px\" \/> <img loading=\"lazy\" decoding=\"async\" class=\"alignnone size-medium wp-image-5867\" src=\"https:\/\/ichd.mx\/wp-content\/uploads\/2025\/04\/8-6-300x200.jpg\" alt=\"\" width=\"300\" height=\"200\" srcset=\"https:\/\/ichd.mx\/wp-content\/uploads\/2025\/04\/8-6-300x200.jpg 300w, https:\/\/ichd.mx\/wp-content\/uploads\/2025\/04\/8-6-1024x683.jpg 1024w, https:\/\/ichd.mx\/wp-content\/uploads\/2025\/04\/8-6-768x512.jpg 768w, https:\/\/ichd.mx\/wp-content\/uploads\/2025\/04\/8-6-1536x1024.jpg 1536w, https:\/\/ichd.mx\/wp-content\/uploads\/2025\/04\/8-6.jpg 2048w\" sizes=\"auto, (max-width: 300px) 100vw, 300px\" \/> <img loading=\"lazy\" decoding=\"async\" class=\"alignnone size-medium wp-image-5868\" src=\"https:\/\/ichd.mx\/wp-content\/uploads\/2025\/04\/9-2-300x200.jpg\" alt=\"\" width=\"300\" height=\"200\" srcset=\"https:\/\/ichd.mx\/wp-content\/uploads\/2025\/04\/9-2-300x200.jpg 300w, https:\/\/ichd.mx\/wp-content\/uploads\/2025\/04\/9-2-1024x683.jpg 1024w, https:\/\/ichd.mx\/wp-content\/uploads\/2025\/04\/9-2-768x512.jpg 768w, https:\/\/ichd.mx\/wp-content\/uploads\/2025\/04\/9-2-1536x1024.jpg 1536w, https:\/\/ichd.mx\/wp-content\/uploads\/2025\/04\/9-2.jpg 2048w\" sizes=\"auto, (max-width: 300px) 100vw, 300px\" \/><\/p>\n","protected":false},"excerpt":{"rendered":"<p>&#8211; Con la participaci\u00f3n de estudiantes de instituciones de Educaci\u00f3n Media Superior, personal educativo, familias y poblaci\u00f3n en general Con<\/p>\n","protected":false},"author":3,"featured_media":5867,"comment_status":"closed","ping_status":"open","sticky":false,"template":"","format":"standard","meta":{"footnotes":""},"categories":[8,2,3],"tags":[],"class_list":["post-5863","post","type-post","status-publish","format-standard","has-post-thumbnail","hentry","category-gral","category-ppal","category-sub"],"yoast_head":"<!-- This site is optimized with the Yoast SEO plugin v25.9 - https:\/\/yoast.com\/wordpress\/plugins\/seo\/ -->\n<title>Realizan \u201cCarrera por la Paz y Contra las Adicciones\u201d en Chihuahua - ICHD<\/title>\n<meta name=\"robots\" content=\"index, follow, max-snippet:-1, max-image-preview:large, max-video-preview:-1\" \/>\n<link rel=\"canonical\" href=\"https:\/\/ichd.mx\/?p=5863\" \/>\n<meta property=\"og:locale\" content=\"es_ES\" \/>\n<meta property=\"og:type\" content=\"article\" \/>\n<meta property=\"og:title\" content=\"Realizan \u201cCarrera por la Paz y Contra las Adicciones\u201d en Chihuahua - ICHD\" \/>\n<meta property=\"og:description\" content=\"&#8211; Con la participaci\u00f3n de estudiantes de instituciones de Educaci\u00f3n Media Superior, personal educativo, familias y poblaci\u00f3n en general Con\" \/>\n<meta property=\"og:url\" content=\"https:\/\/ichd.mx\/?p=5863\" \/>\n<meta property=\"og:site_name\" content=\"ICHD\" \/>\n<meta property=\"article:publisher\" content=\"https:\/\/www.facebook.com\/ichdmx\" \/>\n<meta property=\"article:published_time\" content=\"2025-03-29T16:06:07+00:00\" \/>\n<meta property=\"article:modified_time\" content=\"2025-04-21T16:08:30+00:00\" \/>\n<meta property=\"og:image\" content=\"https:\/\/ichd.mx\/wp-content\/uploads\/2025\/04\/8-6.jpg\" \/>\n\t<meta property=\"og:image:width\" content=\"2048\" \/>\n\t<meta property=\"og:image:height\" content=\"1365\" \/>\n\t<meta property=\"og:image:type\" content=\"image\/jpeg\" \/>\n<meta name=\"author\" content=\"Prensa ICHD\" \/>\n<meta name=\"twitter:card\" content=\"summary_large_image\" \/>\n<meta name=\"twitter:creator\" content=\"@ICHDmx\" \/>\n<meta name=\"twitter:site\" content=\"@ICHDmx\" \/>\n<meta name=\"twitter:label1\" content=\"Escrito por\" \/>\n\t<meta name=\"twitter:data1\" content=\"Prensa ICHD\" \/>\n\t<meta name=\"twitter:label2\" content=\"Tiempo de lectura\" \/>\n\t<meta name=\"twitter:data2\" content=\"4 minutos\" \/>\n<script type=\"application\/ld+json\" class=\"yoast-schema-graph\">{\"@context\":\"https:\/\/schema.org\",\"@graph\":[{\"@type\":\"WebPage\",\"@id\":\"https:\/\/ichd.mx\/?p=5863\",\"url\":\"https:\/\/ichd.mx\/?p=5863\",\"name\":\"Realizan \u201cCarrera por la Paz y Contra las Adicciones\u201d en Chihuahua - ICHD\",\"isPartOf\":{\"@id\":\"https:\/\/ichd.mx\/#website\"},\"primaryImageOfPage\":{\"@id\":\"https:\/\/ichd.mx\/?p=5863#primaryimage\"},\"image\":{\"@id\":\"https:\/\/ichd.mx\/?p=5863#primaryimage\"},\"thumbnailUrl\":\"https:\/\/ichd.mx\/wp-content\/uploads\/2025\/04\/8-6.jpg\",\"datePublished\":\"2025-03-29T16:06:07+00:00\",\"dateModified\":\"2025-04-21T16:08:30+00:00\",\"author\":{\"@id\":\"https:\/\/ichd.mx\/#\/schema\/person\/137528cf3411e3cbc248ffe1288137a7\"},\"breadcrumb\":{\"@id\":\"https:\/\/ichd.mx\/?p=5863#breadcrumb\"},\"inLanguage\":\"es\",\"potentialAction\":[{\"@type\":\"ReadAction\",\"target\":[\"https:\/\/ichd.mx\/?p=5863\"]}]},{\"@type\":\"ImageObject\",\"inLanguage\":\"es\",\"@id\":\"https:\/\/ichd.mx\/?p=5863#primaryimage\",\"url\":\"https:\/\/ichd.mx\/wp-content\/uploads\/2025\/04\/8-6.jpg\",\"contentUrl\":\"https:\/\/ichd.mx\/wp-content\/uploads\/2025\/04\/8-6.jpg\",\"width\":2048,\"height\":1365},{\"@type\":\"BreadcrumbList\",\"@id\":\"https:\/\/ichd.mx\/?p=5863#breadcrumb\",\"itemListElement\":[{\"@type\":\"ListItem\",\"position\":1,\"name\":\"Portada\",\"item\":\"https:\/\/ichd.mx\/\"},{\"@type\":\"ListItem\",\"position\":2,\"name\":\"Realizan \u201cCarrera por la Paz y Contra las Adicciones\u201d en Chihuahua\"}]},{\"@type\":\"WebSite\",\"@id\":\"https:\/\/ichd.mx\/#website\",\"url\":\"https:\/\/ichd.mx\/\",\"name\":\"ICHD\",\"description\":\"Instituto Chihuahuense del Deporte y Cultura F\u00edsica\",\"potentialAction\":[{\"@type\":\"SearchAction\",\"target\":{\"@type\":\"EntryPoint\",\"urlTemplate\":\"https:\/\/ichd.mx\/?s={search_term_string}\"},\"query-input\":{\"@type\":\"PropertyValueSpecification\",\"valueRequired\":true,\"valueName\":\"search_term_string\"}}],\"inLanguage\":\"es\"},{\"@type\":\"Person\",\"@id\":\"https:\/\/ichd.mx\/#\/schema\/person\/137528cf3411e3cbc248ffe1288137a7\",\"name\":\"Prensa ICHD\",\"image\":{\"@type\":\"ImageObject\",\"inLanguage\":\"es\",\"@id\":\"https:\/\/ichd.mx\/#\/schema\/person\/image\/\",\"url\":\"https:\/\/secure.gravatar.com\/avatar\/166c01e5e415043a004f7d214348c415?s=96&d=mm&r=g\",\"contentUrl\":\"https:\/\/secure.gravatar.com\/avatar\/166c01e5e415043a004f7d214348c415?s=96&d=mm&r=g\",\"caption\":\"Prensa ICHD\"},\"url\":\"https:\/\/ichd.mx\/?author=3\"}]}<\/script>\n<!-- \/ Yoast SEO plugin. -->","yoast_head_json":{"title":"Realizan \u201cCarrera por la Paz y Contra las Adicciones\u201d en Chihuahua - ICHD","robots":{"index":"index","follow":"follow","max-snippet":"max-snippet:-1","max-image-preview":"max-image-preview:large","max-video-preview":"max-video-preview:-1"},"canonical":"https:\/\/ichd.mx\/?p=5863","og_locale":"es_ES","og_type":"article","og_title":"Realizan \u201cCarrera por la Paz y Contra las Adicciones\u201d en Chihuahua - ICHD","og_description":"&#8211; Con la participaci\u00f3n de estudiantes de instituciones de Educaci\u00f3n Media Superior, personal educativo, familias y poblaci\u00f3n en general Con","og_url":"https:\/\/ichd.mx\/?p=5863","og_site_name":"ICHD","article_publisher":"https:\/\/www.facebook.com\/ichdmx","article_published_time":"2025-03-29T16:06:07+00:00","article_modified_time":"2025-04-21T16:08:30+00:00","og_image":[{"width":2048,"height":1365,"url":"https:\/\/ichd.mx\/wp-content\/uploads\/2025\/04\/8-6.jpg","type":"image\/jpeg"}],"author":"Prensa ICHD","twitter_card":"summary_large_image","twitter_creator":"@ICHDmx","twitter_site":"@ICHDmx","twitter_misc":{"Escrito por":"Prensa ICHD","Tiempo de lectura":"4 minutos"},"schema":{"@context":"https:\/\/schema.org","@graph":[{"@type":"WebPage","@id":"https:\/\/ichd.mx\/?p=5863","url":"https:\/\/ichd.mx\/?p=5863","name":"Realizan \u201cCarrera por la Paz y Contra las Adicciones\u201d en Chihuahua - ICHD","isPartOf":{"@id":"https:\/\/ichd.mx\/#website"},"primaryImageOfPage":{"@id":"https:\/\/ichd.mx\/?p=5863#primaryimage"},"image":{"@id":"https:\/\/ichd.mx\/?p=5863#primaryimage"},"thumbnailUrl":"https:\/\/ichd.mx\/wp-content\/uploads\/2025\/04\/8-6.jpg","datePublished":"2025-03-29T16:06:07+00:00","dateModified":"2025-04-21T16:08:30+00:00","author":{"@id":"https:\/\/ichd.mx\/#\/schema\/person\/137528cf3411e3cbc248ffe1288137a7"},"breadcrumb":{"@id":"https:\/\/ichd.mx\/?p=5863#breadcrumb"},"inLanguage":"es","potentialAction":[{"@type":"ReadAction","target":["https:\/\/ichd.mx\/?p=5863"]}]},{"@type":"ImageObject","inLanguage":"es","@id":"https:\/\/ichd.mx\/?p=5863#primaryimage","url":"https:\/\/ichd.mx\/wp-content\/uploads\/2025\/04\/8-6.jpg","contentUrl":"https:\/\/ichd.mx\/wp-content\/uploads\/2025\/04\/8-6.jpg","width":2048,"height":1365},{"@type":"BreadcrumbList","@id":"https:\/\/ichd.mx\/?p=5863#breadcrumb","itemListElement":[{"@type":"ListItem","position":1,"name":"Portada","item":"https:\/\/ichd.mx\/"},{"@type":"ListItem","position":2,"name":"Realizan \u201cCarrera por la Paz y Contra las Adicciones\u201d en Chihuahua"}]},{"@type":"WebSite","@id":"https:\/\/ichd.mx\/#website","url":"https:\/\/ichd.mx\/","name":"ICHD","description":"Instituto Chihuahuense del Deporte y Cultura F\u00edsica","potentialAction":[{"@type":"SearchAction","target":{"@type":"EntryPoint","urlTemplate":"https:\/\/ichd.mx\/?s={search_term_string}"},"query-input":{"@type":"PropertyValueSpecification","valueRequired":true,"valueName":"search_term_string"}}],"inLanguage":"es"},{"@type":"Person","@id":"https:\/\/ichd.mx\/#\/schema\/person\/137528cf3411e3cbc248ffe1288137a7","name":"Prensa ICHD","image":{"@type":"ImageObject","inLanguage":"es","@id":"https:\/\/ichd.mx\/#\/schema\/person\/image\/","url":"https:\/\/secure.gravatar.com\/avatar\/166c01e5e415043a004f7d214348c415?s=96&d=mm&r=g","contentUrl":"https:\/\/secure.gravatar.com\/avatar\/166c01e5e415043a004f7d214348c415?s=96&d=mm&r=g","caption":"Prensa ICHD"},"url":"https:\/\/ichd.mx\/?author=3"}]}},"_links":{"self":[{"href":"https:\/\/ichd.mx\/index.php?rest_route=\/wp\/v2\/posts\/5863","targetHints":{"allow":["GET"]}}],"collection":[{"href":"https:\/\/ichd.mx\/index.php?rest_route=\/wp\/v2\/posts"}],"about":[{"href":"https:\/\/ichd.mx\/index.php?rest_route=\/wp\/v2\/types\/post"}],"author":[{"embeddable":true,"href":"https:\/\/ichd.mx\/index.php?rest_route=\/wp\/v2\/users\/3"}],"replies":[{"embeddable":true,"href":"https:\/\/ichd.mx\/index.php?rest_route=%2Fwp%2Fv2%2Fcomments&post=5863"}],"version-history":[{"count":1,"href":"https:\/\/ichd.mx\/index.php?rest_route=\/wp\/v2\/posts\/5863\/revisions"}],"predecessor-version":[{"id":5869,"href":"https:\/\/ichd.mx\/index.php?rest_route=\/wp\/v2\/posts\/5863\/revisions\/5869"}],"wp:featuredmedia":[{"embeddable":true,"href":"https:\/\/ichd.mx\/index.php?rest_route=\/wp\/v2\/media\/5867"}],"wp:attachment":[{"href":"https:\/\/ichd.mx\/index.php?rest_route=%2Fwp%2Fv2%2Fmedia&parent=5863"}],"wp:term":[{"taxonomy":"category","embeddable":true,"href":"https:\/\/ichd.mx\/index.php?rest_route=%2Fwp%2Fv2%2Fcategories&post=5863"},{"taxonomy":"post_tag","embeddable":true,"href":"https:\/\/ichd.mx\/index.php?rest_route=%2Fwp%2Fv2%2Ftags&post=5863"}],"curies":[{"name":"wp","href":"https:\/\/api.w.org\/{rel}","templated":true}]}}