{"id":5855,"date":"2025-04-06T10:00:47","date_gmt":"2025-04-06T16:00:47","guid":{"rendered":"https:\/\/ichd.mx\/?p=5855"},"modified":"2025-04-21T10:05:18","modified_gmt":"2025-04-21T16:05:18","slug":"participan-10-mil-chihuahuenses-en-la-clase-nacional-de-boxeo-en-la-plaza-del-angel","status":"publish","type":"post","link":"https:\/\/ichd.mx\/?p=5855","title":{"rendered":"Participan 10 mil chihuahuenses en la Clase Nacional de Boxeo en la Plaza del \u00c1ngel"},"content":{"rendered":"<p>&#8211; Ni\u00f1os, j\u00f3venes y adultos se sumaron a las actividades por la Semana Nacional de Cultura<br \/>\nF\u00edsica y Deporte<\/p>\n<p>En el marco del D\u00eda Internacional del Deporte para el Desarrollo y la Paz, este domingo se<br \/>\nllev\u00f3 a cabo la Clase Nacional de Boxeo \u201cPor la paz y contra las adicciones\u201d, con la<br \/>\nparticipaci\u00f3n y activaci\u00f3n de 10 mil chihuahuenses en la Plaza del \u00c1ngel de la capital.<\/p>\n<p>El evento se registr\u00f3 como parte de las actividades de la Semana Nacional de Cultura F\u00edsica y<br \/>\nDeporte, a las que se sumaron miles de mexicanos que se sumaron de manera simult\u00e1nea en<br \/>\ntodo el pa\u00eds.<\/p>\n<p>Durante la activaci\u00f3n los asistentes disfrutaron de din\u00e1micas f\u00edsicas, en las que participaron las<br \/>\nbotargas de diversas dependencias gubernamentales, instituciones educativas, as\u00ed como<br \/>\nequipos deportivos de la entidad.<\/p>\n<p>Los encargados de liderear la clase fueron el boxeador Jos\u00e9 Salcido, junto con la campeona<br \/>\nmundial de boxeo Yamileth \u201cYeimi\u201d Mercado. Tambi\u00e9n estuvieron presentes figuras del deporte<br \/>\nde contacto como Willy Mart\u00ednez y Manuel \u201cEl loco\u201d Torres.<\/p>\n<p>En el pres\u00eddium se cont\u00f3 con la presencia de Francisco Hugo Guti\u00e9rrez D\u00e1vila, secretario de<br \/>\nEducaci\u00f3n y Deporte; Teporaca Romero Del Hierro, directora del Instituto Chihuahuense del<br \/>\nDeporte y Cultura F\u00edsica; Gabriel Valdez Ju\u00e1rez, secretario de Desarrollo Urbano y Ecolog\u00eda.<\/p>\n<p>Tambi\u00e9n destac\u00f3 la asistencia de Jorge Chanez Pe\u00f1a, secretario de Comunicaciones y Obras<br \/>\nP\u00fablicas; adem\u00e1s de Rosa Isela Gayt\u00e1n, subsecretar\u00eda de Participaci\u00f3n Ciudadana y<br \/>\nPrevenci\u00f3n del Delito de la Secretar\u00eda de Seguridad P\u00fablica del Estado de Chihuahua.<img loading=\"lazy\" decoding=\"async\" class=\"alignnone size-medium wp-image-5856\" src=\"https:\/\/ichd.mx\/wp-content\/uploads\/2025\/04\/WhatsApp-Image-2025-04-06-at-11.37.12-AM-1-300x135.jpeg\" alt=\"\" width=\"300\" height=\"135\" srcset=\"https:\/\/ichd.mx\/wp-content\/uploads\/2025\/04\/WhatsApp-Image-2025-04-06-at-11.37.12-AM-1-300x135.jpeg 300w, https:\/\/ichd.mx\/wp-content\/uploads\/2025\/04\/WhatsApp-Image-2025-04-06-at-11.37.12-AM-1-1024x461.jpeg 1024w, https:\/\/ichd.mx\/wp-content\/uploads\/2025\/04\/WhatsApp-Image-2025-04-06-at-11.37.12-AM-1-768x346.jpeg 768w, https:\/\/ichd.mx\/wp-content\/uploads\/2025\/04\/WhatsApp-Image-2025-04-06-at-11.37.12-AM-1.jpeg 1280w\" sizes=\"auto, (max-width: 300px) 100vw, 300px\" \/> <img loading=\"lazy\" decoding=\"async\" class=\"alignnone size-medium wp-image-5857\" src=\"https:\/\/ichd.mx\/wp-content\/uploads\/2025\/04\/WhatsApp-Image-2025-04-06-at-11.37.12-AM-300x169.jpeg\" alt=\"\" width=\"300\" height=\"169\" srcset=\"https:\/\/ichd.mx\/wp-content\/uploads\/2025\/04\/WhatsApp-Image-2025-04-06-at-11.37.12-AM-300x169.jpeg 300w, https:\/\/ichd.mx\/wp-content\/uploads\/2025\/04\/WhatsApp-Image-2025-04-06-at-11.37.12-AM-1024x575.jpeg 1024w, https:\/\/ichd.mx\/wp-content\/uploads\/2025\/04\/WhatsApp-Image-2025-04-06-at-11.37.12-AM-768x431.jpeg 768w, https:\/\/ichd.mx\/wp-content\/uploads\/2025\/04\/WhatsApp-Image-2025-04-06-at-11.37.12-AM.jpeg 1280w\" sizes=\"auto, (max-width: 300px) 100vw, 300px\" \/> <img loading=\"lazy\" decoding=\"async\" class=\"alignnone size-medium wp-image-5858\" src=\"https:\/\/ichd.mx\/wp-content\/uploads\/2025\/04\/WhatsApp-Image-2025-04-06-at-11.33.50-AM-1-169x300.jpeg\" alt=\"\" width=\"169\" height=\"300\" srcset=\"https:\/\/ichd.mx\/wp-content\/uploads\/2025\/04\/WhatsApp-Image-2025-04-06-at-11.33.50-AM-1-169x300.jpeg 169w, https:\/\/ichd.mx\/wp-content\/uploads\/2025\/04\/WhatsApp-Image-2025-04-06-at-11.33.50-AM-1-576x1024.jpeg 576w, https:\/\/ichd.mx\/wp-content\/uploads\/2025\/04\/WhatsApp-Image-2025-04-06-at-11.33.50-AM-1-768x1365.jpeg 768w, https:\/\/ichd.mx\/wp-content\/uploads\/2025\/04\/WhatsApp-Image-2025-04-06-at-11.33.50-AM-1-864x1536.jpeg 864w, https:\/\/ichd.mx\/wp-content\/uploads\/2025\/04\/WhatsApp-Image-2025-04-06-at-11.33.50-AM-1.jpeg 900w\" sizes=\"auto, (max-width: 169px) 100vw, 169px\" \/> <img loading=\"lazy\" decoding=\"async\" class=\"alignnone size-medium wp-image-5859\" src=\"https:\/\/ichd.mx\/wp-content\/uploads\/2025\/04\/WhatsApp-Image-2025-04-06-at-11.33.50-AM-300x169.jpeg\" alt=\"\" width=\"300\" height=\"169\" srcset=\"https:\/\/ichd.mx\/wp-content\/uploads\/2025\/04\/WhatsApp-Image-2025-04-06-at-11.33.50-AM-300x169.jpeg 300w, https:\/\/ichd.mx\/wp-content\/uploads\/2025\/04\/WhatsApp-Image-2025-04-06-at-11.33.50-AM-1024x576.jpeg 1024w, https:\/\/ichd.mx\/wp-content\/uploads\/2025\/04\/WhatsApp-Image-2025-04-06-at-11.33.50-AM-768x432.jpeg 768w, https:\/\/ichd.mx\/wp-content\/uploads\/2025\/04\/WhatsApp-Image-2025-04-06-at-11.33.50-AM-1536x864.jpeg 1536w, https:\/\/ichd.mx\/wp-content\/uploads\/2025\/04\/WhatsApp-Image-2025-04-06-at-11.33.50-AM.jpeg 1600w\" sizes=\"auto, (max-width: 300px) 100vw, 300px\" \/> <img loading=\"lazy\" decoding=\"async\" class=\"alignnone size-medium wp-image-5860\" src=\"https:\/\/ichd.mx\/wp-content\/uploads\/2025\/04\/WhatsApp-Image-2025-04-06-at-11.33.34-AM-1-300x169.jpeg\" alt=\"\" width=\"300\" height=\"169\" srcset=\"https:\/\/ichd.mx\/wp-content\/uploads\/2025\/04\/WhatsApp-Image-2025-04-06-at-11.33.34-AM-1-300x169.jpeg 300w, https:\/\/ichd.mx\/wp-content\/uploads\/2025\/04\/WhatsApp-Image-2025-04-06-at-11.33.34-AM-1-1024x576.jpeg 1024w, https:\/\/ichd.mx\/wp-content\/uploads\/2025\/04\/WhatsApp-Image-2025-04-06-at-11.33.34-AM-1-768x432.jpeg 768w, https:\/\/ichd.mx\/wp-content\/uploads\/2025\/04\/WhatsApp-Image-2025-04-06-at-11.33.34-AM-1-1536x864.jpeg 1536w, https:\/\/ichd.mx\/wp-content\/uploads\/2025\/04\/WhatsApp-Image-2025-04-06-at-11.33.34-AM-1.jpeg 1600w\" sizes=\"auto, (max-width: 300px) 100vw, 300px\" \/> <img loading=\"lazy\" decoding=\"async\" class=\"alignnone size-medium wp-image-5861\" src=\"https:\/\/ichd.mx\/wp-content\/uploads\/2025\/04\/IMG_20250406_091646-300x135.jpg\" alt=\"\" width=\"300\" height=\"135\" srcset=\"https:\/\/ichd.mx\/wp-content\/uploads\/2025\/04\/IMG_20250406_091646-300x135.jpg 300w, https:\/\/ichd.mx\/wp-content\/uploads\/2025\/04\/IMG_20250406_091646-1024x462.jpg 1024w, https:\/\/ichd.mx\/wp-content\/uploads\/2025\/04\/IMG_20250406_091646-768x346.jpg 768w, https:\/\/ichd.mx\/wp-content\/uploads\/2025\/04\/IMG_20250406_091646-1536x693.jpg 1536w, https:\/\/ichd.mx\/wp-content\/uploads\/2025\/04\/IMG_20250406_091646-2048x924.jpg 2048w\" sizes=\"auto, (max-width: 300px) 100vw, 300px\" \/><\/p>\n","protected":false},"excerpt":{"rendered":"<p>&#8211; Ni\u00f1os, j\u00f3venes y adultos se sumaron a las actividades por la Semana Nacional de Cultura F\u00edsica y Deporte En<\/p>\n","protected":false},"author":3,"featured_media":5856,"comment_status":"closed","ping_status":"open","sticky":false,"template":"","format":"standard","meta":{"footnotes":""},"categories":[8,2,3,1],"tags":[],"class_list":["post-5855","post","type-post","status-publish","format-standard","has-post-thumbnail","hentry","category-gral","category-ppal","category-sub","category-uncategorized"],"yoast_head":"<!-- This site is optimized with the Yoast SEO plugin v25.9 - https:\/\/yoast.com\/wordpress\/plugins\/seo\/ -->\n<title>Participan 10 mil chihuahuenses en la Clase Nacional de Boxeo en la Plaza del \u00c1ngel - ICHD<\/title>\n<meta name=\"robots\" content=\"index, follow, max-snippet:-1, max-image-preview:large, max-video-preview:-1\" \/>\n<link rel=\"canonical\" href=\"https:\/\/ichd.mx\/?p=5855\" \/>\n<meta property=\"og:locale\" content=\"es_ES\" \/>\n<meta property=\"og:type\" content=\"article\" \/>\n<meta property=\"og:title\" content=\"Participan 10 mil chihuahuenses en la Clase Nacional de Boxeo en la Plaza del \u00c1ngel - ICHD\" \/>\n<meta property=\"og:description\" content=\"&#8211; Ni\u00f1os, j\u00f3venes y adultos se sumaron a las actividades por la Semana Nacional de Cultura F\u00edsica y Deporte En\" \/>\n<meta property=\"og:url\" content=\"https:\/\/ichd.mx\/?p=5855\" \/>\n<meta property=\"og:site_name\" content=\"ICHD\" \/>\n<meta property=\"article:publisher\" content=\"https:\/\/www.facebook.com\/ichdmx\" \/>\n<meta property=\"article:published_time\" content=\"2025-04-06T16:00:47+00:00\" \/>\n<meta property=\"article:modified_time\" content=\"2025-04-21T16:05:18+00:00\" \/>\n<meta property=\"og:image\" content=\"https:\/\/ichd.mx\/wp-content\/uploads\/2025\/04\/WhatsApp-Image-2025-04-06-at-11.37.12-AM-1.jpeg\" \/>\n\t<meta property=\"og:image:width\" content=\"1280\" \/>\n\t<meta property=\"og:image:height\" content=\"576\" \/>\n\t<meta property=\"og:image:type\" content=\"image\/jpeg\" \/>\n<meta name=\"author\" content=\"Prensa ICHD\" \/>\n<meta name=\"twitter:card\" content=\"summary_large_image\" \/>\n<meta name=\"twitter:creator\" content=\"@ICHDmx\" \/>\n<meta name=\"twitter:site\" content=\"@ICHDmx\" \/>\n<meta name=\"twitter:label1\" content=\"Escrito por\" \/>\n\t<meta name=\"twitter:data1\" content=\"Prensa ICHD\" \/>\n\t<meta name=\"twitter:label2\" content=\"Tiempo de lectura\" \/>\n\t<meta name=\"twitter:data2\" content=\"3 minutos\" \/>\n<script type=\"application\/ld+json\" class=\"yoast-schema-graph\">{\"@context\":\"https:\/\/schema.org\",\"@graph\":[{\"@type\":\"WebPage\",\"@id\":\"https:\/\/ichd.mx\/?p=5855\",\"url\":\"https:\/\/ichd.mx\/?p=5855\",\"name\":\"Participan 10 mil chihuahuenses en la Clase Nacional de Boxeo en la Plaza del \u00c1ngel - ICHD\",\"isPartOf\":{\"@id\":\"https:\/\/ichd.mx\/#website\"},\"primaryImageOfPage\":{\"@id\":\"https:\/\/ichd.mx\/?p=5855#primaryimage\"},\"image\":{\"@id\":\"https:\/\/ichd.mx\/?p=5855#primaryimage\"},\"thumbnailUrl\":\"https:\/\/ichd.mx\/wp-content\/uploads\/2025\/04\/WhatsApp-Image-2025-04-06-at-11.37.12-AM-1.jpeg\",\"datePublished\":\"2025-04-06T16:00:47+00:00\",\"dateModified\":\"2025-04-21T16:05:18+00:00\",\"author\":{\"@id\":\"https:\/\/ichd.mx\/#\/schema\/person\/137528cf3411e3cbc248ffe1288137a7\"},\"breadcrumb\":{\"@id\":\"https:\/\/ichd.mx\/?p=5855#breadcrumb\"},\"inLanguage\":\"es\",\"potentialAction\":[{\"@type\":\"ReadAction\",\"target\":[\"https:\/\/ichd.mx\/?p=5855\"]}]},{\"@type\":\"ImageObject\",\"inLanguage\":\"es\",\"@id\":\"https:\/\/ichd.mx\/?p=5855#primaryimage\",\"url\":\"https:\/\/ichd.mx\/wp-content\/uploads\/2025\/04\/WhatsApp-Image-2025-04-06-at-11.37.12-AM-1.jpeg\",\"contentUrl\":\"https:\/\/ichd.mx\/wp-content\/uploads\/2025\/04\/WhatsApp-Image-2025-04-06-at-11.37.12-AM-1.jpeg\",\"width\":1280,\"height\":576},{\"@type\":\"BreadcrumbList\",\"@id\":\"https:\/\/ichd.mx\/?p=5855#breadcrumb\",\"itemListElement\":[{\"@type\":\"ListItem\",\"position\":1,\"name\":\"Portada\",\"item\":\"https:\/\/ichd.mx\/\"},{\"@type\":\"ListItem\",\"position\":2,\"name\":\"Participan 10 mil chihuahuenses en la Clase Nacional de Boxeo en la Plaza del \u00c1ngel\"}]},{\"@type\":\"WebSite\",\"@id\":\"https:\/\/ichd.mx\/#website\",\"url\":\"https:\/\/ichd.mx\/\",\"name\":\"ICHD\",\"description\":\"Instituto Chihuahuense del Deporte y Cultura F\u00edsica\",\"potentialAction\":[{\"@type\":\"SearchAction\",\"target\":{\"@type\":\"EntryPoint\",\"urlTemplate\":\"https:\/\/ichd.mx\/?s={search_term_string}\"},\"query-input\":{\"@type\":\"PropertyValueSpecification\",\"valueRequired\":true,\"valueName\":\"search_term_string\"}}],\"inLanguage\":\"es\"},{\"@type\":\"Person\",\"@id\":\"https:\/\/ichd.mx\/#\/schema\/person\/137528cf3411e3cbc248ffe1288137a7\",\"name\":\"Prensa ICHD\",\"image\":{\"@type\":\"ImageObject\",\"inLanguage\":\"es\",\"@id\":\"https:\/\/ichd.mx\/#\/schema\/person\/image\/\",\"url\":\"https:\/\/secure.gravatar.com\/avatar\/166c01e5e415043a004f7d214348c415?s=96&d=mm&r=g\",\"contentUrl\":\"https:\/\/secure.gravatar.com\/avatar\/166c01e5e415043a004f7d214348c415?s=96&d=mm&r=g\",\"caption\":\"Prensa ICHD\"},\"url\":\"https:\/\/ichd.mx\/?author=3\"}]}<\/script>\n<!-- \/ Yoast SEO plugin. -->","yoast_head_json":{"title":"Participan 10 mil chihuahuenses en la Clase Nacional de Boxeo en la Plaza del \u00c1ngel - ICHD","robots":{"index":"index","follow":"follow","max-snippet":"max-snippet:-1","max-image-preview":"max-image-preview:large","max-video-preview":"max-video-preview:-1"},"canonical":"https:\/\/ichd.mx\/?p=5855","og_locale":"es_ES","og_type":"article","og_title":"Participan 10 mil chihuahuenses en la Clase Nacional de Boxeo en la Plaza del \u00c1ngel - ICHD","og_description":"&#8211; Ni\u00f1os, j\u00f3venes y adultos se sumaron a las actividades por la Semana Nacional de Cultura F\u00edsica y Deporte En","og_url":"https:\/\/ichd.mx\/?p=5855","og_site_name":"ICHD","article_publisher":"https:\/\/www.facebook.com\/ichdmx","article_published_time":"2025-04-06T16:00:47+00:00","article_modified_time":"2025-04-21T16:05:18+00:00","og_image":[{"width":1280,"height":576,"url":"https:\/\/ichd.mx\/wp-content\/uploads\/2025\/04\/WhatsApp-Image-2025-04-06-at-11.37.12-AM-1.jpeg","type":"image\/jpeg"}],"author":"Prensa ICHD","twitter_card":"summary_large_image","twitter_creator":"@ICHDmx","twitter_site":"@ICHDmx","twitter_misc":{"Escrito por":"Prensa ICHD","Tiempo de lectura":"3 minutos"},"schema":{"@context":"https:\/\/schema.org","@graph":[{"@type":"WebPage","@id":"https:\/\/ichd.mx\/?p=5855","url":"https:\/\/ichd.mx\/?p=5855","name":"Participan 10 mil chihuahuenses en la Clase Nacional de Boxeo en la Plaza del \u00c1ngel - ICHD","isPartOf":{"@id":"https:\/\/ichd.mx\/#website"},"primaryImageOfPage":{"@id":"https:\/\/ichd.mx\/?p=5855#primaryimage"},"image":{"@id":"https:\/\/ichd.mx\/?p=5855#primaryimage"},"thumbnailUrl":"https:\/\/ichd.mx\/wp-content\/uploads\/2025\/04\/WhatsApp-Image-2025-04-06-at-11.37.12-AM-1.jpeg","datePublished":"2025-04-06T16:00:47+00:00","dateModified":"2025-04-21T16:05:18+00:00","author":{"@id":"https:\/\/ichd.mx\/#\/schema\/person\/137528cf3411e3cbc248ffe1288137a7"},"breadcrumb":{"@id":"https:\/\/ichd.mx\/?p=5855#breadcrumb"},"inLanguage":"es","potentialAction":[{"@type":"ReadAction","target":["https:\/\/ichd.mx\/?p=5855"]}]},{"@type":"ImageObject","inLanguage":"es","@id":"https:\/\/ichd.mx\/?p=5855#primaryimage","url":"https:\/\/ichd.mx\/wp-content\/uploads\/2025\/04\/WhatsApp-Image-2025-04-06-at-11.37.12-AM-1.jpeg","contentUrl":"https:\/\/ichd.mx\/wp-content\/uploads\/2025\/04\/WhatsApp-Image-2025-04-06-at-11.37.12-AM-1.jpeg","width":1280,"height":576},{"@type":"BreadcrumbList","@id":"https:\/\/ichd.mx\/?p=5855#breadcrumb","itemListElement":[{"@type":"ListItem","position":1,"name":"Portada","item":"https:\/\/ichd.mx\/"},{"@type":"ListItem","position":2,"name":"Participan 10 mil chihuahuenses en la Clase Nacional de Boxeo en la Plaza del \u00c1ngel"}]},{"@type":"WebSite","@id":"https:\/\/ichd.mx\/#website","url":"https:\/\/ichd.mx\/","name":"ICHD","description":"Instituto Chihuahuense del Deporte y Cultura F\u00edsica","potentialAction":[{"@type":"SearchAction","target":{"@type":"EntryPoint","urlTemplate":"https:\/\/ichd.mx\/?s={search_term_string}"},"query-input":{"@type":"PropertyValueSpecification","valueRequired":true,"valueName":"search_term_string"}}],"inLanguage":"es"},{"@type":"Person","@id":"https:\/\/ichd.mx\/#\/schema\/person\/137528cf3411e3cbc248ffe1288137a7","name":"Prensa ICHD","image":{"@type":"ImageObject","inLanguage":"es","@id":"https:\/\/ichd.mx\/#\/schema\/person\/image\/","url":"https:\/\/secure.gravatar.com\/avatar\/166c01e5e415043a004f7d214348c415?s=96&d=mm&r=g","contentUrl":"https:\/\/secure.gravatar.com\/avatar\/166c01e5e415043a004f7d214348c415?s=96&d=mm&r=g","caption":"Prensa ICHD"},"url":"https:\/\/ichd.mx\/?author=3"}]}},"_links":{"self":[{"href":"https:\/\/ichd.mx\/index.php?rest_route=\/wp\/v2\/posts\/5855","targetHints":{"allow":["GET"]}}],"collection":[{"href":"https:\/\/ichd.mx\/index.php?rest_route=\/wp\/v2\/posts"}],"about":[{"href":"https:\/\/ichd.mx\/index.php?rest_route=\/wp\/v2\/types\/post"}],"author":[{"embeddable":true,"href":"https:\/\/ichd.mx\/index.php?rest_route=\/wp\/v2\/users\/3"}],"replies":[{"embeddable":true,"href":"https:\/\/ichd.mx\/index.php?rest_route=%2Fwp%2Fv2%2Fcomments&post=5855"}],"version-history":[{"count":1,"href":"https:\/\/ichd.mx\/index.php?rest_route=\/wp\/v2\/posts\/5855\/revisions"}],"predecessor-version":[{"id":5862,"href":"https:\/\/ichd.mx\/index.php?rest_route=\/wp\/v2\/posts\/5855\/revisions\/5862"}],"wp:featuredmedia":[{"embeddable":true,"href":"https:\/\/ichd.mx\/index.php?rest_route=\/wp\/v2\/media\/5856"}],"wp:attachment":[{"href":"https:\/\/ichd.mx\/index.php?rest_route=%2Fwp%2Fv2%2Fmedia&parent=5855"}],"wp:term":[{"taxonomy":"category","embeddable":true,"href":"https:\/\/ichd.mx\/index.php?rest_route=%2Fwp%2Fv2%2Fcategories&post=5855"},{"taxonomy":"post_tag","embeddable":true,"href":"https:\/\/ichd.mx\/index.php?rest_route=%2Fwp%2Fv2%2Ftags&post=5855"}],"curies":[{"name":"wp","href":"https:\/\/api.w.org\/{rel}","templated":true}]}}