{"id":5477,"date":"2024-09-17T12:19:36","date_gmt":"2024-09-17T18:19:36","guid":{"rendered":"https:\/\/ichd.mx\/?p=5477"},"modified":"2024-09-17T12:19:36","modified_gmt":"2024-09-17T18:19:36","slug":"firma-el-saltador-cuauhtemense-erick-portillo-el-lienzo-de-los-olimpicos-chihuahuenses","status":"publish","type":"post","link":"https:\/\/ichd.mx\/?p=5477","title":{"rendered":"Firma el saltador cuauhtemense Erick Portillo el lienzo de los  Ol\u00edmpicos Chihuahuenses"},"content":{"rendered":"<p>Tras su participaci\u00f3n en la prueba de Salto de Altura de los Juegos Ol\u00edmpicos Par\u00eds 2024,<br \/>\nel atleta cuauhtemense Erick Josu\u00e9 Portillo Rodr\u00edguez plasm\u00f3 su firma en el lienzo de<br \/>\nlos Ol\u00edmpicos Chihuahuenses.<br \/>\nComo parte de la visita de cortes\u00eda que hizo a las instalaciones del Instituto<br \/>\nChihuahuense del Deporte y Cultura F\u00edsica (ICHD), adem\u00e1s se tom\u00f3 la fotograf\u00eda oficial<br \/>\nen el muro de los Ol\u00edmpicos, que se sit\u00faa en uno de los accesos a la Ciudad Deportiva.<br \/>\n\u201cEstamos alegres con la presencia de Erick aqu\u00ed en su casa, poder rememorar su<br \/>\nparticipaci\u00f3n en Par\u00eds y sobre todo saber que \u2018El Flaco\u2019, seguir\u00e1 dando todo en su prueba.<br \/>\nEs un gran ejemplo para tantos ni\u00f1os y j\u00f3venes, en el estado y el pa\u00eds\u201d, dijo Teporaca<br \/>\nRomero, directora del ICHD.<br \/>\nPortillo Rodr\u00edguez por su parte, coment\u00f3: \u201cTen\u00eda como 14 a\u00f1os y siempre que pasaba<br \/>\npor ah\u00ed (muro de los ol\u00edmpicos) les dec\u00eda a mis pap\u00e1s, quiero y voy a estar ah\u00ed, y ve\u00eda<br \/>\ntambi\u00e9n donde tienen las firmas y dec\u00eda \u00a1qu\u00e9 chido! Y hoy se ha cumplido\u201d, expres\u00f3.<br \/>\nAcompa\u00f1ado de su hermano Jos\u00e9 Ram\u00f3n, quien entrena junto a \u00e9l en la misma prueba,<br \/>\nErick se dijo feliz por ver c\u00f3mo han avanzado juntos, ya que tienen como objetivo llegar<br \/>\nal m\u00e1s alto nivel y tener la posibilidad de competir ambos en los Juegos Ol\u00edmpicos de<br \/>\nLos \u00c1ngeles 2028.<br \/>\nJos\u00e9 Ram\u00f3n por su parte, expres\u00f3 que compartir con Erick la pasi\u00f3n por este deporte,<br \/>\nestar con \u00e9l hombro a hombro y so\u00f1ar con representar a M\u00e9xico juntos en la pr\u00f3xima<br \/>\nolimpiada, le llena de motivaci\u00f3n para entrenar m\u00e1s duro.<img loading=\"lazy\" decoding=\"async\" class=\"alignnone size-medium wp-image-5479\" src=\"https:\/\/ichd.mx\/wp-content\/uploads\/2024\/09\/Erick-6-300x213.jpg\" alt=\"\" width=\"300\" height=\"213\" srcset=\"https:\/\/ichd.mx\/wp-content\/uploads\/2024\/09\/Erick-6-300x213.jpg 300w, https:\/\/ichd.mx\/wp-content\/uploads\/2024\/09\/Erick-6-1024x728.jpg 1024w, https:\/\/ichd.mx\/wp-content\/uploads\/2024\/09\/Erick-6-768x546.jpg 768w, https:\/\/ichd.mx\/wp-content\/uploads\/2024\/09\/Erick-6-1536x1091.jpg 1536w, https:\/\/ichd.mx\/wp-content\/uploads\/2024\/09\/Erick-6-2048x1455.jpg 2048w\" sizes=\"auto, (max-width: 300px) 100vw, 300px\" \/> <img loading=\"lazy\" decoding=\"async\" class=\"alignnone size-medium wp-image-5480\" src=\"https:\/\/ichd.mx\/wp-content\/uploads\/2024\/09\/Erick-4-2-300x200.jpg\" alt=\"\" width=\"300\" height=\"200\" srcset=\"https:\/\/ichd.mx\/wp-content\/uploads\/2024\/09\/Erick-4-2-300x200.jpg 300w, https:\/\/ichd.mx\/wp-content\/uploads\/2024\/09\/Erick-4-2-1024x681.jpg 1024w, https:\/\/ichd.mx\/wp-content\/uploads\/2024\/09\/Erick-4-2-768x511.jpg 768w, https:\/\/ichd.mx\/wp-content\/uploads\/2024\/09\/Erick-4-2-1536x1022.jpg 1536w, https:\/\/ichd.mx\/wp-content\/uploads\/2024\/09\/Erick-4-2-2048x1363.jpg 2048w\" sizes=\"auto, (max-width: 300px) 100vw, 300px\" \/> <img loading=\"lazy\" decoding=\"async\" class=\"alignnone size-medium wp-image-5481\" src=\"https:\/\/ichd.mx\/wp-content\/uploads\/2024\/09\/Erick-3-290x300.jpg\" alt=\"\" width=\"290\" height=\"300\" srcset=\"https:\/\/ichd.mx\/wp-content\/uploads\/2024\/09\/Erick-3-290x300.jpg 290w, https:\/\/ichd.mx\/wp-content\/uploads\/2024\/09\/Erick-3-991x1024.jpg 991w, https:\/\/ichd.mx\/wp-content\/uploads\/2024\/09\/Erick-3-768x794.jpg 768w, https:\/\/ichd.mx\/wp-content\/uploads\/2024\/09\/Erick-3-1486x1536.jpg 1486w, https:\/\/ichd.mx\/wp-content\/uploads\/2024\/09\/Erick-3-1982x2048.jpg 1982w\" sizes=\"auto, (max-width: 290px) 100vw, 290px\" \/> <img loading=\"lazy\" decoding=\"async\" class=\"alignnone size-medium wp-image-5482\" src=\"https:\/\/ichd.mx\/wp-content\/uploads\/2024\/09\/Erick-2-199x300.jpg\" alt=\"\" width=\"199\" height=\"300\" srcset=\"https:\/\/ichd.mx\/wp-content\/uploads\/2024\/09\/Erick-2-199x300.jpg 199w, https:\/\/ichd.mx\/wp-content\/uploads\/2024\/09\/Erick-2-679x1024.jpg 679w, https:\/\/ichd.mx\/wp-content\/uploads\/2024\/09\/Erick-2-768x1158.jpg 768w, https:\/\/ichd.mx\/wp-content\/uploads\/2024\/09\/Erick-2-1018x1536.jpg 1018w, https:\/\/ichd.mx\/wp-content\/uploads\/2024\/09\/Erick-2-1358x2048.jpg 1358w, https:\/\/ichd.mx\/wp-content\/uploads\/2024\/09\/Erick-2-scaled.jpg 1697w\" sizes=\"auto, (max-width: 199px) 100vw, 199px\" \/> <img loading=\"lazy\" decoding=\"async\" class=\"alignnone size-medium wp-image-5483\" src=\"https:\/\/ichd.mx\/wp-content\/uploads\/2024\/09\/Erick-1-162x300.jpg\" alt=\"\" width=\"162\" height=\"300\" srcset=\"https:\/\/ichd.mx\/wp-content\/uploads\/2024\/09\/Erick-1-162x300.jpg 162w, https:\/\/ichd.mx\/wp-content\/uploads\/2024\/09\/Erick-1-555x1024.jpg 555w, https:\/\/ichd.mx\/wp-content\/uploads\/2024\/09\/Erick-1-768x1418.jpg 768w, https:\/\/ichd.mx\/wp-content\/uploads\/2024\/09\/Erick-1-832x1536.jpg 832w, https:\/\/ichd.mx\/wp-content\/uploads\/2024\/09\/Erick-1-1109x2048.jpg 1109w, https:\/\/ichd.mx\/wp-content\/uploads\/2024\/09\/Erick-1-scaled.jpg 1386w\" sizes=\"auto, (max-width: 162px) 100vw, 162px\" \/><\/p>\n","protected":false},"excerpt":{"rendered":"<p>Tras su participaci\u00f3n en la prueba de Salto de Altura de los Juegos Ol\u00edmpicos Par\u00eds 2024, el atleta cuauhtemense Erick<\/p>\n","protected":false},"author":3,"featured_media":5479,"comment_status":"closed","ping_status":"open","sticky":false,"template":"","format":"standard","meta":{"footnotes":""},"categories":[8,163,5,2,3],"tags":[],"class_list":["post-5477","post","type-post","status-publish","format-standard","has-post-thumbnail","hentry","category-gral","category-main-2","category-on","category-ppal","category-sub"],"yoast_head":"<!-- This site is optimized with the Yoast SEO plugin v25.9 - https:\/\/yoast.com\/wordpress\/plugins\/seo\/ -->\n<title>Firma el saltador cuauhtemense Erick Portillo el lienzo de los Ol\u00edmpicos Chihuahuenses - ICHD<\/title>\n<meta name=\"robots\" content=\"index, follow, max-snippet:-1, max-image-preview:large, max-video-preview:-1\" \/>\n<link rel=\"canonical\" href=\"https:\/\/ichd.mx\/?p=5477\" \/>\n<meta property=\"og:locale\" content=\"es_ES\" \/>\n<meta property=\"og:type\" content=\"article\" \/>\n<meta property=\"og:title\" content=\"Firma el saltador cuauhtemense Erick Portillo el lienzo de los Ol\u00edmpicos Chihuahuenses - ICHD\" \/>\n<meta property=\"og:description\" content=\"Tras su participaci\u00f3n en la prueba de Salto de Altura de los Juegos Ol\u00edmpicos Par\u00eds 2024, el atleta cuauhtemense Erick\" \/>\n<meta property=\"og:url\" content=\"https:\/\/ichd.mx\/?p=5477\" \/>\n<meta property=\"og:site_name\" content=\"ICHD\" \/>\n<meta property=\"article:publisher\" content=\"https:\/\/www.facebook.com\/ichdmx\" \/>\n<meta property=\"article:published_time\" content=\"2024-09-17T18:19:36+00:00\" \/>\n<meta property=\"og:image\" content=\"https:\/\/ichd.mx\/wp-content\/uploads\/2024\/09\/Erick-6-scaled.jpg\" \/>\n\t<meta property=\"og:image:width\" content=\"2560\" \/>\n\t<meta property=\"og:image:height\" content=\"1819\" \/>\n\t<meta property=\"og:image:type\" content=\"image\/jpeg\" \/>\n<meta name=\"author\" content=\"Prensa ICHD\" \/>\n<meta name=\"twitter:card\" content=\"summary_large_image\" \/>\n<meta name=\"twitter:creator\" content=\"@ICHDmx\" \/>\n<meta name=\"twitter:site\" content=\"@ICHDmx\" \/>\n<meta name=\"twitter:label1\" content=\"Escrito por\" \/>\n\t<meta name=\"twitter:data1\" content=\"Prensa ICHD\" \/>\n\t<meta name=\"twitter:label2\" content=\"Tiempo de lectura\" \/>\n\t<meta name=\"twitter:data2\" content=\"3 minutos\" \/>\n<script type=\"application\/ld+json\" class=\"yoast-schema-graph\">{\"@context\":\"https:\/\/schema.org\",\"@graph\":[{\"@type\":\"WebPage\",\"@id\":\"https:\/\/ichd.mx\/?p=5477\",\"url\":\"https:\/\/ichd.mx\/?p=5477\",\"name\":\"Firma el saltador cuauhtemense Erick Portillo el lienzo de los Ol\u00edmpicos Chihuahuenses - ICHD\",\"isPartOf\":{\"@id\":\"https:\/\/ichd.mx\/#website\"},\"primaryImageOfPage\":{\"@id\":\"https:\/\/ichd.mx\/?p=5477#primaryimage\"},\"image\":{\"@id\":\"https:\/\/ichd.mx\/?p=5477#primaryimage\"},\"thumbnailUrl\":\"https:\/\/ichd.mx\/wp-content\/uploads\/2024\/09\/Erick-6-scaled.jpg\",\"datePublished\":\"2024-09-17T18:19:36+00:00\",\"author\":{\"@id\":\"https:\/\/ichd.mx\/#\/schema\/person\/137528cf3411e3cbc248ffe1288137a7\"},\"breadcrumb\":{\"@id\":\"https:\/\/ichd.mx\/?p=5477#breadcrumb\"},\"inLanguage\":\"es\",\"potentialAction\":[{\"@type\":\"ReadAction\",\"target\":[\"https:\/\/ichd.mx\/?p=5477\"]}]},{\"@type\":\"ImageObject\",\"inLanguage\":\"es\",\"@id\":\"https:\/\/ichd.mx\/?p=5477#primaryimage\",\"url\":\"https:\/\/ichd.mx\/wp-content\/uploads\/2024\/09\/Erick-6-scaled.jpg\",\"contentUrl\":\"https:\/\/ichd.mx\/wp-content\/uploads\/2024\/09\/Erick-6-scaled.jpg\",\"width\":2560,\"height\":1819},{\"@type\":\"BreadcrumbList\",\"@id\":\"https:\/\/ichd.mx\/?p=5477#breadcrumb\",\"itemListElement\":[{\"@type\":\"ListItem\",\"position\":1,\"name\":\"Portada\",\"item\":\"https:\/\/ichd.mx\/\"},{\"@type\":\"ListItem\",\"position\":2,\"name\":\"Firma el saltador cuauhtemense Erick Portillo el lienzo de los Ol\u00edmpicos Chihuahuenses\"}]},{\"@type\":\"WebSite\",\"@id\":\"https:\/\/ichd.mx\/#website\",\"url\":\"https:\/\/ichd.mx\/\",\"name\":\"ICHD\",\"description\":\"Instituto Chihuahuense del Deporte y Cultura F\u00edsica\",\"potentialAction\":[{\"@type\":\"SearchAction\",\"target\":{\"@type\":\"EntryPoint\",\"urlTemplate\":\"https:\/\/ichd.mx\/?s={search_term_string}\"},\"query-input\":{\"@type\":\"PropertyValueSpecification\",\"valueRequired\":true,\"valueName\":\"search_term_string\"}}],\"inLanguage\":\"es\"},{\"@type\":\"Person\",\"@id\":\"https:\/\/ichd.mx\/#\/schema\/person\/137528cf3411e3cbc248ffe1288137a7\",\"name\":\"Prensa ICHD\",\"image\":{\"@type\":\"ImageObject\",\"inLanguage\":\"es\",\"@id\":\"https:\/\/ichd.mx\/#\/schema\/person\/image\/\",\"url\":\"https:\/\/secure.gravatar.com\/avatar\/166c01e5e415043a004f7d214348c415?s=96&d=mm&r=g\",\"contentUrl\":\"https:\/\/secure.gravatar.com\/avatar\/166c01e5e415043a004f7d214348c415?s=96&d=mm&r=g\",\"caption\":\"Prensa ICHD\"},\"url\":\"https:\/\/ichd.mx\/?author=3\"}]}<\/script>\n<!-- \/ Yoast SEO plugin. -->","yoast_head_json":{"title":"Firma el saltador cuauhtemense Erick Portillo el lienzo de los Ol\u00edmpicos Chihuahuenses - ICHD","robots":{"index":"index","follow":"follow","max-snippet":"max-snippet:-1","max-image-preview":"max-image-preview:large","max-video-preview":"max-video-preview:-1"},"canonical":"https:\/\/ichd.mx\/?p=5477","og_locale":"es_ES","og_type":"article","og_title":"Firma el saltador cuauhtemense Erick Portillo el lienzo de los Ol\u00edmpicos Chihuahuenses - ICHD","og_description":"Tras su participaci\u00f3n en la prueba de Salto de Altura de los Juegos Ol\u00edmpicos Par\u00eds 2024, el atleta cuauhtemense Erick","og_url":"https:\/\/ichd.mx\/?p=5477","og_site_name":"ICHD","article_publisher":"https:\/\/www.facebook.com\/ichdmx","article_published_time":"2024-09-17T18:19:36+00:00","og_image":[{"width":2560,"height":1819,"url":"https:\/\/ichd.mx\/wp-content\/uploads\/2024\/09\/Erick-6-scaled.jpg","type":"image\/jpeg"}],"author":"Prensa ICHD","twitter_card":"summary_large_image","twitter_creator":"@ICHDmx","twitter_site":"@ICHDmx","twitter_misc":{"Escrito por":"Prensa ICHD","Tiempo de lectura":"3 minutos"},"schema":{"@context":"https:\/\/schema.org","@graph":[{"@type":"WebPage","@id":"https:\/\/ichd.mx\/?p=5477","url":"https:\/\/ichd.mx\/?p=5477","name":"Firma el saltador cuauhtemense Erick Portillo el lienzo de los Ol\u00edmpicos Chihuahuenses - ICHD","isPartOf":{"@id":"https:\/\/ichd.mx\/#website"},"primaryImageOfPage":{"@id":"https:\/\/ichd.mx\/?p=5477#primaryimage"},"image":{"@id":"https:\/\/ichd.mx\/?p=5477#primaryimage"},"thumbnailUrl":"https:\/\/ichd.mx\/wp-content\/uploads\/2024\/09\/Erick-6-scaled.jpg","datePublished":"2024-09-17T18:19:36+00:00","author":{"@id":"https:\/\/ichd.mx\/#\/schema\/person\/137528cf3411e3cbc248ffe1288137a7"},"breadcrumb":{"@id":"https:\/\/ichd.mx\/?p=5477#breadcrumb"},"inLanguage":"es","potentialAction":[{"@type":"ReadAction","target":["https:\/\/ichd.mx\/?p=5477"]}]},{"@type":"ImageObject","inLanguage":"es","@id":"https:\/\/ichd.mx\/?p=5477#primaryimage","url":"https:\/\/ichd.mx\/wp-content\/uploads\/2024\/09\/Erick-6-scaled.jpg","contentUrl":"https:\/\/ichd.mx\/wp-content\/uploads\/2024\/09\/Erick-6-scaled.jpg","width":2560,"height":1819},{"@type":"BreadcrumbList","@id":"https:\/\/ichd.mx\/?p=5477#breadcrumb","itemListElement":[{"@type":"ListItem","position":1,"name":"Portada","item":"https:\/\/ichd.mx\/"},{"@type":"ListItem","position":2,"name":"Firma el saltador cuauhtemense Erick Portillo el lienzo de los Ol\u00edmpicos Chihuahuenses"}]},{"@type":"WebSite","@id":"https:\/\/ichd.mx\/#website","url":"https:\/\/ichd.mx\/","name":"ICHD","description":"Instituto Chihuahuense del Deporte y Cultura F\u00edsica","potentialAction":[{"@type":"SearchAction","target":{"@type":"EntryPoint","urlTemplate":"https:\/\/ichd.mx\/?s={search_term_string}"},"query-input":{"@type":"PropertyValueSpecification","valueRequired":true,"valueName":"search_term_string"}}],"inLanguage":"es"},{"@type":"Person","@id":"https:\/\/ichd.mx\/#\/schema\/person\/137528cf3411e3cbc248ffe1288137a7","name":"Prensa ICHD","image":{"@type":"ImageObject","inLanguage":"es","@id":"https:\/\/ichd.mx\/#\/schema\/person\/image\/","url":"https:\/\/secure.gravatar.com\/avatar\/166c01e5e415043a004f7d214348c415?s=96&d=mm&r=g","contentUrl":"https:\/\/secure.gravatar.com\/avatar\/166c01e5e415043a004f7d214348c415?s=96&d=mm&r=g","caption":"Prensa ICHD"},"url":"https:\/\/ichd.mx\/?author=3"}]}},"_links":{"self":[{"href":"https:\/\/ichd.mx\/index.php?rest_route=\/wp\/v2\/posts\/5477","targetHints":{"allow":["GET"]}}],"collection":[{"href":"https:\/\/ichd.mx\/index.php?rest_route=\/wp\/v2\/posts"}],"about":[{"href":"https:\/\/ichd.mx\/index.php?rest_route=\/wp\/v2\/types\/post"}],"author":[{"embeddable":true,"href":"https:\/\/ichd.mx\/index.php?rest_route=\/wp\/v2\/users\/3"}],"replies":[{"embeddable":true,"href":"https:\/\/ichd.mx\/index.php?rest_route=%2Fwp%2Fv2%2Fcomments&post=5477"}],"version-history":[{"count":1,"href":"https:\/\/ichd.mx\/index.php?rest_route=\/wp\/v2\/posts\/5477\/revisions"}],"predecessor-version":[{"id":5484,"href":"https:\/\/ichd.mx\/index.php?rest_route=\/wp\/v2\/posts\/5477\/revisions\/5484"}],"wp:featuredmedia":[{"embeddable":true,"href":"https:\/\/ichd.mx\/index.php?rest_route=\/wp\/v2\/media\/5479"}],"wp:attachment":[{"href":"https:\/\/ichd.mx\/index.php?rest_route=%2Fwp%2Fv2%2Fmedia&parent=5477"}],"wp:term":[{"taxonomy":"category","embeddable":true,"href":"https:\/\/ichd.mx\/index.php?rest_route=%2Fwp%2Fv2%2Fcategories&post=5477"},{"taxonomy":"post_tag","embeddable":true,"href":"https:\/\/ichd.mx\/index.php?rest_route=%2Fwp%2Fv2%2Ftags&post=5477"}],"curies":[{"name":"wp","href":"https:\/\/api.w.org\/{rel}","templated":true}]}}