{"id":54,"date":"2019-03-20T12:47:19","date_gmt":"2019-03-20T19:47:19","guid":{"rendered":"http:\/\/ichd.mx\/?p=54"},"modified":"2020-04-26T10:19:24","modified_gmt":"2020-04-26T16:19:24","slug":"realizaran-emotivo-testimonio-de-reconocimiento-al-chiquis-grajeda","status":"publish","type":"post","link":"https:\/\/ichd.mx\/?p=54","title":{"rendered":"Realizar\u00e1n emotivo testimonio de reconocimiento al \u201cChiquis\u201d Grajeda"},"content":{"rendered":"<p align=\"justify\"><span style=\"font-family: Ubuntu;\"><span style=\"font-size: small;\"><span style=\"font-size: large;\">El homenaje p\u00f3stumo al ol\u00edmpico Luis Enrique \u201cChiquis\u201d Grajeda reunir\u00e1 el pr\u00f3ximo 23 de marzo en la Ciudad de Chihuahua a su esposa y compa\u00f1era de vida, C\u00e1rmen Loreto Se\u00e1\u00f1ez Bernadet de Grajeda y a los hijos del deportista: Gabriela, C\u00e1rmen Loreto, Roberto y Luis Enrique Grajeda Se\u00e1\u00f1ez.<\/span><\/span><\/span><\/p>\n<p align=\"justify\"><span style=\"font-family: Ubuntu;\"><span style=\"font-size: small;\"><span style=\"font-size: large;\">El programa de eventos deportivos y sociales qued\u00f3 conformado, adem\u00e1s se confirm\u00f3 la asistencia de los cinco hermanos del \u201cChiquis\u201d Grajeda; Guillermo, Eduardo, Mar\u00eda, Concepci\u00f3n \u201cCachis\u201d y Leonila \u201cLila\u201d.<\/span><\/span><\/span><\/p>\n<p align=\"justify\"><span style=\"font-family: Ubuntu;\"><span style=\"font-size: small;\"><span style=\"font-size: large;\">El Comit\u00e9 Organizador, integrado por directivos de la YMCA, UACH, ol\u00edmpicos, el Municipio, as\u00ed como del Gobierno del Estado, informaron que, Manuel Raga Navarro, nacido en el estado de Tamaulipas, quien adem\u00e1s de jugar con dos equipos en Italia donde gan\u00f3 varias Euroligas y dos Copas Intercontinentales, fue pieza fundamental de la selecci\u00f3n mexicana en los Juegos Ol\u00edmpicos de Tokio 64, M\u00e9xico 68 y Montreal 76, al lado de \u201cEl Chiquis\u201d Grajeda, estar\u00e1 en Chihuahua para el emotivo reconocimiento.<\/span><\/span><\/span><\/p>\n<p align=\"justify\"><span style=\"font-family: Ubuntu;\"><span style=\"font-size: small;\"><span style=\"font-size: large;\">Arturo Guerrero, figura al lado de Raga y \u201cChiquis\u201d Grajeda, tambi\u00e9n acudir\u00e1 proveniente de Le\u00f3n, Guanajuato.<\/span><\/span><\/span><\/p>\n<p align=\"justify\"><span style=\"font-family: Ubuntu;\"><span style=\"font-size: small;\"><span style=\"font-size: large;\">Asimismo se espera la asistencia de los ex Dorados Jes\u00fas \u201cChuy\u201d Garc\u00eda, Guillermo \u201cMemo\u201d M\u00e1rquez, Agust\u00edn \u201cTin\u201d \u00c1vila, \u201cLa Flecha\u201d Zaragoza y Ra\u00fal Palma, provenientes de Ciudad Ju\u00e1rez, Jos\u00e9 Luis \u201cEl Satan\u00e1s\u201d Arroyos, de Nuevo Casas Grandes y Fernando Tiscare\u00f1o, quien es promotor y miembro del Comit\u00e9 Organizador del homenaje p\u00f3stumo a Grajeda.<\/span><\/span><\/span><\/p>\n<p align=\"justify\"><span style=\"font-family: Ubuntu;\"><span style=\"font-size: small;\"><span style=\"font-size: large;\">El acto a celebrarse el s\u00e1bado 23 de marzo, reunir\u00e1 a familiares, amigos y autoridades en un desayuno, mientras que, por la noche ser\u00e1 la Ceremonia dentro de la Liga Estatal de Basquetbol, en el medio tiempo del partido entre Centauros Vs Dorados, en la duela del Gimnasio Rodrigo M. Quevedo a las 20:00 horas.<\/span><\/span><\/span><\/p>\n<p align=\"justify\"><span style=\"font-family: Ubuntu;\"><span style=\"font-size: small;\"><span style=\"font-size: large;\">El protocolo incluye la proyecci\u00f3n de la semblanza humana y deportiva de Luis Enrique \u201cChiquis\u201d Grajeda y una placa como testimonio de reconocimiento al basquetbolista ol\u00edmpico chihuahuense Luis Enrique \u201cChiquis\u201d Grajeda Pedroza.<\/span><\/span><\/span><\/p>\n<p align=\"justify\"><img loading=\"lazy\" decoding=\"async\" class=\"alignnone wp-image-55 size-full\" src=\"http:\/\/ichd.mx\/wp-content\/uploads\/2019\/03\/CHIQUIS-GRAJEDA-7.jpeg\" alt=\"\" width=\"800\" height=\"600\" srcset=\"https:\/\/ichd.mx\/wp-content\/uploads\/2019\/03\/CHIQUIS-GRAJEDA-7.jpeg 800w, https:\/\/ichd.mx\/wp-content\/uploads\/2019\/03\/CHIQUIS-GRAJEDA-7-300x225.jpeg 300w, https:\/\/ichd.mx\/wp-content\/uploads\/2019\/03\/CHIQUIS-GRAJEDA-7-768x576.jpeg 768w\" sizes=\"auto, (max-width: 800px) 100vw, 800px\" \/><\/p>\n","protected":false},"excerpt":{"rendered":"<p>El homenaje p\u00f3stumo al ol\u00edmpico Luis Enrique \u201cChiquis\u201d Grajeda reunir\u00e1 el pr\u00f3ximo 23 de marzo en la Ciudad de Chihuahua<\/p>\n","protected":false},"author":1,"featured_media":56,"comment_status":"closed","ping_status":"closed","sticky":false,"template":"","format":"standard","meta":{"footnotes":""},"categories":[3],"tags":[],"class_list":["post-54","post","type-post","status-publish","format-standard","has-post-thumbnail","hentry","category-sub"],"yoast_head":"<!-- This site is optimized with the Yoast SEO plugin v25.9 - https:\/\/yoast.com\/wordpress\/plugins\/seo\/ -->\n<title>Realizar\u00e1n emotivo testimonio de reconocimiento al \u201cChiquis\u201d Grajeda - ICHD<\/title>\n<meta name=\"robots\" content=\"index, follow, max-snippet:-1, max-image-preview:large, max-video-preview:-1\" \/>\n<link rel=\"canonical\" href=\"https:\/\/ichd.mx\/?p=54\" \/>\n<meta property=\"og:locale\" content=\"es_ES\" \/>\n<meta property=\"og:type\" content=\"article\" \/>\n<meta property=\"og:title\" content=\"Realizar\u00e1n emotivo testimonio de reconocimiento al \u201cChiquis\u201d Grajeda - ICHD\" \/>\n<meta property=\"og:description\" content=\"El homenaje p\u00f3stumo al ol\u00edmpico Luis Enrique \u201cChiquis\u201d Grajeda reunir\u00e1 el pr\u00f3ximo 23 de marzo en la Ciudad de Chihuahua\" \/>\n<meta property=\"og:url\" content=\"https:\/\/ichd.mx\/?p=54\" \/>\n<meta property=\"og:site_name\" content=\"ICHD\" \/>\n<meta property=\"article:publisher\" content=\"https:\/\/www.facebook.com\/ichdmx\" \/>\n<meta property=\"article:published_time\" content=\"2019-03-20T19:47:19+00:00\" \/>\n<meta property=\"article:modified_time\" content=\"2020-04-26T16:19:24+00:00\" \/>\n<meta property=\"og:image\" content=\"https:\/\/ichd.mx\/wp-content\/uploads\/2019\/03\/Comit\u00e9-Organizador.jpg\" \/>\n\t<meta property=\"og:image:width\" content=\"1000\" \/>\n\t<meta property=\"og:image:height\" content=\"453\" \/>\n\t<meta property=\"og:image:type\" content=\"image\/jpeg\" \/>\n<meta name=\"author\" content=\"Prensa ICHD\" \/>\n<meta name=\"twitter:card\" content=\"summary_large_image\" \/>\n<meta name=\"twitter:creator\" content=\"@ICHDmx\" \/>\n<meta name=\"twitter:site\" content=\"@ICHDmx\" \/>\n<meta name=\"twitter:label1\" content=\"Escrito por\" \/>\n\t<meta name=\"twitter:data1\" content=\"Prensa ICHD\" \/>\n\t<meta name=\"twitter:label2\" content=\"Tiempo de lectura\" \/>\n\t<meta name=\"twitter:data2\" content=\"2 minutos\" \/>\n<script type=\"application\/ld+json\" class=\"yoast-schema-graph\">{\"@context\":\"https:\/\/schema.org\",\"@graph\":[{\"@type\":\"WebPage\",\"@id\":\"https:\/\/ichd.mx\/?p=54\",\"url\":\"https:\/\/ichd.mx\/?p=54\",\"name\":\"Realizar\u00e1n emotivo testimonio de reconocimiento al \u201cChiquis\u201d Grajeda - ICHD\",\"isPartOf\":{\"@id\":\"https:\/\/ichd.mx\/#website\"},\"primaryImageOfPage\":{\"@id\":\"https:\/\/ichd.mx\/?p=54#primaryimage\"},\"image\":{\"@id\":\"https:\/\/ichd.mx\/?p=54#primaryimage\"},\"thumbnailUrl\":\"https:\/\/ichd.mx\/wp-content\/uploads\/2019\/03\/Comit\u00e9-Organizador.jpg\",\"datePublished\":\"2019-03-20T19:47:19+00:00\",\"dateModified\":\"2020-04-26T16:19:24+00:00\",\"author\":{\"@id\":\"https:\/\/ichd.mx\/#\/schema\/person\/f479276b61f414d2c9cb093175585910\"},\"breadcrumb\":{\"@id\":\"https:\/\/ichd.mx\/?p=54#breadcrumb\"},\"inLanguage\":\"es\",\"potentialAction\":[{\"@type\":\"ReadAction\",\"target\":[\"https:\/\/ichd.mx\/?p=54\"]}]},{\"@type\":\"ImageObject\",\"inLanguage\":\"es\",\"@id\":\"https:\/\/ichd.mx\/?p=54#primaryimage\",\"url\":\"https:\/\/ichd.mx\/wp-content\/uploads\/2019\/03\/Comit\u00e9-Organizador.jpg\",\"contentUrl\":\"https:\/\/ichd.mx\/wp-content\/uploads\/2019\/03\/Comit\u00e9-Organizador.jpg\",\"width\":1000,\"height\":453},{\"@type\":\"BreadcrumbList\",\"@id\":\"https:\/\/ichd.mx\/?p=54#breadcrumb\",\"itemListElement\":[{\"@type\":\"ListItem\",\"position\":1,\"name\":\"Portada\",\"item\":\"https:\/\/ichd.mx\/\"},{\"@type\":\"ListItem\",\"position\":2,\"name\":\"Realizar\u00e1n emotivo testimonio de reconocimiento al \u201cChiquis\u201d Grajeda\"}]},{\"@type\":\"WebSite\",\"@id\":\"https:\/\/ichd.mx\/#website\",\"url\":\"https:\/\/ichd.mx\/\",\"name\":\"ICHD\",\"description\":\"Instituto Chihuahuense del Deporte y Cultura F\u00edsica\",\"potentialAction\":[{\"@type\":\"SearchAction\",\"target\":{\"@type\":\"EntryPoint\",\"urlTemplate\":\"https:\/\/ichd.mx\/?s={search_term_string}\"},\"query-input\":{\"@type\":\"PropertyValueSpecification\",\"valueRequired\":true,\"valueName\":\"search_term_string\"}}],\"inLanguage\":\"es\"},{\"@type\":\"Person\",\"@id\":\"https:\/\/ichd.mx\/#\/schema\/person\/f479276b61f414d2c9cb093175585910\",\"name\":\"Prensa ICHD\",\"image\":{\"@type\":\"ImageObject\",\"inLanguage\":\"es\",\"@id\":\"https:\/\/ichd.mx\/#\/schema\/person\/image\/\",\"url\":\"https:\/\/secure.gravatar.com\/avatar\/6046115645d37646586ee77488df800b?s=96&d=mm&r=g\",\"contentUrl\":\"https:\/\/secure.gravatar.com\/avatar\/6046115645d37646586ee77488df800b?s=96&d=mm&r=g\",\"caption\":\"Prensa ICHD\"},\"url\":\"https:\/\/ichd.mx\/?author=1\"}]}<\/script>\n<!-- \/ Yoast SEO plugin. -->","yoast_head_json":{"title":"Realizar\u00e1n emotivo testimonio de reconocimiento al \u201cChiquis\u201d Grajeda - ICHD","robots":{"index":"index","follow":"follow","max-snippet":"max-snippet:-1","max-image-preview":"max-image-preview:large","max-video-preview":"max-video-preview:-1"},"canonical":"https:\/\/ichd.mx\/?p=54","og_locale":"es_ES","og_type":"article","og_title":"Realizar\u00e1n emotivo testimonio de reconocimiento al \u201cChiquis\u201d Grajeda - ICHD","og_description":"El homenaje p\u00f3stumo al ol\u00edmpico Luis Enrique \u201cChiquis\u201d Grajeda reunir\u00e1 el pr\u00f3ximo 23 de marzo en la Ciudad de Chihuahua","og_url":"https:\/\/ichd.mx\/?p=54","og_site_name":"ICHD","article_publisher":"https:\/\/www.facebook.com\/ichdmx","article_published_time":"2019-03-20T19:47:19+00:00","article_modified_time":"2020-04-26T16:19:24+00:00","og_image":[{"width":1000,"height":453,"url":"https:\/\/ichd.mx\/wp-content\/uploads\/2019\/03\/Comit\u00e9-Organizador.jpg","type":"image\/jpeg"}],"author":"Prensa ICHD","twitter_card":"summary_large_image","twitter_creator":"@ICHDmx","twitter_site":"@ICHDmx","twitter_misc":{"Escrito por":"Prensa ICHD","Tiempo de lectura":"2 minutos"},"schema":{"@context":"https:\/\/schema.org","@graph":[{"@type":"WebPage","@id":"https:\/\/ichd.mx\/?p=54","url":"https:\/\/ichd.mx\/?p=54","name":"Realizar\u00e1n emotivo testimonio de reconocimiento al \u201cChiquis\u201d Grajeda - ICHD","isPartOf":{"@id":"https:\/\/ichd.mx\/#website"},"primaryImageOfPage":{"@id":"https:\/\/ichd.mx\/?p=54#primaryimage"},"image":{"@id":"https:\/\/ichd.mx\/?p=54#primaryimage"},"thumbnailUrl":"https:\/\/ichd.mx\/wp-content\/uploads\/2019\/03\/Comit\u00e9-Organizador.jpg","datePublished":"2019-03-20T19:47:19+00:00","dateModified":"2020-04-26T16:19:24+00:00","author":{"@id":"https:\/\/ichd.mx\/#\/schema\/person\/f479276b61f414d2c9cb093175585910"},"breadcrumb":{"@id":"https:\/\/ichd.mx\/?p=54#breadcrumb"},"inLanguage":"es","potentialAction":[{"@type":"ReadAction","target":["https:\/\/ichd.mx\/?p=54"]}]},{"@type":"ImageObject","inLanguage":"es","@id":"https:\/\/ichd.mx\/?p=54#primaryimage","url":"https:\/\/ichd.mx\/wp-content\/uploads\/2019\/03\/Comit\u00e9-Organizador.jpg","contentUrl":"https:\/\/ichd.mx\/wp-content\/uploads\/2019\/03\/Comit\u00e9-Organizador.jpg","width":1000,"height":453},{"@type":"BreadcrumbList","@id":"https:\/\/ichd.mx\/?p=54#breadcrumb","itemListElement":[{"@type":"ListItem","position":1,"name":"Portada","item":"https:\/\/ichd.mx\/"},{"@type":"ListItem","position":2,"name":"Realizar\u00e1n emotivo testimonio de reconocimiento al \u201cChiquis\u201d Grajeda"}]},{"@type":"WebSite","@id":"https:\/\/ichd.mx\/#website","url":"https:\/\/ichd.mx\/","name":"ICHD","description":"Instituto Chihuahuense del Deporte y Cultura F\u00edsica","potentialAction":[{"@type":"SearchAction","target":{"@type":"EntryPoint","urlTemplate":"https:\/\/ichd.mx\/?s={search_term_string}"},"query-input":{"@type":"PropertyValueSpecification","valueRequired":true,"valueName":"search_term_string"}}],"inLanguage":"es"},{"@type":"Person","@id":"https:\/\/ichd.mx\/#\/schema\/person\/f479276b61f414d2c9cb093175585910","name":"Prensa ICHD","image":{"@type":"ImageObject","inLanguage":"es","@id":"https:\/\/ichd.mx\/#\/schema\/person\/image\/","url":"https:\/\/secure.gravatar.com\/avatar\/6046115645d37646586ee77488df800b?s=96&d=mm&r=g","contentUrl":"https:\/\/secure.gravatar.com\/avatar\/6046115645d37646586ee77488df800b?s=96&d=mm&r=g","caption":"Prensa ICHD"},"url":"https:\/\/ichd.mx\/?author=1"}]}},"_links":{"self":[{"href":"https:\/\/ichd.mx\/index.php?rest_route=\/wp\/v2\/posts\/54","targetHints":{"allow":["GET"]}}],"collection":[{"href":"https:\/\/ichd.mx\/index.php?rest_route=\/wp\/v2\/posts"}],"about":[{"href":"https:\/\/ichd.mx\/index.php?rest_route=\/wp\/v2\/types\/post"}],"author":[{"embeddable":true,"href":"https:\/\/ichd.mx\/index.php?rest_route=\/wp\/v2\/users\/1"}],"replies":[{"embeddable":true,"href":"https:\/\/ichd.mx\/index.php?rest_route=%2Fwp%2Fv2%2Fcomments&post=54"}],"version-history":[{"count":2,"href":"https:\/\/ichd.mx\/index.php?rest_route=\/wp\/v2\/posts\/54\/revisions"}],"predecessor-version":[{"id":1386,"href":"https:\/\/ichd.mx\/index.php?rest_route=\/wp\/v2\/posts\/54\/revisions\/1386"}],"wp:featuredmedia":[{"embeddable":true,"href":"https:\/\/ichd.mx\/index.php?rest_route=\/wp\/v2\/media\/56"}],"wp:attachment":[{"href":"https:\/\/ichd.mx\/index.php?rest_route=%2Fwp%2Fv2%2Fmedia&parent=54"}],"wp:term":[{"taxonomy":"category","embeddable":true,"href":"https:\/\/ichd.mx\/index.php?rest_route=%2Fwp%2Fv2%2Fcategories&post=54"},{"taxonomy":"post_tag","embeddable":true,"href":"https:\/\/ichd.mx\/index.php?rest_route=%2Fwp%2Fv2%2Ftags&post=54"}],"curies":[{"name":"wp","href":"https:\/\/api.w.org\/{rel}","templated":true}]}}