{"id":5291,"date":"2024-06-28T13:24:28","date_gmt":"2024-06-28T19:24:28","guid":{"rendered":"https:\/\/ichd.mx\/?p=5291"},"modified":"2024-07-01T13:25:27","modified_gmt":"2024-07-01T19:25:27","slug":"bronce-para-chihuahua-en-el-cierre-del-karate","status":"publish","type":"post","link":"https:\/\/ichd.mx\/?p=5291","title":{"rendered":"Bronce para Chihuahua en el cierre del Karate"},"content":{"rendered":"<p>Con la participaci\u00f3n de la delegaci\u00f3n chihuahuense de Karate en la categor\u00eda 18-<br \/>\n20 a\u00f1os, finaliz\u00f3 Chihuahua en los Juegos Nacionales Conade 2024, que se<br \/>\nrealizaron en Guadalajara, Jalisco.<br \/>\nEn la modalidad de Kumite dentro de la divisi\u00f3n de -61 kilogramos, Edith Vianey<br \/>\nFavela Canales, logr\u00f3 la medalla de bronce para el estado, mientras que, Marco<br \/>\nPaul Ibarra San Mart\u00edn se ubic\u00f3 en el cuarto lugar nacional.<br \/>\nCon esto, Chihuahua finaliza su participaci\u00f3n en esta edici\u00f3n, donde se<br \/>\nacumularon una medalla de oro y dos bronces.<img loading=\"lazy\" decoding=\"async\" class=\"alignnone size-medium wp-image-5292\" src=\"https:\/\/ichd.mx\/wp-content\/uploads\/2024\/07\/Karate-4to-lugar-226x300.jpeg\" alt=\"\" width=\"226\" height=\"300\" srcset=\"https:\/\/ichd.mx\/wp-content\/uploads\/2024\/07\/Karate-4to-lugar-226x300.jpeg 226w, https:\/\/ichd.mx\/wp-content\/uploads\/2024\/07\/Karate-4to-lugar-771x1024.jpeg 771w, https:\/\/ichd.mx\/wp-content\/uploads\/2024\/07\/Karate-4to-lugar-768x1021.jpeg 768w, https:\/\/ichd.mx\/wp-content\/uploads\/2024\/07\/Karate-4to-lugar-1156x1536.jpeg 1156w, https:\/\/ichd.mx\/wp-content\/uploads\/2024\/07\/Karate-4to-lugar.jpeg 1204w\" sizes=\"auto, (max-width: 226px) 100vw, 226px\" \/> <img loading=\"lazy\" decoding=\"async\" class=\"alignnone size-medium wp-image-5293\" src=\"https:\/\/ichd.mx\/wp-content\/uploads\/2024\/07\/Karate-1-226x300.jpeg\" alt=\"\" width=\"226\" height=\"300\" srcset=\"https:\/\/ichd.mx\/wp-content\/uploads\/2024\/07\/Karate-1-226x300.jpeg 226w, https:\/\/ichd.mx\/wp-content\/uploads\/2024\/07\/Karate-1-771x1024.jpeg 771w, https:\/\/ichd.mx\/wp-content\/uploads\/2024\/07\/Karate-1-768x1021.jpeg 768w, https:\/\/ichd.mx\/wp-content\/uploads\/2024\/07\/Karate-1-1156x1536.jpeg 1156w, https:\/\/ichd.mx\/wp-content\/uploads\/2024\/07\/Karate-1.jpeg 1204w\" sizes=\"auto, (max-width: 226px) 100vw, 226px\" \/> <img loading=\"lazy\" decoding=\"async\" class=\"alignnone size-medium wp-image-5294\" src=\"https:\/\/ichd.mx\/wp-content\/uploads\/2024\/07\/Karate-2-226x300.jpeg\" alt=\"\" width=\"226\" height=\"300\" srcset=\"https:\/\/ichd.mx\/wp-content\/uploads\/2024\/07\/Karate-2-226x300.jpeg 226w, https:\/\/ichd.mx\/wp-content\/uploads\/2024\/07\/Karate-2-771x1024.jpeg 771w, https:\/\/ichd.mx\/wp-content\/uploads\/2024\/07\/Karate-2-768x1021.jpeg 768w, https:\/\/ichd.mx\/wp-content\/uploads\/2024\/07\/Karate-2-1156x1536.jpeg 1156w, https:\/\/ichd.mx\/wp-content\/uploads\/2024\/07\/Karate-2.jpeg 1204w\" sizes=\"auto, (max-width: 226px) 100vw, 226px\" \/><\/p>\n","protected":false},"excerpt":{"rendered":"<p>Con la participaci\u00f3n de la delegaci\u00f3n chihuahuense de Karate en la categor\u00eda 18- 20 a\u00f1os, finaliz\u00f3 Chihuahua en los Juegos<\/p>\n","protected":false},"author":3,"featured_media":5294,"comment_status":"closed","ping_status":"open","sticky":false,"template":"","format":"standard","meta":{"footnotes":""},"categories":[8,163,5,2,3],"tags":[],"class_list":["post-5291","post","type-post","status-publish","format-standard","has-post-thumbnail","hentry","category-gral","category-main-2","category-on","category-ppal","category-sub"],"yoast_head":"<!-- This site is optimized with the Yoast SEO plugin v25.9 - https:\/\/yoast.com\/wordpress\/plugins\/seo\/ -->\n<title>Bronce para Chihuahua en el cierre del Karate - ICHD<\/title>\n<meta name=\"robots\" content=\"index, follow, max-snippet:-1, max-image-preview:large, max-video-preview:-1\" \/>\n<link rel=\"canonical\" href=\"https:\/\/ichd.mx\/?p=5291\" \/>\n<meta property=\"og:locale\" content=\"es_ES\" \/>\n<meta property=\"og:type\" content=\"article\" \/>\n<meta property=\"og:title\" content=\"Bronce para Chihuahua en el cierre del Karate - ICHD\" \/>\n<meta property=\"og:description\" content=\"Con la participaci\u00f3n de la delegaci\u00f3n chihuahuense de Karate en la categor\u00eda 18- 20 a\u00f1os, finaliz\u00f3 Chihuahua en los Juegos\" \/>\n<meta property=\"og:url\" content=\"https:\/\/ichd.mx\/?p=5291\" \/>\n<meta property=\"og:site_name\" content=\"ICHD\" \/>\n<meta property=\"article:publisher\" content=\"https:\/\/www.facebook.com\/ichdmx\" \/>\n<meta property=\"article:published_time\" content=\"2024-06-28T19:24:28+00:00\" \/>\n<meta property=\"article:modified_time\" content=\"2024-07-01T19:25:27+00:00\" \/>\n<meta property=\"og:image\" content=\"https:\/\/ichd.mx\/wp-content\/uploads\/2024\/07\/Karate-2.jpeg\" \/>\n\t<meta property=\"og:image:width\" content=\"1204\" \/>\n\t<meta property=\"og:image:height\" content=\"1600\" \/>\n\t<meta property=\"og:image:type\" content=\"image\/jpeg\" \/>\n<meta name=\"author\" content=\"Prensa ICHD\" \/>\n<meta name=\"twitter:card\" content=\"summary_large_image\" \/>\n<meta name=\"twitter:creator\" content=\"@ICHDmx\" \/>\n<meta name=\"twitter:site\" content=\"@ICHDmx\" \/>\n<meta name=\"twitter:label1\" content=\"Escrito por\" \/>\n\t<meta name=\"twitter:data1\" content=\"Prensa ICHD\" \/>\n\t<meta name=\"twitter:label2\" content=\"Tiempo de lectura\" \/>\n\t<meta name=\"twitter:data2\" content=\"1 minuto\" \/>\n<script type=\"application\/ld+json\" class=\"yoast-schema-graph\">{\"@context\":\"https:\/\/schema.org\",\"@graph\":[{\"@type\":\"WebPage\",\"@id\":\"https:\/\/ichd.mx\/?p=5291\",\"url\":\"https:\/\/ichd.mx\/?p=5291\",\"name\":\"Bronce para Chihuahua en el cierre del Karate - ICHD\",\"isPartOf\":{\"@id\":\"https:\/\/ichd.mx\/#website\"},\"primaryImageOfPage\":{\"@id\":\"https:\/\/ichd.mx\/?p=5291#primaryimage\"},\"image\":{\"@id\":\"https:\/\/ichd.mx\/?p=5291#primaryimage\"},\"thumbnailUrl\":\"https:\/\/ichd.mx\/wp-content\/uploads\/2024\/07\/Karate-2.jpeg\",\"datePublished\":\"2024-06-28T19:24:28+00:00\",\"dateModified\":\"2024-07-01T19:25:27+00:00\",\"author\":{\"@id\":\"https:\/\/ichd.mx\/#\/schema\/person\/137528cf3411e3cbc248ffe1288137a7\"},\"breadcrumb\":{\"@id\":\"https:\/\/ichd.mx\/?p=5291#breadcrumb\"},\"inLanguage\":\"es\",\"potentialAction\":[{\"@type\":\"ReadAction\",\"target\":[\"https:\/\/ichd.mx\/?p=5291\"]}]},{\"@type\":\"ImageObject\",\"inLanguage\":\"es\",\"@id\":\"https:\/\/ichd.mx\/?p=5291#primaryimage\",\"url\":\"https:\/\/ichd.mx\/wp-content\/uploads\/2024\/07\/Karate-2.jpeg\",\"contentUrl\":\"https:\/\/ichd.mx\/wp-content\/uploads\/2024\/07\/Karate-2.jpeg\",\"width\":1204,\"height\":1600},{\"@type\":\"BreadcrumbList\",\"@id\":\"https:\/\/ichd.mx\/?p=5291#breadcrumb\",\"itemListElement\":[{\"@type\":\"ListItem\",\"position\":1,\"name\":\"Portada\",\"item\":\"https:\/\/ichd.mx\/\"},{\"@type\":\"ListItem\",\"position\":2,\"name\":\"Bronce para Chihuahua en el cierre del Karate\"}]},{\"@type\":\"WebSite\",\"@id\":\"https:\/\/ichd.mx\/#website\",\"url\":\"https:\/\/ichd.mx\/\",\"name\":\"ICHD\",\"description\":\"Instituto Chihuahuense del Deporte y Cultura F\u00edsica\",\"potentialAction\":[{\"@type\":\"SearchAction\",\"target\":{\"@type\":\"EntryPoint\",\"urlTemplate\":\"https:\/\/ichd.mx\/?s={search_term_string}\"},\"query-input\":{\"@type\":\"PropertyValueSpecification\",\"valueRequired\":true,\"valueName\":\"search_term_string\"}}],\"inLanguage\":\"es\"},{\"@type\":\"Person\",\"@id\":\"https:\/\/ichd.mx\/#\/schema\/person\/137528cf3411e3cbc248ffe1288137a7\",\"name\":\"Prensa ICHD\",\"image\":{\"@type\":\"ImageObject\",\"inLanguage\":\"es\",\"@id\":\"https:\/\/ichd.mx\/#\/schema\/person\/image\/\",\"url\":\"https:\/\/secure.gravatar.com\/avatar\/166c01e5e415043a004f7d214348c415?s=96&d=mm&r=g\",\"contentUrl\":\"https:\/\/secure.gravatar.com\/avatar\/166c01e5e415043a004f7d214348c415?s=96&d=mm&r=g\",\"caption\":\"Prensa ICHD\"},\"url\":\"https:\/\/ichd.mx\/?author=3\"}]}<\/script>\n<!-- \/ Yoast SEO plugin. -->","yoast_head_json":{"title":"Bronce para Chihuahua en el cierre del Karate - ICHD","robots":{"index":"index","follow":"follow","max-snippet":"max-snippet:-1","max-image-preview":"max-image-preview:large","max-video-preview":"max-video-preview:-1"},"canonical":"https:\/\/ichd.mx\/?p=5291","og_locale":"es_ES","og_type":"article","og_title":"Bronce para Chihuahua en el cierre del Karate - ICHD","og_description":"Con la participaci\u00f3n de la delegaci\u00f3n chihuahuense de Karate en la categor\u00eda 18- 20 a\u00f1os, finaliz\u00f3 Chihuahua en los Juegos","og_url":"https:\/\/ichd.mx\/?p=5291","og_site_name":"ICHD","article_publisher":"https:\/\/www.facebook.com\/ichdmx","article_published_time":"2024-06-28T19:24:28+00:00","article_modified_time":"2024-07-01T19:25:27+00:00","og_image":[{"width":1204,"height":1600,"url":"https:\/\/ichd.mx\/wp-content\/uploads\/2024\/07\/Karate-2.jpeg","type":"image\/jpeg"}],"author":"Prensa ICHD","twitter_card":"summary_large_image","twitter_creator":"@ICHDmx","twitter_site":"@ICHDmx","twitter_misc":{"Escrito por":"Prensa ICHD","Tiempo de lectura":"1 minuto"},"schema":{"@context":"https:\/\/schema.org","@graph":[{"@type":"WebPage","@id":"https:\/\/ichd.mx\/?p=5291","url":"https:\/\/ichd.mx\/?p=5291","name":"Bronce para Chihuahua en el cierre del Karate - ICHD","isPartOf":{"@id":"https:\/\/ichd.mx\/#website"},"primaryImageOfPage":{"@id":"https:\/\/ichd.mx\/?p=5291#primaryimage"},"image":{"@id":"https:\/\/ichd.mx\/?p=5291#primaryimage"},"thumbnailUrl":"https:\/\/ichd.mx\/wp-content\/uploads\/2024\/07\/Karate-2.jpeg","datePublished":"2024-06-28T19:24:28+00:00","dateModified":"2024-07-01T19:25:27+00:00","author":{"@id":"https:\/\/ichd.mx\/#\/schema\/person\/137528cf3411e3cbc248ffe1288137a7"},"breadcrumb":{"@id":"https:\/\/ichd.mx\/?p=5291#breadcrumb"},"inLanguage":"es","potentialAction":[{"@type":"ReadAction","target":["https:\/\/ichd.mx\/?p=5291"]}]},{"@type":"ImageObject","inLanguage":"es","@id":"https:\/\/ichd.mx\/?p=5291#primaryimage","url":"https:\/\/ichd.mx\/wp-content\/uploads\/2024\/07\/Karate-2.jpeg","contentUrl":"https:\/\/ichd.mx\/wp-content\/uploads\/2024\/07\/Karate-2.jpeg","width":1204,"height":1600},{"@type":"BreadcrumbList","@id":"https:\/\/ichd.mx\/?p=5291#breadcrumb","itemListElement":[{"@type":"ListItem","position":1,"name":"Portada","item":"https:\/\/ichd.mx\/"},{"@type":"ListItem","position":2,"name":"Bronce para Chihuahua en el cierre del Karate"}]},{"@type":"WebSite","@id":"https:\/\/ichd.mx\/#website","url":"https:\/\/ichd.mx\/","name":"ICHD","description":"Instituto Chihuahuense del Deporte y Cultura F\u00edsica","potentialAction":[{"@type":"SearchAction","target":{"@type":"EntryPoint","urlTemplate":"https:\/\/ichd.mx\/?s={search_term_string}"},"query-input":{"@type":"PropertyValueSpecification","valueRequired":true,"valueName":"search_term_string"}}],"inLanguage":"es"},{"@type":"Person","@id":"https:\/\/ichd.mx\/#\/schema\/person\/137528cf3411e3cbc248ffe1288137a7","name":"Prensa ICHD","image":{"@type":"ImageObject","inLanguage":"es","@id":"https:\/\/ichd.mx\/#\/schema\/person\/image\/","url":"https:\/\/secure.gravatar.com\/avatar\/166c01e5e415043a004f7d214348c415?s=96&d=mm&r=g","contentUrl":"https:\/\/secure.gravatar.com\/avatar\/166c01e5e415043a004f7d214348c415?s=96&d=mm&r=g","caption":"Prensa ICHD"},"url":"https:\/\/ichd.mx\/?author=3"}]}},"_links":{"self":[{"href":"https:\/\/ichd.mx\/index.php?rest_route=\/wp\/v2\/posts\/5291","targetHints":{"allow":["GET"]}}],"collection":[{"href":"https:\/\/ichd.mx\/index.php?rest_route=\/wp\/v2\/posts"}],"about":[{"href":"https:\/\/ichd.mx\/index.php?rest_route=\/wp\/v2\/types\/post"}],"author":[{"embeddable":true,"href":"https:\/\/ichd.mx\/index.php?rest_route=\/wp\/v2\/users\/3"}],"replies":[{"embeddable":true,"href":"https:\/\/ichd.mx\/index.php?rest_route=%2Fwp%2Fv2%2Fcomments&post=5291"}],"version-history":[{"count":1,"href":"https:\/\/ichd.mx\/index.php?rest_route=\/wp\/v2\/posts\/5291\/revisions"}],"predecessor-version":[{"id":5295,"href":"https:\/\/ichd.mx\/index.php?rest_route=\/wp\/v2\/posts\/5291\/revisions\/5295"}],"wp:featuredmedia":[{"embeddable":true,"href":"https:\/\/ichd.mx\/index.php?rest_route=\/wp\/v2\/media\/5294"}],"wp:attachment":[{"href":"https:\/\/ichd.mx\/index.php?rest_route=%2Fwp%2Fv2%2Fmedia&parent=5291"}],"wp:term":[{"taxonomy":"category","embeddable":true,"href":"https:\/\/ichd.mx\/index.php?rest_route=%2Fwp%2Fv2%2Fcategories&post=5291"},{"taxonomy":"post_tag","embeddable":true,"href":"https:\/\/ichd.mx\/index.php?rest_route=%2Fwp%2Fv2%2Ftags&post=5291"}],"curies":[{"name":"wp","href":"https:\/\/api.w.org\/{rel}","templated":true}]}}