{"id":5258,"date":"2024-06-27T10:06:23","date_gmt":"2024-06-27T16:06:23","guid":{"rendered":"https:\/\/ichd.mx\/?p=5258"},"modified":"2024-06-27T10:06:23","modified_gmt":"2024-06-27T16:06:23","slug":"marco-almeida-abre-participacion-con-dos-medallas-para-chihuahua","status":"publish","type":"post","link":"https:\/\/ichd.mx\/?p=5258","title":{"rendered":"Marco Almeida abre participaci\u00f3n con dos medallas para Chihuahua"},"content":{"rendered":"<p>Iniciaron las competencias de Karate en los Juegos Nacionales Conade que se<br \/>\nrealizan en Guadalajara, Jalisco, en d\u00f3nde el chihuahuense Marco Antonio<br \/>\nAlmeida Ch\u00e1vez logr\u00f3 1 medalla de oro y 1 de bronce.<br \/>\nDentro de la categor\u00eda 14-15 a\u00f1os, el chihuahuense consigui\u00f3 en la modalidad de<br \/>\nKumite de la divisi\u00f3n -52 kilogramos, la medalla de oro, mientras que, en Kata<br \/>\nIndividual, se llev\u00f3 la presea de bronce.<br \/>\nAsimismo, la delegaci\u00f3n chihuahuense continuar\u00e1 su participaci\u00f3n en la categor\u00eda<br \/>\n16-17 a\u00f1os, con Yehosua Reza, Ilse Maldonado y Marcela Rangel.<img loading=\"lazy\" decoding=\"async\" class=\"alignnone size-medium wp-image-5259\" src=\"https:\/\/ichd.mx\/wp-content\/uploads\/2024\/06\/MARCO-ALMEDIA-GANA-ORO-Y-BRONCE-135x300.jpeg\" alt=\"\" width=\"135\" height=\"300\" srcset=\"https:\/\/ichd.mx\/wp-content\/uploads\/2024\/06\/MARCO-ALMEDIA-GANA-ORO-Y-BRONCE-135x300.jpeg 135w, https:\/\/ichd.mx\/wp-content\/uploads\/2024\/06\/MARCO-ALMEDIA-GANA-ORO-Y-BRONCE-461x1024.jpeg 461w, https:\/\/ichd.mx\/wp-content\/uploads\/2024\/06\/MARCO-ALMEDIA-GANA-ORO-Y-BRONCE-691x1536.jpeg 691w, https:\/\/ichd.mx\/wp-content\/uploads\/2024\/06\/MARCO-ALMEDIA-GANA-ORO-Y-BRONCE.jpeg 720w\" sizes=\"auto, (max-width: 135px) 100vw, 135px\" \/> <img loading=\"lazy\" decoding=\"async\" class=\"alignnone size-medium wp-image-5260\" src=\"https:\/\/ichd.mx\/wp-content\/uploads\/2024\/06\/ORO-Y-BRONCE-MARCO-ALMEIDA-3-300x135.jpeg\" alt=\"\" width=\"300\" height=\"135\" srcset=\"https:\/\/ichd.mx\/wp-content\/uploads\/2024\/06\/ORO-Y-BRONCE-MARCO-ALMEIDA-3-300x135.jpeg 300w, https:\/\/ichd.mx\/wp-content\/uploads\/2024\/06\/ORO-Y-BRONCE-MARCO-ALMEIDA-3-1024x461.jpeg 1024w, https:\/\/ichd.mx\/wp-content\/uploads\/2024\/06\/ORO-Y-BRONCE-MARCO-ALMEIDA-3-768x346.jpeg 768w, https:\/\/ichd.mx\/wp-content\/uploads\/2024\/06\/ORO-Y-BRONCE-MARCO-ALMEIDA-3.jpeg 1280w\" sizes=\"auto, (max-width: 300px) 100vw, 300px\" \/> <img loading=\"lazy\" decoding=\"async\" class=\"alignnone size-medium wp-image-5261\" src=\"https:\/\/ichd.mx\/wp-content\/uploads\/2024\/06\/ORO-Y-BRONCE-MARCO-ALMEIDA-1-226x300.jpeg\" alt=\"\" width=\"226\" height=\"300\" srcset=\"https:\/\/ichd.mx\/wp-content\/uploads\/2024\/06\/ORO-Y-BRONCE-MARCO-ALMEIDA-1-226x300.jpeg 226w, https:\/\/ichd.mx\/wp-content\/uploads\/2024\/06\/ORO-Y-BRONCE-MARCO-ALMEIDA-1-771x1024.jpeg 771w, https:\/\/ichd.mx\/wp-content\/uploads\/2024\/06\/ORO-Y-BRONCE-MARCO-ALMEIDA-1-768x1021.jpeg 768w, https:\/\/ichd.mx\/wp-content\/uploads\/2024\/06\/ORO-Y-BRONCE-MARCO-ALMEIDA-1-1156x1536.jpeg 1156w, https:\/\/ichd.mx\/wp-content\/uploads\/2024\/06\/ORO-Y-BRONCE-MARCO-ALMEIDA-1.jpeg 1204w\" sizes=\"auto, (max-width: 226px) 100vw, 226px\" \/> <img loading=\"lazy\" decoding=\"async\" class=\"alignnone size-medium wp-image-5262\" src=\"https:\/\/ichd.mx\/wp-content\/uploads\/2024\/06\/ORO-Y-BRONCE-MARCO-ALMEIDA-2-226x300.jpeg\" alt=\"\" width=\"226\" height=\"300\" srcset=\"https:\/\/ichd.mx\/wp-content\/uploads\/2024\/06\/ORO-Y-BRONCE-MARCO-ALMEIDA-2-226x300.jpeg 226w, https:\/\/ichd.mx\/wp-content\/uploads\/2024\/06\/ORO-Y-BRONCE-MARCO-ALMEIDA-2-770x1024.jpeg 770w, https:\/\/ichd.mx\/wp-content\/uploads\/2024\/06\/ORO-Y-BRONCE-MARCO-ALMEIDA-2-768x1021.jpeg 768w, https:\/\/ichd.mx\/wp-content\/uploads\/2024\/06\/ORO-Y-BRONCE-MARCO-ALMEIDA-2.jpeg 963w\" sizes=\"auto, (max-width: 226px) 100vw, 226px\" \/><\/p>\n","protected":false},"excerpt":{"rendered":"<p>Iniciaron las competencias de Karate en los Juegos Nacionales Conade que se realizan en Guadalajara, Jalisco, en d\u00f3nde el chihuahuense<\/p>\n","protected":false},"author":3,"featured_media":5260,"comment_status":"closed","ping_status":"open","sticky":false,"template":"","format":"standard","meta":{"footnotes":""},"categories":[8,163,5,2,3],"tags":[],"class_list":["post-5258","post","type-post","status-publish","format-standard","has-post-thumbnail","hentry","category-gral","category-main-2","category-on","category-ppal","category-sub"],"yoast_head":"<!-- This site is optimized with the Yoast SEO plugin v25.9 - https:\/\/yoast.com\/wordpress\/plugins\/seo\/ -->\n<title>Marco Almeida abre participaci\u00f3n con dos medallas para Chihuahua - ICHD<\/title>\n<meta name=\"robots\" content=\"index, follow, max-snippet:-1, max-image-preview:large, max-video-preview:-1\" \/>\n<link rel=\"canonical\" href=\"https:\/\/ichd.mx\/?p=5258\" \/>\n<meta property=\"og:locale\" content=\"es_ES\" \/>\n<meta property=\"og:type\" content=\"article\" \/>\n<meta property=\"og:title\" content=\"Marco Almeida abre participaci\u00f3n con dos medallas para Chihuahua - ICHD\" \/>\n<meta property=\"og:description\" content=\"Iniciaron las competencias de Karate en los Juegos Nacionales Conade que se realizan en Guadalajara, Jalisco, en d\u00f3nde el chihuahuense\" \/>\n<meta property=\"og:url\" content=\"https:\/\/ichd.mx\/?p=5258\" \/>\n<meta property=\"og:site_name\" content=\"ICHD\" \/>\n<meta property=\"article:publisher\" content=\"https:\/\/www.facebook.com\/ichdmx\" \/>\n<meta property=\"article:published_time\" content=\"2024-06-27T16:06:23+00:00\" \/>\n<meta property=\"og:image\" content=\"https:\/\/ichd.mx\/wp-content\/uploads\/2024\/06\/ORO-Y-BRONCE-MARCO-ALMEIDA-3.jpeg\" \/>\n\t<meta property=\"og:image:width\" content=\"1280\" \/>\n\t<meta property=\"og:image:height\" content=\"576\" \/>\n\t<meta property=\"og:image:type\" content=\"image\/jpeg\" \/>\n<meta name=\"author\" content=\"Prensa ICHD\" \/>\n<meta name=\"twitter:card\" content=\"summary_large_image\" \/>\n<meta name=\"twitter:creator\" content=\"@ICHDmx\" \/>\n<meta name=\"twitter:site\" content=\"@ICHDmx\" \/>\n<meta name=\"twitter:label1\" content=\"Escrito por\" \/>\n\t<meta name=\"twitter:data1\" content=\"Prensa ICHD\" \/>\n\t<meta name=\"twitter:label2\" content=\"Tiempo de lectura\" \/>\n\t<meta name=\"twitter:data2\" content=\"2 minutos\" \/>\n<script type=\"application\/ld+json\" class=\"yoast-schema-graph\">{\"@context\":\"https:\/\/schema.org\",\"@graph\":[{\"@type\":\"WebPage\",\"@id\":\"https:\/\/ichd.mx\/?p=5258\",\"url\":\"https:\/\/ichd.mx\/?p=5258\",\"name\":\"Marco Almeida abre participaci\u00f3n con dos medallas para Chihuahua - ICHD\",\"isPartOf\":{\"@id\":\"https:\/\/ichd.mx\/#website\"},\"primaryImageOfPage\":{\"@id\":\"https:\/\/ichd.mx\/?p=5258#primaryimage\"},\"image\":{\"@id\":\"https:\/\/ichd.mx\/?p=5258#primaryimage\"},\"thumbnailUrl\":\"https:\/\/ichd.mx\/wp-content\/uploads\/2024\/06\/ORO-Y-BRONCE-MARCO-ALMEIDA-3.jpeg\",\"datePublished\":\"2024-06-27T16:06:23+00:00\",\"author\":{\"@id\":\"https:\/\/ichd.mx\/#\/schema\/person\/137528cf3411e3cbc248ffe1288137a7\"},\"breadcrumb\":{\"@id\":\"https:\/\/ichd.mx\/?p=5258#breadcrumb\"},\"inLanguage\":\"es\",\"potentialAction\":[{\"@type\":\"ReadAction\",\"target\":[\"https:\/\/ichd.mx\/?p=5258\"]}]},{\"@type\":\"ImageObject\",\"inLanguage\":\"es\",\"@id\":\"https:\/\/ichd.mx\/?p=5258#primaryimage\",\"url\":\"https:\/\/ichd.mx\/wp-content\/uploads\/2024\/06\/ORO-Y-BRONCE-MARCO-ALMEIDA-3.jpeg\",\"contentUrl\":\"https:\/\/ichd.mx\/wp-content\/uploads\/2024\/06\/ORO-Y-BRONCE-MARCO-ALMEIDA-3.jpeg\",\"width\":1280,\"height\":576},{\"@type\":\"BreadcrumbList\",\"@id\":\"https:\/\/ichd.mx\/?p=5258#breadcrumb\",\"itemListElement\":[{\"@type\":\"ListItem\",\"position\":1,\"name\":\"Portada\",\"item\":\"https:\/\/ichd.mx\/\"},{\"@type\":\"ListItem\",\"position\":2,\"name\":\"Marco Almeida abre participaci\u00f3n con dos medallas para Chihuahua\"}]},{\"@type\":\"WebSite\",\"@id\":\"https:\/\/ichd.mx\/#website\",\"url\":\"https:\/\/ichd.mx\/\",\"name\":\"ICHD\",\"description\":\"Instituto Chihuahuense del Deporte y Cultura F\u00edsica\",\"potentialAction\":[{\"@type\":\"SearchAction\",\"target\":{\"@type\":\"EntryPoint\",\"urlTemplate\":\"https:\/\/ichd.mx\/?s={search_term_string}\"},\"query-input\":{\"@type\":\"PropertyValueSpecification\",\"valueRequired\":true,\"valueName\":\"search_term_string\"}}],\"inLanguage\":\"es\"},{\"@type\":\"Person\",\"@id\":\"https:\/\/ichd.mx\/#\/schema\/person\/137528cf3411e3cbc248ffe1288137a7\",\"name\":\"Prensa ICHD\",\"image\":{\"@type\":\"ImageObject\",\"inLanguage\":\"es\",\"@id\":\"https:\/\/ichd.mx\/#\/schema\/person\/image\/\",\"url\":\"https:\/\/secure.gravatar.com\/avatar\/166c01e5e415043a004f7d214348c415?s=96&d=mm&r=g\",\"contentUrl\":\"https:\/\/secure.gravatar.com\/avatar\/166c01e5e415043a004f7d214348c415?s=96&d=mm&r=g\",\"caption\":\"Prensa ICHD\"},\"url\":\"https:\/\/ichd.mx\/?author=3\"}]}<\/script>\n<!-- \/ Yoast SEO plugin. -->","yoast_head_json":{"title":"Marco Almeida abre participaci\u00f3n con dos medallas para Chihuahua - ICHD","robots":{"index":"index","follow":"follow","max-snippet":"max-snippet:-1","max-image-preview":"max-image-preview:large","max-video-preview":"max-video-preview:-1"},"canonical":"https:\/\/ichd.mx\/?p=5258","og_locale":"es_ES","og_type":"article","og_title":"Marco Almeida abre participaci\u00f3n con dos medallas para Chihuahua - ICHD","og_description":"Iniciaron las competencias de Karate en los Juegos Nacionales Conade que se realizan en Guadalajara, Jalisco, en d\u00f3nde el chihuahuense","og_url":"https:\/\/ichd.mx\/?p=5258","og_site_name":"ICHD","article_publisher":"https:\/\/www.facebook.com\/ichdmx","article_published_time":"2024-06-27T16:06:23+00:00","og_image":[{"width":1280,"height":576,"url":"https:\/\/ichd.mx\/wp-content\/uploads\/2024\/06\/ORO-Y-BRONCE-MARCO-ALMEIDA-3.jpeg","type":"image\/jpeg"}],"author":"Prensa ICHD","twitter_card":"summary_large_image","twitter_creator":"@ICHDmx","twitter_site":"@ICHDmx","twitter_misc":{"Escrito por":"Prensa ICHD","Tiempo de lectura":"2 minutos"},"schema":{"@context":"https:\/\/schema.org","@graph":[{"@type":"WebPage","@id":"https:\/\/ichd.mx\/?p=5258","url":"https:\/\/ichd.mx\/?p=5258","name":"Marco Almeida abre participaci\u00f3n con dos medallas para Chihuahua - ICHD","isPartOf":{"@id":"https:\/\/ichd.mx\/#website"},"primaryImageOfPage":{"@id":"https:\/\/ichd.mx\/?p=5258#primaryimage"},"image":{"@id":"https:\/\/ichd.mx\/?p=5258#primaryimage"},"thumbnailUrl":"https:\/\/ichd.mx\/wp-content\/uploads\/2024\/06\/ORO-Y-BRONCE-MARCO-ALMEIDA-3.jpeg","datePublished":"2024-06-27T16:06:23+00:00","author":{"@id":"https:\/\/ichd.mx\/#\/schema\/person\/137528cf3411e3cbc248ffe1288137a7"},"breadcrumb":{"@id":"https:\/\/ichd.mx\/?p=5258#breadcrumb"},"inLanguage":"es","potentialAction":[{"@type":"ReadAction","target":["https:\/\/ichd.mx\/?p=5258"]}]},{"@type":"ImageObject","inLanguage":"es","@id":"https:\/\/ichd.mx\/?p=5258#primaryimage","url":"https:\/\/ichd.mx\/wp-content\/uploads\/2024\/06\/ORO-Y-BRONCE-MARCO-ALMEIDA-3.jpeg","contentUrl":"https:\/\/ichd.mx\/wp-content\/uploads\/2024\/06\/ORO-Y-BRONCE-MARCO-ALMEIDA-3.jpeg","width":1280,"height":576},{"@type":"BreadcrumbList","@id":"https:\/\/ichd.mx\/?p=5258#breadcrumb","itemListElement":[{"@type":"ListItem","position":1,"name":"Portada","item":"https:\/\/ichd.mx\/"},{"@type":"ListItem","position":2,"name":"Marco Almeida abre participaci\u00f3n con dos medallas para Chihuahua"}]},{"@type":"WebSite","@id":"https:\/\/ichd.mx\/#website","url":"https:\/\/ichd.mx\/","name":"ICHD","description":"Instituto Chihuahuense del Deporte y Cultura F\u00edsica","potentialAction":[{"@type":"SearchAction","target":{"@type":"EntryPoint","urlTemplate":"https:\/\/ichd.mx\/?s={search_term_string}"},"query-input":{"@type":"PropertyValueSpecification","valueRequired":true,"valueName":"search_term_string"}}],"inLanguage":"es"},{"@type":"Person","@id":"https:\/\/ichd.mx\/#\/schema\/person\/137528cf3411e3cbc248ffe1288137a7","name":"Prensa ICHD","image":{"@type":"ImageObject","inLanguage":"es","@id":"https:\/\/ichd.mx\/#\/schema\/person\/image\/","url":"https:\/\/secure.gravatar.com\/avatar\/166c01e5e415043a004f7d214348c415?s=96&d=mm&r=g","contentUrl":"https:\/\/secure.gravatar.com\/avatar\/166c01e5e415043a004f7d214348c415?s=96&d=mm&r=g","caption":"Prensa ICHD"},"url":"https:\/\/ichd.mx\/?author=3"}]}},"_links":{"self":[{"href":"https:\/\/ichd.mx\/index.php?rest_route=\/wp\/v2\/posts\/5258","targetHints":{"allow":["GET"]}}],"collection":[{"href":"https:\/\/ichd.mx\/index.php?rest_route=\/wp\/v2\/posts"}],"about":[{"href":"https:\/\/ichd.mx\/index.php?rest_route=\/wp\/v2\/types\/post"}],"author":[{"embeddable":true,"href":"https:\/\/ichd.mx\/index.php?rest_route=\/wp\/v2\/users\/3"}],"replies":[{"embeddable":true,"href":"https:\/\/ichd.mx\/index.php?rest_route=%2Fwp%2Fv2%2Fcomments&post=5258"}],"version-history":[{"count":1,"href":"https:\/\/ichd.mx\/index.php?rest_route=\/wp\/v2\/posts\/5258\/revisions"}],"predecessor-version":[{"id":5263,"href":"https:\/\/ichd.mx\/index.php?rest_route=\/wp\/v2\/posts\/5258\/revisions\/5263"}],"wp:featuredmedia":[{"embeddable":true,"href":"https:\/\/ichd.mx\/index.php?rest_route=\/wp\/v2\/media\/5260"}],"wp:attachment":[{"href":"https:\/\/ichd.mx\/index.php?rest_route=%2Fwp%2Fv2%2Fmedia&parent=5258"}],"wp:term":[{"taxonomy":"category","embeddable":true,"href":"https:\/\/ichd.mx\/index.php?rest_route=%2Fwp%2Fv2%2Fcategories&post=5258"},{"taxonomy":"post_tag","embeddable":true,"href":"https:\/\/ichd.mx\/index.php?rest_route=%2Fwp%2Fv2%2Ftags&post=5258"}],"curies":[{"name":"wp","href":"https:\/\/api.w.org\/{rel}","templated":true}]}}