{"id":5253,"date":"2024-06-26T14:04:51","date_gmt":"2024-06-26T20:04:51","guid":{"rendered":"https:\/\/ichd.mx\/?p=5253"},"modified":"2024-06-26T14:05:14","modified_gmt":"2024-06-26T20:05:14","slug":"con-medallas-comienza-la-categoria-sub-21-de-taekwondo","status":"publish","type":"post","link":"https:\/\/ichd.mx\/?p=5253","title":{"rendered":"Con medallas comienza la categor\u00eda Sub 21 de Taekwondo"},"content":{"rendered":"<p>En el comienzo de la categor\u00eda superior Sub 21 de Taekwondo, la delegaci\u00f3n<br \/>\nchihuahuense consigui\u00f3 1 medalla de oro y 3 de plata en acciones de los Juegos<br \/>\nNacionales Conade 2024, en Guadalajara, Jalisco.<br \/>\nLa medalla de oro fue para Clemente Lara Palomino en la divisi\u00f3n de 74<br \/>\nkilogramos, mientras que las preseas de plata las consiguieron: Alyson Acosta<br \/>\nIbarra (-46kg), Alan Z\u00fa\u00f1iga Delgado (87kg) e Irlanda Rodr\u00edguez Serrano en la<br \/>\ndivisi\u00f3n de 53 kilos.<br \/>\nChihuahua continuar\u00e1 participaci\u00f3n en la Sub 21 con Mia Hern\u00e1ndez, y en la<br \/>\nJuvenil que abarca de los 15 a 17 a\u00f1os, son: Paulina Beltr\u00e1n, Camila Garc\u00eda,<br \/>\nCamila Granillo, junto a Fernanda Chaparro, Mariana Tarango, Saul Verduzco e<br \/>\nIv\u00e1n Mediano.<img loading=\"lazy\" decoding=\"async\" class=\"alignnone size-medium wp-image-5254\" src=\"https:\/\/ichd.mx\/wp-content\/uploads\/2024\/06\/PLATA-Alyson-Acosta-300x300.jpg\" alt=\"\" width=\"300\" height=\"300\" srcset=\"https:\/\/ichd.mx\/wp-content\/uploads\/2024\/06\/PLATA-Alyson-Acosta-300x300.jpg 300w, https:\/\/ichd.mx\/wp-content\/uploads\/2024\/06\/PLATA-Alyson-Acosta-150x150.jpg 150w, https:\/\/ichd.mx\/wp-content\/uploads\/2024\/06\/PLATA-Alyson-Acosta-768x768.jpg 768w, https:\/\/ichd.mx\/wp-content\/uploads\/2024\/06\/PLATA-Alyson-Acosta.jpg 825w\" sizes=\"auto, (max-width: 300px) 100vw, 300px\" \/> <img loading=\"lazy\" decoding=\"async\" class=\"alignnone size-medium wp-image-5255\" src=\"https:\/\/ichd.mx\/wp-content\/uploads\/2024\/06\/PLATA-Irlanda-Rodriguez-300x300.jpg\" alt=\"\" width=\"300\" height=\"300\" srcset=\"https:\/\/ichd.mx\/wp-content\/uploads\/2024\/06\/PLATA-Irlanda-Rodriguez-300x300.jpg 300w, https:\/\/ichd.mx\/wp-content\/uploads\/2024\/06\/PLATA-Irlanda-Rodriguez-150x150.jpg 150w, https:\/\/ichd.mx\/wp-content\/uploads\/2024\/06\/PLATA-Irlanda-Rodriguez-768x768.jpg 768w, https:\/\/ichd.mx\/wp-content\/uploads\/2024\/06\/PLATA-Irlanda-Rodriguez.jpg 1020w\" sizes=\"auto, (max-width: 300px) 100vw, 300px\" \/> <img loading=\"lazy\" decoding=\"async\" class=\"alignnone size-medium wp-image-5256\" src=\"https:\/\/ichd.mx\/wp-content\/uploads\/2024\/06\/ORO-Clemente-Lara-300x300.jpg\" alt=\"\" width=\"300\" height=\"300\" srcset=\"https:\/\/ichd.mx\/wp-content\/uploads\/2024\/06\/ORO-Clemente-Lara-300x300.jpg 300w, https:\/\/ichd.mx\/wp-content\/uploads\/2024\/06\/ORO-Clemente-Lara-1024x1024.jpg 1024w, https:\/\/ichd.mx\/wp-content\/uploads\/2024\/06\/ORO-Clemente-Lara-150x150.jpg 150w, https:\/\/ichd.mx\/wp-content\/uploads\/2024\/06\/ORO-Clemente-Lara-768x768.jpg 768w, https:\/\/ichd.mx\/wp-content\/uploads\/2024\/06\/ORO-Clemente-Lara.jpg 1057w\" sizes=\"auto, (max-width: 300px) 100vw, 300px\" \/><\/p>\n","protected":false},"excerpt":{"rendered":"<p>En el comienzo de la categor\u00eda superior Sub 21 de Taekwondo, la delegaci\u00f3n chihuahuense consigui\u00f3 1 medalla de oro y<\/p>\n","protected":false},"author":3,"featured_media":5254,"comment_status":"closed","ping_status":"open","sticky":false,"template":"","format":"standard","meta":{"footnotes":""},"categories":[8,163,5,2],"tags":[],"class_list":["post-5253","post","type-post","status-publish","format-standard","has-post-thumbnail","hentry","category-gral","category-main-2","category-on","category-ppal"],"yoast_head":"<!-- This site is optimized with the Yoast SEO plugin v25.9 - https:\/\/yoast.com\/wordpress\/plugins\/seo\/ -->\n<title>Con medallas comienza la categor\u00eda Sub 21 de Taekwondo - ICHD<\/title>\n<meta name=\"robots\" content=\"index, follow, max-snippet:-1, max-image-preview:large, max-video-preview:-1\" \/>\n<link rel=\"canonical\" href=\"https:\/\/ichd.mx\/?p=5253\" \/>\n<meta property=\"og:locale\" content=\"es_ES\" \/>\n<meta property=\"og:type\" content=\"article\" \/>\n<meta property=\"og:title\" content=\"Con medallas comienza la categor\u00eda Sub 21 de Taekwondo - ICHD\" \/>\n<meta property=\"og:description\" content=\"En el comienzo de la categor\u00eda superior Sub 21 de Taekwondo, la delegaci\u00f3n chihuahuense consigui\u00f3 1 medalla de oro y\" \/>\n<meta property=\"og:url\" content=\"https:\/\/ichd.mx\/?p=5253\" \/>\n<meta property=\"og:site_name\" content=\"ICHD\" \/>\n<meta property=\"article:publisher\" content=\"https:\/\/www.facebook.com\/ichdmx\" \/>\n<meta property=\"article:published_time\" content=\"2024-06-26T20:04:51+00:00\" \/>\n<meta property=\"article:modified_time\" content=\"2024-06-26T20:05:14+00:00\" \/>\n<meta property=\"og:image\" content=\"https:\/\/ichd.mx\/wp-content\/uploads\/2024\/06\/PLATA-Alyson-Acosta.jpg\" \/>\n\t<meta property=\"og:image:width\" content=\"825\" \/>\n\t<meta property=\"og:image:height\" content=\"825\" \/>\n\t<meta property=\"og:image:type\" content=\"image\/jpeg\" \/>\n<meta name=\"author\" content=\"Prensa ICHD\" \/>\n<meta name=\"twitter:card\" content=\"summary_large_image\" \/>\n<meta name=\"twitter:creator\" content=\"@ICHDmx\" \/>\n<meta name=\"twitter:site\" content=\"@ICHDmx\" \/>\n<meta name=\"twitter:label1\" content=\"Escrito por\" \/>\n\t<meta name=\"twitter:data1\" content=\"Prensa ICHD\" \/>\n\t<meta name=\"twitter:label2\" content=\"Tiempo de lectura\" \/>\n\t<meta name=\"twitter:data2\" content=\"2 minutos\" \/>\n<script type=\"application\/ld+json\" class=\"yoast-schema-graph\">{\"@context\":\"https:\/\/schema.org\",\"@graph\":[{\"@type\":\"WebPage\",\"@id\":\"https:\/\/ichd.mx\/?p=5253\",\"url\":\"https:\/\/ichd.mx\/?p=5253\",\"name\":\"Con medallas comienza la categor\u00eda Sub 21 de Taekwondo - ICHD\",\"isPartOf\":{\"@id\":\"https:\/\/ichd.mx\/#website\"},\"primaryImageOfPage\":{\"@id\":\"https:\/\/ichd.mx\/?p=5253#primaryimage\"},\"image\":{\"@id\":\"https:\/\/ichd.mx\/?p=5253#primaryimage\"},\"thumbnailUrl\":\"https:\/\/ichd.mx\/wp-content\/uploads\/2024\/06\/PLATA-Alyson-Acosta.jpg\",\"datePublished\":\"2024-06-26T20:04:51+00:00\",\"dateModified\":\"2024-06-26T20:05:14+00:00\",\"author\":{\"@id\":\"https:\/\/ichd.mx\/#\/schema\/person\/137528cf3411e3cbc248ffe1288137a7\"},\"breadcrumb\":{\"@id\":\"https:\/\/ichd.mx\/?p=5253#breadcrumb\"},\"inLanguage\":\"es\",\"potentialAction\":[{\"@type\":\"ReadAction\",\"target\":[\"https:\/\/ichd.mx\/?p=5253\"]}]},{\"@type\":\"ImageObject\",\"inLanguage\":\"es\",\"@id\":\"https:\/\/ichd.mx\/?p=5253#primaryimage\",\"url\":\"https:\/\/ichd.mx\/wp-content\/uploads\/2024\/06\/PLATA-Alyson-Acosta.jpg\",\"contentUrl\":\"https:\/\/ichd.mx\/wp-content\/uploads\/2024\/06\/PLATA-Alyson-Acosta.jpg\",\"width\":825,\"height\":825},{\"@type\":\"BreadcrumbList\",\"@id\":\"https:\/\/ichd.mx\/?p=5253#breadcrumb\",\"itemListElement\":[{\"@type\":\"ListItem\",\"position\":1,\"name\":\"Portada\",\"item\":\"https:\/\/ichd.mx\/\"},{\"@type\":\"ListItem\",\"position\":2,\"name\":\"Con medallas comienza la categor\u00eda Sub 21 de Taekwondo\"}]},{\"@type\":\"WebSite\",\"@id\":\"https:\/\/ichd.mx\/#website\",\"url\":\"https:\/\/ichd.mx\/\",\"name\":\"ICHD\",\"description\":\"Instituto Chihuahuense del Deporte y Cultura F\u00edsica\",\"potentialAction\":[{\"@type\":\"SearchAction\",\"target\":{\"@type\":\"EntryPoint\",\"urlTemplate\":\"https:\/\/ichd.mx\/?s={search_term_string}\"},\"query-input\":{\"@type\":\"PropertyValueSpecification\",\"valueRequired\":true,\"valueName\":\"search_term_string\"}}],\"inLanguage\":\"es\"},{\"@type\":\"Person\",\"@id\":\"https:\/\/ichd.mx\/#\/schema\/person\/137528cf3411e3cbc248ffe1288137a7\",\"name\":\"Prensa ICHD\",\"image\":{\"@type\":\"ImageObject\",\"inLanguage\":\"es\",\"@id\":\"https:\/\/ichd.mx\/#\/schema\/person\/image\/\",\"url\":\"https:\/\/secure.gravatar.com\/avatar\/166c01e5e415043a004f7d214348c415?s=96&d=mm&r=g\",\"contentUrl\":\"https:\/\/secure.gravatar.com\/avatar\/166c01e5e415043a004f7d214348c415?s=96&d=mm&r=g\",\"caption\":\"Prensa ICHD\"},\"url\":\"https:\/\/ichd.mx\/?author=3\"}]}<\/script>\n<!-- \/ Yoast SEO plugin. -->","yoast_head_json":{"title":"Con medallas comienza la categor\u00eda Sub 21 de Taekwondo - ICHD","robots":{"index":"index","follow":"follow","max-snippet":"max-snippet:-1","max-image-preview":"max-image-preview:large","max-video-preview":"max-video-preview:-1"},"canonical":"https:\/\/ichd.mx\/?p=5253","og_locale":"es_ES","og_type":"article","og_title":"Con medallas comienza la categor\u00eda Sub 21 de Taekwondo - ICHD","og_description":"En el comienzo de la categor\u00eda superior Sub 21 de Taekwondo, la delegaci\u00f3n chihuahuense consigui\u00f3 1 medalla de oro y","og_url":"https:\/\/ichd.mx\/?p=5253","og_site_name":"ICHD","article_publisher":"https:\/\/www.facebook.com\/ichdmx","article_published_time":"2024-06-26T20:04:51+00:00","article_modified_time":"2024-06-26T20:05:14+00:00","og_image":[{"width":825,"height":825,"url":"https:\/\/ichd.mx\/wp-content\/uploads\/2024\/06\/PLATA-Alyson-Acosta.jpg","type":"image\/jpeg"}],"author":"Prensa ICHD","twitter_card":"summary_large_image","twitter_creator":"@ICHDmx","twitter_site":"@ICHDmx","twitter_misc":{"Escrito por":"Prensa ICHD","Tiempo de lectura":"2 minutos"},"schema":{"@context":"https:\/\/schema.org","@graph":[{"@type":"WebPage","@id":"https:\/\/ichd.mx\/?p=5253","url":"https:\/\/ichd.mx\/?p=5253","name":"Con medallas comienza la categor\u00eda Sub 21 de Taekwondo - ICHD","isPartOf":{"@id":"https:\/\/ichd.mx\/#website"},"primaryImageOfPage":{"@id":"https:\/\/ichd.mx\/?p=5253#primaryimage"},"image":{"@id":"https:\/\/ichd.mx\/?p=5253#primaryimage"},"thumbnailUrl":"https:\/\/ichd.mx\/wp-content\/uploads\/2024\/06\/PLATA-Alyson-Acosta.jpg","datePublished":"2024-06-26T20:04:51+00:00","dateModified":"2024-06-26T20:05:14+00:00","author":{"@id":"https:\/\/ichd.mx\/#\/schema\/person\/137528cf3411e3cbc248ffe1288137a7"},"breadcrumb":{"@id":"https:\/\/ichd.mx\/?p=5253#breadcrumb"},"inLanguage":"es","potentialAction":[{"@type":"ReadAction","target":["https:\/\/ichd.mx\/?p=5253"]}]},{"@type":"ImageObject","inLanguage":"es","@id":"https:\/\/ichd.mx\/?p=5253#primaryimage","url":"https:\/\/ichd.mx\/wp-content\/uploads\/2024\/06\/PLATA-Alyson-Acosta.jpg","contentUrl":"https:\/\/ichd.mx\/wp-content\/uploads\/2024\/06\/PLATA-Alyson-Acosta.jpg","width":825,"height":825},{"@type":"BreadcrumbList","@id":"https:\/\/ichd.mx\/?p=5253#breadcrumb","itemListElement":[{"@type":"ListItem","position":1,"name":"Portada","item":"https:\/\/ichd.mx\/"},{"@type":"ListItem","position":2,"name":"Con medallas comienza la categor\u00eda Sub 21 de Taekwondo"}]},{"@type":"WebSite","@id":"https:\/\/ichd.mx\/#website","url":"https:\/\/ichd.mx\/","name":"ICHD","description":"Instituto Chihuahuense del Deporte y Cultura F\u00edsica","potentialAction":[{"@type":"SearchAction","target":{"@type":"EntryPoint","urlTemplate":"https:\/\/ichd.mx\/?s={search_term_string}"},"query-input":{"@type":"PropertyValueSpecification","valueRequired":true,"valueName":"search_term_string"}}],"inLanguage":"es"},{"@type":"Person","@id":"https:\/\/ichd.mx\/#\/schema\/person\/137528cf3411e3cbc248ffe1288137a7","name":"Prensa ICHD","image":{"@type":"ImageObject","inLanguage":"es","@id":"https:\/\/ichd.mx\/#\/schema\/person\/image\/","url":"https:\/\/secure.gravatar.com\/avatar\/166c01e5e415043a004f7d214348c415?s=96&d=mm&r=g","contentUrl":"https:\/\/secure.gravatar.com\/avatar\/166c01e5e415043a004f7d214348c415?s=96&d=mm&r=g","caption":"Prensa ICHD"},"url":"https:\/\/ichd.mx\/?author=3"}]}},"_links":{"self":[{"href":"https:\/\/ichd.mx\/index.php?rest_route=\/wp\/v2\/posts\/5253","targetHints":{"allow":["GET"]}}],"collection":[{"href":"https:\/\/ichd.mx\/index.php?rest_route=\/wp\/v2\/posts"}],"about":[{"href":"https:\/\/ichd.mx\/index.php?rest_route=\/wp\/v2\/types\/post"}],"author":[{"embeddable":true,"href":"https:\/\/ichd.mx\/index.php?rest_route=\/wp\/v2\/users\/3"}],"replies":[{"embeddable":true,"href":"https:\/\/ichd.mx\/index.php?rest_route=%2Fwp%2Fv2%2Fcomments&post=5253"}],"version-history":[{"count":1,"href":"https:\/\/ichd.mx\/index.php?rest_route=\/wp\/v2\/posts\/5253\/revisions"}],"predecessor-version":[{"id":5257,"href":"https:\/\/ichd.mx\/index.php?rest_route=\/wp\/v2\/posts\/5253\/revisions\/5257"}],"wp:featuredmedia":[{"embeddable":true,"href":"https:\/\/ichd.mx\/index.php?rest_route=\/wp\/v2\/media\/5254"}],"wp:attachment":[{"href":"https:\/\/ichd.mx\/index.php?rest_route=%2Fwp%2Fv2%2Fmedia&parent=5253"}],"wp:term":[{"taxonomy":"category","embeddable":true,"href":"https:\/\/ichd.mx\/index.php?rest_route=%2Fwp%2Fv2%2Fcategories&post=5253"},{"taxonomy":"post_tag","embeddable":true,"href":"https:\/\/ichd.mx\/index.php?rest_route=%2Fwp%2Fv2%2Ftags&post=5253"}],"curies":[{"name":"wp","href":"https:\/\/api.w.org\/{rel}","templated":true}]}}