{"id":4633,"date":"2024-02-29T22:20:25","date_gmt":"2024-03-01T04:20:25","guid":{"rendered":"https:\/\/ichd.mx\/?p=4633"},"modified":"2024-02-29T22:20:25","modified_gmt":"2024-03-01T04:20:25","slug":"estamos-de-fiesta","status":"publish","type":"post","link":"https:\/\/ichd.mx\/?p=4633","title":{"rendered":"\u00a1Estamos de fiesta!"},"content":{"rendered":"<p>&#8212; Se realiz\u00f3 la reapertura de la Alberca Ol\u00edmpica en la Ciudad Deportiva&#8212;<br \/>\n&#8211;\u201cEste esfuerzo, no ser\u00eda posible sin el compromiso de la iniciativa privada, gracias por creer<br \/>\ny por hacer realidad este proyecto, son parte importante del impulso de cada uno de los atletas<\/p>\n<p>que representan a Chihuahua y a nuestro pa\u00eds\u201d, Teporaca Romero.<\/p>\n<p>Esta tarde se realiz\u00f3 la ceremonia de reapertura del Centro Acu\u00e1tico Chihuahua \u201cAlberca<br \/>\nOl\u00edmpica\u201d, luego de cuatro a\u00f1os de estar inhabilitada, se entregaron las instalaciones mejoradas,<br \/>\nen donde se ofertar\u00e1n clases de nataci\u00f3n para toda la familia, as\u00ed como un espacio de calidad<br \/>\npara los atletas que representan al estado de Chihuahua y al pa\u00eds en diversos eventos.<br \/>\nComo parte del pres\u00eddium, se cont\u00f3 con la presencia de Teporaca Romero Del Hierro, directora<br \/>\ndel Instituto Chihuahuense del Deporte y Cultura F\u00edsica, acompa\u00f1ada por la nadadora Valeria<br \/>\nTarin, Juan Jos\u00e9 Abdo Fierro, adem\u00e1s del director del Instituto Municipal de Cultura F\u00edsica y<br \/>\nDeporte; Patricio Mart\u00ednez Garc\u00eda, exgobernador de Chihuahua, junto a Ricardo Espinoza,<br \/>\ndirector del Centro Acu\u00e1tico Chihuahua, Mauricio \u00c1vila Villalobos en representaci\u00f3n de<br \/>\nMyriam Hern\u00e1ndez Acosta, presidenta del Supremo Tribunal de Justicia, as\u00ed como Luis<br \/>\nAlfonso Rivera Campos, rector de la Universidad Aut\u00f3noma de Chihuahua.<br \/>\nEn su mensaje, la nadadora medallista de Juegos Nacionales Conade, Valeria Tar\u00edn, expres\u00f3:<br \/>\n\u201cGracias a la gobernadora Maru Campos y a Teporaca Romero, por su visi\u00f3n y compromiso,<br \/>\nahora tenemos acceso a una instalaci\u00f3n de clase mundial que nos permite entrenar<br \/>\nadecuadamente para nuestras competencias m\u00e1s importantes. La disponibilidad de una alberca<br \/>\nde curso largo es un recurso invaluable que nos ayudar\u00e1 a mejorar nuestras habilidades y<br \/>\ntiempos, as\u00ed mismo estar mejor preparados para representar a nuestro estado en eventos<br \/>\nnacionales e internacionales\u201d.<br \/>\nPor su parte, Teporaca Romero, se\u00f1al\u00f3 la importancia de tener instalaciones adecuadas para<br \/>\npoder desarrollar el talento de los ni\u00f1os y j\u00f3venes; y en su mensaje expres\u00f3: \u201cLos atletas de<br \/>\nChihuahua levantan la voz y nosotros estamos aqu\u00ed para escucharlos y para atenderlos, porque<\/p>\n<p>desde el Gobierno del Estado tomamos la bandera del deporte c\u00f3mo un restaurador del tejido<br \/>\nsocial y c\u00f3mo una importante herramienta para el desarrollo humano\u201d.<br \/>\n\u201cDesde el Gobierno del Estado, estamos seguros que al recuperar espacios, tambi\u00e9n<br \/>\ncontribuimos a la dignificaci\u00f3n de nuestros deportistas, y estamos seguros que nuestros atletas<br \/>\nde Juegos Nacionales, Paranacionales e Internacionales, podr\u00e1n alcanzar sus metas, nada ser\u00e1<br \/>\nm\u00e1s gratificante que poder verlos entrenar aqu\u00ed en su casa\u201d, agreg\u00f3 la titular del deporte en el<br \/>\nestado.<br \/>\nTras dar de manera oficial la reapertura de este recinto, se realiz\u00f3 una salida en falso con<br \/>\nnadadores que representan al estado de Chihuahua en diversas competencias c\u00f3mo lo son en<br \/>\nParanataci\u00f3n: Yuri Julissa Zubir\u00e1n Flores, Melissa Alvarado Nev\u00e1rez y Rub\u00e9n Ch\u00e1vez Avi\u00f1a.<br \/>\nAl igual que, los multimedallistas de Juegos Nacionales Conade: Emilio M\u00e9ndez<br \/>\nAmaya,Valeria Tar\u00edn, Sergio Alberto Meraz Ch\u00e1vez y Paulina Villareal Prieto, adem\u00e1s de los<br \/>\nnadadores m\u00e1ster:<br \/>\nPatricia Ch\u00e1vez y Carlos Alberto Joannis Ortiz, junto a la multimedallista de subacu\u00e1ticos<br \/>\nHannia Camila Flores Paredes.<img loading=\"lazy\" decoding=\"async\" class=\"alignnone size-medium wp-image-4634\" src=\"https:\/\/ichd.mx\/wp-content\/uploads\/2024\/02\/Alberca-2-1-300x200.jpg\" alt=\"\" width=\"300\" height=\"200\" srcset=\"https:\/\/ichd.mx\/wp-content\/uploads\/2024\/02\/Alberca-2-1-300x200.jpg 300w, https:\/\/ichd.mx\/wp-content\/uploads\/2024\/02\/Alberca-2-1-1024x683.jpg 1024w, https:\/\/ichd.mx\/wp-content\/uploads\/2024\/02\/Alberca-2-1-768x512.jpg 768w, https:\/\/ichd.mx\/wp-content\/uploads\/2024\/02\/Alberca-2-1-1536x1024.jpg 1536w, https:\/\/ichd.mx\/wp-content\/uploads\/2024\/02\/Alberca-2-1-2048x1365.jpg 2048w\" sizes=\"auto, (max-width: 300px) 100vw, 300px\" \/> <img loading=\"lazy\" decoding=\"async\" class=\"alignnone size-medium wp-image-4635\" src=\"https:\/\/ichd.mx\/wp-content\/uploads\/2024\/02\/Alberca-3-1-300x227.jpg\" alt=\"\" width=\"300\" height=\"227\" srcset=\"https:\/\/ichd.mx\/wp-content\/uploads\/2024\/02\/Alberca-3-1-300x227.jpg 300w, https:\/\/ichd.mx\/wp-content\/uploads\/2024\/02\/Alberca-3-1-1024x774.jpg 1024w, https:\/\/ichd.mx\/wp-content\/uploads\/2024\/02\/Alberca-3-1-768x581.jpg 768w, https:\/\/ichd.mx\/wp-content\/uploads\/2024\/02\/Alberca-3-1-1536x1161.jpg 1536w, https:\/\/ichd.mx\/wp-content\/uploads\/2024\/02\/Alberca-3-1-2048x1549.jpg 2048w\" sizes=\"auto, (max-width: 300px) 100vw, 300px\" \/> <img loading=\"lazy\" decoding=\"async\" class=\"alignnone size-medium wp-image-4636\" src=\"https:\/\/ichd.mx\/wp-content\/uploads\/2024\/02\/Alberca-4-1-300x200.jpg\" alt=\"\" width=\"300\" height=\"200\" srcset=\"https:\/\/ichd.mx\/wp-content\/uploads\/2024\/02\/Alberca-4-1-300x200.jpg 300w, https:\/\/ichd.mx\/wp-content\/uploads\/2024\/02\/Alberca-4-1-1024x683.jpg 1024w, https:\/\/ichd.mx\/wp-content\/uploads\/2024\/02\/Alberca-4-1-768x512.jpg 768w, https:\/\/ichd.mx\/wp-content\/uploads\/2024\/02\/Alberca-4-1-1536x1024.jpg 1536w, https:\/\/ichd.mx\/wp-content\/uploads\/2024\/02\/Alberca-4-1-2048x1365.jpg 2048w\" sizes=\"auto, (max-width: 300px) 100vw, 300px\" \/> <img loading=\"lazy\" decoding=\"async\" class=\"alignnone size-medium wp-image-4637\" src=\"https:\/\/ichd.mx\/wp-content\/uploads\/2024\/02\/Alberca-5-1-218x300.jpg\" alt=\"\" width=\"218\" height=\"300\" srcset=\"https:\/\/ichd.mx\/wp-content\/uploads\/2024\/02\/Alberca-5-1-218x300.jpg 218w, https:\/\/ichd.mx\/wp-content\/uploads\/2024\/02\/Alberca-5-1-744x1024.jpg 744w, https:\/\/ichd.mx\/wp-content\/uploads\/2024\/02\/Alberca-5-1-768x1057.jpg 768w, https:\/\/ichd.mx\/wp-content\/uploads\/2024\/02\/Alberca-5-1-1117x1536.jpg 1117w, https:\/\/ichd.mx\/wp-content\/uploads\/2024\/02\/Alberca-5-1-1489x2048.jpg 1489w, https:\/\/ichd.mx\/wp-content\/uploads\/2024\/02\/Alberca-5-1-scaled.jpg 1861w\" sizes=\"auto, (max-width: 218px) 100vw, 218px\" \/> <img loading=\"lazy\" decoding=\"async\" class=\"alignnone size-medium wp-image-4638\" src=\"https:\/\/ichd.mx\/wp-content\/uploads\/2024\/02\/Alberca-6-1-300x189.jpg\" alt=\"\" width=\"300\" height=\"189\" srcset=\"https:\/\/ichd.mx\/wp-content\/uploads\/2024\/02\/Alberca-6-1-300x189.jpg 300w, https:\/\/ichd.mx\/wp-content\/uploads\/2024\/02\/Alberca-6-1-1024x644.jpg 1024w, https:\/\/ichd.mx\/wp-content\/uploads\/2024\/02\/Alberca-6-1-768x483.jpg 768w, https:\/\/ichd.mx\/wp-content\/uploads\/2024\/02\/Alberca-6-1-1536x966.jpg 1536w, https:\/\/ichd.mx\/wp-content\/uploads\/2024\/02\/Alberca-6-1-2048x1288.jpg 2048w\" sizes=\"auto, (max-width: 300px) 100vw, 300px\" \/> <img loading=\"lazy\" decoding=\"async\" class=\"alignnone size-medium wp-image-4639\" src=\"https:\/\/ichd.mx\/wp-content\/uploads\/2024\/02\/Alberca-7-300x200.jpg\" alt=\"\" width=\"300\" height=\"200\" srcset=\"https:\/\/ichd.mx\/wp-content\/uploads\/2024\/02\/Alberca-7-300x200.jpg 300w, https:\/\/ichd.mx\/wp-content\/uploads\/2024\/02\/Alberca-7-1024x683.jpg 1024w, https:\/\/ichd.mx\/wp-content\/uploads\/2024\/02\/Alberca-7-768x512.jpg 768w, https:\/\/ichd.mx\/wp-content\/uploads\/2024\/02\/Alberca-7-1536x1024.jpg 1536w, https:\/\/ichd.mx\/wp-content\/uploads\/2024\/02\/Alberca-7-2048x1365.jpg 2048w\" sizes=\"auto, (max-width: 300px) 100vw, 300px\" \/> <img loading=\"lazy\" decoding=\"async\" class=\"alignnone size-medium wp-image-4640\" src=\"https:\/\/ichd.mx\/wp-content\/uploads\/2024\/02\/Alberca-300x199.jpg\" alt=\"\" width=\"300\" height=\"199\" srcset=\"https:\/\/ichd.mx\/wp-content\/uploads\/2024\/02\/Alberca-300x199.jpg 300w, https:\/\/ichd.mx\/wp-content\/uploads\/2024\/02\/Alberca-1024x679.jpg 1024w, https:\/\/ichd.mx\/wp-content\/uploads\/2024\/02\/Alberca-768x509.jpg 768w, https:\/\/ichd.mx\/wp-content\/uploads\/2024\/02\/Alberca-1536x1019.jpg 1536w, https:\/\/ichd.mx\/wp-content\/uploads\/2024\/02\/Alberca-2048x1358.jpg 2048w\" sizes=\"auto, (max-width: 300px) 100vw, 300px\" \/><\/p>\n","protected":false},"excerpt":{"rendered":"<p>&#8212; Se realiz\u00f3 la reapertura de la Alberca Ol\u00edmpica en la Ciudad Deportiva&#8212; &#8211;\u201cEste esfuerzo, no ser\u00eda posible sin el<\/p>\n","protected":false},"author":3,"featured_media":4640,"comment_status":"closed","ping_status":"open","sticky":false,"template":"","format":"standard","meta":{"footnotes":""},"categories":[8,2,3],"tags":[],"class_list":["post-4633","post","type-post","status-publish","format-standard","has-post-thumbnail","hentry","category-gral","category-ppal","category-sub"],"yoast_head":"<!-- This site is optimized with the Yoast SEO plugin v25.9 - https:\/\/yoast.com\/wordpress\/plugins\/seo\/ -->\n<title>\u00a1Estamos de fiesta! - ICHD<\/title>\n<meta name=\"robots\" content=\"index, follow, max-snippet:-1, max-image-preview:large, max-video-preview:-1\" \/>\n<link rel=\"canonical\" href=\"https:\/\/ichd.mx\/?p=4633\" \/>\n<meta property=\"og:locale\" content=\"es_ES\" \/>\n<meta property=\"og:type\" content=\"article\" \/>\n<meta property=\"og:title\" content=\"\u00a1Estamos de fiesta! - ICHD\" \/>\n<meta property=\"og:description\" content=\"&#8212; Se realiz\u00f3 la reapertura de la Alberca Ol\u00edmpica en la Ciudad Deportiva&#8212; &#8211;\u201cEste esfuerzo, no ser\u00eda posible sin el\" \/>\n<meta property=\"og:url\" content=\"https:\/\/ichd.mx\/?p=4633\" \/>\n<meta property=\"og:site_name\" content=\"ICHD\" \/>\n<meta property=\"article:publisher\" content=\"https:\/\/www.facebook.com\/ichdmx\" \/>\n<meta property=\"article:published_time\" content=\"2024-03-01T04:20:25+00:00\" \/>\n<meta property=\"og:image\" content=\"https:\/\/ichd.mx\/wp-content\/uploads\/2024\/02\/Alberca-scaled.jpg\" \/>\n\t<meta property=\"og:image:width\" content=\"2560\" \/>\n\t<meta property=\"og:image:height\" content=\"1698\" \/>\n\t<meta property=\"og:image:type\" content=\"image\/jpeg\" \/>\n<meta name=\"author\" content=\"Prensa ICHD\" \/>\n<meta name=\"twitter:card\" content=\"summary_large_image\" \/>\n<meta name=\"twitter:creator\" content=\"@ICHDmx\" \/>\n<meta name=\"twitter:site\" content=\"@ICHDmx\" \/>\n<meta name=\"twitter:label1\" content=\"Escrito por\" \/>\n\t<meta name=\"twitter:data1\" content=\"Prensa ICHD\" \/>\n\t<meta name=\"twitter:label2\" content=\"Tiempo de lectura\" \/>\n\t<meta name=\"twitter:data2\" content=\"4 minutos\" \/>\n<script type=\"application\/ld+json\" class=\"yoast-schema-graph\">{\"@context\":\"https:\/\/schema.org\",\"@graph\":[{\"@type\":\"WebPage\",\"@id\":\"https:\/\/ichd.mx\/?p=4633\",\"url\":\"https:\/\/ichd.mx\/?p=4633\",\"name\":\"\u00a1Estamos de fiesta! - ICHD\",\"isPartOf\":{\"@id\":\"https:\/\/ichd.mx\/#website\"},\"primaryImageOfPage\":{\"@id\":\"https:\/\/ichd.mx\/?p=4633#primaryimage\"},\"image\":{\"@id\":\"https:\/\/ichd.mx\/?p=4633#primaryimage\"},\"thumbnailUrl\":\"https:\/\/ichd.mx\/wp-content\/uploads\/2024\/02\/Alberca-scaled.jpg\",\"datePublished\":\"2024-03-01T04:20:25+00:00\",\"author\":{\"@id\":\"https:\/\/ichd.mx\/#\/schema\/person\/137528cf3411e3cbc248ffe1288137a7\"},\"breadcrumb\":{\"@id\":\"https:\/\/ichd.mx\/?p=4633#breadcrumb\"},\"inLanguage\":\"es\",\"potentialAction\":[{\"@type\":\"ReadAction\",\"target\":[\"https:\/\/ichd.mx\/?p=4633\"]}]},{\"@type\":\"ImageObject\",\"inLanguage\":\"es\",\"@id\":\"https:\/\/ichd.mx\/?p=4633#primaryimage\",\"url\":\"https:\/\/ichd.mx\/wp-content\/uploads\/2024\/02\/Alberca-scaled.jpg\",\"contentUrl\":\"https:\/\/ichd.mx\/wp-content\/uploads\/2024\/02\/Alberca-scaled.jpg\",\"width\":2560,\"height\":1698},{\"@type\":\"BreadcrumbList\",\"@id\":\"https:\/\/ichd.mx\/?p=4633#breadcrumb\",\"itemListElement\":[{\"@type\":\"ListItem\",\"position\":1,\"name\":\"Portada\",\"item\":\"https:\/\/ichd.mx\/\"},{\"@type\":\"ListItem\",\"position\":2,\"name\":\"\u00a1Estamos de fiesta!\"}]},{\"@type\":\"WebSite\",\"@id\":\"https:\/\/ichd.mx\/#website\",\"url\":\"https:\/\/ichd.mx\/\",\"name\":\"ICHD\",\"description\":\"Instituto Chihuahuense del Deporte y Cultura F\u00edsica\",\"potentialAction\":[{\"@type\":\"SearchAction\",\"target\":{\"@type\":\"EntryPoint\",\"urlTemplate\":\"https:\/\/ichd.mx\/?s={search_term_string}\"},\"query-input\":{\"@type\":\"PropertyValueSpecification\",\"valueRequired\":true,\"valueName\":\"search_term_string\"}}],\"inLanguage\":\"es\"},{\"@type\":\"Person\",\"@id\":\"https:\/\/ichd.mx\/#\/schema\/person\/137528cf3411e3cbc248ffe1288137a7\",\"name\":\"Prensa ICHD\",\"image\":{\"@type\":\"ImageObject\",\"inLanguage\":\"es\",\"@id\":\"https:\/\/ichd.mx\/#\/schema\/person\/image\/\",\"url\":\"https:\/\/secure.gravatar.com\/avatar\/166c01e5e415043a004f7d214348c415?s=96&d=mm&r=g\",\"contentUrl\":\"https:\/\/secure.gravatar.com\/avatar\/166c01e5e415043a004f7d214348c415?s=96&d=mm&r=g\",\"caption\":\"Prensa ICHD\"},\"url\":\"https:\/\/ichd.mx\/?author=3\"}]}<\/script>\n<!-- \/ Yoast SEO plugin. -->","yoast_head_json":{"title":"\u00a1Estamos de fiesta! - ICHD","robots":{"index":"index","follow":"follow","max-snippet":"max-snippet:-1","max-image-preview":"max-image-preview:large","max-video-preview":"max-video-preview:-1"},"canonical":"https:\/\/ichd.mx\/?p=4633","og_locale":"es_ES","og_type":"article","og_title":"\u00a1Estamos de fiesta! - ICHD","og_description":"&#8212; Se realiz\u00f3 la reapertura de la Alberca Ol\u00edmpica en la Ciudad Deportiva&#8212; &#8211;\u201cEste esfuerzo, no ser\u00eda posible sin el","og_url":"https:\/\/ichd.mx\/?p=4633","og_site_name":"ICHD","article_publisher":"https:\/\/www.facebook.com\/ichdmx","article_published_time":"2024-03-01T04:20:25+00:00","og_image":[{"width":2560,"height":1698,"url":"https:\/\/ichd.mx\/wp-content\/uploads\/2024\/02\/Alberca-scaled.jpg","type":"image\/jpeg"}],"author":"Prensa ICHD","twitter_card":"summary_large_image","twitter_creator":"@ICHDmx","twitter_site":"@ICHDmx","twitter_misc":{"Escrito por":"Prensa ICHD","Tiempo de lectura":"4 minutos"},"schema":{"@context":"https:\/\/schema.org","@graph":[{"@type":"WebPage","@id":"https:\/\/ichd.mx\/?p=4633","url":"https:\/\/ichd.mx\/?p=4633","name":"\u00a1Estamos de fiesta! - ICHD","isPartOf":{"@id":"https:\/\/ichd.mx\/#website"},"primaryImageOfPage":{"@id":"https:\/\/ichd.mx\/?p=4633#primaryimage"},"image":{"@id":"https:\/\/ichd.mx\/?p=4633#primaryimage"},"thumbnailUrl":"https:\/\/ichd.mx\/wp-content\/uploads\/2024\/02\/Alberca-scaled.jpg","datePublished":"2024-03-01T04:20:25+00:00","author":{"@id":"https:\/\/ichd.mx\/#\/schema\/person\/137528cf3411e3cbc248ffe1288137a7"},"breadcrumb":{"@id":"https:\/\/ichd.mx\/?p=4633#breadcrumb"},"inLanguage":"es","potentialAction":[{"@type":"ReadAction","target":["https:\/\/ichd.mx\/?p=4633"]}]},{"@type":"ImageObject","inLanguage":"es","@id":"https:\/\/ichd.mx\/?p=4633#primaryimage","url":"https:\/\/ichd.mx\/wp-content\/uploads\/2024\/02\/Alberca-scaled.jpg","contentUrl":"https:\/\/ichd.mx\/wp-content\/uploads\/2024\/02\/Alberca-scaled.jpg","width":2560,"height":1698},{"@type":"BreadcrumbList","@id":"https:\/\/ichd.mx\/?p=4633#breadcrumb","itemListElement":[{"@type":"ListItem","position":1,"name":"Portada","item":"https:\/\/ichd.mx\/"},{"@type":"ListItem","position":2,"name":"\u00a1Estamos de fiesta!"}]},{"@type":"WebSite","@id":"https:\/\/ichd.mx\/#website","url":"https:\/\/ichd.mx\/","name":"ICHD","description":"Instituto Chihuahuense del Deporte y Cultura F\u00edsica","potentialAction":[{"@type":"SearchAction","target":{"@type":"EntryPoint","urlTemplate":"https:\/\/ichd.mx\/?s={search_term_string}"},"query-input":{"@type":"PropertyValueSpecification","valueRequired":true,"valueName":"search_term_string"}}],"inLanguage":"es"},{"@type":"Person","@id":"https:\/\/ichd.mx\/#\/schema\/person\/137528cf3411e3cbc248ffe1288137a7","name":"Prensa ICHD","image":{"@type":"ImageObject","inLanguage":"es","@id":"https:\/\/ichd.mx\/#\/schema\/person\/image\/","url":"https:\/\/secure.gravatar.com\/avatar\/166c01e5e415043a004f7d214348c415?s=96&d=mm&r=g","contentUrl":"https:\/\/secure.gravatar.com\/avatar\/166c01e5e415043a004f7d214348c415?s=96&d=mm&r=g","caption":"Prensa ICHD"},"url":"https:\/\/ichd.mx\/?author=3"}]}},"_links":{"self":[{"href":"https:\/\/ichd.mx\/index.php?rest_route=\/wp\/v2\/posts\/4633","targetHints":{"allow":["GET"]}}],"collection":[{"href":"https:\/\/ichd.mx\/index.php?rest_route=\/wp\/v2\/posts"}],"about":[{"href":"https:\/\/ichd.mx\/index.php?rest_route=\/wp\/v2\/types\/post"}],"author":[{"embeddable":true,"href":"https:\/\/ichd.mx\/index.php?rest_route=\/wp\/v2\/users\/3"}],"replies":[{"embeddable":true,"href":"https:\/\/ichd.mx\/index.php?rest_route=%2Fwp%2Fv2%2Fcomments&post=4633"}],"version-history":[{"count":1,"href":"https:\/\/ichd.mx\/index.php?rest_route=\/wp\/v2\/posts\/4633\/revisions"}],"predecessor-version":[{"id":4641,"href":"https:\/\/ichd.mx\/index.php?rest_route=\/wp\/v2\/posts\/4633\/revisions\/4641"}],"wp:featuredmedia":[{"embeddable":true,"href":"https:\/\/ichd.mx\/index.php?rest_route=\/wp\/v2\/media\/4640"}],"wp:attachment":[{"href":"https:\/\/ichd.mx\/index.php?rest_route=%2Fwp%2Fv2%2Fmedia&parent=4633"}],"wp:term":[{"taxonomy":"category","embeddable":true,"href":"https:\/\/ichd.mx\/index.php?rest_route=%2Fwp%2Fv2%2Fcategories&post=4633"},{"taxonomy":"post_tag","embeddable":true,"href":"https:\/\/ichd.mx\/index.php?rest_route=%2Fwp%2Fv2%2Ftags&post=4633"}],"curies":[{"name":"wp","href":"https:\/\/api.w.org\/{rel}","templated":true}]}}