{"id":454,"date":"2019-06-23T20:56:11","date_gmt":"2019-06-24T02:56:11","guid":{"rendered":"http:\/\/ichd.mx\/?p=454"},"modified":"2020-04-26T10:06:13","modified_gmt":"2020-04-26T16:06:13","slug":"exhiben-trofeo-de-la-copa-bravos-internacional","status":"publish","type":"post","link":"https:\/\/ichd.mx\/?p=454","title":{"rendered":"Exhiben trofeo de la Copa Bravos Internacional"},"content":{"rendered":"<p><em><img loading=\"lazy\" decoding=\"async\" class=\"size-medium wp-image-455 alignleft\" src=\"http:\/\/ichd.mx\/wp-content\/uploads\/2019\/06\/IMG_1451-300x200.jpg\" alt=\"\" width=\"300\" height=\"200\" srcset=\"https:\/\/ichd.mx\/wp-content\/uploads\/2019\/06\/IMG_1451-300x200.jpg 300w, https:\/\/ichd.mx\/wp-content\/uploads\/2019\/06\/IMG_1451-768x512.jpg 768w, https:\/\/ichd.mx\/wp-content\/uploads\/2019\/06\/IMG_1451-1024x683.jpg 1024w, https:\/\/ichd.mx\/wp-content\/uploads\/2019\/06\/IMG_1451.jpg 1920w\" sizes=\"auto, (max-width: 300px) 100vw, 300px\" \/><strong>&#8211;Cientos de aficionados juarenses se dan cita para conocer el galard\u00f3n&#8211;<\/strong><\/em><strong>\u00a0 \u00a0<\/strong><\/p>\n<p>Este domingo se realiz\u00f3 la presentaci\u00f3n oficial del trofeo de la Copa Bravos Internacional en las instalaciones de Plaza Sendero \u201cLas Torres\u201d en donde cientos de aficionados se dieron cita para fotografiarse con ella y conocer a los jugadores de Rosario Central de Argentina y Deportivo Cali de Colombia.<\/p>\n<p>Este lunes se dar\u00e1n a conocer como se integrar\u00e1n los cuatro grupos, donde los 16 equipos participantes de Estados Unidos, Colombia, Argentina y M\u00e9xico, quedar\u00e1n ubicados, el torneo comienza el martes 25 de junio y la gran final se jugar\u00e1 el domingo 30 de junio en el Estadio Ol\u00edmpico \u201cBenito Ju\u00e1rez\u201d.<\/p>\n<p>Los jugadores Juan Manuel Espinoza portero y Osmar Torres defensa central del Deportivo Cali regalaron pulseras y calcoman\u00edas de los Bravos para promocionar la Copa, as\u00ed como los argentinos Valentino Quintero y el seleccionado nacional Miguel Peralta se tomaron fotos con todos los aficionados presentes.<\/p>\n<p>Lucas Cisneros entrenador del Rosario Central coment\u00f3; \u201cestamos contentos de regresar a esta Copa, nos han tratado muy bien, es torneo duro y esperamos hacer nuestro m\u00e1ximo esfuerzo por regresar a Argentina con ella, este evento hace potenciar a los jugadores para mejorar sus condiciones individuales y por equipos, gracias al Instituto Chihuahuense del Deporte por la invitaci\u00f3n\u201d, finaliz\u00f3. <\/p>\n","protected":false},"excerpt":{"rendered":"<p>&#8211;Cientos de aficionados juarenses se dan cita para conocer el galard\u00f3n&#8211;\u00a0 \u00a0 Este domingo se realiz\u00f3 la presentaci\u00f3n oficial del<\/p>\n","protected":false},"author":1,"featured_media":455,"comment_status":"closed","ping_status":"open","sticky":false,"template":"","format":"standard","meta":{"footnotes":""},"categories":[8,2,3],"tags":[61,59,60],"class_list":["post-454","post","type-post","status-publish","format-standard","has-post-thumbnail","hentry","category-gral","category-ppal","category-sub","tag-ciudad-juarez","tag-copa-bravos","tag-futbol-soccer"],"yoast_head":"<!-- This site is optimized with the Yoast SEO plugin v25.9 - https:\/\/yoast.com\/wordpress\/plugins\/seo\/ -->\n<title>Exhiben trofeo de la Copa Bravos Internacional - ICHD<\/title>\n<meta name=\"robots\" content=\"index, follow, max-snippet:-1, max-image-preview:large, max-video-preview:-1\" \/>\n<link rel=\"canonical\" href=\"https:\/\/ichd.mx\/?p=454\" \/>\n<meta property=\"og:locale\" content=\"es_ES\" \/>\n<meta property=\"og:type\" content=\"article\" \/>\n<meta property=\"og:title\" content=\"Exhiben trofeo de la Copa Bravos Internacional - ICHD\" \/>\n<meta property=\"og:description\" content=\"&#8211;Cientos de aficionados juarenses se dan cita para conocer el galard\u00f3n&#8211;\u00a0 \u00a0 Este domingo se realiz\u00f3 la presentaci\u00f3n oficial del\" \/>\n<meta property=\"og:url\" content=\"https:\/\/ichd.mx\/?p=454\" \/>\n<meta property=\"og:site_name\" content=\"ICHD\" \/>\n<meta property=\"article:publisher\" content=\"https:\/\/www.facebook.com\/ichdmx\" \/>\n<meta property=\"article:published_time\" content=\"2019-06-24T02:56:11+00:00\" \/>\n<meta property=\"article:modified_time\" content=\"2020-04-26T16:06:13+00:00\" \/>\n<meta property=\"og:image\" content=\"https:\/\/ichd.mx\/wp-content\/uploads\/2019\/06\/IMG_1451.jpg\" \/>\n\t<meta property=\"og:image:width\" content=\"1920\" \/>\n\t<meta property=\"og:image:height\" content=\"1280\" \/>\n\t<meta property=\"og:image:type\" content=\"image\/jpeg\" \/>\n<meta name=\"author\" content=\"Prensa ICHD\" \/>\n<meta name=\"twitter:card\" content=\"summary_large_image\" \/>\n<meta name=\"twitter:creator\" content=\"@ICHDmx\" \/>\n<meta name=\"twitter:site\" content=\"@ICHDmx\" \/>\n<meta name=\"twitter:label1\" content=\"Escrito por\" \/>\n\t<meta name=\"twitter:data1\" content=\"Prensa ICHD\" \/>\n\t<meta name=\"twitter:label2\" content=\"Tiempo de lectura\" \/>\n\t<meta name=\"twitter:data2\" content=\"1 minuto\" \/>\n<script type=\"application\/ld+json\" class=\"yoast-schema-graph\">{\"@context\":\"https:\/\/schema.org\",\"@graph\":[{\"@type\":\"WebPage\",\"@id\":\"https:\/\/ichd.mx\/?p=454\",\"url\":\"https:\/\/ichd.mx\/?p=454\",\"name\":\"Exhiben trofeo de la Copa Bravos Internacional - ICHD\",\"isPartOf\":{\"@id\":\"https:\/\/ichd.mx\/#website\"},\"primaryImageOfPage\":{\"@id\":\"https:\/\/ichd.mx\/?p=454#primaryimage\"},\"image\":{\"@id\":\"https:\/\/ichd.mx\/?p=454#primaryimage\"},\"thumbnailUrl\":\"https:\/\/ichd.mx\/wp-content\/uploads\/2019\/06\/IMG_1451.jpg\",\"datePublished\":\"2019-06-24T02:56:11+00:00\",\"dateModified\":\"2020-04-26T16:06:13+00:00\",\"author\":{\"@id\":\"https:\/\/ichd.mx\/#\/schema\/person\/f479276b61f414d2c9cb093175585910\"},\"breadcrumb\":{\"@id\":\"https:\/\/ichd.mx\/?p=454#breadcrumb\"},\"inLanguage\":\"es\",\"potentialAction\":[{\"@type\":\"ReadAction\",\"target\":[\"https:\/\/ichd.mx\/?p=454\"]}]},{\"@type\":\"ImageObject\",\"inLanguage\":\"es\",\"@id\":\"https:\/\/ichd.mx\/?p=454#primaryimage\",\"url\":\"https:\/\/ichd.mx\/wp-content\/uploads\/2019\/06\/IMG_1451.jpg\",\"contentUrl\":\"https:\/\/ichd.mx\/wp-content\/uploads\/2019\/06\/IMG_1451.jpg\",\"width\":1920,\"height\":1280},{\"@type\":\"BreadcrumbList\",\"@id\":\"https:\/\/ichd.mx\/?p=454#breadcrumb\",\"itemListElement\":[{\"@type\":\"ListItem\",\"position\":1,\"name\":\"Portada\",\"item\":\"https:\/\/ichd.mx\/\"},{\"@type\":\"ListItem\",\"position\":2,\"name\":\"Exhiben trofeo de la Copa Bravos Internacional\"}]},{\"@type\":\"WebSite\",\"@id\":\"https:\/\/ichd.mx\/#website\",\"url\":\"https:\/\/ichd.mx\/\",\"name\":\"ICHD\",\"description\":\"Instituto Chihuahuense del Deporte y Cultura F\u00edsica\",\"potentialAction\":[{\"@type\":\"SearchAction\",\"target\":{\"@type\":\"EntryPoint\",\"urlTemplate\":\"https:\/\/ichd.mx\/?s={search_term_string}\"},\"query-input\":{\"@type\":\"PropertyValueSpecification\",\"valueRequired\":true,\"valueName\":\"search_term_string\"}}],\"inLanguage\":\"es\"},{\"@type\":\"Person\",\"@id\":\"https:\/\/ichd.mx\/#\/schema\/person\/f479276b61f414d2c9cb093175585910\",\"name\":\"Prensa ICHD\",\"image\":{\"@type\":\"ImageObject\",\"inLanguage\":\"es\",\"@id\":\"https:\/\/ichd.mx\/#\/schema\/person\/image\/\",\"url\":\"https:\/\/secure.gravatar.com\/avatar\/6046115645d37646586ee77488df800b?s=96&d=mm&r=g\",\"contentUrl\":\"https:\/\/secure.gravatar.com\/avatar\/6046115645d37646586ee77488df800b?s=96&d=mm&r=g\",\"caption\":\"Prensa ICHD\"},\"url\":\"https:\/\/ichd.mx\/?author=1\"}]}<\/script>\n<!-- \/ Yoast SEO plugin. -->","yoast_head_json":{"title":"Exhiben trofeo de la Copa Bravos Internacional - ICHD","robots":{"index":"index","follow":"follow","max-snippet":"max-snippet:-1","max-image-preview":"max-image-preview:large","max-video-preview":"max-video-preview:-1"},"canonical":"https:\/\/ichd.mx\/?p=454","og_locale":"es_ES","og_type":"article","og_title":"Exhiben trofeo de la Copa Bravos Internacional - ICHD","og_description":"&#8211;Cientos de aficionados juarenses se dan cita para conocer el galard\u00f3n&#8211;\u00a0 \u00a0 Este domingo se realiz\u00f3 la presentaci\u00f3n oficial del","og_url":"https:\/\/ichd.mx\/?p=454","og_site_name":"ICHD","article_publisher":"https:\/\/www.facebook.com\/ichdmx","article_published_time":"2019-06-24T02:56:11+00:00","article_modified_time":"2020-04-26T16:06:13+00:00","og_image":[{"width":1920,"height":1280,"url":"https:\/\/ichd.mx\/wp-content\/uploads\/2019\/06\/IMG_1451.jpg","type":"image\/jpeg"}],"author":"Prensa ICHD","twitter_card":"summary_large_image","twitter_creator":"@ICHDmx","twitter_site":"@ICHDmx","twitter_misc":{"Escrito por":"Prensa ICHD","Tiempo de lectura":"1 minuto"},"schema":{"@context":"https:\/\/schema.org","@graph":[{"@type":"WebPage","@id":"https:\/\/ichd.mx\/?p=454","url":"https:\/\/ichd.mx\/?p=454","name":"Exhiben trofeo de la Copa Bravos Internacional - ICHD","isPartOf":{"@id":"https:\/\/ichd.mx\/#website"},"primaryImageOfPage":{"@id":"https:\/\/ichd.mx\/?p=454#primaryimage"},"image":{"@id":"https:\/\/ichd.mx\/?p=454#primaryimage"},"thumbnailUrl":"https:\/\/ichd.mx\/wp-content\/uploads\/2019\/06\/IMG_1451.jpg","datePublished":"2019-06-24T02:56:11+00:00","dateModified":"2020-04-26T16:06:13+00:00","author":{"@id":"https:\/\/ichd.mx\/#\/schema\/person\/f479276b61f414d2c9cb093175585910"},"breadcrumb":{"@id":"https:\/\/ichd.mx\/?p=454#breadcrumb"},"inLanguage":"es","potentialAction":[{"@type":"ReadAction","target":["https:\/\/ichd.mx\/?p=454"]}]},{"@type":"ImageObject","inLanguage":"es","@id":"https:\/\/ichd.mx\/?p=454#primaryimage","url":"https:\/\/ichd.mx\/wp-content\/uploads\/2019\/06\/IMG_1451.jpg","contentUrl":"https:\/\/ichd.mx\/wp-content\/uploads\/2019\/06\/IMG_1451.jpg","width":1920,"height":1280},{"@type":"BreadcrumbList","@id":"https:\/\/ichd.mx\/?p=454#breadcrumb","itemListElement":[{"@type":"ListItem","position":1,"name":"Portada","item":"https:\/\/ichd.mx\/"},{"@type":"ListItem","position":2,"name":"Exhiben trofeo de la Copa Bravos Internacional"}]},{"@type":"WebSite","@id":"https:\/\/ichd.mx\/#website","url":"https:\/\/ichd.mx\/","name":"ICHD","description":"Instituto Chihuahuense del Deporte y Cultura F\u00edsica","potentialAction":[{"@type":"SearchAction","target":{"@type":"EntryPoint","urlTemplate":"https:\/\/ichd.mx\/?s={search_term_string}"},"query-input":{"@type":"PropertyValueSpecification","valueRequired":true,"valueName":"search_term_string"}}],"inLanguage":"es"},{"@type":"Person","@id":"https:\/\/ichd.mx\/#\/schema\/person\/f479276b61f414d2c9cb093175585910","name":"Prensa ICHD","image":{"@type":"ImageObject","inLanguage":"es","@id":"https:\/\/ichd.mx\/#\/schema\/person\/image\/","url":"https:\/\/secure.gravatar.com\/avatar\/6046115645d37646586ee77488df800b?s=96&d=mm&r=g","contentUrl":"https:\/\/secure.gravatar.com\/avatar\/6046115645d37646586ee77488df800b?s=96&d=mm&r=g","caption":"Prensa ICHD"},"url":"https:\/\/ichd.mx\/?author=1"}]}},"_links":{"self":[{"href":"https:\/\/ichd.mx\/index.php?rest_route=\/wp\/v2\/posts\/454","targetHints":{"allow":["GET"]}}],"collection":[{"href":"https:\/\/ichd.mx\/index.php?rest_route=\/wp\/v2\/posts"}],"about":[{"href":"https:\/\/ichd.mx\/index.php?rest_route=\/wp\/v2\/types\/post"}],"author":[{"embeddable":true,"href":"https:\/\/ichd.mx\/index.php?rest_route=\/wp\/v2\/users\/1"}],"replies":[{"embeddable":true,"href":"https:\/\/ichd.mx\/index.php?rest_route=%2Fwp%2Fv2%2Fcomments&post=454"}],"version-history":[{"count":2,"href":"https:\/\/ichd.mx\/index.php?rest_route=\/wp\/v2\/posts\/454\/revisions"}],"predecessor-version":[{"id":1292,"href":"https:\/\/ichd.mx\/index.php?rest_route=\/wp\/v2\/posts\/454\/revisions\/1292"}],"wp:featuredmedia":[{"embeddable":true,"href":"https:\/\/ichd.mx\/index.php?rest_route=\/wp\/v2\/media\/455"}],"wp:attachment":[{"href":"https:\/\/ichd.mx\/index.php?rest_route=%2Fwp%2Fv2%2Fmedia&parent=454"}],"wp:term":[{"taxonomy":"category","embeddable":true,"href":"https:\/\/ichd.mx\/index.php?rest_route=%2Fwp%2Fv2%2Fcategories&post=454"},{"taxonomy":"post_tag","embeddable":true,"href":"https:\/\/ichd.mx\/index.php?rest_route=%2Fwp%2Fv2%2Ftags&post=454"}],"curies":[{"name":"wp","href":"https:\/\/api.w.org\/{rel}","templated":true}]}}