{"id":450,"date":"2019-06-23T16:34:13","date_gmt":"2019-06-23T22:34:13","guid":{"rendered":"http:\/\/ichd.mx\/?p=450"},"modified":"2020-04-26T10:06:21","modified_gmt":"2020-04-26T16:06:21","slug":"seleccionados-nacionales-de-colombia-y-argentina-veran-accion-en-la-copa-bravos","status":"publish","type":"post","link":"https:\/\/ichd.mx\/?p=450","title":{"rendered":"Seleccionados nacionales de Colombia y Argentina ver\u00e1n acci\u00f3n en la Copa Bravos"},"content":{"rendered":"<figure id=\"attachment_452\" aria-describedby=\"caption-attachment-452\" style=\"width: 300px\" class=\"wp-caption alignleft\"><img loading=\"lazy\" decoding=\"async\" class=\"wp-image-452 size-medium\" src=\"http:\/\/ichd.mx\/wp-content\/uploads\/2019\/06\/Mateo-Tanlongo-300x200.jpg\" alt=\"\" width=\"300\" height=\"200\" srcset=\"https:\/\/ichd.mx\/wp-content\/uploads\/2019\/06\/Mateo-Tanlongo-300x200.jpg 300w, https:\/\/ichd.mx\/wp-content\/uploads\/2019\/06\/Mateo-Tanlongo-768x512.jpg 768w, https:\/\/ichd.mx\/wp-content\/uploads\/2019\/06\/Mateo-Tanlongo.jpg 960w\" sizes=\"auto, (max-width: 300px) 100vw, 300px\" \/><figcaption id=\"caption-attachment-452\" class=\"wp-caption-text\">Mateo Tanlongo<\/figcaption><\/figure>\n<p><em>\u00a0<strong>-Cristhian Pay\u00e1n Riascos del Deportivo Cali, Miguel Peralta y Mateo Tanlongo de Rosario Central-<\/strong><\/em><strong>\u00a0\u00a0\u00a0\u00a0\u00a0\u00a0\u00a0\u00a0<\/strong><\/p>\n<p>El Comit\u00e9 Organizador de la Copa Bravos Internacional de f\u00fatbol soccer inform\u00f3 que durante la competencia ver\u00e1n acci\u00f3n seleccionados nacionales por las escuadras de Colombia y Argentina defendiendo los colores de su Club en Ciudad Ju\u00e1rez del 24 al 30 de junio.<\/p>\n<figure id=\"attachment_451\" aria-describedby=\"caption-attachment-451\" style=\"width: 300px\" class=\"wp-caption alignright\"><img loading=\"lazy\" decoding=\"async\" class=\"wp-image-451 size-medium\" src=\"http:\/\/ichd.mx\/wp-content\/uploads\/2019\/06\/Miguel-Pertalta-300x300.jpg\" alt=\"\" width=\"300\" height=\"300\" srcset=\"https:\/\/ichd.mx\/wp-content\/uploads\/2019\/06\/Miguel-Pertalta-300x300.jpg 300w, https:\/\/ichd.mx\/wp-content\/uploads\/2019\/06\/Miguel-Pertalta-150x150.jpg 150w, https:\/\/ichd.mx\/wp-content\/uploads\/2019\/06\/Miguel-Pertalta-768x768.jpg 768w, https:\/\/ichd.mx\/wp-content\/uploads\/2019\/06\/Miguel-Pertalta.jpg 960w\" sizes=\"auto, (max-width: 300px) 100vw, 300px\" \/><figcaption id=\"caption-attachment-451\" class=\"wp-caption-text\">Miguel Peralta<\/figcaption><\/figure>\n<p>El campe\u00f3n defensor Deportivo Cali de Colombia, mostrar\u00e1 un alto nivel en la figura de Cristhian Alejandro Pay\u00e1n Riascos quien forma parte de la selecci\u00f3n nacional sub 15 de su pa\u00eds, desempe\u00f1\u00e1ndose como defensa lateral.<\/p>\n<p>Por su parte, la escuadra del Club Atl\u00e9tico Rosario Central cuenta entre sus filas con dos integrantes de la selecci\u00f3n Argentina; Miguel Peralta y Mateo Tanlongo quienes recientemente fueron convocados por el DT de los equipos de cantera para ser parte de la representaci\u00f3n albiceleste.<\/p>\n<p>Tanto Miguel Ramiro Peralta como Mateo Tanlongo juegan la posici\u00f3n de volante.<\/p>\n<p>Este lunes a las 12:00 horas en las oficinas administrativas de Gobierno del Estado en Ciudad Ju\u00e1rez se har\u00e1 la presentaci\u00f3n oficial de la Copa, mientras que, a las 19:00 en el mismo recinto en el Auditorio \u201cB\u201d se realizar\u00e1 el sorteo de grupos.<\/p>\n<p>La competencia comenzar\u00e1 el martes 25 en el Complejo Deportivo del FC Ju\u00e1rez, la gran final se jugar\u00e1 el domingo 30 en el Estadio Ol\u00edmpico \u201cBenito Ju\u00e1rez\u201d. <\/p>\n","protected":false},"excerpt":{"rendered":"<p>\u00a0-Cristhian Pay\u00e1n Riascos del Deportivo Cali, Miguel Peralta y Mateo Tanlongo de Rosario Central-\u00a0\u00a0\u00a0\u00a0\u00a0\u00a0\u00a0\u00a0 El Comit\u00e9 Organizador de la Copa<\/p>\n","protected":false},"author":1,"featured_media":452,"comment_status":"closed","ping_status":"open","sticky":false,"template":"","format":"standard","meta":{"footnotes":""},"categories":[8,2,3],"tags":[62,59,63],"class_list":["post-450","post","type-post","status-publish","format-standard","has-post-thumbnail","hentry","category-gral","category-ppal","category-sub","tag-argentina","tag-copa-bravos","tag-futbol"],"yoast_head":"<!-- This site is optimized with the Yoast SEO plugin v25.9 - https:\/\/yoast.com\/wordpress\/plugins\/seo\/ -->\n<title>Seleccionados nacionales de Colombia y Argentina ver\u00e1n acci\u00f3n en la Copa Bravos - ICHD<\/title>\n<meta name=\"robots\" content=\"index, follow, max-snippet:-1, max-image-preview:large, max-video-preview:-1\" \/>\n<link rel=\"canonical\" href=\"https:\/\/ichd.mx\/?p=450\" \/>\n<meta property=\"og:locale\" content=\"es_ES\" \/>\n<meta property=\"og:type\" content=\"article\" \/>\n<meta property=\"og:title\" content=\"Seleccionados nacionales de Colombia y Argentina ver\u00e1n acci\u00f3n en la Copa Bravos - ICHD\" \/>\n<meta property=\"og:description\" content=\"\u00a0-Cristhian Pay\u00e1n Riascos del Deportivo Cali, Miguel Peralta y Mateo Tanlongo de Rosario Central-\u00a0\u00a0\u00a0\u00a0\u00a0\u00a0\u00a0\u00a0 El Comit\u00e9 Organizador de la Copa\" \/>\n<meta property=\"og:url\" content=\"https:\/\/ichd.mx\/?p=450\" \/>\n<meta property=\"og:site_name\" content=\"ICHD\" \/>\n<meta property=\"article:publisher\" content=\"https:\/\/www.facebook.com\/ichdmx\" \/>\n<meta property=\"article:published_time\" content=\"2019-06-23T22:34:13+00:00\" \/>\n<meta property=\"article:modified_time\" content=\"2020-04-26T16:06:21+00:00\" \/>\n<meta property=\"og:image\" content=\"https:\/\/ichd.mx\/wp-content\/uploads\/2019\/06\/Mateo-Tanlongo.jpg\" \/>\n\t<meta property=\"og:image:width\" content=\"960\" \/>\n\t<meta property=\"og:image:height\" content=\"640\" \/>\n\t<meta property=\"og:image:type\" content=\"image\/jpeg\" \/>\n<meta name=\"author\" content=\"Prensa ICHD\" \/>\n<meta name=\"twitter:card\" content=\"summary_large_image\" \/>\n<meta name=\"twitter:creator\" content=\"@ICHDmx\" \/>\n<meta name=\"twitter:site\" content=\"@ICHDmx\" \/>\n<meta name=\"twitter:label1\" content=\"Escrito por\" \/>\n\t<meta name=\"twitter:data1\" content=\"Prensa ICHD\" \/>\n\t<meta name=\"twitter:label2\" content=\"Tiempo de lectura\" \/>\n\t<meta name=\"twitter:data2\" content=\"1 minuto\" \/>\n<script type=\"application\/ld+json\" class=\"yoast-schema-graph\">{\"@context\":\"https:\/\/schema.org\",\"@graph\":[{\"@type\":\"WebPage\",\"@id\":\"https:\/\/ichd.mx\/?p=450\",\"url\":\"https:\/\/ichd.mx\/?p=450\",\"name\":\"Seleccionados nacionales de Colombia y Argentina ver\u00e1n acci\u00f3n en la Copa Bravos - ICHD\",\"isPartOf\":{\"@id\":\"https:\/\/ichd.mx\/#website\"},\"primaryImageOfPage\":{\"@id\":\"https:\/\/ichd.mx\/?p=450#primaryimage\"},\"image\":{\"@id\":\"https:\/\/ichd.mx\/?p=450#primaryimage\"},\"thumbnailUrl\":\"https:\/\/ichd.mx\/wp-content\/uploads\/2019\/06\/Mateo-Tanlongo.jpg\",\"datePublished\":\"2019-06-23T22:34:13+00:00\",\"dateModified\":\"2020-04-26T16:06:21+00:00\",\"author\":{\"@id\":\"https:\/\/ichd.mx\/#\/schema\/person\/f479276b61f414d2c9cb093175585910\"},\"breadcrumb\":{\"@id\":\"https:\/\/ichd.mx\/?p=450#breadcrumb\"},\"inLanguage\":\"es\",\"potentialAction\":[{\"@type\":\"ReadAction\",\"target\":[\"https:\/\/ichd.mx\/?p=450\"]}]},{\"@type\":\"ImageObject\",\"inLanguage\":\"es\",\"@id\":\"https:\/\/ichd.mx\/?p=450#primaryimage\",\"url\":\"https:\/\/ichd.mx\/wp-content\/uploads\/2019\/06\/Mateo-Tanlongo.jpg\",\"contentUrl\":\"https:\/\/ichd.mx\/wp-content\/uploads\/2019\/06\/Mateo-Tanlongo.jpg\",\"width\":960,\"height\":640},{\"@type\":\"BreadcrumbList\",\"@id\":\"https:\/\/ichd.mx\/?p=450#breadcrumb\",\"itemListElement\":[{\"@type\":\"ListItem\",\"position\":1,\"name\":\"Portada\",\"item\":\"https:\/\/ichd.mx\/\"},{\"@type\":\"ListItem\",\"position\":2,\"name\":\"Seleccionados nacionales de Colombia y Argentina ver\u00e1n acci\u00f3n en la Copa Bravos\"}]},{\"@type\":\"WebSite\",\"@id\":\"https:\/\/ichd.mx\/#website\",\"url\":\"https:\/\/ichd.mx\/\",\"name\":\"ICHD\",\"description\":\"Instituto Chihuahuense del Deporte y Cultura F\u00edsica\",\"potentialAction\":[{\"@type\":\"SearchAction\",\"target\":{\"@type\":\"EntryPoint\",\"urlTemplate\":\"https:\/\/ichd.mx\/?s={search_term_string}\"},\"query-input\":{\"@type\":\"PropertyValueSpecification\",\"valueRequired\":true,\"valueName\":\"search_term_string\"}}],\"inLanguage\":\"es\"},{\"@type\":\"Person\",\"@id\":\"https:\/\/ichd.mx\/#\/schema\/person\/f479276b61f414d2c9cb093175585910\",\"name\":\"Prensa ICHD\",\"image\":{\"@type\":\"ImageObject\",\"inLanguage\":\"es\",\"@id\":\"https:\/\/ichd.mx\/#\/schema\/person\/image\/\",\"url\":\"https:\/\/secure.gravatar.com\/avatar\/6046115645d37646586ee77488df800b?s=96&d=mm&r=g\",\"contentUrl\":\"https:\/\/secure.gravatar.com\/avatar\/6046115645d37646586ee77488df800b?s=96&d=mm&r=g\",\"caption\":\"Prensa ICHD\"},\"url\":\"https:\/\/ichd.mx\/?author=1\"}]}<\/script>\n<!-- \/ Yoast SEO plugin. -->","yoast_head_json":{"title":"Seleccionados nacionales de Colombia y Argentina ver\u00e1n acci\u00f3n en la Copa Bravos - ICHD","robots":{"index":"index","follow":"follow","max-snippet":"max-snippet:-1","max-image-preview":"max-image-preview:large","max-video-preview":"max-video-preview:-1"},"canonical":"https:\/\/ichd.mx\/?p=450","og_locale":"es_ES","og_type":"article","og_title":"Seleccionados nacionales de Colombia y Argentina ver\u00e1n acci\u00f3n en la Copa Bravos - ICHD","og_description":"\u00a0-Cristhian Pay\u00e1n Riascos del Deportivo Cali, Miguel Peralta y Mateo Tanlongo de Rosario Central-\u00a0\u00a0\u00a0\u00a0\u00a0\u00a0\u00a0\u00a0 El Comit\u00e9 Organizador de la Copa","og_url":"https:\/\/ichd.mx\/?p=450","og_site_name":"ICHD","article_publisher":"https:\/\/www.facebook.com\/ichdmx","article_published_time":"2019-06-23T22:34:13+00:00","article_modified_time":"2020-04-26T16:06:21+00:00","og_image":[{"width":960,"height":640,"url":"https:\/\/ichd.mx\/wp-content\/uploads\/2019\/06\/Mateo-Tanlongo.jpg","type":"image\/jpeg"}],"author":"Prensa ICHD","twitter_card":"summary_large_image","twitter_creator":"@ICHDmx","twitter_site":"@ICHDmx","twitter_misc":{"Escrito por":"Prensa ICHD","Tiempo de lectura":"1 minuto"},"schema":{"@context":"https:\/\/schema.org","@graph":[{"@type":"WebPage","@id":"https:\/\/ichd.mx\/?p=450","url":"https:\/\/ichd.mx\/?p=450","name":"Seleccionados nacionales de Colombia y Argentina ver\u00e1n acci\u00f3n en la Copa Bravos - ICHD","isPartOf":{"@id":"https:\/\/ichd.mx\/#website"},"primaryImageOfPage":{"@id":"https:\/\/ichd.mx\/?p=450#primaryimage"},"image":{"@id":"https:\/\/ichd.mx\/?p=450#primaryimage"},"thumbnailUrl":"https:\/\/ichd.mx\/wp-content\/uploads\/2019\/06\/Mateo-Tanlongo.jpg","datePublished":"2019-06-23T22:34:13+00:00","dateModified":"2020-04-26T16:06:21+00:00","author":{"@id":"https:\/\/ichd.mx\/#\/schema\/person\/f479276b61f414d2c9cb093175585910"},"breadcrumb":{"@id":"https:\/\/ichd.mx\/?p=450#breadcrumb"},"inLanguage":"es","potentialAction":[{"@type":"ReadAction","target":["https:\/\/ichd.mx\/?p=450"]}]},{"@type":"ImageObject","inLanguage":"es","@id":"https:\/\/ichd.mx\/?p=450#primaryimage","url":"https:\/\/ichd.mx\/wp-content\/uploads\/2019\/06\/Mateo-Tanlongo.jpg","contentUrl":"https:\/\/ichd.mx\/wp-content\/uploads\/2019\/06\/Mateo-Tanlongo.jpg","width":960,"height":640},{"@type":"BreadcrumbList","@id":"https:\/\/ichd.mx\/?p=450#breadcrumb","itemListElement":[{"@type":"ListItem","position":1,"name":"Portada","item":"https:\/\/ichd.mx\/"},{"@type":"ListItem","position":2,"name":"Seleccionados nacionales de Colombia y Argentina ver\u00e1n acci\u00f3n en la Copa Bravos"}]},{"@type":"WebSite","@id":"https:\/\/ichd.mx\/#website","url":"https:\/\/ichd.mx\/","name":"ICHD","description":"Instituto Chihuahuense del Deporte y Cultura F\u00edsica","potentialAction":[{"@type":"SearchAction","target":{"@type":"EntryPoint","urlTemplate":"https:\/\/ichd.mx\/?s={search_term_string}"},"query-input":{"@type":"PropertyValueSpecification","valueRequired":true,"valueName":"search_term_string"}}],"inLanguage":"es"},{"@type":"Person","@id":"https:\/\/ichd.mx\/#\/schema\/person\/f479276b61f414d2c9cb093175585910","name":"Prensa ICHD","image":{"@type":"ImageObject","inLanguage":"es","@id":"https:\/\/ichd.mx\/#\/schema\/person\/image\/","url":"https:\/\/secure.gravatar.com\/avatar\/6046115645d37646586ee77488df800b?s=96&d=mm&r=g","contentUrl":"https:\/\/secure.gravatar.com\/avatar\/6046115645d37646586ee77488df800b?s=96&d=mm&r=g","caption":"Prensa ICHD"},"url":"https:\/\/ichd.mx\/?author=1"}]}},"_links":{"self":[{"href":"https:\/\/ichd.mx\/index.php?rest_route=\/wp\/v2\/posts\/450","targetHints":{"allow":["GET"]}}],"collection":[{"href":"https:\/\/ichd.mx\/index.php?rest_route=\/wp\/v2\/posts"}],"about":[{"href":"https:\/\/ichd.mx\/index.php?rest_route=\/wp\/v2\/types\/post"}],"author":[{"embeddable":true,"href":"https:\/\/ichd.mx\/index.php?rest_route=\/wp\/v2\/users\/1"}],"replies":[{"embeddable":true,"href":"https:\/\/ichd.mx\/index.php?rest_route=%2Fwp%2Fv2%2Fcomments&post=450"}],"version-history":[{"count":2,"href":"https:\/\/ichd.mx\/index.php?rest_route=\/wp\/v2\/posts\/450\/revisions"}],"predecessor-version":[{"id":1293,"href":"https:\/\/ichd.mx\/index.php?rest_route=\/wp\/v2\/posts\/450\/revisions\/1293"}],"wp:featuredmedia":[{"embeddable":true,"href":"https:\/\/ichd.mx\/index.php?rest_route=\/wp\/v2\/media\/452"}],"wp:attachment":[{"href":"https:\/\/ichd.mx\/index.php?rest_route=%2Fwp%2Fv2%2Fmedia&parent=450"}],"wp:term":[{"taxonomy":"category","embeddable":true,"href":"https:\/\/ichd.mx\/index.php?rest_route=%2Fwp%2Fv2%2Fcategories&post=450"},{"taxonomy":"post_tag","embeddable":true,"href":"https:\/\/ichd.mx\/index.php?rest_route=%2Fwp%2Fv2%2Ftags&post=450"}],"curies":[{"name":"wp","href":"https:\/\/api.w.org\/{rel}","templated":true}]}}