{"id":426,"date":"2019-06-15T12:43:26","date_gmt":"2019-06-15T18:43:26","guid":{"rendered":"http:\/\/ichd.mx\/?p=426"},"modified":"2020-04-26T10:06:55","modified_gmt":"2020-04-26T16:06:55","slug":"ares-gonzalez-levanta-el-oro-en-la-olimpiada-nacional","status":"publish","type":"post","link":"https:\/\/ichd.mx\/?p=426","title":{"rendered":"Ares Gonz\u00e1lez levanta el oro en la Olimpiada Nacional"},"content":{"rendered":"<p><img loading=\"lazy\" decoding=\"async\" class=\"alignleft wp-image-427 size-medium\" src=\"http:\/\/ichd.mx\/wp-content\/uploads\/2019\/06\/PHOTO-2019-06-14-16-13-27-e1560624372497-300x167.jpg\" alt=\"\" width=\"300\" height=\"167\" srcset=\"https:\/\/ichd.mx\/wp-content\/uploads\/2019\/06\/PHOTO-2019-06-14-16-13-27-e1560624372497-300x167.jpg 300w, https:\/\/ichd.mx\/wp-content\/uploads\/2019\/06\/PHOTO-2019-06-14-16-13-27-e1560624372497-768x428.jpg 768w, https:\/\/ichd.mx\/wp-content\/uploads\/2019\/06\/PHOTO-2019-06-14-16-13-27-e1560624372497-800x445.jpg 800w, https:\/\/ichd.mx\/wp-content\/uploads\/2019\/06\/PHOTO-2019-06-14-16-13-27-e1560624372497.jpg 960w\" sizes=\"auto, (max-width: 300px) 100vw, 300px\" \/><\/p>\n<p><em><strong>-Cosech\u00f3 tres medallas; dos oros y una plata en la divisi\u00f3n de los 81kgs-<\/strong><\/em><\/p>\n<p><strong><em>-Iv\u00e1n Garc\u00eda tambi\u00e9n logra el podio con dos preseas de bronce-<\/em><\/strong><\/p>\n<p>Los chihuahuenses Ares Gonz\u00e1les e Iv\u00e1n Garc\u00eda obtuvieron cinco preseas para el Estado en la actividad de la disciplina de levantamiento de pesas dentro de la categor\u00eda sub 17 que se realiza como parte de la Olimpiada Nacional que se lleva a cabo en Quintana Roo.<\/p>\n<p>Con una destacada actuaci\u00f3n el chihuahuense Ares Gonz\u00e1lez se acredit\u00f3 el m\u00e1ximo lugar del podio con una cosecha de tres medallas; oro en arranque, plata en envi\u00f3n y oro en el total, dentro la divisi\u00f3n de los 81 kilogramos.<\/p>\n<p>Por su parte, Iv\u00e1n Garc\u00eda en la divisi\u00f3n de los 73 kilogramos alcanz\u00f3 par de medallas de bronce, la primera de ellas en envi\u00f3n y la segunda en el total.<\/p>\n<p>Con este resultado la delegaci\u00f3n chihuahuense contin\u00faa con su participaci\u00f3n de forma exitosa dentro de la halterofilia de la Olimpiada Nacional y Nacional Juvenil 2019. <\/p>\n","protected":false},"excerpt":{"rendered":"<p>-Cosech\u00f3 tres medallas; dos oros y una plata en la divisi\u00f3n de los 81kgs- -Iv\u00e1n Garc\u00eda tambi\u00e9n logra el podio<\/p>\n","protected":false},"author":1,"featured_media":427,"comment_status":"closed","ping_status":"open","sticky":false,"template":"","format":"standard","meta":{"footnotes":""},"categories":[5,2,3],"tags":[57,56,19],"class_list":["post-426","post","type-post","status-publish","format-standard","has-post-thumbnail","hentry","category-on","category-ppal","category-sub","tag-halterofilia","tag-levantamiento-de-pesas","tag-olimpiada-nacional"],"yoast_head":"<!-- This site is optimized with the Yoast SEO plugin v25.9 - https:\/\/yoast.com\/wordpress\/plugins\/seo\/ -->\n<title>Ares Gonz\u00e1lez levanta el oro en la Olimpiada Nacional - ICHD<\/title>\n<meta name=\"robots\" content=\"index, follow, max-snippet:-1, max-image-preview:large, max-video-preview:-1\" \/>\n<link rel=\"canonical\" href=\"https:\/\/ichd.mx\/?p=426\" \/>\n<meta property=\"og:locale\" content=\"es_ES\" \/>\n<meta property=\"og:type\" content=\"article\" \/>\n<meta property=\"og:title\" content=\"Ares Gonz\u00e1lez levanta el oro en la Olimpiada Nacional - ICHD\" \/>\n<meta property=\"og:description\" content=\"-Cosech\u00f3 tres medallas; dos oros y una plata en la divisi\u00f3n de los 81kgs- -Iv\u00e1n Garc\u00eda tambi\u00e9n logra el podio\" \/>\n<meta property=\"og:url\" content=\"https:\/\/ichd.mx\/?p=426\" \/>\n<meta property=\"og:site_name\" content=\"ICHD\" \/>\n<meta property=\"article:publisher\" content=\"https:\/\/www.facebook.com\/ichdmx\" \/>\n<meta property=\"article:published_time\" content=\"2019-06-15T18:43:26+00:00\" \/>\n<meta property=\"article:modified_time\" content=\"2020-04-26T16:06:55+00:00\" \/>\n<meta property=\"og:image\" content=\"https:\/\/ichd.mx\/wp-content\/uploads\/2019\/06\/PHOTO-2019-06-14-16-13-27-e1560624372497.jpg\" \/>\n\t<meta property=\"og:image:width\" content=\"960\" \/>\n\t<meta property=\"og:image:height\" content=\"535\" \/>\n\t<meta property=\"og:image:type\" content=\"image\/jpeg\" \/>\n<meta name=\"author\" content=\"Prensa ICHD\" \/>\n<meta name=\"twitter:card\" content=\"summary_large_image\" \/>\n<meta name=\"twitter:creator\" content=\"@ICHDmx\" \/>\n<meta name=\"twitter:site\" content=\"@ICHDmx\" \/>\n<meta name=\"twitter:label1\" content=\"Escrito por\" \/>\n\t<meta name=\"twitter:data1\" content=\"Prensa ICHD\" \/>\n\t<meta name=\"twitter:label2\" content=\"Tiempo de lectura\" \/>\n\t<meta name=\"twitter:data2\" content=\"1 minuto\" \/>\n<script type=\"application\/ld+json\" class=\"yoast-schema-graph\">{\"@context\":\"https:\/\/schema.org\",\"@graph\":[{\"@type\":\"WebPage\",\"@id\":\"https:\/\/ichd.mx\/?p=426\",\"url\":\"https:\/\/ichd.mx\/?p=426\",\"name\":\"Ares Gonz\u00e1lez levanta el oro en la Olimpiada Nacional - ICHD\",\"isPartOf\":{\"@id\":\"https:\/\/ichd.mx\/#website\"},\"primaryImageOfPage\":{\"@id\":\"https:\/\/ichd.mx\/?p=426#primaryimage\"},\"image\":{\"@id\":\"https:\/\/ichd.mx\/?p=426#primaryimage\"},\"thumbnailUrl\":\"https:\/\/ichd.mx\/wp-content\/uploads\/2019\/06\/PHOTO-2019-06-14-16-13-27-e1560624372497.jpg\",\"datePublished\":\"2019-06-15T18:43:26+00:00\",\"dateModified\":\"2020-04-26T16:06:55+00:00\",\"author\":{\"@id\":\"https:\/\/ichd.mx\/#\/schema\/person\/f479276b61f414d2c9cb093175585910\"},\"breadcrumb\":{\"@id\":\"https:\/\/ichd.mx\/?p=426#breadcrumb\"},\"inLanguage\":\"es\",\"potentialAction\":[{\"@type\":\"ReadAction\",\"target\":[\"https:\/\/ichd.mx\/?p=426\"]}]},{\"@type\":\"ImageObject\",\"inLanguage\":\"es\",\"@id\":\"https:\/\/ichd.mx\/?p=426#primaryimage\",\"url\":\"https:\/\/ichd.mx\/wp-content\/uploads\/2019\/06\/PHOTO-2019-06-14-16-13-27-e1560624372497.jpg\",\"contentUrl\":\"https:\/\/ichd.mx\/wp-content\/uploads\/2019\/06\/PHOTO-2019-06-14-16-13-27-e1560624372497.jpg\",\"width\":960,\"height\":535},{\"@type\":\"BreadcrumbList\",\"@id\":\"https:\/\/ichd.mx\/?p=426#breadcrumb\",\"itemListElement\":[{\"@type\":\"ListItem\",\"position\":1,\"name\":\"Portada\",\"item\":\"https:\/\/ichd.mx\/\"},{\"@type\":\"ListItem\",\"position\":2,\"name\":\"Ares Gonz\u00e1lez levanta el oro en la Olimpiada Nacional\"}]},{\"@type\":\"WebSite\",\"@id\":\"https:\/\/ichd.mx\/#website\",\"url\":\"https:\/\/ichd.mx\/\",\"name\":\"ICHD\",\"description\":\"Instituto Chihuahuense del Deporte y Cultura F\u00edsica\",\"potentialAction\":[{\"@type\":\"SearchAction\",\"target\":{\"@type\":\"EntryPoint\",\"urlTemplate\":\"https:\/\/ichd.mx\/?s={search_term_string}\"},\"query-input\":{\"@type\":\"PropertyValueSpecification\",\"valueRequired\":true,\"valueName\":\"search_term_string\"}}],\"inLanguage\":\"es\"},{\"@type\":\"Person\",\"@id\":\"https:\/\/ichd.mx\/#\/schema\/person\/f479276b61f414d2c9cb093175585910\",\"name\":\"Prensa ICHD\",\"image\":{\"@type\":\"ImageObject\",\"inLanguage\":\"es\",\"@id\":\"https:\/\/ichd.mx\/#\/schema\/person\/image\/\",\"url\":\"https:\/\/secure.gravatar.com\/avatar\/6046115645d37646586ee77488df800b?s=96&d=mm&r=g\",\"contentUrl\":\"https:\/\/secure.gravatar.com\/avatar\/6046115645d37646586ee77488df800b?s=96&d=mm&r=g\",\"caption\":\"Prensa ICHD\"},\"url\":\"https:\/\/ichd.mx\/?author=1\"}]}<\/script>\n<!-- \/ Yoast SEO plugin. -->","yoast_head_json":{"title":"Ares Gonz\u00e1lez levanta el oro en la Olimpiada Nacional - ICHD","robots":{"index":"index","follow":"follow","max-snippet":"max-snippet:-1","max-image-preview":"max-image-preview:large","max-video-preview":"max-video-preview:-1"},"canonical":"https:\/\/ichd.mx\/?p=426","og_locale":"es_ES","og_type":"article","og_title":"Ares Gonz\u00e1lez levanta el oro en la Olimpiada Nacional - ICHD","og_description":"-Cosech\u00f3 tres medallas; dos oros y una plata en la divisi\u00f3n de los 81kgs- -Iv\u00e1n Garc\u00eda tambi\u00e9n logra el podio","og_url":"https:\/\/ichd.mx\/?p=426","og_site_name":"ICHD","article_publisher":"https:\/\/www.facebook.com\/ichdmx","article_published_time":"2019-06-15T18:43:26+00:00","article_modified_time":"2020-04-26T16:06:55+00:00","og_image":[{"width":960,"height":535,"url":"https:\/\/ichd.mx\/wp-content\/uploads\/2019\/06\/PHOTO-2019-06-14-16-13-27-e1560624372497.jpg","type":"image\/jpeg"}],"author":"Prensa ICHD","twitter_card":"summary_large_image","twitter_creator":"@ICHDmx","twitter_site":"@ICHDmx","twitter_misc":{"Escrito por":"Prensa ICHD","Tiempo de lectura":"1 minuto"},"schema":{"@context":"https:\/\/schema.org","@graph":[{"@type":"WebPage","@id":"https:\/\/ichd.mx\/?p=426","url":"https:\/\/ichd.mx\/?p=426","name":"Ares Gonz\u00e1lez levanta el oro en la Olimpiada Nacional - ICHD","isPartOf":{"@id":"https:\/\/ichd.mx\/#website"},"primaryImageOfPage":{"@id":"https:\/\/ichd.mx\/?p=426#primaryimage"},"image":{"@id":"https:\/\/ichd.mx\/?p=426#primaryimage"},"thumbnailUrl":"https:\/\/ichd.mx\/wp-content\/uploads\/2019\/06\/PHOTO-2019-06-14-16-13-27-e1560624372497.jpg","datePublished":"2019-06-15T18:43:26+00:00","dateModified":"2020-04-26T16:06:55+00:00","author":{"@id":"https:\/\/ichd.mx\/#\/schema\/person\/f479276b61f414d2c9cb093175585910"},"breadcrumb":{"@id":"https:\/\/ichd.mx\/?p=426#breadcrumb"},"inLanguage":"es","potentialAction":[{"@type":"ReadAction","target":["https:\/\/ichd.mx\/?p=426"]}]},{"@type":"ImageObject","inLanguage":"es","@id":"https:\/\/ichd.mx\/?p=426#primaryimage","url":"https:\/\/ichd.mx\/wp-content\/uploads\/2019\/06\/PHOTO-2019-06-14-16-13-27-e1560624372497.jpg","contentUrl":"https:\/\/ichd.mx\/wp-content\/uploads\/2019\/06\/PHOTO-2019-06-14-16-13-27-e1560624372497.jpg","width":960,"height":535},{"@type":"BreadcrumbList","@id":"https:\/\/ichd.mx\/?p=426#breadcrumb","itemListElement":[{"@type":"ListItem","position":1,"name":"Portada","item":"https:\/\/ichd.mx\/"},{"@type":"ListItem","position":2,"name":"Ares Gonz\u00e1lez levanta el oro en la Olimpiada Nacional"}]},{"@type":"WebSite","@id":"https:\/\/ichd.mx\/#website","url":"https:\/\/ichd.mx\/","name":"ICHD","description":"Instituto Chihuahuense del Deporte y Cultura F\u00edsica","potentialAction":[{"@type":"SearchAction","target":{"@type":"EntryPoint","urlTemplate":"https:\/\/ichd.mx\/?s={search_term_string}"},"query-input":{"@type":"PropertyValueSpecification","valueRequired":true,"valueName":"search_term_string"}}],"inLanguage":"es"},{"@type":"Person","@id":"https:\/\/ichd.mx\/#\/schema\/person\/f479276b61f414d2c9cb093175585910","name":"Prensa ICHD","image":{"@type":"ImageObject","inLanguage":"es","@id":"https:\/\/ichd.mx\/#\/schema\/person\/image\/","url":"https:\/\/secure.gravatar.com\/avatar\/6046115645d37646586ee77488df800b?s=96&d=mm&r=g","contentUrl":"https:\/\/secure.gravatar.com\/avatar\/6046115645d37646586ee77488df800b?s=96&d=mm&r=g","caption":"Prensa ICHD"},"url":"https:\/\/ichd.mx\/?author=1"}]}},"_links":{"self":[{"href":"https:\/\/ichd.mx\/index.php?rest_route=\/wp\/v2\/posts\/426","targetHints":{"allow":["GET"]}}],"collection":[{"href":"https:\/\/ichd.mx\/index.php?rest_route=\/wp\/v2\/posts"}],"about":[{"href":"https:\/\/ichd.mx\/index.php?rest_route=\/wp\/v2\/types\/post"}],"author":[{"embeddable":true,"href":"https:\/\/ichd.mx\/index.php?rest_route=\/wp\/v2\/users\/1"}],"replies":[{"embeddable":true,"href":"https:\/\/ichd.mx\/index.php?rest_route=%2Fwp%2Fv2%2Fcomments&post=426"}],"version-history":[{"count":3,"href":"https:\/\/ichd.mx\/index.php?rest_route=\/wp\/v2\/posts\/426\/revisions"}],"predecessor-version":[{"id":1297,"href":"https:\/\/ichd.mx\/index.php?rest_route=\/wp\/v2\/posts\/426\/revisions\/1297"}],"wp:featuredmedia":[{"embeddable":true,"href":"https:\/\/ichd.mx\/index.php?rest_route=\/wp\/v2\/media\/427"}],"wp:attachment":[{"href":"https:\/\/ichd.mx\/index.php?rest_route=%2Fwp%2Fv2%2Fmedia&parent=426"}],"wp:term":[{"taxonomy":"category","embeddable":true,"href":"https:\/\/ichd.mx\/index.php?rest_route=%2Fwp%2Fv2%2Fcategories&post=426"},{"taxonomy":"post_tag","embeddable":true,"href":"https:\/\/ichd.mx\/index.php?rest_route=%2Fwp%2Fv2%2Ftags&post=426"}],"curies":[{"name":"wp","href":"https:\/\/api.w.org\/{rel}","templated":true}]}}