{"id":3982,"date":"2023-07-03T10:58:24","date_gmt":"2023-07-03T16:58:24","guid":{"rendered":"https:\/\/ichd.mx\/?p=3982"},"modified":"2023-07-03T10:58:24","modified_gmt":"2023-07-03T16:58:24","slug":"capacita-ichd-a-profesores-de-escuelas-primarias-sobre-temas-para-el-desarrollo-deportivo","status":"publish","type":"post","link":"https:\/\/ichd.mx\/?p=3982","title":{"rendered":"Capacita ICHD a profesores de escuelas primarias sobre temas para el  desarrollo deportivo"},"content":{"rendered":"<p>Personal del Instituto Chihuahuense del Deporte y Cultura F\u00edsica (ICHD),<br \/>\ncapacit\u00f3 a 10 profesores de los Centros Escolares de Horario Extendido<br \/>\n(CAEHE), en el tema de fundamentos deportivos, con el objetivo de que las y<br \/>\nlos maestros tengan la facultad para desarrollar capacidades y habilidades<br \/>\nf\u00edsicas en su alumnado.<br \/>\nLas actividades se llevaron a cabo en el gimnasio Nayo Revilla y el campo<br \/>\nOscar Asiain, ambas instalaciones del ICHD, y se manejaron disciplinas como<br \/>\nel basquetbol, f\u00fatbol y voleibol en Escuelas de Iniciaci\u00f3n, con el fin de incluir<br \/>\na las actividades deportivas en este tipo de instituciones.<br \/>\nLos Centros Escolares de Horario Extendido, tienen como objetivo principal<br \/>\noptimizar el uso efectivo del tiempo escolar, para de esta manera reforzar las<br \/>\ncompetencias en lectura y escritura, matem\u00e1ticas, arte y cultura, recreaci\u00f3n y<br \/>\ndesarrollo f\u00edsico, as\u00ed como los procesos de la inclusi\u00f3n y la convivencia.<br \/>\nLas escuelas primarias participantes fueron: Mariano Valenzuela Ceballos,<br \/>\nIgnacio Manuel Altamirano, Belisario Dom\u00ednguez, Ignacio Rodr\u00edguez<br \/>\nTerrazas\u00a0y\u00a0\u00c1ngel\u00a0Posada.<img loading=\"lazy\" decoding=\"async\" class=\"alignnone size-medium wp-image-3983\" src=\"https:\/\/ichd.mx\/wp-content\/uploads\/2023\/07\/Capacitacion-ICHD-225x300.jpeg\" alt=\"\" width=\"225\" height=\"300\" srcset=\"https:\/\/ichd.mx\/wp-content\/uploads\/2023\/07\/Capacitacion-ICHD-225x300.jpeg 225w, https:\/\/ichd.mx\/wp-content\/uploads\/2023\/07\/Capacitacion-ICHD-768x1024.jpeg 768w, https:\/\/ichd.mx\/wp-content\/uploads\/2023\/07\/Capacitacion-ICHD-1152x1536.jpeg 1152w, https:\/\/ichd.mx\/wp-content\/uploads\/2023\/07\/Capacitacion-ICHD.jpeg 1200w\" sizes=\"auto, (max-width: 225px) 100vw, 225px\" \/> <img loading=\"lazy\" decoding=\"async\" class=\"alignnone size-medium wp-image-3984\" src=\"https:\/\/ichd.mx\/wp-content\/uploads\/2023\/07\/Capacitacion-ICHD-2-225x300.jpeg\" alt=\"\" width=\"225\" height=\"300\" srcset=\"https:\/\/ichd.mx\/wp-content\/uploads\/2023\/07\/Capacitacion-ICHD-2-225x300.jpeg 225w, https:\/\/ichd.mx\/wp-content\/uploads\/2023\/07\/Capacitacion-ICHD-2-768x1024.jpeg 768w, https:\/\/ichd.mx\/wp-content\/uploads\/2023\/07\/Capacitacion-ICHD-2-1152x1536.jpeg 1152w, https:\/\/ichd.mx\/wp-content\/uploads\/2023\/07\/Capacitacion-ICHD-2.jpeg 1200w\" sizes=\"auto, (max-width: 225px) 100vw, 225px\" \/> <img loading=\"lazy\" decoding=\"async\" class=\"alignnone size-medium wp-image-3985\" src=\"https:\/\/ichd.mx\/wp-content\/uploads\/2023\/07\/Capacitacion-ICHD-3-300x225.jpeg\" alt=\"\" width=\"300\" height=\"225\" srcset=\"https:\/\/ichd.mx\/wp-content\/uploads\/2023\/07\/Capacitacion-ICHD-3-300x225.jpeg 300w, https:\/\/ichd.mx\/wp-content\/uploads\/2023\/07\/Capacitacion-ICHD-3-1024x768.jpeg 1024w, https:\/\/ichd.mx\/wp-content\/uploads\/2023\/07\/Capacitacion-ICHD-3-768x576.jpeg 768w, https:\/\/ichd.mx\/wp-content\/uploads\/2023\/07\/Capacitacion-ICHD-3-1536x1152.jpeg 1536w, https:\/\/ichd.mx\/wp-content\/uploads\/2023\/07\/Capacitacion-ICHD-3.jpeg 1600w\" sizes=\"auto, (max-width: 300px) 100vw, 300px\" \/> <img loading=\"lazy\" decoding=\"async\" class=\"alignnone size-medium wp-image-3986\" src=\"https:\/\/ichd.mx\/wp-content\/uploads\/2023\/07\/Capacitacion-ICHD-4-300x225.jpeg\" alt=\"\" width=\"300\" height=\"225\" srcset=\"https:\/\/ichd.mx\/wp-content\/uploads\/2023\/07\/Capacitacion-ICHD-4-300x225.jpeg 300w, https:\/\/ichd.mx\/wp-content\/uploads\/2023\/07\/Capacitacion-ICHD-4-1024x768.jpeg 1024w, https:\/\/ichd.mx\/wp-content\/uploads\/2023\/07\/Capacitacion-ICHD-4-768x576.jpeg 768w, https:\/\/ichd.mx\/wp-content\/uploads\/2023\/07\/Capacitacion-ICHD-4-1536x1152.jpeg 1536w, https:\/\/ichd.mx\/wp-content\/uploads\/2023\/07\/Capacitacion-ICHD-4.jpeg 1600w\" sizes=\"auto, (max-width: 300px) 100vw, 300px\" \/><\/p>\n","protected":false},"excerpt":{"rendered":"<p>Personal del Instituto Chihuahuense del Deporte y Cultura F\u00edsica (ICHD), capacit\u00f3 a 10 profesores de los Centros Escolares de Horario<\/p>\n","protected":false},"author":3,"featured_media":3983,"comment_status":"closed","ping_status":"open","sticky":false,"template":"","format":"standard","meta":{"footnotes":""},"categories":[2,3],"tags":[],"class_list":["post-3982","post","type-post","status-publish","format-standard","has-post-thumbnail","hentry","category-ppal","category-sub"],"yoast_head":"<!-- This site is optimized with the Yoast SEO plugin v25.9 - https:\/\/yoast.com\/wordpress\/plugins\/seo\/ -->\n<title>Capacita ICHD a profesores de escuelas primarias sobre temas para el desarrollo deportivo - ICHD<\/title>\n<meta name=\"robots\" content=\"index, follow, max-snippet:-1, max-image-preview:large, max-video-preview:-1\" \/>\n<link rel=\"canonical\" href=\"https:\/\/ichd.mx\/?p=3982\" \/>\n<meta property=\"og:locale\" content=\"es_ES\" \/>\n<meta property=\"og:type\" content=\"article\" \/>\n<meta property=\"og:title\" content=\"Capacita ICHD a profesores de escuelas primarias sobre temas para el desarrollo deportivo - ICHD\" \/>\n<meta property=\"og:description\" content=\"Personal del Instituto Chihuahuense del Deporte y Cultura F\u00edsica (ICHD), capacit\u00f3 a 10 profesores de los Centros Escolares de Horario\" \/>\n<meta property=\"og:url\" content=\"https:\/\/ichd.mx\/?p=3982\" \/>\n<meta property=\"og:site_name\" content=\"ICHD\" \/>\n<meta property=\"article:publisher\" content=\"https:\/\/www.facebook.com\/ichdmx\" \/>\n<meta property=\"article:published_time\" content=\"2023-07-03T16:58:24+00:00\" \/>\n<meta property=\"og:image\" content=\"https:\/\/ichd.mx\/wp-content\/uploads\/2023\/07\/Capacitacion-ICHD.jpeg\" \/>\n\t<meta property=\"og:image:width\" content=\"1200\" \/>\n\t<meta property=\"og:image:height\" content=\"1600\" \/>\n\t<meta property=\"og:image:type\" content=\"image\/jpeg\" \/>\n<meta name=\"author\" content=\"Prensa ICHD\" \/>\n<meta name=\"twitter:card\" content=\"summary_large_image\" \/>\n<meta name=\"twitter:creator\" content=\"@ICHDmx\" \/>\n<meta name=\"twitter:site\" content=\"@ICHDmx\" \/>\n<meta name=\"twitter:label1\" content=\"Escrito por\" \/>\n\t<meta name=\"twitter:data1\" content=\"Prensa ICHD\" \/>\n\t<meta name=\"twitter:label2\" content=\"Tiempo de lectura\" \/>\n\t<meta name=\"twitter:data2\" content=\"2 minutos\" \/>\n<script type=\"application\/ld+json\" class=\"yoast-schema-graph\">{\"@context\":\"https:\/\/schema.org\",\"@graph\":[{\"@type\":\"WebPage\",\"@id\":\"https:\/\/ichd.mx\/?p=3982\",\"url\":\"https:\/\/ichd.mx\/?p=3982\",\"name\":\"Capacita ICHD a profesores de escuelas primarias sobre temas para el desarrollo deportivo - ICHD\",\"isPartOf\":{\"@id\":\"https:\/\/ichd.mx\/#website\"},\"primaryImageOfPage\":{\"@id\":\"https:\/\/ichd.mx\/?p=3982#primaryimage\"},\"image\":{\"@id\":\"https:\/\/ichd.mx\/?p=3982#primaryimage\"},\"thumbnailUrl\":\"https:\/\/ichd.mx\/wp-content\/uploads\/2023\/07\/Capacitacion-ICHD.jpeg\",\"datePublished\":\"2023-07-03T16:58:24+00:00\",\"author\":{\"@id\":\"https:\/\/ichd.mx\/#\/schema\/person\/137528cf3411e3cbc248ffe1288137a7\"},\"breadcrumb\":{\"@id\":\"https:\/\/ichd.mx\/?p=3982#breadcrumb\"},\"inLanguage\":\"es\",\"potentialAction\":[{\"@type\":\"ReadAction\",\"target\":[\"https:\/\/ichd.mx\/?p=3982\"]}]},{\"@type\":\"ImageObject\",\"inLanguage\":\"es\",\"@id\":\"https:\/\/ichd.mx\/?p=3982#primaryimage\",\"url\":\"https:\/\/ichd.mx\/wp-content\/uploads\/2023\/07\/Capacitacion-ICHD.jpeg\",\"contentUrl\":\"https:\/\/ichd.mx\/wp-content\/uploads\/2023\/07\/Capacitacion-ICHD.jpeg\",\"width\":1200,\"height\":1600},{\"@type\":\"BreadcrumbList\",\"@id\":\"https:\/\/ichd.mx\/?p=3982#breadcrumb\",\"itemListElement\":[{\"@type\":\"ListItem\",\"position\":1,\"name\":\"Portada\",\"item\":\"https:\/\/ichd.mx\/\"},{\"@type\":\"ListItem\",\"position\":2,\"name\":\"Capacita ICHD a profesores de escuelas primarias sobre temas para el desarrollo deportivo\"}]},{\"@type\":\"WebSite\",\"@id\":\"https:\/\/ichd.mx\/#website\",\"url\":\"https:\/\/ichd.mx\/\",\"name\":\"ICHD\",\"description\":\"Instituto Chihuahuense del Deporte y Cultura F\u00edsica\",\"potentialAction\":[{\"@type\":\"SearchAction\",\"target\":{\"@type\":\"EntryPoint\",\"urlTemplate\":\"https:\/\/ichd.mx\/?s={search_term_string}\"},\"query-input\":{\"@type\":\"PropertyValueSpecification\",\"valueRequired\":true,\"valueName\":\"search_term_string\"}}],\"inLanguage\":\"es\"},{\"@type\":\"Person\",\"@id\":\"https:\/\/ichd.mx\/#\/schema\/person\/137528cf3411e3cbc248ffe1288137a7\",\"name\":\"Prensa ICHD\",\"image\":{\"@type\":\"ImageObject\",\"inLanguage\":\"es\",\"@id\":\"https:\/\/ichd.mx\/#\/schema\/person\/image\/\",\"url\":\"https:\/\/secure.gravatar.com\/avatar\/166c01e5e415043a004f7d214348c415?s=96&d=mm&r=g\",\"contentUrl\":\"https:\/\/secure.gravatar.com\/avatar\/166c01e5e415043a004f7d214348c415?s=96&d=mm&r=g\",\"caption\":\"Prensa ICHD\"},\"url\":\"https:\/\/ichd.mx\/?author=3\"}]}<\/script>\n<!-- \/ Yoast SEO plugin. -->","yoast_head_json":{"title":"Capacita ICHD a profesores de escuelas primarias sobre temas para el desarrollo deportivo - ICHD","robots":{"index":"index","follow":"follow","max-snippet":"max-snippet:-1","max-image-preview":"max-image-preview:large","max-video-preview":"max-video-preview:-1"},"canonical":"https:\/\/ichd.mx\/?p=3982","og_locale":"es_ES","og_type":"article","og_title":"Capacita ICHD a profesores de escuelas primarias sobre temas para el desarrollo deportivo - ICHD","og_description":"Personal del Instituto Chihuahuense del Deporte y Cultura F\u00edsica (ICHD), capacit\u00f3 a 10 profesores de los Centros Escolares de Horario","og_url":"https:\/\/ichd.mx\/?p=3982","og_site_name":"ICHD","article_publisher":"https:\/\/www.facebook.com\/ichdmx","article_published_time":"2023-07-03T16:58:24+00:00","og_image":[{"width":1200,"height":1600,"url":"https:\/\/ichd.mx\/wp-content\/uploads\/2023\/07\/Capacitacion-ICHD.jpeg","type":"image\/jpeg"}],"author":"Prensa ICHD","twitter_card":"summary_large_image","twitter_creator":"@ICHDmx","twitter_site":"@ICHDmx","twitter_misc":{"Escrito por":"Prensa ICHD","Tiempo de lectura":"2 minutos"},"schema":{"@context":"https:\/\/schema.org","@graph":[{"@type":"WebPage","@id":"https:\/\/ichd.mx\/?p=3982","url":"https:\/\/ichd.mx\/?p=3982","name":"Capacita ICHD a profesores de escuelas primarias sobre temas para el desarrollo deportivo - ICHD","isPartOf":{"@id":"https:\/\/ichd.mx\/#website"},"primaryImageOfPage":{"@id":"https:\/\/ichd.mx\/?p=3982#primaryimage"},"image":{"@id":"https:\/\/ichd.mx\/?p=3982#primaryimage"},"thumbnailUrl":"https:\/\/ichd.mx\/wp-content\/uploads\/2023\/07\/Capacitacion-ICHD.jpeg","datePublished":"2023-07-03T16:58:24+00:00","author":{"@id":"https:\/\/ichd.mx\/#\/schema\/person\/137528cf3411e3cbc248ffe1288137a7"},"breadcrumb":{"@id":"https:\/\/ichd.mx\/?p=3982#breadcrumb"},"inLanguage":"es","potentialAction":[{"@type":"ReadAction","target":["https:\/\/ichd.mx\/?p=3982"]}]},{"@type":"ImageObject","inLanguage":"es","@id":"https:\/\/ichd.mx\/?p=3982#primaryimage","url":"https:\/\/ichd.mx\/wp-content\/uploads\/2023\/07\/Capacitacion-ICHD.jpeg","contentUrl":"https:\/\/ichd.mx\/wp-content\/uploads\/2023\/07\/Capacitacion-ICHD.jpeg","width":1200,"height":1600},{"@type":"BreadcrumbList","@id":"https:\/\/ichd.mx\/?p=3982#breadcrumb","itemListElement":[{"@type":"ListItem","position":1,"name":"Portada","item":"https:\/\/ichd.mx\/"},{"@type":"ListItem","position":2,"name":"Capacita ICHD a profesores de escuelas primarias sobre temas para el desarrollo deportivo"}]},{"@type":"WebSite","@id":"https:\/\/ichd.mx\/#website","url":"https:\/\/ichd.mx\/","name":"ICHD","description":"Instituto Chihuahuense del Deporte y Cultura F\u00edsica","potentialAction":[{"@type":"SearchAction","target":{"@type":"EntryPoint","urlTemplate":"https:\/\/ichd.mx\/?s={search_term_string}"},"query-input":{"@type":"PropertyValueSpecification","valueRequired":true,"valueName":"search_term_string"}}],"inLanguage":"es"},{"@type":"Person","@id":"https:\/\/ichd.mx\/#\/schema\/person\/137528cf3411e3cbc248ffe1288137a7","name":"Prensa ICHD","image":{"@type":"ImageObject","inLanguage":"es","@id":"https:\/\/ichd.mx\/#\/schema\/person\/image\/","url":"https:\/\/secure.gravatar.com\/avatar\/166c01e5e415043a004f7d214348c415?s=96&d=mm&r=g","contentUrl":"https:\/\/secure.gravatar.com\/avatar\/166c01e5e415043a004f7d214348c415?s=96&d=mm&r=g","caption":"Prensa ICHD"},"url":"https:\/\/ichd.mx\/?author=3"}]}},"_links":{"self":[{"href":"https:\/\/ichd.mx\/index.php?rest_route=\/wp\/v2\/posts\/3982","targetHints":{"allow":["GET"]}}],"collection":[{"href":"https:\/\/ichd.mx\/index.php?rest_route=\/wp\/v2\/posts"}],"about":[{"href":"https:\/\/ichd.mx\/index.php?rest_route=\/wp\/v2\/types\/post"}],"author":[{"embeddable":true,"href":"https:\/\/ichd.mx\/index.php?rest_route=\/wp\/v2\/users\/3"}],"replies":[{"embeddable":true,"href":"https:\/\/ichd.mx\/index.php?rest_route=%2Fwp%2Fv2%2Fcomments&post=3982"}],"version-history":[{"count":1,"href":"https:\/\/ichd.mx\/index.php?rest_route=\/wp\/v2\/posts\/3982\/revisions"}],"predecessor-version":[{"id":3987,"href":"https:\/\/ichd.mx\/index.php?rest_route=\/wp\/v2\/posts\/3982\/revisions\/3987"}],"wp:featuredmedia":[{"embeddable":true,"href":"https:\/\/ichd.mx\/index.php?rest_route=\/wp\/v2\/media\/3983"}],"wp:attachment":[{"href":"https:\/\/ichd.mx\/index.php?rest_route=%2Fwp%2Fv2%2Fmedia&parent=3982"}],"wp:term":[{"taxonomy":"category","embeddable":true,"href":"https:\/\/ichd.mx\/index.php?rest_route=%2Fwp%2Fv2%2Fcategories&post=3982"},{"taxonomy":"post_tag","embeddable":true,"href":"https:\/\/ichd.mx\/index.php?rest_route=%2Fwp%2Fv2%2Ftags&post=3982"}],"curies":[{"name":"wp","href":"https:\/\/api.w.org\/{rel}","templated":true}]}}