{"id":3635,"date":"2023-06-01T07:46:03","date_gmt":"2023-06-01T13:46:03","guid":{"rendered":"https:\/\/ichd.mx\/?p=3635"},"modified":"2023-06-01T07:46:03","modified_gmt":"2023-06-01T13:46:03","slug":"oro-y-par-de-bronces-para-chihuahua-en-ciclismo-de-pista","status":"publish","type":"post","link":"https:\/\/ichd.mx\/?p=3635","title":{"rendered":"Oro y par de bronces para Chihuahua en ciclismo de pista"},"content":{"rendered":"<p>El Instituto Chihuahuense del Deporte y Cultura F\u00edsica (ICHD) informa que la<br \/>\nDelegaci\u00f3n Chihuahua en Ciclismo de Pista, logr\u00f3 esta tarde dos medallas de<br \/>\nbronce y una de oro, durante los Juegos Nacionales Conade 2023 que tienen<br \/>\nsede en Aguascalientes.<\/p>\n<p>El Vel\u00f3dromo Bicentenario en tierras hidroc\u00e1lidas, fue el escenario donde<br \/>\nJulio C\u00e9sar Ibarra Luna logr\u00f3 la medalla de oro en la prueba de Persecuci\u00f3n<br \/>\nIndividual, mientras que la medalla de bronce fue para Eliam Roberto Antill\u00f3n<br \/>\nGuti\u00e9rrez, quien se ubic\u00f3 en la tercera posici\u00f3n de la categor\u00eda Juvenil A.<\/p>\n<p>En la categor\u00eda Juvenil B, Chihuahua obtuvo la medalla de bronce en<br \/>\nPersecuci\u00f3n por Equipos, con la escuadra integrada por Luis Monserrat<br \/>\nCarrera Ruiz, Maddox Calder\u00f3n Campo, Alejandro Valles Madrigal y<br \/>\nSantiago P\u00e9rez.<\/p>\n<p>En otros resultados, Isaac Velador se ubic\u00f3 en el quinto lugar de la categor\u00eda<br \/>\nSub 23, y Luis Monserrat Carrera finaliz\u00f3 en la cuarta posici\u00f3n de la Juvenil<br \/>\nB, ambos en la prueba de Persecuci\u00f3n Individual.<img loading=\"lazy\" decoding=\"async\" class=\"alignnone size-medium wp-image-3636\" src=\"https:\/\/ichd.mx\/wp-content\/uploads\/2023\/06\/ciclismo-pista-1-300x140.jpeg\" alt=\"\" width=\"300\" height=\"140\" srcset=\"https:\/\/ichd.mx\/wp-content\/uploads\/2023\/06\/ciclismo-pista-1-300x140.jpeg 300w, https:\/\/ichd.mx\/wp-content\/uploads\/2023\/06\/ciclismo-pista-1-1024x478.jpeg 1024w, https:\/\/ichd.mx\/wp-content\/uploads\/2023\/06\/ciclismo-pista-1-768x359.jpeg 768w, https:\/\/ichd.mx\/wp-content\/uploads\/2023\/06\/ciclismo-pista-1-1536x717.jpeg 1536w, https:\/\/ichd.mx\/wp-content\/uploads\/2023\/06\/ciclismo-pista-1.jpeg 1600w\" sizes=\"auto, (max-width: 300px) 100vw, 300px\" \/> <img loading=\"lazy\" decoding=\"async\" class=\"alignnone size-medium wp-image-3637\" src=\"https:\/\/ichd.mx\/wp-content\/uploads\/2023\/06\/ciclismo-pista-3-300x225.jpeg\" alt=\"\" width=\"300\" height=\"225\" srcset=\"https:\/\/ichd.mx\/wp-content\/uploads\/2023\/06\/ciclismo-pista-3-300x225.jpeg 300w, https:\/\/ichd.mx\/wp-content\/uploads\/2023\/06\/ciclismo-pista-3-1024x768.jpeg 1024w, https:\/\/ichd.mx\/wp-content\/uploads\/2023\/06\/ciclismo-pista-3-768x576.jpeg 768w, https:\/\/ichd.mx\/wp-content\/uploads\/2023\/06\/ciclismo-pista-3-1536x1152.jpeg 1536w, https:\/\/ichd.mx\/wp-content\/uploads\/2023\/06\/ciclismo-pista-3.jpeg 1600w\" sizes=\"auto, (max-width: 300px) 100vw, 300px\" \/> <img loading=\"lazy\" decoding=\"async\" class=\"alignnone size-medium wp-image-3638\" src=\"https:\/\/ichd.mx\/wp-content\/uploads\/2023\/06\/ciclismo-pista-2-225x300.jpeg\" alt=\"\" width=\"225\" height=\"300\" srcset=\"https:\/\/ichd.mx\/wp-content\/uploads\/2023\/06\/ciclismo-pista-2-225x300.jpeg 225w, https:\/\/ichd.mx\/wp-content\/uploads\/2023\/06\/ciclismo-pista-2-768x1024.jpeg 768w, https:\/\/ichd.mx\/wp-content\/uploads\/2023\/06\/ciclismo-pista-2-1152x1536.jpeg 1152w, https:\/\/ichd.mx\/wp-content\/uploads\/2023\/06\/ciclismo-pista-2.jpeg 1200w\" sizes=\"auto, (max-width: 225px) 100vw, 225px\" \/> <img loading=\"lazy\" decoding=\"async\" class=\"alignnone size-medium wp-image-3639\" src=\"https:\/\/ichd.mx\/wp-content\/uploads\/2023\/06\/Eliam-Antillon-y-Julio-Ibarra-169x300.jpeg\" alt=\"\" width=\"169\" height=\"300\" srcset=\"https:\/\/ichd.mx\/wp-content\/uploads\/2023\/06\/Eliam-Antillon-y-Julio-Ibarra-169x300.jpeg 169w, https:\/\/ichd.mx\/wp-content\/uploads\/2023\/06\/Eliam-Antillon-y-Julio-Ibarra-576x1024.jpeg 576w, https:\/\/ichd.mx\/wp-content\/uploads\/2023\/06\/Eliam-Antillon-y-Julio-Ibarra.jpeg 720w\" sizes=\"auto, (max-width: 169px) 100vw, 169px\" \/> <img loading=\"lazy\" decoding=\"async\" class=\"alignnone size-medium wp-image-3640\" src=\"https:\/\/ichd.mx\/wp-content\/uploads\/2023\/06\/Bronce-Chihuahua-Persecucion-por-Equipos-1-225x300.jpeg\" alt=\"\" width=\"225\" height=\"300\" srcset=\"https:\/\/ichd.mx\/wp-content\/uploads\/2023\/06\/Bronce-Chihuahua-Persecucion-por-Equipos-1-225x300.jpeg 225w, https:\/\/ichd.mx\/wp-content\/uploads\/2023\/06\/Bronce-Chihuahua-Persecucion-por-Equipos-1-768x1024.jpeg 768w, https:\/\/ichd.mx\/wp-content\/uploads\/2023\/06\/Bronce-Chihuahua-Persecucion-por-Equipos-1.jpeg 960w\" sizes=\"auto, (max-width: 225px) 100vw, 225px\" \/> <img loading=\"lazy\" decoding=\"async\" class=\"alignnone size-medium wp-image-3641\" src=\"https:\/\/ichd.mx\/wp-content\/uploads\/2023\/06\/Bronce-Chihuahua-Persecucion-por-Equipos-2-300x225.jpeg\" alt=\"\" width=\"300\" height=\"225\" srcset=\"https:\/\/ichd.mx\/wp-content\/uploads\/2023\/06\/Bronce-Chihuahua-Persecucion-por-Equipos-2-300x225.jpeg 300w, https:\/\/ichd.mx\/wp-content\/uploads\/2023\/06\/Bronce-Chihuahua-Persecucion-por-Equipos-2-1024x768.jpeg 1024w, https:\/\/ichd.mx\/wp-content\/uploads\/2023\/06\/Bronce-Chihuahua-Persecucion-por-Equipos-2-768x576.jpeg 768w, https:\/\/ichd.mx\/wp-content\/uploads\/2023\/06\/Bronce-Chihuahua-Persecucion-por-Equipos-2.jpeg 1280w\" sizes=\"auto, (max-width: 300px) 100vw, 300px\" \/><\/p>\n","protected":false},"excerpt":{"rendered":"<p>El Instituto Chihuahuense del Deporte y Cultura F\u00edsica (ICHD) informa que la Delegaci\u00f3n Chihuahua en Ciclismo de Pista, logr\u00f3 esta<\/p>\n","protected":false},"author":3,"featured_media":3636,"comment_status":"closed","ping_status":"open","sticky":false,"template":"","format":"standard","meta":{"footnotes":""},"categories":[5,2,3],"tags":[],"class_list":["post-3635","post","type-post","status-publish","format-standard","has-post-thumbnail","hentry","category-on","category-ppal","category-sub"],"yoast_head":"<!-- This site is optimized with the Yoast SEO plugin v25.9 - https:\/\/yoast.com\/wordpress\/plugins\/seo\/ -->\n<title>Oro y par de bronces para Chihuahua en ciclismo de pista - ICHD<\/title>\n<meta name=\"robots\" content=\"index, follow, max-snippet:-1, max-image-preview:large, max-video-preview:-1\" \/>\n<link rel=\"canonical\" href=\"https:\/\/ichd.mx\/?p=3635\" \/>\n<meta property=\"og:locale\" content=\"es_ES\" \/>\n<meta property=\"og:type\" content=\"article\" \/>\n<meta property=\"og:title\" content=\"Oro y par de bronces para Chihuahua en ciclismo de pista - ICHD\" \/>\n<meta property=\"og:description\" content=\"El Instituto Chihuahuense del Deporte y Cultura F\u00edsica (ICHD) informa que la Delegaci\u00f3n Chihuahua en Ciclismo de Pista, logr\u00f3 esta\" \/>\n<meta property=\"og:url\" content=\"https:\/\/ichd.mx\/?p=3635\" \/>\n<meta property=\"og:site_name\" content=\"ICHD\" \/>\n<meta property=\"article:publisher\" content=\"https:\/\/www.facebook.com\/ichdmx\" \/>\n<meta property=\"article:published_time\" content=\"2023-06-01T13:46:03+00:00\" \/>\n<meta property=\"og:image\" content=\"https:\/\/ichd.mx\/wp-content\/uploads\/2023\/06\/ciclismo-pista-1.jpeg\" \/>\n\t<meta property=\"og:image:width\" content=\"1600\" \/>\n\t<meta property=\"og:image:height\" content=\"747\" \/>\n\t<meta property=\"og:image:type\" content=\"image\/jpeg\" \/>\n<meta name=\"author\" content=\"Prensa ICHD\" \/>\n<meta name=\"twitter:card\" content=\"summary_large_image\" \/>\n<meta name=\"twitter:creator\" content=\"@ICHDmx\" \/>\n<meta name=\"twitter:site\" content=\"@ICHDmx\" \/>\n<meta name=\"twitter:label1\" content=\"Escrito por\" \/>\n\t<meta name=\"twitter:data1\" content=\"Prensa ICHD\" \/>\n\t<meta name=\"twitter:label2\" content=\"Tiempo de lectura\" \/>\n\t<meta name=\"twitter:data2\" content=\"2 minutos\" \/>\n<script type=\"application\/ld+json\" class=\"yoast-schema-graph\">{\"@context\":\"https:\/\/schema.org\",\"@graph\":[{\"@type\":\"WebPage\",\"@id\":\"https:\/\/ichd.mx\/?p=3635\",\"url\":\"https:\/\/ichd.mx\/?p=3635\",\"name\":\"Oro y par de bronces para Chihuahua en ciclismo de pista - ICHD\",\"isPartOf\":{\"@id\":\"https:\/\/ichd.mx\/#website\"},\"primaryImageOfPage\":{\"@id\":\"https:\/\/ichd.mx\/?p=3635#primaryimage\"},\"image\":{\"@id\":\"https:\/\/ichd.mx\/?p=3635#primaryimage\"},\"thumbnailUrl\":\"https:\/\/ichd.mx\/wp-content\/uploads\/2023\/06\/ciclismo-pista-1.jpeg\",\"datePublished\":\"2023-06-01T13:46:03+00:00\",\"author\":{\"@id\":\"https:\/\/ichd.mx\/#\/schema\/person\/137528cf3411e3cbc248ffe1288137a7\"},\"breadcrumb\":{\"@id\":\"https:\/\/ichd.mx\/?p=3635#breadcrumb\"},\"inLanguage\":\"es\",\"potentialAction\":[{\"@type\":\"ReadAction\",\"target\":[\"https:\/\/ichd.mx\/?p=3635\"]}]},{\"@type\":\"ImageObject\",\"inLanguage\":\"es\",\"@id\":\"https:\/\/ichd.mx\/?p=3635#primaryimage\",\"url\":\"https:\/\/ichd.mx\/wp-content\/uploads\/2023\/06\/ciclismo-pista-1.jpeg\",\"contentUrl\":\"https:\/\/ichd.mx\/wp-content\/uploads\/2023\/06\/ciclismo-pista-1.jpeg\",\"width\":1600,\"height\":747},{\"@type\":\"BreadcrumbList\",\"@id\":\"https:\/\/ichd.mx\/?p=3635#breadcrumb\",\"itemListElement\":[{\"@type\":\"ListItem\",\"position\":1,\"name\":\"Portada\",\"item\":\"https:\/\/ichd.mx\/\"},{\"@type\":\"ListItem\",\"position\":2,\"name\":\"Oro y par de bronces para Chihuahua en ciclismo de pista\"}]},{\"@type\":\"WebSite\",\"@id\":\"https:\/\/ichd.mx\/#website\",\"url\":\"https:\/\/ichd.mx\/\",\"name\":\"ICHD\",\"description\":\"Instituto Chihuahuense del Deporte y Cultura F\u00edsica\",\"potentialAction\":[{\"@type\":\"SearchAction\",\"target\":{\"@type\":\"EntryPoint\",\"urlTemplate\":\"https:\/\/ichd.mx\/?s={search_term_string}\"},\"query-input\":{\"@type\":\"PropertyValueSpecification\",\"valueRequired\":true,\"valueName\":\"search_term_string\"}}],\"inLanguage\":\"es\"},{\"@type\":\"Person\",\"@id\":\"https:\/\/ichd.mx\/#\/schema\/person\/137528cf3411e3cbc248ffe1288137a7\",\"name\":\"Prensa ICHD\",\"image\":{\"@type\":\"ImageObject\",\"inLanguage\":\"es\",\"@id\":\"https:\/\/ichd.mx\/#\/schema\/person\/image\/\",\"url\":\"https:\/\/secure.gravatar.com\/avatar\/166c01e5e415043a004f7d214348c415?s=96&d=mm&r=g\",\"contentUrl\":\"https:\/\/secure.gravatar.com\/avatar\/166c01e5e415043a004f7d214348c415?s=96&d=mm&r=g\",\"caption\":\"Prensa ICHD\"},\"url\":\"https:\/\/ichd.mx\/?author=3\"}]}<\/script>\n<!-- \/ Yoast SEO plugin. -->","yoast_head_json":{"title":"Oro y par de bronces para Chihuahua en ciclismo de pista - ICHD","robots":{"index":"index","follow":"follow","max-snippet":"max-snippet:-1","max-image-preview":"max-image-preview:large","max-video-preview":"max-video-preview:-1"},"canonical":"https:\/\/ichd.mx\/?p=3635","og_locale":"es_ES","og_type":"article","og_title":"Oro y par de bronces para Chihuahua en ciclismo de pista - ICHD","og_description":"El Instituto Chihuahuense del Deporte y Cultura F\u00edsica (ICHD) informa que la Delegaci\u00f3n Chihuahua en Ciclismo de Pista, logr\u00f3 esta","og_url":"https:\/\/ichd.mx\/?p=3635","og_site_name":"ICHD","article_publisher":"https:\/\/www.facebook.com\/ichdmx","article_published_time":"2023-06-01T13:46:03+00:00","og_image":[{"width":1600,"height":747,"url":"https:\/\/ichd.mx\/wp-content\/uploads\/2023\/06\/ciclismo-pista-1.jpeg","type":"image\/jpeg"}],"author":"Prensa ICHD","twitter_card":"summary_large_image","twitter_creator":"@ICHDmx","twitter_site":"@ICHDmx","twitter_misc":{"Escrito por":"Prensa ICHD","Tiempo de lectura":"2 minutos"},"schema":{"@context":"https:\/\/schema.org","@graph":[{"@type":"WebPage","@id":"https:\/\/ichd.mx\/?p=3635","url":"https:\/\/ichd.mx\/?p=3635","name":"Oro y par de bronces para Chihuahua en ciclismo de pista - ICHD","isPartOf":{"@id":"https:\/\/ichd.mx\/#website"},"primaryImageOfPage":{"@id":"https:\/\/ichd.mx\/?p=3635#primaryimage"},"image":{"@id":"https:\/\/ichd.mx\/?p=3635#primaryimage"},"thumbnailUrl":"https:\/\/ichd.mx\/wp-content\/uploads\/2023\/06\/ciclismo-pista-1.jpeg","datePublished":"2023-06-01T13:46:03+00:00","author":{"@id":"https:\/\/ichd.mx\/#\/schema\/person\/137528cf3411e3cbc248ffe1288137a7"},"breadcrumb":{"@id":"https:\/\/ichd.mx\/?p=3635#breadcrumb"},"inLanguage":"es","potentialAction":[{"@type":"ReadAction","target":["https:\/\/ichd.mx\/?p=3635"]}]},{"@type":"ImageObject","inLanguage":"es","@id":"https:\/\/ichd.mx\/?p=3635#primaryimage","url":"https:\/\/ichd.mx\/wp-content\/uploads\/2023\/06\/ciclismo-pista-1.jpeg","contentUrl":"https:\/\/ichd.mx\/wp-content\/uploads\/2023\/06\/ciclismo-pista-1.jpeg","width":1600,"height":747},{"@type":"BreadcrumbList","@id":"https:\/\/ichd.mx\/?p=3635#breadcrumb","itemListElement":[{"@type":"ListItem","position":1,"name":"Portada","item":"https:\/\/ichd.mx\/"},{"@type":"ListItem","position":2,"name":"Oro y par de bronces para Chihuahua en ciclismo de pista"}]},{"@type":"WebSite","@id":"https:\/\/ichd.mx\/#website","url":"https:\/\/ichd.mx\/","name":"ICHD","description":"Instituto Chihuahuense del Deporte y Cultura F\u00edsica","potentialAction":[{"@type":"SearchAction","target":{"@type":"EntryPoint","urlTemplate":"https:\/\/ichd.mx\/?s={search_term_string}"},"query-input":{"@type":"PropertyValueSpecification","valueRequired":true,"valueName":"search_term_string"}}],"inLanguage":"es"},{"@type":"Person","@id":"https:\/\/ichd.mx\/#\/schema\/person\/137528cf3411e3cbc248ffe1288137a7","name":"Prensa ICHD","image":{"@type":"ImageObject","inLanguage":"es","@id":"https:\/\/ichd.mx\/#\/schema\/person\/image\/","url":"https:\/\/secure.gravatar.com\/avatar\/166c01e5e415043a004f7d214348c415?s=96&d=mm&r=g","contentUrl":"https:\/\/secure.gravatar.com\/avatar\/166c01e5e415043a004f7d214348c415?s=96&d=mm&r=g","caption":"Prensa ICHD"},"url":"https:\/\/ichd.mx\/?author=3"}]}},"_links":{"self":[{"href":"https:\/\/ichd.mx\/index.php?rest_route=\/wp\/v2\/posts\/3635","targetHints":{"allow":["GET"]}}],"collection":[{"href":"https:\/\/ichd.mx\/index.php?rest_route=\/wp\/v2\/posts"}],"about":[{"href":"https:\/\/ichd.mx\/index.php?rest_route=\/wp\/v2\/types\/post"}],"author":[{"embeddable":true,"href":"https:\/\/ichd.mx\/index.php?rest_route=\/wp\/v2\/users\/3"}],"replies":[{"embeddable":true,"href":"https:\/\/ichd.mx\/index.php?rest_route=%2Fwp%2Fv2%2Fcomments&post=3635"}],"version-history":[{"count":1,"href":"https:\/\/ichd.mx\/index.php?rest_route=\/wp\/v2\/posts\/3635\/revisions"}],"predecessor-version":[{"id":3642,"href":"https:\/\/ichd.mx\/index.php?rest_route=\/wp\/v2\/posts\/3635\/revisions\/3642"}],"wp:featuredmedia":[{"embeddable":true,"href":"https:\/\/ichd.mx\/index.php?rest_route=\/wp\/v2\/media\/3636"}],"wp:attachment":[{"href":"https:\/\/ichd.mx\/index.php?rest_route=%2Fwp%2Fv2%2Fmedia&parent=3635"}],"wp:term":[{"taxonomy":"category","embeddable":true,"href":"https:\/\/ichd.mx\/index.php?rest_route=%2Fwp%2Fv2%2Fcategories&post=3635"},{"taxonomy":"post_tag","embeddable":true,"href":"https:\/\/ichd.mx\/index.php?rest_route=%2Fwp%2Fv2%2Ftags&post=3635"}],"curies":[{"name":"wp","href":"https:\/\/api.w.org\/{rel}","templated":true}]}}