{"id":3600,"date":"2023-05-19T18:09:12","date_gmt":"2023-05-20T00:09:12","guid":{"rendered":"https:\/\/ichd.mx\/?p=3600"},"modified":"2023-05-21T18:11:36","modified_gmt":"2023-05-22T00:11:36","slug":"abandera-gobierno-del-estado-a-atletas-chihuahuenses-que-competiran-en-los-juegos-nacionales-conade-2023","status":"publish","type":"post","link":"https:\/\/ichd.mx\/?p=3600","title":{"rendered":"Abandera Gobierno del Estado a atletas chihuahuenses que competir\u00e1n  en los Juegos Nacionales Conade 2023"},"content":{"rendered":"<p>&#8211;\u00a0 Se realizar\u00e1 del 19 de mayo al 25 de julio en cinco sedes<\/p>\n<p>El secretario de Coordinaci\u00f3n de Gabinete, Luis Serrato Castell encabez\u00f3 en el<br \/>\nPolideportivo de la Deportiva Sur, en la capital del estado, la ceremonia de<br \/>\nabanderamiento a la Delegaci\u00f3n Chihuahua que participar\u00e1 en los Juegos<br \/>\nNacionales Conade 2023.<\/p>\n<p>El funcionario, en representaci\u00f3n de la Gobernadora Maru Campos, entreg\u00f3 el<br \/>\nestandarte a la escolta representativa de los j\u00f3venes deportistas, integrada por<br \/>\nSof\u00eda Acosta, Michelle Dom\u00ednguez, Mayra Ochoa, Valentina P\u00e1ez, Elier<br \/>\nFern\u00e1ndez y Arturo Mart\u00ednez.<\/p>\n<p>El grupo est\u00e1 conformado por m\u00e1s de 900 personas, entre deportistas,<br \/>\nentrenadores y staff t\u00e9cnicos, que representar\u00e1n a la entidad en la m\u00e1xima<br \/>\njusta del deporte amateur en la Rep\u00fablica Mexicana.<\/p>\n<p>Competir\u00e1n en 30 disciplinas, que se desarrollar\u00e1n en las sedes de los estados<br \/>\nde Tabasco, Jalisco, Nayarit, Aguascalientes y Morelos.<\/p>\n<p>En su mensaje, Serrato Castell reconoci\u00f3 el esfuerzo de cada uno de los<br \/>\ndeportistas y los felicit\u00f3 por su dedicaci\u00f3n y disciplina.<\/p>\n<p>\u201cLleven a su estado en alto, piensen en su gente y en su familia, y \u00fasenlo<br \/>\ncomo la fuerza extra para alcanzar las metas que siempre han so\u00f1ado, hagan<br \/>\nde Chihuahua un estado ganador y fuerte\u201d, dijo a los atletas.<\/p>\n<p>Teporaca Romero, directora del Instituto Chihuahuense del Deporte y Cultura<br \/>\nF\u00edsica, dijo en su intervenci\u00f3n que la ni\u00f1ez y la juventud dentro del deporte,<br \/>\nson una pieza clave para el desarrollo del estado.<br \/>\nReconoci\u00f3 el trabajo realizado por el grupo de entrenadores, que han<br \/>\nsembrado esa semillita de inspiraci\u00f3n a cada deportista.<\/p>\n<p>En representaci\u00f3n de los atletas, el marchista Sa\u00fal Mena G\u00f3mez, mencion\u00f3<br \/>\nque el deporte es la mejor escuela de la vida, porque les ense\u00f1a a crecer con<br \/>\nvalores como el respeto, el amor, la disciplina, el trabajo en equipo y el juego<br \/>\nlimpio, que los convierte en ciudadanos de bien.<\/p>\n<p>Durante el evento se realizaron exhibiciones en la modalidad de Kata, de la<br \/>\ndisciplina del Karate Do y de Breaking, y fueron presentados los uniformes<br \/>\nque se utilizar\u00e1n en la justa.<\/p>\n<p>Al acto acudieron adem\u00e1s Sandra Guti\u00e9rrez, secretaria de Educaci\u00f3n y<br \/>\nDeporte; el director del Instituto Municipal de Cultura F\u00edsica y Deporte, Juan<br \/>\nJos\u00e9 Abdo y la entrenadora Leticia Valenzuela Maldonado.<img loading=\"lazy\" decoding=\"async\" class=\"alignnone size-medium wp-image-3601\" src=\"https:\/\/ichd.mx\/wp-content\/uploads\/2023\/05\/Abanderamiento-300x148.jpg\" alt=\"\" width=\"300\" height=\"148\" srcset=\"https:\/\/ichd.mx\/wp-content\/uploads\/2023\/05\/Abanderamiento-300x148.jpg 300w, https:\/\/ichd.mx\/wp-content\/uploads\/2023\/05\/Abanderamiento-1024x504.jpg 1024w, https:\/\/ichd.mx\/wp-content\/uploads\/2023\/05\/Abanderamiento-768x378.jpg 768w, https:\/\/ichd.mx\/wp-content\/uploads\/2023\/05\/Abanderamiento-1536x756.jpg 1536w, https:\/\/ichd.mx\/wp-content\/uploads\/2023\/05\/Abanderamiento-2048x1008.jpg 2048w\" sizes=\"auto, (max-width: 300px) 100vw, 300px\" \/> <img loading=\"lazy\" decoding=\"async\" class=\"alignnone size-medium wp-image-3602\" src=\"https:\/\/ichd.mx\/wp-content\/uploads\/2023\/05\/Abanderamiento-4-300x200.jpg\" alt=\"\" width=\"300\" height=\"200\" srcset=\"https:\/\/ichd.mx\/wp-content\/uploads\/2023\/05\/Abanderamiento-4-300x200.jpg 300w, https:\/\/ichd.mx\/wp-content\/uploads\/2023\/05\/Abanderamiento-4-1024x683.jpg 1024w, https:\/\/ichd.mx\/wp-content\/uploads\/2023\/05\/Abanderamiento-4-768x512.jpg 768w, https:\/\/ichd.mx\/wp-content\/uploads\/2023\/05\/Abanderamiento-4-1536x1024.jpg 1536w, https:\/\/ichd.mx\/wp-content\/uploads\/2023\/05\/Abanderamiento-4-2048x1365.jpg 2048w\" sizes=\"auto, (max-width: 300px) 100vw, 300px\" \/> <img loading=\"lazy\" decoding=\"async\" class=\"alignnone size-medium wp-image-3603\" src=\"https:\/\/ichd.mx\/wp-content\/uploads\/2023\/05\/abanderamiento-6-300x200.jpg\" alt=\"\" width=\"300\" height=\"200\" srcset=\"https:\/\/ichd.mx\/wp-content\/uploads\/2023\/05\/abanderamiento-6-300x200.jpg 300w, https:\/\/ichd.mx\/wp-content\/uploads\/2023\/05\/abanderamiento-6-1024x683.jpg 1024w, https:\/\/ichd.mx\/wp-content\/uploads\/2023\/05\/abanderamiento-6-768x512.jpg 768w, https:\/\/ichd.mx\/wp-content\/uploads\/2023\/05\/abanderamiento-6-1536x1024.jpg 1536w, https:\/\/ichd.mx\/wp-content\/uploads\/2023\/05\/abanderamiento-6-2048x1365.jpg 2048w\" sizes=\"auto, (max-width: 300px) 100vw, 300px\" \/> <img loading=\"lazy\" decoding=\"async\" class=\"alignnone size-medium wp-image-3604\" src=\"https:\/\/ichd.mx\/wp-content\/uploads\/2023\/05\/Abanderamiento-5-300x247.jpg\" alt=\"\" width=\"300\" height=\"247\" srcset=\"https:\/\/ichd.mx\/wp-content\/uploads\/2023\/05\/Abanderamiento-5-300x247.jpg 300w, https:\/\/ichd.mx\/wp-content\/uploads\/2023\/05\/Abanderamiento-5-1024x843.jpg 1024w, https:\/\/ichd.mx\/wp-content\/uploads\/2023\/05\/Abanderamiento-5-768x632.jpg 768w, https:\/\/ichd.mx\/wp-content\/uploads\/2023\/05\/Abanderamiento-5-1536x1264.jpg 1536w, https:\/\/ichd.mx\/wp-content\/uploads\/2023\/05\/Abanderamiento-5-2048x1685.jpg 2048w\" sizes=\"auto, (max-width: 300px) 100vw, 300px\" \/> <img loading=\"lazy\" decoding=\"async\" class=\"alignnone size-medium wp-image-3605\" src=\"https:\/\/ichd.mx\/wp-content\/uploads\/2023\/05\/Abanderamiento-3-300x238.jpg\" alt=\"\" width=\"300\" height=\"238\" srcset=\"https:\/\/ichd.mx\/wp-content\/uploads\/2023\/05\/Abanderamiento-3-300x238.jpg 300w, https:\/\/ichd.mx\/wp-content\/uploads\/2023\/05\/Abanderamiento-3-1024x812.jpg 1024w, https:\/\/ichd.mx\/wp-content\/uploads\/2023\/05\/Abanderamiento-3-768x609.jpg 768w, https:\/\/ichd.mx\/wp-content\/uploads\/2023\/05\/Abanderamiento-3-1536x1218.jpg 1536w, https:\/\/ichd.mx\/wp-content\/uploads\/2023\/05\/Abanderamiento-3-2048x1623.jpg 2048w\" sizes=\"auto, (max-width: 300px) 100vw, 300px\" \/> <img loading=\"lazy\" decoding=\"async\" class=\"alignnone size-medium wp-image-3606\" src=\"https:\/\/ichd.mx\/wp-content\/uploads\/2023\/05\/Abanderamiento-2-300x217.jpg\" alt=\"\" width=\"300\" height=\"217\" srcset=\"https:\/\/ichd.mx\/wp-content\/uploads\/2023\/05\/Abanderamiento-2-300x217.jpg 300w, https:\/\/ichd.mx\/wp-content\/uploads\/2023\/05\/Abanderamiento-2-1024x740.jpg 1024w, https:\/\/ichd.mx\/wp-content\/uploads\/2023\/05\/Abanderamiento-2-768x555.jpg 768w, https:\/\/ichd.mx\/wp-content\/uploads\/2023\/05\/Abanderamiento-2-1536x1109.jpg 1536w, https:\/\/ichd.mx\/wp-content\/uploads\/2023\/05\/Abanderamiento-2-2048x1479.jpg 2048w\" sizes=\"auto, (max-width: 300px) 100vw, 300px\" \/>19<\/p>\n","protected":false},"excerpt":{"rendered":"<p>&#8211;\u00a0 Se realizar\u00e1 del 19 de mayo al 25 de julio en cinco sedes El secretario de Coordinaci\u00f3n de Gabinete,<\/p>\n","protected":false},"author":3,"featured_media":3601,"comment_status":"closed","ping_status":"open","sticky":false,"template":"","format":"standard","meta":{"footnotes":""},"categories":[5,2,3],"tags":[],"class_list":["post-3600","post","type-post","status-publish","format-standard","has-post-thumbnail","hentry","category-on","category-ppal","category-sub"],"yoast_head":"<!-- This site is optimized with the Yoast SEO plugin v25.9 - https:\/\/yoast.com\/wordpress\/plugins\/seo\/ -->\n<title>Abandera Gobierno del Estado a atletas chihuahuenses que competir\u00e1n en los Juegos Nacionales Conade 2023 - ICHD<\/title>\n<meta name=\"robots\" content=\"index, follow, max-snippet:-1, max-image-preview:large, max-video-preview:-1\" \/>\n<link rel=\"canonical\" href=\"https:\/\/ichd.mx\/?p=3600\" \/>\n<meta property=\"og:locale\" content=\"es_ES\" \/>\n<meta property=\"og:type\" content=\"article\" \/>\n<meta property=\"og:title\" content=\"Abandera Gobierno del Estado a atletas chihuahuenses que competir\u00e1n en los Juegos Nacionales Conade 2023 - ICHD\" \/>\n<meta property=\"og:description\" content=\"&#8211;\u00a0 Se realizar\u00e1 del 19 de mayo al 25 de julio en cinco sedes El secretario de Coordinaci\u00f3n de Gabinete,\" \/>\n<meta property=\"og:url\" content=\"https:\/\/ichd.mx\/?p=3600\" \/>\n<meta property=\"og:site_name\" content=\"ICHD\" \/>\n<meta property=\"article:publisher\" content=\"https:\/\/www.facebook.com\/ichdmx\" \/>\n<meta property=\"article:published_time\" content=\"2023-05-20T00:09:12+00:00\" \/>\n<meta property=\"article:modified_time\" content=\"2023-05-22T00:11:36+00:00\" \/>\n<meta property=\"og:image\" content=\"https:\/\/ichd.mx\/wp-content\/uploads\/2023\/05\/Abanderamiento-scaled.jpg\" \/>\n\t<meta property=\"og:image:width\" content=\"2560\" \/>\n\t<meta property=\"og:image:height\" content=\"1260\" \/>\n\t<meta property=\"og:image:type\" content=\"image\/jpeg\" \/>\n<meta name=\"author\" content=\"Prensa ICHD\" \/>\n<meta name=\"twitter:card\" content=\"summary_large_image\" \/>\n<meta name=\"twitter:creator\" content=\"@ICHDmx\" \/>\n<meta name=\"twitter:site\" content=\"@ICHDmx\" \/>\n<meta name=\"twitter:label1\" content=\"Escrito por\" \/>\n\t<meta name=\"twitter:data1\" content=\"Prensa ICHD\" \/>\n\t<meta name=\"twitter:label2\" content=\"Tiempo de lectura\" \/>\n\t<meta name=\"twitter:data2\" content=\"3 minutos\" \/>\n<script type=\"application\/ld+json\" class=\"yoast-schema-graph\">{\"@context\":\"https:\/\/schema.org\",\"@graph\":[{\"@type\":\"WebPage\",\"@id\":\"https:\/\/ichd.mx\/?p=3600\",\"url\":\"https:\/\/ichd.mx\/?p=3600\",\"name\":\"Abandera Gobierno del Estado a atletas chihuahuenses que competir\u00e1n en los Juegos Nacionales Conade 2023 - ICHD\",\"isPartOf\":{\"@id\":\"https:\/\/ichd.mx\/#website\"},\"primaryImageOfPage\":{\"@id\":\"https:\/\/ichd.mx\/?p=3600#primaryimage\"},\"image\":{\"@id\":\"https:\/\/ichd.mx\/?p=3600#primaryimage\"},\"thumbnailUrl\":\"https:\/\/ichd.mx\/wp-content\/uploads\/2023\/05\/Abanderamiento-scaled.jpg\",\"datePublished\":\"2023-05-20T00:09:12+00:00\",\"dateModified\":\"2023-05-22T00:11:36+00:00\",\"author\":{\"@id\":\"https:\/\/ichd.mx\/#\/schema\/person\/137528cf3411e3cbc248ffe1288137a7\"},\"breadcrumb\":{\"@id\":\"https:\/\/ichd.mx\/?p=3600#breadcrumb\"},\"inLanguage\":\"es\",\"potentialAction\":[{\"@type\":\"ReadAction\",\"target\":[\"https:\/\/ichd.mx\/?p=3600\"]}]},{\"@type\":\"ImageObject\",\"inLanguage\":\"es\",\"@id\":\"https:\/\/ichd.mx\/?p=3600#primaryimage\",\"url\":\"https:\/\/ichd.mx\/wp-content\/uploads\/2023\/05\/Abanderamiento-scaled.jpg\",\"contentUrl\":\"https:\/\/ichd.mx\/wp-content\/uploads\/2023\/05\/Abanderamiento-scaled.jpg\",\"width\":2560,\"height\":1260},{\"@type\":\"BreadcrumbList\",\"@id\":\"https:\/\/ichd.mx\/?p=3600#breadcrumb\",\"itemListElement\":[{\"@type\":\"ListItem\",\"position\":1,\"name\":\"Portada\",\"item\":\"https:\/\/ichd.mx\/\"},{\"@type\":\"ListItem\",\"position\":2,\"name\":\"Abandera Gobierno del Estado a atletas chihuahuenses que competir\u00e1n en los Juegos Nacionales Conade 2023\"}]},{\"@type\":\"WebSite\",\"@id\":\"https:\/\/ichd.mx\/#website\",\"url\":\"https:\/\/ichd.mx\/\",\"name\":\"ICHD\",\"description\":\"Instituto Chihuahuense del Deporte y Cultura F\u00edsica\",\"potentialAction\":[{\"@type\":\"SearchAction\",\"target\":{\"@type\":\"EntryPoint\",\"urlTemplate\":\"https:\/\/ichd.mx\/?s={search_term_string}\"},\"query-input\":{\"@type\":\"PropertyValueSpecification\",\"valueRequired\":true,\"valueName\":\"search_term_string\"}}],\"inLanguage\":\"es\"},{\"@type\":\"Person\",\"@id\":\"https:\/\/ichd.mx\/#\/schema\/person\/137528cf3411e3cbc248ffe1288137a7\",\"name\":\"Prensa ICHD\",\"image\":{\"@type\":\"ImageObject\",\"inLanguage\":\"es\",\"@id\":\"https:\/\/ichd.mx\/#\/schema\/person\/image\/\",\"url\":\"https:\/\/secure.gravatar.com\/avatar\/166c01e5e415043a004f7d214348c415?s=96&d=mm&r=g\",\"contentUrl\":\"https:\/\/secure.gravatar.com\/avatar\/166c01e5e415043a004f7d214348c415?s=96&d=mm&r=g\",\"caption\":\"Prensa ICHD\"},\"url\":\"https:\/\/ichd.mx\/?author=3\"}]}<\/script>\n<!-- \/ Yoast SEO plugin. -->","yoast_head_json":{"title":"Abandera Gobierno del Estado a atletas chihuahuenses que competir\u00e1n en los Juegos Nacionales Conade 2023 - ICHD","robots":{"index":"index","follow":"follow","max-snippet":"max-snippet:-1","max-image-preview":"max-image-preview:large","max-video-preview":"max-video-preview:-1"},"canonical":"https:\/\/ichd.mx\/?p=3600","og_locale":"es_ES","og_type":"article","og_title":"Abandera Gobierno del Estado a atletas chihuahuenses que competir\u00e1n en los Juegos Nacionales Conade 2023 - ICHD","og_description":"&#8211;\u00a0 Se realizar\u00e1 del 19 de mayo al 25 de julio en cinco sedes El secretario de Coordinaci\u00f3n de Gabinete,","og_url":"https:\/\/ichd.mx\/?p=3600","og_site_name":"ICHD","article_publisher":"https:\/\/www.facebook.com\/ichdmx","article_published_time":"2023-05-20T00:09:12+00:00","article_modified_time":"2023-05-22T00:11:36+00:00","og_image":[{"width":2560,"height":1260,"url":"https:\/\/ichd.mx\/wp-content\/uploads\/2023\/05\/Abanderamiento-scaled.jpg","type":"image\/jpeg"}],"author":"Prensa ICHD","twitter_card":"summary_large_image","twitter_creator":"@ICHDmx","twitter_site":"@ICHDmx","twitter_misc":{"Escrito por":"Prensa ICHD","Tiempo de lectura":"3 minutos"},"schema":{"@context":"https:\/\/schema.org","@graph":[{"@type":"WebPage","@id":"https:\/\/ichd.mx\/?p=3600","url":"https:\/\/ichd.mx\/?p=3600","name":"Abandera Gobierno del Estado a atletas chihuahuenses que competir\u00e1n en los Juegos Nacionales Conade 2023 - ICHD","isPartOf":{"@id":"https:\/\/ichd.mx\/#website"},"primaryImageOfPage":{"@id":"https:\/\/ichd.mx\/?p=3600#primaryimage"},"image":{"@id":"https:\/\/ichd.mx\/?p=3600#primaryimage"},"thumbnailUrl":"https:\/\/ichd.mx\/wp-content\/uploads\/2023\/05\/Abanderamiento-scaled.jpg","datePublished":"2023-05-20T00:09:12+00:00","dateModified":"2023-05-22T00:11:36+00:00","author":{"@id":"https:\/\/ichd.mx\/#\/schema\/person\/137528cf3411e3cbc248ffe1288137a7"},"breadcrumb":{"@id":"https:\/\/ichd.mx\/?p=3600#breadcrumb"},"inLanguage":"es","potentialAction":[{"@type":"ReadAction","target":["https:\/\/ichd.mx\/?p=3600"]}]},{"@type":"ImageObject","inLanguage":"es","@id":"https:\/\/ichd.mx\/?p=3600#primaryimage","url":"https:\/\/ichd.mx\/wp-content\/uploads\/2023\/05\/Abanderamiento-scaled.jpg","contentUrl":"https:\/\/ichd.mx\/wp-content\/uploads\/2023\/05\/Abanderamiento-scaled.jpg","width":2560,"height":1260},{"@type":"BreadcrumbList","@id":"https:\/\/ichd.mx\/?p=3600#breadcrumb","itemListElement":[{"@type":"ListItem","position":1,"name":"Portada","item":"https:\/\/ichd.mx\/"},{"@type":"ListItem","position":2,"name":"Abandera Gobierno del Estado a atletas chihuahuenses que competir\u00e1n en los Juegos Nacionales Conade 2023"}]},{"@type":"WebSite","@id":"https:\/\/ichd.mx\/#website","url":"https:\/\/ichd.mx\/","name":"ICHD","description":"Instituto Chihuahuense del Deporte y Cultura F\u00edsica","potentialAction":[{"@type":"SearchAction","target":{"@type":"EntryPoint","urlTemplate":"https:\/\/ichd.mx\/?s={search_term_string}"},"query-input":{"@type":"PropertyValueSpecification","valueRequired":true,"valueName":"search_term_string"}}],"inLanguage":"es"},{"@type":"Person","@id":"https:\/\/ichd.mx\/#\/schema\/person\/137528cf3411e3cbc248ffe1288137a7","name":"Prensa ICHD","image":{"@type":"ImageObject","inLanguage":"es","@id":"https:\/\/ichd.mx\/#\/schema\/person\/image\/","url":"https:\/\/secure.gravatar.com\/avatar\/166c01e5e415043a004f7d214348c415?s=96&d=mm&r=g","contentUrl":"https:\/\/secure.gravatar.com\/avatar\/166c01e5e415043a004f7d214348c415?s=96&d=mm&r=g","caption":"Prensa ICHD"},"url":"https:\/\/ichd.mx\/?author=3"}]}},"_links":{"self":[{"href":"https:\/\/ichd.mx\/index.php?rest_route=\/wp\/v2\/posts\/3600","targetHints":{"allow":["GET"]}}],"collection":[{"href":"https:\/\/ichd.mx\/index.php?rest_route=\/wp\/v2\/posts"}],"about":[{"href":"https:\/\/ichd.mx\/index.php?rest_route=\/wp\/v2\/types\/post"}],"author":[{"embeddable":true,"href":"https:\/\/ichd.mx\/index.php?rest_route=\/wp\/v2\/users\/3"}],"replies":[{"embeddable":true,"href":"https:\/\/ichd.mx\/index.php?rest_route=%2Fwp%2Fv2%2Fcomments&post=3600"}],"version-history":[{"count":1,"href":"https:\/\/ichd.mx\/index.php?rest_route=\/wp\/v2\/posts\/3600\/revisions"}],"predecessor-version":[{"id":3607,"href":"https:\/\/ichd.mx\/index.php?rest_route=\/wp\/v2\/posts\/3600\/revisions\/3607"}],"wp:featuredmedia":[{"embeddable":true,"href":"https:\/\/ichd.mx\/index.php?rest_route=\/wp\/v2\/media\/3601"}],"wp:attachment":[{"href":"https:\/\/ichd.mx\/index.php?rest_route=%2Fwp%2Fv2%2Fmedia&parent=3600"}],"wp:term":[{"taxonomy":"category","embeddable":true,"href":"https:\/\/ichd.mx\/index.php?rest_route=%2Fwp%2Fv2%2Fcategories&post=3600"},{"taxonomy":"post_tag","embeddable":true,"href":"https:\/\/ichd.mx\/index.php?rest_route=%2Fwp%2Fv2%2Ftags&post=3600"}],"curies":[{"name":"wp","href":"https:\/\/api.w.org\/{rel}","templated":true}]}}