{"id":3584,"date":"2023-05-17T09:07:51","date_gmt":"2023-05-17T15:07:51","guid":{"rendered":"https:\/\/ichd.mx\/?p=3584"},"modified":"2023-05-17T09:07:51","modified_gmt":"2023-05-17T15:07:51","slug":"se-preparan-chihuahuenses-para-los-special-olympics-en-alemania","status":"publish","type":"post","link":"https:\/\/ichd.mx\/?p=3584","title":{"rendered":"Se preparan chihuahuenses para los Special Olympics en Alemania"},"content":{"rendered":"<p>El Campeonato Mundial se celebrar\u00e1 del 17 al 26 de junio en<br \/>\nBerl\u00edn<\/p>\n<p>Chihuahuenses destacados se preparan para enfrentar el Campeonato Mundial<br \/>\nde Special Olympics, que se realizar\u00e1 del 17 al 26 de junio en Berl\u00edn,<br \/>\nAlemania.<\/p>\n<p>Los j\u00f3venes atletas viajar\u00e1n primero a la Ciudad de M\u00e9xico con el fin de<br \/>\nconcentrarse con todo el contingente a partir del 6 de junio.<\/p>\n<p>\u201cEl 11 de junio tenemos que estar ya pisando tierras alemanas para estar listos<br \/>\npara la inauguraci\u00f3n que ser\u00e1 el 17 del mismo mes, son un total de tres<br \/>\ndeportistas del estado que se estar\u00e1n concentrando con el contingente<br \/>\nnacional\u201d, destac\u00f3 la maestra Rebeca Mart\u00ednez, entrenadora de los j\u00f3venes.<\/p>\n<p>Son alrededor de 30 personas entre entrenadores, staff y atletas los que estar\u00e1n<br \/>\nviajando a Alemania en pr\u00f3ximas fechas.<\/p>\n<p>\u201cA pesar de que es un contingente de pocos atletas las expectativas siempre<br \/>\nson altas, vamos a luchar por traer medallas para M\u00e9xico y para Chihuahua\u201d,<br \/>\nfinaliz\u00f3 la entrenadora.<\/p>\n<p>Los tres chihuahuenses que se preparan para el torneo internacional son: Justin<br \/>\nJoaqu\u00edn Molina Terrazas (Gimnasia Art\u00edstica), Paula Camila Aguirre Hinojos<br \/>\n(Gimnasia Art\u00edstica) y Ana Karen Calder\u00f3n (Ciclismo).<img loading=\"lazy\" decoding=\"async\" class=\"alignnone size-medium wp-image-3585\" src=\"https:\/\/ichd.mx\/wp-content\/uploads\/2023\/05\/1-300x212.jpg\" alt=\"\" width=\"300\" height=\"212\" srcset=\"https:\/\/ichd.mx\/wp-content\/uploads\/2023\/05\/1-300x212.jpg 300w, https:\/\/ichd.mx\/wp-content\/uploads\/2023\/05\/1-1024x723.jpg 1024w, https:\/\/ichd.mx\/wp-content\/uploads\/2023\/05\/1-768x543.jpg 768w, https:\/\/ichd.mx\/wp-content\/uploads\/2023\/05\/1-1536x1085.jpg 1536w, https:\/\/ichd.mx\/wp-content\/uploads\/2023\/05\/1-2048x1447.jpg 2048w\" sizes=\"auto, (max-width: 300px) 100vw, 300px\" \/> <img loading=\"lazy\" decoding=\"async\" class=\"alignnone size-medium wp-image-3586\" src=\"https:\/\/ichd.mx\/wp-content\/uploads\/2023\/05\/2-190x300.jpg\" alt=\"\" width=\"190\" height=\"300\" srcset=\"https:\/\/ichd.mx\/wp-content\/uploads\/2023\/05\/2-190x300.jpg 190w, https:\/\/ichd.mx\/wp-content\/uploads\/2023\/05\/2-647x1024.jpg 647w, https:\/\/ichd.mx\/wp-content\/uploads\/2023\/05\/2-768x1215.jpg 768w, https:\/\/ichd.mx\/wp-content\/uploads\/2023\/05\/2-971x1536.jpg 971w, https:\/\/ichd.mx\/wp-content\/uploads\/2023\/05\/2-1295x2048.jpg 1295w, https:\/\/ichd.mx\/wp-content\/uploads\/2023\/05\/2-scaled.jpg 1619w\" sizes=\"auto, (max-width: 190px) 100vw, 190px\" \/> <img loading=\"lazy\" decoding=\"async\" class=\"alignnone size-medium wp-image-3587\" src=\"https:\/\/ichd.mx\/wp-content\/uploads\/2023\/05\/3-185x300.jpg\" alt=\"\" width=\"185\" height=\"300\" srcset=\"https:\/\/ichd.mx\/wp-content\/uploads\/2023\/05\/3-185x300.jpg 185w, https:\/\/ichd.mx\/wp-content\/uploads\/2023\/05\/3-633x1024.jpg 633w, https:\/\/ichd.mx\/wp-content\/uploads\/2023\/05\/3-768x1243.jpg 768w, https:\/\/ichd.mx\/wp-content\/uploads\/2023\/05\/3-949x1536.jpg 949w, https:\/\/ichd.mx\/wp-content\/uploads\/2023\/05\/3-1265x2048.jpg 1265w, https:\/\/ichd.mx\/wp-content\/uploads\/2023\/05\/3-scaled.jpg 1582w\" sizes=\"auto, (max-width: 185px) 100vw, 185px\" \/> <img loading=\"lazy\" decoding=\"async\" class=\"alignnone size-medium wp-image-3588\" src=\"https:\/\/ichd.mx\/wp-content\/uploads\/2023\/05\/4-300x206.jpg\" alt=\"\" width=\"300\" height=\"206\" srcset=\"https:\/\/ichd.mx\/wp-content\/uploads\/2023\/05\/4-300x206.jpg 300w, https:\/\/ichd.mx\/wp-content\/uploads\/2023\/05\/4-1024x702.jpg 1024w, https:\/\/ichd.mx\/wp-content\/uploads\/2023\/05\/4-768x526.jpg 768w, https:\/\/ichd.mx\/wp-content\/uploads\/2023\/05\/4-1536x1053.jpg 1536w, https:\/\/ichd.mx\/wp-content\/uploads\/2023\/05\/4-2048x1404.jpg 2048w, https:\/\/ichd.mx\/wp-content\/uploads\/2023\/05\/4-130x90.jpg 130w\" sizes=\"auto, (max-width: 300px) 100vw, 300px\" \/><\/p>\n","protected":false},"excerpt":{"rendered":"<p>El Campeonato Mundial se celebrar\u00e1 del 17 al 26 de junio en Berl\u00edn Chihuahuenses destacados se preparan para enfrentar el<\/p>\n","protected":false},"author":3,"featured_media":3588,"comment_status":"closed","ping_status":"open","sticky":false,"template":"","format":"standard","meta":{"footnotes":""},"categories":[2,3],"tags":[],"class_list":["post-3584","post","type-post","status-publish","format-standard","has-post-thumbnail","hentry","category-ppal","category-sub"],"yoast_head":"<!-- This site is optimized with the Yoast SEO plugin v25.9 - https:\/\/yoast.com\/wordpress\/plugins\/seo\/ -->\n<title>Se preparan chihuahuenses para los Special Olympics en Alemania - ICHD<\/title>\n<meta name=\"robots\" content=\"index, follow, max-snippet:-1, max-image-preview:large, max-video-preview:-1\" \/>\n<link rel=\"canonical\" href=\"https:\/\/ichd.mx\/?p=3584\" \/>\n<meta property=\"og:locale\" content=\"es_ES\" \/>\n<meta property=\"og:type\" content=\"article\" \/>\n<meta property=\"og:title\" content=\"Se preparan chihuahuenses para los Special Olympics en Alemania - ICHD\" \/>\n<meta property=\"og:description\" content=\"El Campeonato Mundial se celebrar\u00e1 del 17 al 26 de junio en Berl\u00edn Chihuahuenses destacados se preparan para enfrentar el\" \/>\n<meta property=\"og:url\" content=\"https:\/\/ichd.mx\/?p=3584\" \/>\n<meta property=\"og:site_name\" content=\"ICHD\" \/>\n<meta property=\"article:publisher\" content=\"https:\/\/www.facebook.com\/ichdmx\" \/>\n<meta property=\"article:published_time\" content=\"2023-05-17T15:07:51+00:00\" \/>\n<meta property=\"og:image\" content=\"https:\/\/ichd.mx\/wp-content\/uploads\/2023\/05\/4-scaled.jpg\" \/>\n\t<meta property=\"og:image:width\" content=\"2560\" \/>\n\t<meta property=\"og:image:height\" content=\"1755\" \/>\n\t<meta property=\"og:image:type\" content=\"image\/jpeg\" \/>\n<meta name=\"author\" content=\"Prensa ICHD\" \/>\n<meta name=\"twitter:card\" content=\"summary_large_image\" \/>\n<meta name=\"twitter:creator\" content=\"@ICHDmx\" \/>\n<meta name=\"twitter:site\" content=\"@ICHDmx\" \/>\n<meta name=\"twitter:label1\" content=\"Escrito por\" \/>\n\t<meta name=\"twitter:data1\" content=\"Prensa ICHD\" \/>\n\t<meta name=\"twitter:label2\" content=\"Tiempo de lectura\" \/>\n\t<meta name=\"twitter:data2\" content=\"2 minutos\" \/>\n<script type=\"application\/ld+json\" class=\"yoast-schema-graph\">{\"@context\":\"https:\/\/schema.org\",\"@graph\":[{\"@type\":\"WebPage\",\"@id\":\"https:\/\/ichd.mx\/?p=3584\",\"url\":\"https:\/\/ichd.mx\/?p=3584\",\"name\":\"Se preparan chihuahuenses para los Special Olympics en Alemania - ICHD\",\"isPartOf\":{\"@id\":\"https:\/\/ichd.mx\/#website\"},\"primaryImageOfPage\":{\"@id\":\"https:\/\/ichd.mx\/?p=3584#primaryimage\"},\"image\":{\"@id\":\"https:\/\/ichd.mx\/?p=3584#primaryimage\"},\"thumbnailUrl\":\"https:\/\/ichd.mx\/wp-content\/uploads\/2023\/05\/4-scaled.jpg\",\"datePublished\":\"2023-05-17T15:07:51+00:00\",\"author\":{\"@id\":\"https:\/\/ichd.mx\/#\/schema\/person\/137528cf3411e3cbc248ffe1288137a7\"},\"breadcrumb\":{\"@id\":\"https:\/\/ichd.mx\/?p=3584#breadcrumb\"},\"inLanguage\":\"es\",\"potentialAction\":[{\"@type\":\"ReadAction\",\"target\":[\"https:\/\/ichd.mx\/?p=3584\"]}]},{\"@type\":\"ImageObject\",\"inLanguage\":\"es\",\"@id\":\"https:\/\/ichd.mx\/?p=3584#primaryimage\",\"url\":\"https:\/\/ichd.mx\/wp-content\/uploads\/2023\/05\/4-scaled.jpg\",\"contentUrl\":\"https:\/\/ichd.mx\/wp-content\/uploads\/2023\/05\/4-scaled.jpg\",\"width\":2560,\"height\":1755},{\"@type\":\"BreadcrumbList\",\"@id\":\"https:\/\/ichd.mx\/?p=3584#breadcrumb\",\"itemListElement\":[{\"@type\":\"ListItem\",\"position\":1,\"name\":\"Portada\",\"item\":\"https:\/\/ichd.mx\/\"},{\"@type\":\"ListItem\",\"position\":2,\"name\":\"Se preparan chihuahuenses para los Special Olympics en Alemania\"}]},{\"@type\":\"WebSite\",\"@id\":\"https:\/\/ichd.mx\/#website\",\"url\":\"https:\/\/ichd.mx\/\",\"name\":\"ICHD\",\"description\":\"Instituto Chihuahuense del Deporte y Cultura F\u00edsica\",\"potentialAction\":[{\"@type\":\"SearchAction\",\"target\":{\"@type\":\"EntryPoint\",\"urlTemplate\":\"https:\/\/ichd.mx\/?s={search_term_string}\"},\"query-input\":{\"@type\":\"PropertyValueSpecification\",\"valueRequired\":true,\"valueName\":\"search_term_string\"}}],\"inLanguage\":\"es\"},{\"@type\":\"Person\",\"@id\":\"https:\/\/ichd.mx\/#\/schema\/person\/137528cf3411e3cbc248ffe1288137a7\",\"name\":\"Prensa ICHD\",\"image\":{\"@type\":\"ImageObject\",\"inLanguage\":\"es\",\"@id\":\"https:\/\/ichd.mx\/#\/schema\/person\/image\/\",\"url\":\"https:\/\/secure.gravatar.com\/avatar\/166c01e5e415043a004f7d214348c415?s=96&d=mm&r=g\",\"contentUrl\":\"https:\/\/secure.gravatar.com\/avatar\/166c01e5e415043a004f7d214348c415?s=96&d=mm&r=g\",\"caption\":\"Prensa ICHD\"},\"url\":\"https:\/\/ichd.mx\/?author=3\"}]}<\/script>\n<!-- \/ Yoast SEO plugin. -->","yoast_head_json":{"title":"Se preparan chihuahuenses para los Special Olympics en Alemania - ICHD","robots":{"index":"index","follow":"follow","max-snippet":"max-snippet:-1","max-image-preview":"max-image-preview:large","max-video-preview":"max-video-preview:-1"},"canonical":"https:\/\/ichd.mx\/?p=3584","og_locale":"es_ES","og_type":"article","og_title":"Se preparan chihuahuenses para los Special Olympics en Alemania - ICHD","og_description":"El Campeonato Mundial se celebrar\u00e1 del 17 al 26 de junio en Berl\u00edn Chihuahuenses destacados se preparan para enfrentar el","og_url":"https:\/\/ichd.mx\/?p=3584","og_site_name":"ICHD","article_publisher":"https:\/\/www.facebook.com\/ichdmx","article_published_time":"2023-05-17T15:07:51+00:00","og_image":[{"width":2560,"height":1755,"url":"https:\/\/ichd.mx\/wp-content\/uploads\/2023\/05\/4-scaled.jpg","type":"image\/jpeg"}],"author":"Prensa ICHD","twitter_card":"summary_large_image","twitter_creator":"@ICHDmx","twitter_site":"@ICHDmx","twitter_misc":{"Escrito por":"Prensa ICHD","Tiempo de lectura":"2 minutos"},"schema":{"@context":"https:\/\/schema.org","@graph":[{"@type":"WebPage","@id":"https:\/\/ichd.mx\/?p=3584","url":"https:\/\/ichd.mx\/?p=3584","name":"Se preparan chihuahuenses para los Special Olympics en Alemania - ICHD","isPartOf":{"@id":"https:\/\/ichd.mx\/#website"},"primaryImageOfPage":{"@id":"https:\/\/ichd.mx\/?p=3584#primaryimage"},"image":{"@id":"https:\/\/ichd.mx\/?p=3584#primaryimage"},"thumbnailUrl":"https:\/\/ichd.mx\/wp-content\/uploads\/2023\/05\/4-scaled.jpg","datePublished":"2023-05-17T15:07:51+00:00","author":{"@id":"https:\/\/ichd.mx\/#\/schema\/person\/137528cf3411e3cbc248ffe1288137a7"},"breadcrumb":{"@id":"https:\/\/ichd.mx\/?p=3584#breadcrumb"},"inLanguage":"es","potentialAction":[{"@type":"ReadAction","target":["https:\/\/ichd.mx\/?p=3584"]}]},{"@type":"ImageObject","inLanguage":"es","@id":"https:\/\/ichd.mx\/?p=3584#primaryimage","url":"https:\/\/ichd.mx\/wp-content\/uploads\/2023\/05\/4-scaled.jpg","contentUrl":"https:\/\/ichd.mx\/wp-content\/uploads\/2023\/05\/4-scaled.jpg","width":2560,"height":1755},{"@type":"BreadcrumbList","@id":"https:\/\/ichd.mx\/?p=3584#breadcrumb","itemListElement":[{"@type":"ListItem","position":1,"name":"Portada","item":"https:\/\/ichd.mx\/"},{"@type":"ListItem","position":2,"name":"Se preparan chihuahuenses para los Special Olympics en Alemania"}]},{"@type":"WebSite","@id":"https:\/\/ichd.mx\/#website","url":"https:\/\/ichd.mx\/","name":"ICHD","description":"Instituto Chihuahuense del Deporte y Cultura F\u00edsica","potentialAction":[{"@type":"SearchAction","target":{"@type":"EntryPoint","urlTemplate":"https:\/\/ichd.mx\/?s={search_term_string}"},"query-input":{"@type":"PropertyValueSpecification","valueRequired":true,"valueName":"search_term_string"}}],"inLanguage":"es"},{"@type":"Person","@id":"https:\/\/ichd.mx\/#\/schema\/person\/137528cf3411e3cbc248ffe1288137a7","name":"Prensa ICHD","image":{"@type":"ImageObject","inLanguage":"es","@id":"https:\/\/ichd.mx\/#\/schema\/person\/image\/","url":"https:\/\/secure.gravatar.com\/avatar\/166c01e5e415043a004f7d214348c415?s=96&d=mm&r=g","contentUrl":"https:\/\/secure.gravatar.com\/avatar\/166c01e5e415043a004f7d214348c415?s=96&d=mm&r=g","caption":"Prensa ICHD"},"url":"https:\/\/ichd.mx\/?author=3"}]}},"_links":{"self":[{"href":"https:\/\/ichd.mx\/index.php?rest_route=\/wp\/v2\/posts\/3584","targetHints":{"allow":["GET"]}}],"collection":[{"href":"https:\/\/ichd.mx\/index.php?rest_route=\/wp\/v2\/posts"}],"about":[{"href":"https:\/\/ichd.mx\/index.php?rest_route=\/wp\/v2\/types\/post"}],"author":[{"embeddable":true,"href":"https:\/\/ichd.mx\/index.php?rest_route=\/wp\/v2\/users\/3"}],"replies":[{"embeddable":true,"href":"https:\/\/ichd.mx\/index.php?rest_route=%2Fwp%2Fv2%2Fcomments&post=3584"}],"version-history":[{"count":1,"href":"https:\/\/ichd.mx\/index.php?rest_route=\/wp\/v2\/posts\/3584\/revisions"}],"predecessor-version":[{"id":3589,"href":"https:\/\/ichd.mx\/index.php?rest_route=\/wp\/v2\/posts\/3584\/revisions\/3589"}],"wp:featuredmedia":[{"embeddable":true,"href":"https:\/\/ichd.mx\/index.php?rest_route=\/wp\/v2\/media\/3588"}],"wp:attachment":[{"href":"https:\/\/ichd.mx\/index.php?rest_route=%2Fwp%2Fv2%2Fmedia&parent=3584"}],"wp:term":[{"taxonomy":"category","embeddable":true,"href":"https:\/\/ichd.mx\/index.php?rest_route=%2Fwp%2Fv2%2Fcategories&post=3584"},{"taxonomy":"post_tag","embeddable":true,"href":"https:\/\/ichd.mx\/index.php?rest_route=%2Fwp%2Fv2%2Ftags&post=3584"}],"curies":[{"name":"wp","href":"https:\/\/api.w.org\/{rel}","templated":true}]}}