{"id":3545,"date":"2023-05-08T12:07:51","date_gmt":"2023-05-08T18:07:51","guid":{"rendered":"https:\/\/ichd.mx\/?p=3545"},"modified":"2023-05-08T12:07:51","modified_gmt":"2023-05-08T18:07:51","slug":"chihuahuenses-brillan-en-nacional-femeka-2023","status":"publish","type":"post","link":"https:\/\/ichd.mx\/?p=3545","title":{"rendered":"Chihuahuenses brillan en Nacional FEMEKA 2023"},"content":{"rendered":"<p>-Lograron 19 medallas en Nacional de Karate<\/p>\n<p>Chihuahuenses brillaron en el XXXI Campeonato Nacional de la Federaci\u00f3n<br \/>\nMexicana de Karate 2023, que se llev\u00f3 a cabo en Morelia, Michoac\u00e1n, y en el<br \/>\nque la Delegaci\u00f3n de Chihuahua, consigui\u00f3 4 medallas de oro, 6 de plata y 9<br \/>\nde bronce en las categor\u00edas desde los 6 hasta los 17 a\u00f1os, tanto en la<br \/>\nmodalidad de Kata (formas) como Kumite (combate).<\/p>\n<p>En el p\u00f3dium celebraron Kendra Rivera (cat. 6 a\u00f1os) con medalla de plata en<br \/>\nKata y bronce en Kumite, Estefani Reyes (cat. 9 a\u00f1os) quien logr\u00f3 la m\u00e1xima<br \/>\npresea, llev\u00e1ndose dos medallas de oro, a su vez, Sebasti\u00e1n Ram\u00edrez, logr\u00f3 dos<br \/>\nmedallas de plata en la categor\u00eda 12 a\u00f1os.<\/p>\n<p>Otros de los ganadores fueron: Osmar Rivera (cat. 14 a\u00f1os, bronce Kata),<br \/>\nDavid Rivera (bronce Kumite), Ian Lozoya (cat. 12 a\u00f1os, plata Kata),<br \/>\nSebasti\u00e1n Reveles (cat. 13 a\u00f1os, plata Kumite), Alan Acosta (bronce Kumite),<br \/>\nadem\u00e1s de Vanessa G\u00e1ndara (cat. 15 a\u00f1os, bronce Kata, plata Kumite).<\/p>\n<p>Tambi\u00e9n ganaron Axel Reza (cat. 14 a\u00f1os, bronce Kumite), Paul Reyes (cat.<br \/>\n15 a\u00f1os, oro Kumite), Hugo Ponce de Le\u00f3n (cat. 14 a\u00f1os, bronce Kata, bronce<br \/>\nKumite), junto a Samuel Hern\u00e1ndez (cat. 17 a\u00f1os, bronce Kata, oro Kumite),<br \/>\ntambi\u00e9n destac\u00f3 la participaci\u00f3n en el tatami de Julio Quezada y Jorge<br \/>\nMoreno.<\/p>\n<p>Como parte de su programaci\u00f3n de competencias, est\u00e1n pr\u00f3ximas el<br \/>\nCampeonato Internacional LPK 2023, a celebrarse en Mazatl\u00e1n, Sinaloa el 13<br \/>\ny 14 de octubre, asimismo y se inform\u00f3 que en noviembre Chihuahua ser\u00e1<br \/>\nsede del Campeonato Copa Funakoshi, con fecha y lugar por definir.<\/p>\n<p>Los ganadores forman parte de las Escuelas de Iniciaci\u00f3n Deportiva, que se<br \/>\nencuentran en las instalaciones del Polideportivo Sur, ubicado en C. Francisco<br \/>\nPortillo #1829 en la colonia Villa Ju\u00e1rez. El ICHD, comparte para la<\/p>\n<p>comunidad chihuahuense nombres de dojos, sensei y n\u00fameros telef\u00f3nicos para<br \/>\nque se inscriban.<\/p>\n<p>Escuelas de Iniciaci\u00f3n Deportiva de Karate<br \/>\nPertenecientes a la Asociaci\u00f3n Funakoshi Shotokan Ryu Kase Ha<\/p>\n<p>DOJO ICHD FUNAKOSHI<br \/>\nSensei: Liz Montoya<br \/>\nTel\u00e9fono: 614 124 0983<\/p>\n<p>Escuela: DOJO FUNAKOSHI<br \/>\nSensei: Manuel Montoya<br \/>\nTel\u00e9fono: 614 176 5998<\/p>\n<p>Escuela: DOJO HEIKI YOMEI<br \/>\nSensei: Jes\u00fas Montoya<br \/>\nTel\u00e9fono: 614 161 5382<\/p>\n<p>Escuela: GIGO FUNAKOSHI<br \/>\nSensei: Felipe Padilla<br \/>\nTel\u00e9fono: 614 286 2528<img loading=\"lazy\" decoding=\"async\" class=\"alignnone size-medium wp-image-3546\" src=\"https:\/\/ichd.mx\/wp-content\/uploads\/2023\/05\/1-Estefani-Reyes-300x198.jpeg\" alt=\"\" width=\"300\" height=\"198\" srcset=\"https:\/\/ichd.mx\/wp-content\/uploads\/2023\/05\/1-Estefani-Reyes-300x198.jpeg 300w, https:\/\/ichd.mx\/wp-content\/uploads\/2023\/05\/1-Estefani-Reyes-768x507.jpeg 768w, https:\/\/ichd.mx\/wp-content\/uploads\/2023\/05\/1-Estefani-Reyes.jpeg 843w\" sizes=\"auto, (max-width: 300px) 100vw, 300px\" \/> <img loading=\"lazy\" decoding=\"async\" class=\"alignnone size-medium wp-image-3547\" src=\"https:\/\/ichd.mx\/wp-content\/uploads\/2023\/05\/4-Osmar-Rivera-266x300.jpeg\" alt=\"\" width=\"266\" height=\"300\" srcset=\"https:\/\/ichd.mx\/wp-content\/uploads\/2023\/05\/4-Osmar-Rivera-266x300.jpeg 266w, https:\/\/ichd.mx\/wp-content\/uploads\/2023\/05\/4-Osmar-Rivera-768x865.jpeg 768w, https:\/\/ichd.mx\/wp-content\/uploads\/2023\/05\/4-Osmar-Rivera.jpeg 844w\" sizes=\"auto, (max-width: 266px) 100vw, 266px\" \/> <img loading=\"lazy\" decoding=\"async\" class=\"alignnone size-medium wp-image-3548\" src=\"https:\/\/ichd.mx\/wp-content\/uploads\/2023\/05\/2-Kendra-Rivera-300x142.jpeg\" alt=\"\" width=\"300\" height=\"142\" srcset=\"https:\/\/ichd.mx\/wp-content\/uploads\/2023\/05\/2-Kendra-Rivera-300x142.jpeg 300w, https:\/\/ichd.mx\/wp-content\/uploads\/2023\/05\/2-Kendra-Rivera-1024x484.jpeg 1024w, https:\/\/ichd.mx\/wp-content\/uploads\/2023\/05\/2-Kendra-Rivera-768x363.jpeg 768w, https:\/\/ichd.mx\/wp-content\/uploads\/2023\/05\/2-Kendra-Rivera-1536x726.jpeg 1536w, https:\/\/ichd.mx\/wp-content\/uploads\/2023\/05\/2-Kendra-Rivera.jpeg 1600w\" sizes=\"auto, (max-width: 300px) 100vw, 300px\" \/> <img loading=\"lazy\" decoding=\"async\" class=\"alignnone size-medium wp-image-3549\" src=\"https:\/\/ichd.mx\/wp-content\/uploads\/2023\/05\/5-David-Rivera-269x300.jpeg\" alt=\"\" width=\"269\" height=\"300\" srcset=\"https:\/\/ichd.mx\/wp-content\/uploads\/2023\/05\/5-David-Rivera-269x300.jpeg 269w, https:\/\/ichd.mx\/wp-content\/uploads\/2023\/05\/5-David-Rivera.jpeg 591w\" sizes=\"auto, (max-width: 269px) 100vw, 269px\" \/> <img loading=\"lazy\" decoding=\"async\" class=\"alignnone size-medium wp-image-3550\" src=\"https:\/\/ichd.mx\/wp-content\/uploads\/2023\/05\/3-Vanessa-Gandara-300x281.jpeg\" alt=\"\" width=\"300\" height=\"281\" srcset=\"https:\/\/ichd.mx\/wp-content\/uploads\/2023\/05\/3-Vanessa-Gandara-300x281.jpeg 300w, https:\/\/ichd.mx\/wp-content\/uploads\/2023\/05\/3-Vanessa-Gandara.jpeg 521w\" sizes=\"auto, (max-width: 300px) 100vw, 300px\" \/> <img loading=\"lazy\" decoding=\"async\" class=\"alignnone size-medium wp-image-3551\" src=\"https:\/\/ichd.mx\/wp-content\/uploads\/2023\/05\/6-Sebastian-Ramirez-194x300.jpeg\" alt=\"\" width=\"194\" height=\"300\" srcset=\"https:\/\/ichd.mx\/wp-content\/uploads\/2023\/05\/6-Sebastian-Ramirez-194x300.jpeg 194w, https:\/\/ichd.mx\/wp-content\/uploads\/2023\/05\/6-Sebastian-Ramirez.jpeg 261w\" sizes=\"auto, (max-width: 194px) 100vw, 194px\" \/> <img loading=\"lazy\" decoding=\"async\" class=\"alignnone size-medium wp-image-3552\" src=\"https:\/\/ichd.mx\/wp-content\/uploads\/2023\/05\/9-Samuel-Hernandez-241x300.jpeg\" alt=\"\" width=\"241\" height=\"300\" srcset=\"https:\/\/ichd.mx\/wp-content\/uploads\/2023\/05\/9-Samuel-Hernandez-241x300.jpeg 241w, https:\/\/ichd.mx\/wp-content\/uploads\/2023\/05\/9-Samuel-Hernandez.jpeg 381w\" sizes=\"auto, (max-width: 241px) 100vw, 241px\" \/> <img loading=\"lazy\" decoding=\"async\" class=\"alignnone size-medium wp-image-3553\" src=\"https:\/\/ichd.mx\/wp-content\/uploads\/2023\/05\/12-Paul-Reyes-243x300.jpeg\" alt=\"\" width=\"243\" height=\"300\" srcset=\"https:\/\/ichd.mx\/wp-content\/uploads\/2023\/05\/12-Paul-Reyes-243x300.jpeg 243w, https:\/\/ichd.mx\/wp-content\/uploads\/2023\/05\/12-Paul-Reyes-830x1024.jpeg 830w, https:\/\/ichd.mx\/wp-content\/uploads\/2023\/05\/12-Paul-Reyes-768x947.jpeg 768w, https:\/\/ichd.mx\/wp-content\/uploads\/2023\/05\/12-Paul-Reyes.jpeg 1038w\" sizes=\"auto, (max-width: 243px) 100vw, 243px\" \/> <img loading=\"lazy\" decoding=\"async\" class=\"alignnone size-medium wp-image-3554\" src=\"https:\/\/ichd.mx\/wp-content\/uploads\/2023\/05\/11-Axel-Reza-288x300.jpeg\" alt=\"\" width=\"288\" height=\"300\" srcset=\"https:\/\/ichd.mx\/wp-content\/uploads\/2023\/05\/11-Axel-Reza-288x300.jpeg 288w, https:\/\/ichd.mx\/wp-content\/uploads\/2023\/05\/11-Axel-Reza-768x800.jpeg 768w, https:\/\/ichd.mx\/wp-content\/uploads\/2023\/05\/11-Axel-Reza.jpeg 922w\" sizes=\"auto, (max-width: 288px) 100vw, 288px\" \/> <img loading=\"lazy\" decoding=\"async\" class=\"alignnone size-medium wp-image-3555\" src=\"https:\/\/ichd.mx\/wp-content\/uploads\/2023\/05\/13-Hugo-Ponce-de-Leon-206x300.jpeg\" alt=\"\" width=\"206\" height=\"300\" srcset=\"https:\/\/ichd.mx\/wp-content\/uploads\/2023\/05\/13-Hugo-Ponce-de-Leon-206x300.jpeg 206w, https:\/\/ichd.mx\/wp-content\/uploads\/2023\/05\/13-Hugo-Ponce-de-Leon.jpeg 547w\" sizes=\"auto, (max-width: 206px) 100vw, 206px\" \/> <img loading=\"lazy\" decoding=\"async\" class=\"alignnone size-medium wp-image-3556\" src=\"https:\/\/ichd.mx\/wp-content\/uploads\/2023\/05\/14-Jorge-Moreno-225x300.jpeg\" alt=\"\" width=\"225\" height=\"300\" srcset=\"https:\/\/ichd.mx\/wp-content\/uploads\/2023\/05\/14-Jorge-Moreno-225x300.jpeg 225w, https:\/\/ichd.mx\/wp-content\/uploads\/2023\/05\/14-Jorge-Moreno-768x1024.jpeg 768w, https:\/\/ichd.mx\/wp-content\/uploads\/2023\/05\/14-Jorge-Moreno-1152x1536.jpeg 1152w, https:\/\/ichd.mx\/wp-content\/uploads\/2023\/05\/14-Jorge-Moreno.jpeg 1200w\" sizes=\"auto, (max-width: 225px) 100vw, 225px\" \/> <img loading=\"lazy\" decoding=\"async\" class=\"alignnone size-medium wp-image-3557\" src=\"https:\/\/ichd.mx\/wp-content\/uploads\/2023\/05\/15-Julio-Quezada-263x300.jpeg\" alt=\"\" width=\"263\" height=\"300\" srcset=\"https:\/\/ichd.mx\/wp-content\/uploads\/2023\/05\/15-Julio-Quezada-263x300.jpeg 263w, https:\/\/ichd.mx\/wp-content\/uploads\/2023\/05\/15-Julio-Quezada-897x1024.jpeg 897w, https:\/\/ichd.mx\/wp-content\/uploads\/2023\/05\/15-Julio-Quezada-768x876.jpeg 768w, https:\/\/ichd.mx\/wp-content\/uploads\/2023\/05\/15-Julio-Quezada-1346x1536.jpeg 1346w, https:\/\/ichd.mx\/wp-content\/uploads\/2023\/05\/15-Julio-Quezada.jpeg 1402w\" sizes=\"auto, (max-width: 263px) 100vw, 263px\" \/><\/p>\n","protected":false},"excerpt":{"rendered":"<p>-Lograron 19 medallas en Nacional de Karate Chihuahuenses brillaron en el XXXI Campeonato Nacional de la Federaci\u00f3n Mexicana de Karate<\/p>\n","protected":false},"author":3,"featured_media":3557,"comment_status":"closed","ping_status":"open","sticky":false,"template":"","format":"standard","meta":{"footnotes":""},"categories":[8,2,3],"tags":[],"class_list":["post-3545","post","type-post","status-publish","format-standard","has-post-thumbnail","hentry","category-gral","category-ppal","category-sub"],"yoast_head":"<!-- This site is optimized with the Yoast SEO plugin v25.9 - https:\/\/yoast.com\/wordpress\/plugins\/seo\/ -->\n<title>Chihuahuenses brillan en Nacional FEMEKA 2023 - ICHD<\/title>\n<meta name=\"robots\" content=\"index, follow, max-snippet:-1, max-image-preview:large, max-video-preview:-1\" \/>\n<link rel=\"canonical\" href=\"https:\/\/ichd.mx\/?p=3545\" \/>\n<meta property=\"og:locale\" content=\"es_ES\" \/>\n<meta property=\"og:type\" content=\"article\" \/>\n<meta property=\"og:title\" content=\"Chihuahuenses brillan en Nacional FEMEKA 2023 - ICHD\" \/>\n<meta property=\"og:description\" content=\"-Lograron 19 medallas en Nacional de Karate Chihuahuenses brillaron en el XXXI Campeonato Nacional de la Federaci\u00f3n Mexicana de Karate\" \/>\n<meta property=\"og:url\" content=\"https:\/\/ichd.mx\/?p=3545\" \/>\n<meta property=\"og:site_name\" content=\"ICHD\" \/>\n<meta property=\"article:publisher\" content=\"https:\/\/www.facebook.com\/ichdmx\" \/>\n<meta property=\"article:published_time\" content=\"2023-05-08T18:07:51+00:00\" \/>\n<meta property=\"og:image\" content=\"https:\/\/ichd.mx\/wp-content\/uploads\/2023\/05\/15-Julio-Quezada.jpeg\" \/>\n\t<meta property=\"og:image:width\" content=\"1402\" \/>\n\t<meta property=\"og:image:height\" content=\"1600\" \/>\n\t<meta property=\"og:image:type\" content=\"image\/jpeg\" \/>\n<meta name=\"author\" content=\"Prensa ICHD\" \/>\n<meta name=\"twitter:card\" content=\"summary_large_image\" \/>\n<meta name=\"twitter:creator\" content=\"@ICHDmx\" \/>\n<meta name=\"twitter:site\" content=\"@ICHDmx\" \/>\n<meta name=\"twitter:label1\" content=\"Escrito por\" \/>\n\t<meta name=\"twitter:data1\" content=\"Prensa ICHD\" \/>\n\t<meta name=\"twitter:label2\" content=\"Tiempo de lectura\" \/>\n\t<meta name=\"twitter:data2\" content=\"5 minutos\" \/>\n<script type=\"application\/ld+json\" class=\"yoast-schema-graph\">{\"@context\":\"https:\/\/schema.org\",\"@graph\":[{\"@type\":\"WebPage\",\"@id\":\"https:\/\/ichd.mx\/?p=3545\",\"url\":\"https:\/\/ichd.mx\/?p=3545\",\"name\":\"Chihuahuenses brillan en Nacional FEMEKA 2023 - ICHD\",\"isPartOf\":{\"@id\":\"https:\/\/ichd.mx\/#website\"},\"primaryImageOfPage\":{\"@id\":\"https:\/\/ichd.mx\/?p=3545#primaryimage\"},\"image\":{\"@id\":\"https:\/\/ichd.mx\/?p=3545#primaryimage\"},\"thumbnailUrl\":\"https:\/\/ichd.mx\/wp-content\/uploads\/2023\/05\/15-Julio-Quezada.jpeg\",\"datePublished\":\"2023-05-08T18:07:51+00:00\",\"author\":{\"@id\":\"https:\/\/ichd.mx\/#\/schema\/person\/137528cf3411e3cbc248ffe1288137a7\"},\"breadcrumb\":{\"@id\":\"https:\/\/ichd.mx\/?p=3545#breadcrumb\"},\"inLanguage\":\"es\",\"potentialAction\":[{\"@type\":\"ReadAction\",\"target\":[\"https:\/\/ichd.mx\/?p=3545\"]}]},{\"@type\":\"ImageObject\",\"inLanguage\":\"es\",\"@id\":\"https:\/\/ichd.mx\/?p=3545#primaryimage\",\"url\":\"https:\/\/ichd.mx\/wp-content\/uploads\/2023\/05\/15-Julio-Quezada.jpeg\",\"contentUrl\":\"https:\/\/ichd.mx\/wp-content\/uploads\/2023\/05\/15-Julio-Quezada.jpeg\",\"width\":1402,\"height\":1600},{\"@type\":\"BreadcrumbList\",\"@id\":\"https:\/\/ichd.mx\/?p=3545#breadcrumb\",\"itemListElement\":[{\"@type\":\"ListItem\",\"position\":1,\"name\":\"Portada\",\"item\":\"https:\/\/ichd.mx\/\"},{\"@type\":\"ListItem\",\"position\":2,\"name\":\"Chihuahuenses brillan en Nacional FEMEKA 2023\"}]},{\"@type\":\"WebSite\",\"@id\":\"https:\/\/ichd.mx\/#website\",\"url\":\"https:\/\/ichd.mx\/\",\"name\":\"ICHD\",\"description\":\"Instituto Chihuahuense del Deporte y Cultura F\u00edsica\",\"potentialAction\":[{\"@type\":\"SearchAction\",\"target\":{\"@type\":\"EntryPoint\",\"urlTemplate\":\"https:\/\/ichd.mx\/?s={search_term_string}\"},\"query-input\":{\"@type\":\"PropertyValueSpecification\",\"valueRequired\":true,\"valueName\":\"search_term_string\"}}],\"inLanguage\":\"es\"},{\"@type\":\"Person\",\"@id\":\"https:\/\/ichd.mx\/#\/schema\/person\/137528cf3411e3cbc248ffe1288137a7\",\"name\":\"Prensa ICHD\",\"image\":{\"@type\":\"ImageObject\",\"inLanguage\":\"es\",\"@id\":\"https:\/\/ichd.mx\/#\/schema\/person\/image\/\",\"url\":\"https:\/\/secure.gravatar.com\/avatar\/166c01e5e415043a004f7d214348c415?s=96&d=mm&r=g\",\"contentUrl\":\"https:\/\/secure.gravatar.com\/avatar\/166c01e5e415043a004f7d214348c415?s=96&d=mm&r=g\",\"caption\":\"Prensa ICHD\"},\"url\":\"https:\/\/ichd.mx\/?author=3\"}]}<\/script>\n<!-- \/ Yoast SEO plugin. -->","yoast_head_json":{"title":"Chihuahuenses brillan en Nacional FEMEKA 2023 - ICHD","robots":{"index":"index","follow":"follow","max-snippet":"max-snippet:-1","max-image-preview":"max-image-preview:large","max-video-preview":"max-video-preview:-1"},"canonical":"https:\/\/ichd.mx\/?p=3545","og_locale":"es_ES","og_type":"article","og_title":"Chihuahuenses brillan en Nacional FEMEKA 2023 - ICHD","og_description":"-Lograron 19 medallas en Nacional de Karate Chihuahuenses brillaron en el XXXI Campeonato Nacional de la Federaci\u00f3n Mexicana de Karate","og_url":"https:\/\/ichd.mx\/?p=3545","og_site_name":"ICHD","article_publisher":"https:\/\/www.facebook.com\/ichdmx","article_published_time":"2023-05-08T18:07:51+00:00","og_image":[{"width":1402,"height":1600,"url":"https:\/\/ichd.mx\/wp-content\/uploads\/2023\/05\/15-Julio-Quezada.jpeg","type":"image\/jpeg"}],"author":"Prensa ICHD","twitter_card":"summary_large_image","twitter_creator":"@ICHDmx","twitter_site":"@ICHDmx","twitter_misc":{"Escrito por":"Prensa ICHD","Tiempo de lectura":"5 minutos"},"schema":{"@context":"https:\/\/schema.org","@graph":[{"@type":"WebPage","@id":"https:\/\/ichd.mx\/?p=3545","url":"https:\/\/ichd.mx\/?p=3545","name":"Chihuahuenses brillan en Nacional FEMEKA 2023 - ICHD","isPartOf":{"@id":"https:\/\/ichd.mx\/#website"},"primaryImageOfPage":{"@id":"https:\/\/ichd.mx\/?p=3545#primaryimage"},"image":{"@id":"https:\/\/ichd.mx\/?p=3545#primaryimage"},"thumbnailUrl":"https:\/\/ichd.mx\/wp-content\/uploads\/2023\/05\/15-Julio-Quezada.jpeg","datePublished":"2023-05-08T18:07:51+00:00","author":{"@id":"https:\/\/ichd.mx\/#\/schema\/person\/137528cf3411e3cbc248ffe1288137a7"},"breadcrumb":{"@id":"https:\/\/ichd.mx\/?p=3545#breadcrumb"},"inLanguage":"es","potentialAction":[{"@type":"ReadAction","target":["https:\/\/ichd.mx\/?p=3545"]}]},{"@type":"ImageObject","inLanguage":"es","@id":"https:\/\/ichd.mx\/?p=3545#primaryimage","url":"https:\/\/ichd.mx\/wp-content\/uploads\/2023\/05\/15-Julio-Quezada.jpeg","contentUrl":"https:\/\/ichd.mx\/wp-content\/uploads\/2023\/05\/15-Julio-Quezada.jpeg","width":1402,"height":1600},{"@type":"BreadcrumbList","@id":"https:\/\/ichd.mx\/?p=3545#breadcrumb","itemListElement":[{"@type":"ListItem","position":1,"name":"Portada","item":"https:\/\/ichd.mx\/"},{"@type":"ListItem","position":2,"name":"Chihuahuenses brillan en Nacional FEMEKA 2023"}]},{"@type":"WebSite","@id":"https:\/\/ichd.mx\/#website","url":"https:\/\/ichd.mx\/","name":"ICHD","description":"Instituto Chihuahuense del Deporte y Cultura F\u00edsica","potentialAction":[{"@type":"SearchAction","target":{"@type":"EntryPoint","urlTemplate":"https:\/\/ichd.mx\/?s={search_term_string}"},"query-input":{"@type":"PropertyValueSpecification","valueRequired":true,"valueName":"search_term_string"}}],"inLanguage":"es"},{"@type":"Person","@id":"https:\/\/ichd.mx\/#\/schema\/person\/137528cf3411e3cbc248ffe1288137a7","name":"Prensa ICHD","image":{"@type":"ImageObject","inLanguage":"es","@id":"https:\/\/ichd.mx\/#\/schema\/person\/image\/","url":"https:\/\/secure.gravatar.com\/avatar\/166c01e5e415043a004f7d214348c415?s=96&d=mm&r=g","contentUrl":"https:\/\/secure.gravatar.com\/avatar\/166c01e5e415043a004f7d214348c415?s=96&d=mm&r=g","caption":"Prensa ICHD"},"url":"https:\/\/ichd.mx\/?author=3"}]}},"_links":{"self":[{"href":"https:\/\/ichd.mx\/index.php?rest_route=\/wp\/v2\/posts\/3545","targetHints":{"allow":["GET"]}}],"collection":[{"href":"https:\/\/ichd.mx\/index.php?rest_route=\/wp\/v2\/posts"}],"about":[{"href":"https:\/\/ichd.mx\/index.php?rest_route=\/wp\/v2\/types\/post"}],"author":[{"embeddable":true,"href":"https:\/\/ichd.mx\/index.php?rest_route=\/wp\/v2\/users\/3"}],"replies":[{"embeddable":true,"href":"https:\/\/ichd.mx\/index.php?rest_route=%2Fwp%2Fv2%2Fcomments&post=3545"}],"version-history":[{"count":1,"href":"https:\/\/ichd.mx\/index.php?rest_route=\/wp\/v2\/posts\/3545\/revisions"}],"predecessor-version":[{"id":3558,"href":"https:\/\/ichd.mx\/index.php?rest_route=\/wp\/v2\/posts\/3545\/revisions\/3558"}],"wp:featuredmedia":[{"embeddable":true,"href":"https:\/\/ichd.mx\/index.php?rest_route=\/wp\/v2\/media\/3557"}],"wp:attachment":[{"href":"https:\/\/ichd.mx\/index.php?rest_route=%2Fwp%2Fv2%2Fmedia&parent=3545"}],"wp:term":[{"taxonomy":"category","embeddable":true,"href":"https:\/\/ichd.mx\/index.php?rest_route=%2Fwp%2Fv2%2Fcategories&post=3545"},{"taxonomy":"post_tag","embeddable":true,"href":"https:\/\/ichd.mx\/index.php?rest_route=%2Fwp%2Fv2%2Ftags&post=3545"}],"curies":[{"name":"wp","href":"https:\/\/api.w.org\/{rel}","templated":true}]}}