{"id":2876,"date":"2023-02-07T10:17:00","date_gmt":"2023-02-07T17:17:00","guid":{"rendered":"https:\/\/ichd.mx\/?p=2876"},"modified":"2023-02-07T10:17:25","modified_gmt":"2023-02-07T17:17:25","slug":"gana-medalla-de-bronce-dani-martinez-en-estambul","status":"publish","type":"post","link":"https:\/\/ichd.mx\/?p=2876","title":{"rendered":"Gana medalla de bronce Dani Mart\u00ednez en Estambul"},"content":{"rendered":"<p>La chihuahuense logr\u00f3 el tercer lugar en Para-Taekwondo durante la Copa<\/p>\n<p>Presidente Europa 2023<\/p>\n<p>Como parte de la selecci\u00f3n nacional de para-taekwondo, la chihuahuense<br \/>\nDaniela Mart\u00ednez Mariscal abri\u00f3 con medalla de bronce su participaci\u00f3n en la<br \/>\nCopa Presidente Europa 2023, que se realiza en Estambul, Turqu\u00eda y que suma<br \/>\npuntos en el ranking internacional a los Juegos Paral\u00edmpicos Par\u00eds 2024.<\/p>\n<p>Con informaci\u00f3n de la Comisi\u00f3n Nacional de Cultura F\u00edsica y Deporte, se dio<br \/>\na conocer que esta es la primera competencia del a\u00f1o para esta disciplina,<br \/>\nluego de haber trabajado en concentraci\u00f3n durante un mes, en el Centro<br \/>\nNacional de Desarrollo de Talentos Deportivos y Alto Rendimiento, junto a<br \/>\ntodo el equipo multidisciplinario para que los resultados se den y seguir<br \/>\nacumulando puntos para el objetivo final que son los Paral\u00edmpicos de Par\u00eds<br \/>\n2024.<\/p>\n<p>Daniela Mart\u00ednez particip\u00f3 en la categor\u00eda K44 divisi\u00f3n -65 kilogramos,<br \/>\nsiendo esta su reaparici\u00f3n en escenarios internacionales, tras su actuaci\u00f3n en<br \/>\nlos Juegos Paral\u00edmpicos Tokio 2020.<img loading=\"lazy\" decoding=\"async\" class=\"alignnone size-medium wp-image-2877\" src=\"https:\/\/ichd.mx\/wp-content\/uploads\/2023\/02\/Dani-bronce-300x300.jpeg\" alt=\"\" width=\"300\" height=\"300\" srcset=\"https:\/\/ichd.mx\/wp-content\/uploads\/2023\/02\/Dani-bronce-300x300.jpeg 300w, https:\/\/ichd.mx\/wp-content\/uploads\/2023\/02\/Dani-bronce-1024x1024.jpeg 1024w, https:\/\/ichd.mx\/wp-content\/uploads\/2023\/02\/Dani-bronce-150x150.jpeg 150w, https:\/\/ichd.mx\/wp-content\/uploads\/2023\/02\/Dani-bronce-768x768.jpeg 768w, https:\/\/ichd.mx\/wp-content\/uploads\/2023\/02\/Dani-bronce.jpeg 1200w\" sizes=\"auto, (max-width: 300px) 100vw, 300px\" \/> <img loading=\"lazy\" decoding=\"async\" class=\"alignnone size-medium wp-image-2878\" src=\"https:\/\/ichd.mx\/wp-content\/uploads\/2023\/02\/Dani-bronce-2-225x300.jpeg\" alt=\"\" width=\"225\" height=\"300\" srcset=\"https:\/\/ichd.mx\/wp-content\/uploads\/2023\/02\/Dani-bronce-2-225x300.jpeg 225w, https:\/\/ichd.mx\/wp-content\/uploads\/2023\/02\/Dani-bronce-2-768x1024.jpeg 768w, https:\/\/ichd.mx\/wp-content\/uploads\/2023\/02\/Dani-bronce-2.jpeg 960w\" sizes=\"auto, (max-width: 225px) 100vw, 225px\" \/> <img loading=\"lazy\" decoding=\"async\" class=\"alignnone size-medium wp-image-2879\" src=\"https:\/\/ichd.mx\/wp-content\/uploads\/2023\/02\/dani-bronce-3-300x300.jpg\" alt=\"\" width=\"300\" height=\"300\" srcset=\"https:\/\/ichd.mx\/wp-content\/uploads\/2023\/02\/dani-bronce-3-300x300.jpg 300w, https:\/\/ichd.mx\/wp-content\/uploads\/2023\/02\/dani-bronce-3-150x150.jpg 150w, https:\/\/ichd.mx\/wp-content\/uploads\/2023\/02\/dani-bronce-3-768x768.jpg 768w, https:\/\/ichd.mx\/wp-content\/uploads\/2023\/02\/dani-bronce-3.jpg 960w\" sizes=\"auto, (max-width: 300px) 100vw, 300px\" \/><\/p>\n","protected":false},"excerpt":{"rendered":"<p>La chihuahuense logr\u00f3 el tercer lugar en Para-Taekwondo durante la Copa Presidente Europa 2023 Como parte de la selecci\u00f3n nacional<\/p>\n","protected":false},"author":3,"featured_media":2879,"comment_status":"closed","ping_status":"open","sticky":false,"template":"","format":"standard","meta":{"footnotes":""},"categories":[8,2],"tags":[],"class_list":["post-2876","post","type-post","status-publish","format-standard","has-post-thumbnail","hentry","category-gral","category-ppal"],"yoast_head":"<!-- This site is optimized with the Yoast SEO plugin v25.9 - https:\/\/yoast.com\/wordpress\/plugins\/seo\/ -->\n<title>Gana medalla de bronce Dani Mart\u00ednez en Estambul - ICHD<\/title>\n<meta name=\"robots\" content=\"index, follow, max-snippet:-1, max-image-preview:large, max-video-preview:-1\" \/>\n<link rel=\"canonical\" href=\"https:\/\/ichd.mx\/?p=2876\" \/>\n<meta property=\"og:locale\" content=\"es_ES\" \/>\n<meta property=\"og:type\" content=\"article\" \/>\n<meta property=\"og:title\" content=\"Gana medalla de bronce Dani Mart\u00ednez en Estambul - ICHD\" \/>\n<meta property=\"og:description\" content=\"La chihuahuense logr\u00f3 el tercer lugar en Para-Taekwondo durante la Copa Presidente Europa 2023 Como parte de la selecci\u00f3n nacional\" \/>\n<meta property=\"og:url\" content=\"https:\/\/ichd.mx\/?p=2876\" \/>\n<meta property=\"og:site_name\" content=\"ICHD\" \/>\n<meta property=\"article:publisher\" content=\"https:\/\/www.facebook.com\/ichdmx\" \/>\n<meta property=\"article:published_time\" content=\"2023-02-07T17:17:00+00:00\" \/>\n<meta property=\"article:modified_time\" content=\"2023-02-07T17:17:25+00:00\" \/>\n<meta property=\"og:image\" content=\"https:\/\/ichd.mx\/wp-content\/uploads\/2023\/02\/dani-bronce-3.jpg\" \/>\n\t<meta property=\"og:image:width\" content=\"960\" \/>\n\t<meta property=\"og:image:height\" content=\"960\" \/>\n\t<meta property=\"og:image:type\" content=\"image\/jpeg\" \/>\n<meta name=\"author\" content=\"Prensa ICHD\" \/>\n<meta name=\"twitter:card\" content=\"summary_large_image\" \/>\n<meta name=\"twitter:creator\" content=\"@ICHDmx\" \/>\n<meta name=\"twitter:site\" content=\"@ICHDmx\" \/>\n<meta name=\"twitter:label1\" content=\"Escrito por\" \/>\n\t<meta name=\"twitter:data1\" content=\"Prensa ICHD\" \/>\n\t<meta name=\"twitter:label2\" content=\"Tiempo de lectura\" \/>\n\t<meta name=\"twitter:data2\" content=\"2 minutos\" \/>\n<script type=\"application\/ld+json\" class=\"yoast-schema-graph\">{\"@context\":\"https:\/\/schema.org\",\"@graph\":[{\"@type\":\"WebPage\",\"@id\":\"https:\/\/ichd.mx\/?p=2876\",\"url\":\"https:\/\/ichd.mx\/?p=2876\",\"name\":\"Gana medalla de bronce Dani Mart\u00ednez en Estambul - ICHD\",\"isPartOf\":{\"@id\":\"https:\/\/ichd.mx\/#website\"},\"primaryImageOfPage\":{\"@id\":\"https:\/\/ichd.mx\/?p=2876#primaryimage\"},\"image\":{\"@id\":\"https:\/\/ichd.mx\/?p=2876#primaryimage\"},\"thumbnailUrl\":\"https:\/\/ichd.mx\/wp-content\/uploads\/2023\/02\/dani-bronce-3.jpg\",\"datePublished\":\"2023-02-07T17:17:00+00:00\",\"dateModified\":\"2023-02-07T17:17:25+00:00\",\"author\":{\"@id\":\"https:\/\/ichd.mx\/#\/schema\/person\/137528cf3411e3cbc248ffe1288137a7\"},\"breadcrumb\":{\"@id\":\"https:\/\/ichd.mx\/?p=2876#breadcrumb\"},\"inLanguage\":\"es\",\"potentialAction\":[{\"@type\":\"ReadAction\",\"target\":[\"https:\/\/ichd.mx\/?p=2876\"]}]},{\"@type\":\"ImageObject\",\"inLanguage\":\"es\",\"@id\":\"https:\/\/ichd.mx\/?p=2876#primaryimage\",\"url\":\"https:\/\/ichd.mx\/wp-content\/uploads\/2023\/02\/dani-bronce-3.jpg\",\"contentUrl\":\"https:\/\/ichd.mx\/wp-content\/uploads\/2023\/02\/dani-bronce-3.jpg\",\"width\":960,\"height\":960},{\"@type\":\"BreadcrumbList\",\"@id\":\"https:\/\/ichd.mx\/?p=2876#breadcrumb\",\"itemListElement\":[{\"@type\":\"ListItem\",\"position\":1,\"name\":\"Portada\",\"item\":\"https:\/\/ichd.mx\/\"},{\"@type\":\"ListItem\",\"position\":2,\"name\":\"Gana medalla de bronce Dani Mart\u00ednez en Estambul\"}]},{\"@type\":\"WebSite\",\"@id\":\"https:\/\/ichd.mx\/#website\",\"url\":\"https:\/\/ichd.mx\/\",\"name\":\"ICHD\",\"description\":\"Instituto Chihuahuense del Deporte y Cultura F\u00edsica\",\"potentialAction\":[{\"@type\":\"SearchAction\",\"target\":{\"@type\":\"EntryPoint\",\"urlTemplate\":\"https:\/\/ichd.mx\/?s={search_term_string}\"},\"query-input\":{\"@type\":\"PropertyValueSpecification\",\"valueRequired\":true,\"valueName\":\"search_term_string\"}}],\"inLanguage\":\"es\"},{\"@type\":\"Person\",\"@id\":\"https:\/\/ichd.mx\/#\/schema\/person\/137528cf3411e3cbc248ffe1288137a7\",\"name\":\"Prensa ICHD\",\"image\":{\"@type\":\"ImageObject\",\"inLanguage\":\"es\",\"@id\":\"https:\/\/ichd.mx\/#\/schema\/person\/image\/\",\"url\":\"https:\/\/secure.gravatar.com\/avatar\/166c01e5e415043a004f7d214348c415?s=96&d=mm&r=g\",\"contentUrl\":\"https:\/\/secure.gravatar.com\/avatar\/166c01e5e415043a004f7d214348c415?s=96&d=mm&r=g\",\"caption\":\"Prensa ICHD\"},\"url\":\"https:\/\/ichd.mx\/?author=3\"}]}<\/script>\n<!-- \/ Yoast SEO plugin. -->","yoast_head_json":{"title":"Gana medalla de bronce Dani Mart\u00ednez en Estambul - ICHD","robots":{"index":"index","follow":"follow","max-snippet":"max-snippet:-1","max-image-preview":"max-image-preview:large","max-video-preview":"max-video-preview:-1"},"canonical":"https:\/\/ichd.mx\/?p=2876","og_locale":"es_ES","og_type":"article","og_title":"Gana medalla de bronce Dani Mart\u00ednez en Estambul - ICHD","og_description":"La chihuahuense logr\u00f3 el tercer lugar en Para-Taekwondo durante la Copa Presidente Europa 2023 Como parte de la selecci\u00f3n nacional","og_url":"https:\/\/ichd.mx\/?p=2876","og_site_name":"ICHD","article_publisher":"https:\/\/www.facebook.com\/ichdmx","article_published_time":"2023-02-07T17:17:00+00:00","article_modified_time":"2023-02-07T17:17:25+00:00","og_image":[{"width":960,"height":960,"url":"https:\/\/ichd.mx\/wp-content\/uploads\/2023\/02\/dani-bronce-3.jpg","type":"image\/jpeg"}],"author":"Prensa ICHD","twitter_card":"summary_large_image","twitter_creator":"@ICHDmx","twitter_site":"@ICHDmx","twitter_misc":{"Escrito por":"Prensa ICHD","Tiempo de lectura":"2 minutos"},"schema":{"@context":"https:\/\/schema.org","@graph":[{"@type":"WebPage","@id":"https:\/\/ichd.mx\/?p=2876","url":"https:\/\/ichd.mx\/?p=2876","name":"Gana medalla de bronce Dani Mart\u00ednez en Estambul - ICHD","isPartOf":{"@id":"https:\/\/ichd.mx\/#website"},"primaryImageOfPage":{"@id":"https:\/\/ichd.mx\/?p=2876#primaryimage"},"image":{"@id":"https:\/\/ichd.mx\/?p=2876#primaryimage"},"thumbnailUrl":"https:\/\/ichd.mx\/wp-content\/uploads\/2023\/02\/dani-bronce-3.jpg","datePublished":"2023-02-07T17:17:00+00:00","dateModified":"2023-02-07T17:17:25+00:00","author":{"@id":"https:\/\/ichd.mx\/#\/schema\/person\/137528cf3411e3cbc248ffe1288137a7"},"breadcrumb":{"@id":"https:\/\/ichd.mx\/?p=2876#breadcrumb"},"inLanguage":"es","potentialAction":[{"@type":"ReadAction","target":["https:\/\/ichd.mx\/?p=2876"]}]},{"@type":"ImageObject","inLanguage":"es","@id":"https:\/\/ichd.mx\/?p=2876#primaryimage","url":"https:\/\/ichd.mx\/wp-content\/uploads\/2023\/02\/dani-bronce-3.jpg","contentUrl":"https:\/\/ichd.mx\/wp-content\/uploads\/2023\/02\/dani-bronce-3.jpg","width":960,"height":960},{"@type":"BreadcrumbList","@id":"https:\/\/ichd.mx\/?p=2876#breadcrumb","itemListElement":[{"@type":"ListItem","position":1,"name":"Portada","item":"https:\/\/ichd.mx\/"},{"@type":"ListItem","position":2,"name":"Gana medalla de bronce Dani Mart\u00ednez en Estambul"}]},{"@type":"WebSite","@id":"https:\/\/ichd.mx\/#website","url":"https:\/\/ichd.mx\/","name":"ICHD","description":"Instituto Chihuahuense del Deporte y Cultura F\u00edsica","potentialAction":[{"@type":"SearchAction","target":{"@type":"EntryPoint","urlTemplate":"https:\/\/ichd.mx\/?s={search_term_string}"},"query-input":{"@type":"PropertyValueSpecification","valueRequired":true,"valueName":"search_term_string"}}],"inLanguage":"es"},{"@type":"Person","@id":"https:\/\/ichd.mx\/#\/schema\/person\/137528cf3411e3cbc248ffe1288137a7","name":"Prensa ICHD","image":{"@type":"ImageObject","inLanguage":"es","@id":"https:\/\/ichd.mx\/#\/schema\/person\/image\/","url":"https:\/\/secure.gravatar.com\/avatar\/166c01e5e415043a004f7d214348c415?s=96&d=mm&r=g","contentUrl":"https:\/\/secure.gravatar.com\/avatar\/166c01e5e415043a004f7d214348c415?s=96&d=mm&r=g","caption":"Prensa ICHD"},"url":"https:\/\/ichd.mx\/?author=3"}]}},"_links":{"self":[{"href":"https:\/\/ichd.mx\/index.php?rest_route=\/wp\/v2\/posts\/2876","targetHints":{"allow":["GET"]}}],"collection":[{"href":"https:\/\/ichd.mx\/index.php?rest_route=\/wp\/v2\/posts"}],"about":[{"href":"https:\/\/ichd.mx\/index.php?rest_route=\/wp\/v2\/types\/post"}],"author":[{"embeddable":true,"href":"https:\/\/ichd.mx\/index.php?rest_route=\/wp\/v2\/users\/3"}],"replies":[{"embeddable":true,"href":"https:\/\/ichd.mx\/index.php?rest_route=%2Fwp%2Fv2%2Fcomments&post=2876"}],"version-history":[{"count":1,"href":"https:\/\/ichd.mx\/index.php?rest_route=\/wp\/v2\/posts\/2876\/revisions"}],"predecessor-version":[{"id":2881,"href":"https:\/\/ichd.mx\/index.php?rest_route=\/wp\/v2\/posts\/2876\/revisions\/2881"}],"wp:featuredmedia":[{"embeddable":true,"href":"https:\/\/ichd.mx\/index.php?rest_route=\/wp\/v2\/media\/2879"}],"wp:attachment":[{"href":"https:\/\/ichd.mx\/index.php?rest_route=%2Fwp%2Fv2%2Fmedia&parent=2876"}],"wp:term":[{"taxonomy":"category","embeddable":true,"href":"https:\/\/ichd.mx\/index.php?rest_route=%2Fwp%2Fv2%2Fcategories&post=2876"},{"taxonomy":"post_tag","embeddable":true,"href":"https:\/\/ichd.mx\/index.php?rest_route=%2Fwp%2Fv2%2Ftags&post=2876"}],"curies":[{"name":"wp","href":"https:\/\/api.w.org\/{rel}","templated":true}]}}