{"id":2868,"date":"2023-02-07T10:14:06","date_gmt":"2023-02-07T17:14:06","guid":{"rendered":"https:\/\/ichd.mx\/?p=2868"},"modified":"2023-02-07T10:14:06","modified_gmt":"2023-02-07T17:14:06","slug":"concluye-la-primera-etapa-estatal-del-ciclismo-bmx","status":"publish","type":"post","link":"https:\/\/ichd.mx\/?p=2868","title":{"rendered":"Concluye la primera etapa estatal del Ciclismo BMX"},"content":{"rendered":"<p>\u00b7\u00a0\u00a0\u00a0\u00a0\u00a0\u00a0\u00a0\u00a0La segunda etapa se realizar\u00e1 en Ciudad Ju\u00e1rez<\/p>\n<p>&nbsp;<\/p>\n<p>Chihuahua capital fue sede de la primera etapa del campeonato clasificatorio<br \/>\nde Ciclismo BMX que se llev\u00f3 a cabo en el Parque Extremo de la Cantera.<\/p>\n<p>M\u00e1s de 50 atletas de diez diferentes categor\u00edas se dieron cita para sumar<br \/>\npuntos y tener una mayor probabilidad de clasificar a las etapas regionales,<br \/>\npues la segunda fase se realizar\u00e1 en Ciudad Ju\u00e1rez el pr\u00f3ximo 25 de febrero en<br \/>\nel Parque \u201cEl Chamizal\u201d<\/p>\n<p>En la prueba contrarreloj categor\u00eda juvenil femenil A 13-14 a\u00f1os Ana Paula<br \/>\nQuezada se qued\u00f3 con el primer puesto con un tiempo de 40 segundos con 93<br \/>\nmil\u00e9simas, en varonil Carlos Torres se adjudic\u00f3 el primer puesto con 33<br \/>\nsegundos con 16 mil\u00e9simas, seguido de Agust\u00edn Cer\u00f3n Acosta con un tiempo<br \/>\nde 36 segundos con 66 mil\u00e9simas, dejando en el tercer puesto a Guillermo<br \/>\nAlv\u00eddrez con 36 segundos con 66 mil\u00e9simas.<\/p>\n<p>En la categor\u00eda juvenil B 15-16 a\u00f1os femenil, Adriana Quezada logr\u00f3 el<br \/>\nprimer puesto con 38 segundos y 9 mil\u00e9simas, Mar\u00eda Cer\u00f3n Acosta se qued\u00f3<br \/>\nen el segundo puesto con 39 segundos con 50 mil\u00e9simas, y en el tercer lugar<br \/>\nMariel Enr\u00edquez logr\u00f3 un tiempo de 41 segundos con 41 mil\u00e9simas. Mientras<br \/>\nque en la rama varonil Luis Antonio Molina Molina con un tiempo de 31<br \/>\nsegundos con 18 mil\u00e9simas logr\u00f3 el primer puesto, Santiago Garc\u00eda consigui\u00f3<br \/>\nel segundo lugar con 35 segundos y 22 mil\u00e9simas, dejando el tercer puesto<br \/>\npara Carlos Granados con 37 segundos y 62 mil\u00e9simas.<\/p>\n<p>Carrera Final Contrarreloj Juvenil A 13-14<\/p>\n<p>1.\u00a0\u00a0\u00a0\u00a0\u00a0Carlos Torres Sol\u00eds<br \/>\n2.\u00a0\u00a0\u00a0\u00a0\u00a0Agust\u00edn Cer\u00f3n Acosta<br \/>\n3.\u00a0\u00a0\u00a0\u00a0\u00a0Guillermo Alv\u00eddrez Correa<br \/>\n4.\u00a0\u00a0\u00a0\u00a0\u00a0Samuel Guerra Tarango<br \/>\n5.\u00a0\u00a0\u00a0\u00a0\u00a0Diego Fernando Del Rio Carrillo<br \/>\n6.\u00a0\u00a0\u00a0\u00a0\u00a0Mateo Alek Acevedo Cordero<img loading=\"lazy\" decoding=\"async\" class=\"alignnone size-medium wp-image-2870\" src=\"https:\/\/ichd.mx\/wp-content\/uploads\/2023\/02\/1-300x199.jpg\" alt=\"\" width=\"300\" height=\"199\" srcset=\"https:\/\/ichd.mx\/wp-content\/uploads\/2023\/02\/1-300x199.jpg 300w, https:\/\/ichd.mx\/wp-content\/uploads\/2023\/02\/1-1024x680.jpg 1024w, https:\/\/ichd.mx\/wp-content\/uploads\/2023\/02\/1-768x510.jpg 768w, https:\/\/ichd.mx\/wp-content\/uploads\/2023\/02\/1-1536x1020.jpg 1536w, https:\/\/ichd.mx\/wp-content\/uploads\/2023\/02\/1-2048x1360.jpg 2048w\" sizes=\"auto, (max-width: 300px) 100vw, 300px\" \/> <img loading=\"lazy\" decoding=\"async\" class=\"alignnone size-medium wp-image-2871\" src=\"https:\/\/ichd.mx\/wp-content\/uploads\/2023\/02\/3-199x300.jpg\" alt=\"\" width=\"199\" height=\"300\" srcset=\"https:\/\/ichd.mx\/wp-content\/uploads\/2023\/02\/3-199x300.jpg 199w, https:\/\/ichd.mx\/wp-content\/uploads\/2023\/02\/3-680x1024.jpg 680w, https:\/\/ichd.mx\/wp-content\/uploads\/2023\/02\/3-768x1156.jpg 768w, https:\/\/ichd.mx\/wp-content\/uploads\/2023\/02\/3-1020x1536.jpg 1020w, https:\/\/ichd.mx\/wp-content\/uploads\/2023\/02\/3-1360x2048.jpg 1360w, https:\/\/ichd.mx\/wp-content\/uploads\/2023\/02\/3-scaled.jpg 1700w\" sizes=\"auto, (max-width: 199px) 100vw, 199px\" \/> <img loading=\"lazy\" decoding=\"async\" class=\"alignnone size-medium wp-image-2873\" src=\"https:\/\/ichd.mx\/wp-content\/uploads\/2023\/02\/2-199x300.jpg\" alt=\"\" width=\"199\" height=\"300\" srcset=\"https:\/\/ichd.mx\/wp-content\/uploads\/2023\/02\/2-199x300.jpg 199w, https:\/\/ichd.mx\/wp-content\/uploads\/2023\/02\/2-680x1024.jpg 680w, https:\/\/ichd.mx\/wp-content\/uploads\/2023\/02\/2-768x1156.jpg 768w, https:\/\/ichd.mx\/wp-content\/uploads\/2023\/02\/2-1020x1536.jpg 1020w, https:\/\/ichd.mx\/wp-content\/uploads\/2023\/02\/2-1360x2048.jpg 1360w, https:\/\/ichd.mx\/wp-content\/uploads\/2023\/02\/2-scaled.jpg 1700w\" sizes=\"auto, (max-width: 199px) 100vw, 199px\" \/> <img loading=\"lazy\" decoding=\"async\" class=\"alignnone size-medium wp-image-2874\" src=\"https:\/\/ichd.mx\/wp-content\/uploads\/2023\/02\/campeonacional2-199x300.jpg\" alt=\"\" width=\"199\" height=\"300\" srcset=\"https:\/\/ichd.mx\/wp-content\/uploads\/2023\/02\/campeonacional2-199x300.jpg 199w, https:\/\/ichd.mx\/wp-content\/uploads\/2023\/02\/campeonacional2-680x1024.jpg 680w, https:\/\/ichd.mx\/wp-content\/uploads\/2023\/02\/campeonacional2-768x1156.jpg 768w, https:\/\/ichd.mx\/wp-content\/uploads\/2023\/02\/campeonacional2-1020x1536.jpg 1020w, https:\/\/ichd.mx\/wp-content\/uploads\/2023\/02\/campeonacional2-1360x2048.jpg 1360w, https:\/\/ichd.mx\/wp-content\/uploads\/2023\/02\/campeonacional2-scaled.jpg 1700w\" sizes=\"auto, (max-width: 199px) 100vw, 199px\" \/><\/p>\n","protected":false},"excerpt":{"rendered":"<p>\u00b7\u00a0\u00a0\u00a0\u00a0\u00a0\u00a0\u00a0\u00a0La segunda etapa se realizar\u00e1 en Ciudad Ju\u00e1rez &nbsp; Chihuahua capital fue sede de la primera etapa del campeonato clasificatorio<\/p>\n","protected":false},"author":3,"featured_media":2870,"comment_status":"closed","ping_status":"open","sticky":false,"template":"","format":"standard","meta":{"footnotes":""},"categories":[8,2],"tags":[],"class_list":["post-2868","post","type-post","status-publish","format-standard","has-post-thumbnail","hentry","category-gral","category-ppal"],"yoast_head":"<!-- This site is optimized with the Yoast SEO plugin v25.9 - https:\/\/yoast.com\/wordpress\/plugins\/seo\/ -->\n<title>Concluye la primera etapa estatal del Ciclismo BMX - ICHD<\/title>\n<meta name=\"robots\" content=\"index, follow, max-snippet:-1, max-image-preview:large, max-video-preview:-1\" \/>\n<link rel=\"canonical\" href=\"https:\/\/ichd.mx\/?p=2868\" \/>\n<meta property=\"og:locale\" content=\"es_ES\" \/>\n<meta property=\"og:type\" content=\"article\" \/>\n<meta property=\"og:title\" content=\"Concluye la primera etapa estatal del Ciclismo BMX - ICHD\" \/>\n<meta property=\"og:description\" content=\"\u00b7\u00a0\u00a0\u00a0\u00a0\u00a0\u00a0\u00a0\u00a0La segunda etapa se realizar\u00e1 en Ciudad Ju\u00e1rez &nbsp; Chihuahua capital fue sede de la primera etapa del campeonato clasificatorio\" \/>\n<meta property=\"og:url\" content=\"https:\/\/ichd.mx\/?p=2868\" \/>\n<meta property=\"og:site_name\" content=\"ICHD\" \/>\n<meta property=\"article:publisher\" content=\"https:\/\/www.facebook.com\/ichdmx\" \/>\n<meta property=\"article:published_time\" content=\"2023-02-07T17:14:06+00:00\" \/>\n<meta property=\"og:image\" content=\"https:\/\/ichd.mx\/wp-content\/uploads\/2023\/02\/1-scaled.jpg\" \/>\n\t<meta property=\"og:image:width\" content=\"2560\" \/>\n\t<meta property=\"og:image:height\" content=\"1700\" \/>\n\t<meta property=\"og:image:type\" content=\"image\/jpeg\" \/>\n<meta name=\"author\" content=\"Prensa ICHD\" \/>\n<meta name=\"twitter:card\" content=\"summary_large_image\" \/>\n<meta name=\"twitter:creator\" content=\"@ICHDmx\" \/>\n<meta name=\"twitter:site\" content=\"@ICHDmx\" \/>\n<meta name=\"twitter:label1\" content=\"Escrito por\" \/>\n\t<meta name=\"twitter:data1\" content=\"Prensa ICHD\" \/>\n\t<meta name=\"twitter:label2\" content=\"Tiempo de lectura\" \/>\n\t<meta name=\"twitter:data2\" content=\"3 minutos\" \/>\n<script type=\"application\/ld+json\" class=\"yoast-schema-graph\">{\"@context\":\"https:\/\/schema.org\",\"@graph\":[{\"@type\":\"WebPage\",\"@id\":\"https:\/\/ichd.mx\/?p=2868\",\"url\":\"https:\/\/ichd.mx\/?p=2868\",\"name\":\"Concluye la primera etapa estatal del Ciclismo BMX - ICHD\",\"isPartOf\":{\"@id\":\"https:\/\/ichd.mx\/#website\"},\"primaryImageOfPage\":{\"@id\":\"https:\/\/ichd.mx\/?p=2868#primaryimage\"},\"image\":{\"@id\":\"https:\/\/ichd.mx\/?p=2868#primaryimage\"},\"thumbnailUrl\":\"https:\/\/ichd.mx\/wp-content\/uploads\/2023\/02\/1-scaled.jpg\",\"datePublished\":\"2023-02-07T17:14:06+00:00\",\"author\":{\"@id\":\"https:\/\/ichd.mx\/#\/schema\/person\/137528cf3411e3cbc248ffe1288137a7\"},\"breadcrumb\":{\"@id\":\"https:\/\/ichd.mx\/?p=2868#breadcrumb\"},\"inLanguage\":\"es\",\"potentialAction\":[{\"@type\":\"ReadAction\",\"target\":[\"https:\/\/ichd.mx\/?p=2868\"]}]},{\"@type\":\"ImageObject\",\"inLanguage\":\"es\",\"@id\":\"https:\/\/ichd.mx\/?p=2868#primaryimage\",\"url\":\"https:\/\/ichd.mx\/wp-content\/uploads\/2023\/02\/1-scaled.jpg\",\"contentUrl\":\"https:\/\/ichd.mx\/wp-content\/uploads\/2023\/02\/1-scaled.jpg\",\"width\":2560,\"height\":1700},{\"@type\":\"BreadcrumbList\",\"@id\":\"https:\/\/ichd.mx\/?p=2868#breadcrumb\",\"itemListElement\":[{\"@type\":\"ListItem\",\"position\":1,\"name\":\"Portada\",\"item\":\"https:\/\/ichd.mx\/\"},{\"@type\":\"ListItem\",\"position\":2,\"name\":\"Concluye la primera etapa estatal del Ciclismo BMX\"}]},{\"@type\":\"WebSite\",\"@id\":\"https:\/\/ichd.mx\/#website\",\"url\":\"https:\/\/ichd.mx\/\",\"name\":\"ICHD\",\"description\":\"Instituto Chihuahuense del Deporte y Cultura F\u00edsica\",\"potentialAction\":[{\"@type\":\"SearchAction\",\"target\":{\"@type\":\"EntryPoint\",\"urlTemplate\":\"https:\/\/ichd.mx\/?s={search_term_string}\"},\"query-input\":{\"@type\":\"PropertyValueSpecification\",\"valueRequired\":true,\"valueName\":\"search_term_string\"}}],\"inLanguage\":\"es\"},{\"@type\":\"Person\",\"@id\":\"https:\/\/ichd.mx\/#\/schema\/person\/137528cf3411e3cbc248ffe1288137a7\",\"name\":\"Prensa ICHD\",\"image\":{\"@type\":\"ImageObject\",\"inLanguage\":\"es\",\"@id\":\"https:\/\/ichd.mx\/#\/schema\/person\/image\/\",\"url\":\"https:\/\/secure.gravatar.com\/avatar\/166c01e5e415043a004f7d214348c415?s=96&d=mm&r=g\",\"contentUrl\":\"https:\/\/secure.gravatar.com\/avatar\/166c01e5e415043a004f7d214348c415?s=96&d=mm&r=g\",\"caption\":\"Prensa ICHD\"},\"url\":\"https:\/\/ichd.mx\/?author=3\"}]}<\/script>\n<!-- \/ Yoast SEO plugin. -->","yoast_head_json":{"title":"Concluye la primera etapa estatal del Ciclismo BMX - ICHD","robots":{"index":"index","follow":"follow","max-snippet":"max-snippet:-1","max-image-preview":"max-image-preview:large","max-video-preview":"max-video-preview:-1"},"canonical":"https:\/\/ichd.mx\/?p=2868","og_locale":"es_ES","og_type":"article","og_title":"Concluye la primera etapa estatal del Ciclismo BMX - ICHD","og_description":"\u00b7\u00a0\u00a0\u00a0\u00a0\u00a0\u00a0\u00a0\u00a0La segunda etapa se realizar\u00e1 en Ciudad Ju\u00e1rez &nbsp; Chihuahua capital fue sede de la primera etapa del campeonato clasificatorio","og_url":"https:\/\/ichd.mx\/?p=2868","og_site_name":"ICHD","article_publisher":"https:\/\/www.facebook.com\/ichdmx","article_published_time":"2023-02-07T17:14:06+00:00","og_image":[{"width":2560,"height":1700,"url":"https:\/\/ichd.mx\/wp-content\/uploads\/2023\/02\/1-scaled.jpg","type":"image\/jpeg"}],"author":"Prensa ICHD","twitter_card":"summary_large_image","twitter_creator":"@ICHDmx","twitter_site":"@ICHDmx","twitter_misc":{"Escrito por":"Prensa ICHD","Tiempo de lectura":"3 minutos"},"schema":{"@context":"https:\/\/schema.org","@graph":[{"@type":"WebPage","@id":"https:\/\/ichd.mx\/?p=2868","url":"https:\/\/ichd.mx\/?p=2868","name":"Concluye la primera etapa estatal del Ciclismo BMX - ICHD","isPartOf":{"@id":"https:\/\/ichd.mx\/#website"},"primaryImageOfPage":{"@id":"https:\/\/ichd.mx\/?p=2868#primaryimage"},"image":{"@id":"https:\/\/ichd.mx\/?p=2868#primaryimage"},"thumbnailUrl":"https:\/\/ichd.mx\/wp-content\/uploads\/2023\/02\/1-scaled.jpg","datePublished":"2023-02-07T17:14:06+00:00","author":{"@id":"https:\/\/ichd.mx\/#\/schema\/person\/137528cf3411e3cbc248ffe1288137a7"},"breadcrumb":{"@id":"https:\/\/ichd.mx\/?p=2868#breadcrumb"},"inLanguage":"es","potentialAction":[{"@type":"ReadAction","target":["https:\/\/ichd.mx\/?p=2868"]}]},{"@type":"ImageObject","inLanguage":"es","@id":"https:\/\/ichd.mx\/?p=2868#primaryimage","url":"https:\/\/ichd.mx\/wp-content\/uploads\/2023\/02\/1-scaled.jpg","contentUrl":"https:\/\/ichd.mx\/wp-content\/uploads\/2023\/02\/1-scaled.jpg","width":2560,"height":1700},{"@type":"BreadcrumbList","@id":"https:\/\/ichd.mx\/?p=2868#breadcrumb","itemListElement":[{"@type":"ListItem","position":1,"name":"Portada","item":"https:\/\/ichd.mx\/"},{"@type":"ListItem","position":2,"name":"Concluye la primera etapa estatal del Ciclismo BMX"}]},{"@type":"WebSite","@id":"https:\/\/ichd.mx\/#website","url":"https:\/\/ichd.mx\/","name":"ICHD","description":"Instituto Chihuahuense del Deporte y Cultura F\u00edsica","potentialAction":[{"@type":"SearchAction","target":{"@type":"EntryPoint","urlTemplate":"https:\/\/ichd.mx\/?s={search_term_string}"},"query-input":{"@type":"PropertyValueSpecification","valueRequired":true,"valueName":"search_term_string"}}],"inLanguage":"es"},{"@type":"Person","@id":"https:\/\/ichd.mx\/#\/schema\/person\/137528cf3411e3cbc248ffe1288137a7","name":"Prensa ICHD","image":{"@type":"ImageObject","inLanguage":"es","@id":"https:\/\/ichd.mx\/#\/schema\/person\/image\/","url":"https:\/\/secure.gravatar.com\/avatar\/166c01e5e415043a004f7d214348c415?s=96&d=mm&r=g","contentUrl":"https:\/\/secure.gravatar.com\/avatar\/166c01e5e415043a004f7d214348c415?s=96&d=mm&r=g","caption":"Prensa ICHD"},"url":"https:\/\/ichd.mx\/?author=3"}]}},"_links":{"self":[{"href":"https:\/\/ichd.mx\/index.php?rest_route=\/wp\/v2\/posts\/2868","targetHints":{"allow":["GET"]}}],"collection":[{"href":"https:\/\/ichd.mx\/index.php?rest_route=\/wp\/v2\/posts"}],"about":[{"href":"https:\/\/ichd.mx\/index.php?rest_route=\/wp\/v2\/types\/post"}],"author":[{"embeddable":true,"href":"https:\/\/ichd.mx\/index.php?rest_route=\/wp\/v2\/users\/3"}],"replies":[{"embeddable":true,"href":"https:\/\/ichd.mx\/index.php?rest_route=%2Fwp%2Fv2%2Fcomments&post=2868"}],"version-history":[{"count":1,"href":"https:\/\/ichd.mx\/index.php?rest_route=\/wp\/v2\/posts\/2868\/revisions"}],"predecessor-version":[{"id":2875,"href":"https:\/\/ichd.mx\/index.php?rest_route=\/wp\/v2\/posts\/2868\/revisions\/2875"}],"wp:featuredmedia":[{"embeddable":true,"href":"https:\/\/ichd.mx\/index.php?rest_route=\/wp\/v2\/media\/2870"}],"wp:attachment":[{"href":"https:\/\/ichd.mx\/index.php?rest_route=%2Fwp%2Fv2%2Fmedia&parent=2868"}],"wp:term":[{"taxonomy":"category","embeddable":true,"href":"https:\/\/ichd.mx\/index.php?rest_route=%2Fwp%2Fv2%2Fcategories&post=2868"},{"taxonomy":"post_tag","embeddable":true,"href":"https:\/\/ichd.mx\/index.php?rest_route=%2Fwp%2Fv2%2Ftags&post=2868"}],"curies":[{"name":"wp","href":"https:\/\/api.w.org\/{rel}","templated":true}]}}