{"id":2851,"date":"2023-01-30T13:50:37","date_gmt":"2023-01-30T20:50:37","guid":{"rendered":"https:\/\/ichd.mx\/?p=2851"},"modified":"2023-01-30T13:50:37","modified_gmt":"2023-01-30T20:50:37","slug":"se-define-la-seleccion-chihuahuense-en-ciclismo-de-pista","status":"publish","type":"post","link":"https:\/\/ichd.mx\/?p=2851","title":{"rendered":"Se define la selecci\u00f3n chihuahuense en ciclismo de pista"},"content":{"rendered":"<p>\u00b7\u00a0\u00a0\u00a0\u00a0\u00a0\u00a0\u00a0\u00a016 ciclistas lograron su pase al Macro Regional<\/p>\n<p>&nbsp;<\/p>\n<p>El fin de semana del 28 al 29 de enero en Ciudad Ju\u00e1rez se llevaron a cabo los<br \/>\nJuegos Estatales CONADE 2023, recibiendo a los participantes en ciclismo en<br \/>\nmodalidad de pista.<br \/>\nLa pista de Don Rayo fue sede para la modalidad de grupo y contrareloj, en<br \/>\ntanto que la ciclopista Pablo Darancou alberg\u00f3 las pruebas de pista.<br \/>\nCerca de 30 ciclistas compitieron en la categor\u00eda Juvenil A, Juvenil B y<br \/>\nJuvenil C, Varonil y Femenil, con distancias de un kil\u00f3metro, 500 y 250<br \/>\nmetros para la categor\u00eda A<br \/>\nEnseguida se desarrollaron las persecuciones de 4,000, 3,000 y 2,000 metros,<br \/>\nadem\u00e1s de un lanzado de 200 metros, para la clasificaci\u00f3n de 16 deportistas.<br \/>\nLos ciclistas clasificados en la modalidad de pista son: Camila Salas, Yaretzi<br \/>\nAguirre, Iv\u00e1n Amezaga Rangel, Minerva Villa, Javier Isaac Velador Moreno,<br \/>\nGibr\u00e1n Antonio Y\u00e1\u00f1ez Ju\u00e1rez, Luis Monserrat Santiago P\u00e9rez P\u00e9rez, Emiliano<br \/>\nGuerra y Jos\u00e9 Carlos Reza.<\/p>\n<p>De igual manera, lograron su pase al Macro Regional, Matthew Calder\u00f3n<br \/>\nCampos, Diego Carmona \u00c1lvarez Ruiz, Ra\u00fal De los Reyes, Roberto Antill\u00f3n<br \/>\nGuti\u00e9rrez, Claudia Salas Guti\u00e9rrez, Xiomara Hinojosa y Minerva Bustamante<img loading=\"lazy\" decoding=\"async\" class=\"alignnone size-medium wp-image-2852\" src=\"https:\/\/ichd.mx\/wp-content\/uploads\/2023\/01\/ciclismo-pista-3-300x200.jpeg\" alt=\"\" width=\"300\" height=\"200\" srcset=\"https:\/\/ichd.mx\/wp-content\/uploads\/2023\/01\/ciclismo-pista-3-300x200.jpeg 300w, https:\/\/ichd.mx\/wp-content\/uploads\/2023\/01\/ciclismo-pista-3-1024x683.jpeg 1024w, https:\/\/ichd.mx\/wp-content\/uploads\/2023\/01\/ciclismo-pista-3-768x512.jpeg 768w, https:\/\/ichd.mx\/wp-content\/uploads\/2023\/01\/ciclismo-pista-3.jpeg 1296w\" sizes=\"auto, (max-width: 300px) 100vw, 300px\" \/> <img loading=\"lazy\" decoding=\"async\" class=\"alignnone size-medium wp-image-2853\" src=\"https:\/\/ichd.mx\/wp-content\/uploads\/2023\/01\/ciclismo-pista-5-300x200.jpeg\" alt=\"\" width=\"300\" height=\"200\" srcset=\"https:\/\/ichd.mx\/wp-content\/uploads\/2023\/01\/ciclismo-pista-5-300x200.jpeg 300w, https:\/\/ichd.mx\/wp-content\/uploads\/2023\/01\/ciclismo-pista-5-1024x683.jpeg 1024w, https:\/\/ichd.mx\/wp-content\/uploads\/2023\/01\/ciclismo-pista-5-768x512.jpeg 768w, https:\/\/ichd.mx\/wp-content\/uploads\/2023\/01\/ciclismo-pista-5.jpeg 1296w\" sizes=\"auto, (max-width: 300px) 100vw, 300px\" \/> <img loading=\"lazy\" decoding=\"async\" class=\"alignnone size-medium wp-image-2854\" src=\"https:\/\/ichd.mx\/wp-content\/uploads\/2023\/01\/ciclismo-pista-7-300x200.jpeg\" alt=\"\" width=\"300\" height=\"200\" srcset=\"https:\/\/ichd.mx\/wp-content\/uploads\/2023\/01\/ciclismo-pista-7-300x200.jpeg 300w, https:\/\/ichd.mx\/wp-content\/uploads\/2023\/01\/ciclismo-pista-7-1024x683.jpeg 1024w, https:\/\/ichd.mx\/wp-content\/uploads\/2023\/01\/ciclismo-pista-7-768x512.jpeg 768w, https:\/\/ichd.mx\/wp-content\/uploads\/2023\/01\/ciclismo-pista-7.jpeg 1296w\" sizes=\"auto, (max-width: 300px) 100vw, 300px\" \/> <img loading=\"lazy\" decoding=\"async\" class=\"alignnone size-medium wp-image-2855\" src=\"https:\/\/ichd.mx\/wp-content\/uploads\/2023\/01\/ciclismo-pista-8-300x200.jpeg\" alt=\"\" width=\"300\" height=\"200\" srcset=\"https:\/\/ichd.mx\/wp-content\/uploads\/2023\/01\/ciclismo-pista-8-300x200.jpeg 300w, https:\/\/ichd.mx\/wp-content\/uploads\/2023\/01\/ciclismo-pista-8-1024x683.jpeg 1024w, https:\/\/ichd.mx\/wp-content\/uploads\/2023\/01\/ciclismo-pista-8-768x512.jpeg 768w, https:\/\/ichd.mx\/wp-content\/uploads\/2023\/01\/ciclismo-pista-8.jpeg 1296w\" sizes=\"auto, (max-width: 300px) 100vw, 300px\" \/> <img loading=\"lazy\" decoding=\"async\" class=\"alignnone size-medium wp-image-2856\" src=\"https:\/\/ichd.mx\/wp-content\/uploads\/2023\/01\/ciclismo-pista-6-300x200.jpeg\" alt=\"\" width=\"300\" height=\"200\" srcset=\"https:\/\/ichd.mx\/wp-content\/uploads\/2023\/01\/ciclismo-pista-6-300x200.jpeg 300w, https:\/\/ichd.mx\/wp-content\/uploads\/2023\/01\/ciclismo-pista-6-1024x683.jpeg 1024w, https:\/\/ichd.mx\/wp-content\/uploads\/2023\/01\/ciclismo-pista-6-768x512.jpeg 768w, https:\/\/ichd.mx\/wp-content\/uploads\/2023\/01\/ciclismo-pista-6.jpeg 1296w\" sizes=\"auto, (max-width: 300px) 100vw, 300px\" \/> <img loading=\"lazy\" decoding=\"async\" class=\"alignnone size-medium wp-image-2857\" src=\"https:\/\/ichd.mx\/wp-content\/uploads\/2023\/01\/ciclismo-pista-4-300x200.jpeg\" alt=\"\" width=\"300\" height=\"200\" srcset=\"https:\/\/ichd.mx\/wp-content\/uploads\/2023\/01\/ciclismo-pista-4-300x200.jpeg 300w, https:\/\/ichd.mx\/wp-content\/uploads\/2023\/01\/ciclismo-pista-4-1024x683.jpeg 1024w, https:\/\/ichd.mx\/wp-content\/uploads\/2023\/01\/ciclismo-pista-4-768x512.jpeg 768w, https:\/\/ichd.mx\/wp-content\/uploads\/2023\/01\/ciclismo-pista-4.jpeg 1296w\" sizes=\"auto, (max-width: 300px) 100vw, 300px\" \/><\/p>\n","protected":false},"excerpt":{"rendered":"<p>\u00b7\u00a0\u00a0\u00a0\u00a0\u00a0\u00a0\u00a0\u00a016 ciclistas lograron su pase al Macro Regional &nbsp; El fin de semana del 28 al 29 de enero en<\/p>\n","protected":false},"author":3,"featured_media":2852,"comment_status":"closed","ping_status":"open","sticky":false,"template":"","format":"standard","meta":{"footnotes":""},"categories":[8,2],"tags":[],"class_list":["post-2851","post","type-post","status-publish","format-standard","has-post-thumbnail","hentry","category-gral","category-ppal"],"yoast_head":"<!-- This site is optimized with the Yoast SEO plugin v25.9 - https:\/\/yoast.com\/wordpress\/plugins\/seo\/ -->\n<title>Se define la selecci\u00f3n chihuahuense en ciclismo de pista - ICHD<\/title>\n<meta name=\"robots\" content=\"index, follow, max-snippet:-1, max-image-preview:large, max-video-preview:-1\" \/>\n<link rel=\"canonical\" href=\"https:\/\/ichd.mx\/?p=2851\" \/>\n<meta property=\"og:locale\" content=\"es_ES\" \/>\n<meta property=\"og:type\" content=\"article\" \/>\n<meta property=\"og:title\" content=\"Se define la selecci\u00f3n chihuahuense en ciclismo de pista - ICHD\" \/>\n<meta property=\"og:description\" content=\"\u00b7\u00a0\u00a0\u00a0\u00a0\u00a0\u00a0\u00a0\u00a016 ciclistas lograron su pase al Macro Regional &nbsp; El fin de semana del 28 al 29 de enero en\" \/>\n<meta property=\"og:url\" content=\"https:\/\/ichd.mx\/?p=2851\" \/>\n<meta property=\"og:site_name\" content=\"ICHD\" \/>\n<meta property=\"article:publisher\" content=\"https:\/\/www.facebook.com\/ichdmx\" \/>\n<meta property=\"article:published_time\" content=\"2023-01-30T20:50:37+00:00\" \/>\n<meta property=\"og:image\" content=\"https:\/\/ichd.mx\/wp-content\/uploads\/2023\/01\/ciclismo-pista-3.jpeg\" \/>\n\t<meta property=\"og:image:width\" content=\"1296\" \/>\n\t<meta property=\"og:image:height\" content=\"864\" \/>\n\t<meta property=\"og:image:type\" content=\"image\/jpeg\" \/>\n<meta name=\"author\" content=\"Prensa ICHD\" \/>\n<meta name=\"twitter:card\" content=\"summary_large_image\" \/>\n<meta name=\"twitter:creator\" content=\"@ICHDmx\" \/>\n<meta name=\"twitter:site\" content=\"@ICHDmx\" \/>\n<meta name=\"twitter:label1\" content=\"Escrito por\" \/>\n\t<meta name=\"twitter:data1\" content=\"Prensa ICHD\" \/>\n\t<meta name=\"twitter:label2\" content=\"Tiempo de lectura\" \/>\n\t<meta name=\"twitter:data2\" content=\"3 minutos\" \/>\n<script type=\"application\/ld+json\" class=\"yoast-schema-graph\">{\"@context\":\"https:\/\/schema.org\",\"@graph\":[{\"@type\":\"WebPage\",\"@id\":\"https:\/\/ichd.mx\/?p=2851\",\"url\":\"https:\/\/ichd.mx\/?p=2851\",\"name\":\"Se define la selecci\u00f3n chihuahuense en ciclismo de pista - ICHD\",\"isPartOf\":{\"@id\":\"https:\/\/ichd.mx\/#website\"},\"primaryImageOfPage\":{\"@id\":\"https:\/\/ichd.mx\/?p=2851#primaryimage\"},\"image\":{\"@id\":\"https:\/\/ichd.mx\/?p=2851#primaryimage\"},\"thumbnailUrl\":\"https:\/\/ichd.mx\/wp-content\/uploads\/2023\/01\/ciclismo-pista-3.jpeg\",\"datePublished\":\"2023-01-30T20:50:37+00:00\",\"author\":{\"@id\":\"https:\/\/ichd.mx\/#\/schema\/person\/137528cf3411e3cbc248ffe1288137a7\"},\"breadcrumb\":{\"@id\":\"https:\/\/ichd.mx\/?p=2851#breadcrumb\"},\"inLanguage\":\"es\",\"potentialAction\":[{\"@type\":\"ReadAction\",\"target\":[\"https:\/\/ichd.mx\/?p=2851\"]}]},{\"@type\":\"ImageObject\",\"inLanguage\":\"es\",\"@id\":\"https:\/\/ichd.mx\/?p=2851#primaryimage\",\"url\":\"https:\/\/ichd.mx\/wp-content\/uploads\/2023\/01\/ciclismo-pista-3.jpeg\",\"contentUrl\":\"https:\/\/ichd.mx\/wp-content\/uploads\/2023\/01\/ciclismo-pista-3.jpeg\",\"width\":1296,\"height\":864},{\"@type\":\"BreadcrumbList\",\"@id\":\"https:\/\/ichd.mx\/?p=2851#breadcrumb\",\"itemListElement\":[{\"@type\":\"ListItem\",\"position\":1,\"name\":\"Portada\",\"item\":\"https:\/\/ichd.mx\/\"},{\"@type\":\"ListItem\",\"position\":2,\"name\":\"Se define la selecci\u00f3n chihuahuense en ciclismo de pista\"}]},{\"@type\":\"WebSite\",\"@id\":\"https:\/\/ichd.mx\/#website\",\"url\":\"https:\/\/ichd.mx\/\",\"name\":\"ICHD\",\"description\":\"Instituto Chihuahuense del Deporte y Cultura F\u00edsica\",\"potentialAction\":[{\"@type\":\"SearchAction\",\"target\":{\"@type\":\"EntryPoint\",\"urlTemplate\":\"https:\/\/ichd.mx\/?s={search_term_string}\"},\"query-input\":{\"@type\":\"PropertyValueSpecification\",\"valueRequired\":true,\"valueName\":\"search_term_string\"}}],\"inLanguage\":\"es\"},{\"@type\":\"Person\",\"@id\":\"https:\/\/ichd.mx\/#\/schema\/person\/137528cf3411e3cbc248ffe1288137a7\",\"name\":\"Prensa ICHD\",\"image\":{\"@type\":\"ImageObject\",\"inLanguage\":\"es\",\"@id\":\"https:\/\/ichd.mx\/#\/schema\/person\/image\/\",\"url\":\"https:\/\/secure.gravatar.com\/avatar\/166c01e5e415043a004f7d214348c415?s=96&d=mm&r=g\",\"contentUrl\":\"https:\/\/secure.gravatar.com\/avatar\/166c01e5e415043a004f7d214348c415?s=96&d=mm&r=g\",\"caption\":\"Prensa ICHD\"},\"url\":\"https:\/\/ichd.mx\/?author=3\"}]}<\/script>\n<!-- \/ Yoast SEO plugin. -->","yoast_head_json":{"title":"Se define la selecci\u00f3n chihuahuense en ciclismo de pista - ICHD","robots":{"index":"index","follow":"follow","max-snippet":"max-snippet:-1","max-image-preview":"max-image-preview:large","max-video-preview":"max-video-preview:-1"},"canonical":"https:\/\/ichd.mx\/?p=2851","og_locale":"es_ES","og_type":"article","og_title":"Se define la selecci\u00f3n chihuahuense en ciclismo de pista - ICHD","og_description":"\u00b7\u00a0\u00a0\u00a0\u00a0\u00a0\u00a0\u00a0\u00a016 ciclistas lograron su pase al Macro Regional &nbsp; El fin de semana del 28 al 29 de enero en","og_url":"https:\/\/ichd.mx\/?p=2851","og_site_name":"ICHD","article_publisher":"https:\/\/www.facebook.com\/ichdmx","article_published_time":"2023-01-30T20:50:37+00:00","og_image":[{"width":1296,"height":864,"url":"https:\/\/ichd.mx\/wp-content\/uploads\/2023\/01\/ciclismo-pista-3.jpeg","type":"image\/jpeg"}],"author":"Prensa ICHD","twitter_card":"summary_large_image","twitter_creator":"@ICHDmx","twitter_site":"@ICHDmx","twitter_misc":{"Escrito por":"Prensa ICHD","Tiempo de lectura":"3 minutos"},"schema":{"@context":"https:\/\/schema.org","@graph":[{"@type":"WebPage","@id":"https:\/\/ichd.mx\/?p=2851","url":"https:\/\/ichd.mx\/?p=2851","name":"Se define la selecci\u00f3n chihuahuense en ciclismo de pista - ICHD","isPartOf":{"@id":"https:\/\/ichd.mx\/#website"},"primaryImageOfPage":{"@id":"https:\/\/ichd.mx\/?p=2851#primaryimage"},"image":{"@id":"https:\/\/ichd.mx\/?p=2851#primaryimage"},"thumbnailUrl":"https:\/\/ichd.mx\/wp-content\/uploads\/2023\/01\/ciclismo-pista-3.jpeg","datePublished":"2023-01-30T20:50:37+00:00","author":{"@id":"https:\/\/ichd.mx\/#\/schema\/person\/137528cf3411e3cbc248ffe1288137a7"},"breadcrumb":{"@id":"https:\/\/ichd.mx\/?p=2851#breadcrumb"},"inLanguage":"es","potentialAction":[{"@type":"ReadAction","target":["https:\/\/ichd.mx\/?p=2851"]}]},{"@type":"ImageObject","inLanguage":"es","@id":"https:\/\/ichd.mx\/?p=2851#primaryimage","url":"https:\/\/ichd.mx\/wp-content\/uploads\/2023\/01\/ciclismo-pista-3.jpeg","contentUrl":"https:\/\/ichd.mx\/wp-content\/uploads\/2023\/01\/ciclismo-pista-3.jpeg","width":1296,"height":864},{"@type":"BreadcrumbList","@id":"https:\/\/ichd.mx\/?p=2851#breadcrumb","itemListElement":[{"@type":"ListItem","position":1,"name":"Portada","item":"https:\/\/ichd.mx\/"},{"@type":"ListItem","position":2,"name":"Se define la selecci\u00f3n chihuahuense en ciclismo de pista"}]},{"@type":"WebSite","@id":"https:\/\/ichd.mx\/#website","url":"https:\/\/ichd.mx\/","name":"ICHD","description":"Instituto Chihuahuense del Deporte y Cultura F\u00edsica","potentialAction":[{"@type":"SearchAction","target":{"@type":"EntryPoint","urlTemplate":"https:\/\/ichd.mx\/?s={search_term_string}"},"query-input":{"@type":"PropertyValueSpecification","valueRequired":true,"valueName":"search_term_string"}}],"inLanguage":"es"},{"@type":"Person","@id":"https:\/\/ichd.mx\/#\/schema\/person\/137528cf3411e3cbc248ffe1288137a7","name":"Prensa ICHD","image":{"@type":"ImageObject","inLanguage":"es","@id":"https:\/\/ichd.mx\/#\/schema\/person\/image\/","url":"https:\/\/secure.gravatar.com\/avatar\/166c01e5e415043a004f7d214348c415?s=96&d=mm&r=g","contentUrl":"https:\/\/secure.gravatar.com\/avatar\/166c01e5e415043a004f7d214348c415?s=96&d=mm&r=g","caption":"Prensa ICHD"},"url":"https:\/\/ichd.mx\/?author=3"}]}},"_links":{"self":[{"href":"https:\/\/ichd.mx\/index.php?rest_route=\/wp\/v2\/posts\/2851","targetHints":{"allow":["GET"]}}],"collection":[{"href":"https:\/\/ichd.mx\/index.php?rest_route=\/wp\/v2\/posts"}],"about":[{"href":"https:\/\/ichd.mx\/index.php?rest_route=\/wp\/v2\/types\/post"}],"author":[{"embeddable":true,"href":"https:\/\/ichd.mx\/index.php?rest_route=\/wp\/v2\/users\/3"}],"replies":[{"embeddable":true,"href":"https:\/\/ichd.mx\/index.php?rest_route=%2Fwp%2Fv2%2Fcomments&post=2851"}],"version-history":[{"count":1,"href":"https:\/\/ichd.mx\/index.php?rest_route=\/wp\/v2\/posts\/2851\/revisions"}],"predecessor-version":[{"id":2858,"href":"https:\/\/ichd.mx\/index.php?rest_route=\/wp\/v2\/posts\/2851\/revisions\/2858"}],"wp:featuredmedia":[{"embeddable":true,"href":"https:\/\/ichd.mx\/index.php?rest_route=\/wp\/v2\/media\/2852"}],"wp:attachment":[{"href":"https:\/\/ichd.mx\/index.php?rest_route=%2Fwp%2Fv2%2Fmedia&parent=2851"}],"wp:term":[{"taxonomy":"category","embeddable":true,"href":"https:\/\/ichd.mx\/index.php?rest_route=%2Fwp%2Fv2%2Fcategories&post=2851"},{"taxonomy":"post_tag","embeddable":true,"href":"https:\/\/ichd.mx\/index.php?rest_route=%2Fwp%2Fv2%2Ftags&post=2851"}],"curies":[{"name":"wp","href":"https:\/\/api.w.org\/{rel}","templated":true}]}}