{"id":2818,"date":"2023-01-25T08:58:34","date_gmt":"2023-01-25T15:58:34","guid":{"rendered":"https:\/\/ichd.mx\/?p=2818"},"modified":"2023-01-25T08:58:34","modified_gmt":"2023-01-25T15:58:34","slug":"iniciara-a-finales-de-enero-primera-etapa-de-reforestacion-del-programa-juntos-por-la-ciudad-deportiva","status":"publish","type":"post","link":"https:\/\/ichd.mx\/?p=2818","title":{"rendered":"Iniciar\u00e1 a finales de enero primera etapa de reforestaci\u00f3n del programa  \u201cJuntos por la Ciudad Deportiva\u201d"},"content":{"rendered":"<p>-Esta fase contempla 140 de 1500 \u00e1rboles que se sembrar\u00e1n<\/p>\n<p>Como parte del programa de recuperaci\u00f3n \u201cJuntos por la Ciudad Deportiva\u201d, a<br \/>\nfinales de enero iniciar\u00e1 la primera etapa de reforestaci\u00f3n, luego de recibir en<br \/>\ndonaci\u00f3n 140 pinos, divididos en 70 se especie eld\u00e1rica y 70 alepesis, que<br \/>\nforman parte de los 1,500 que se reforestar\u00e1n.<\/p>\n<p>Los \u00e1rboles tienen ahora una altura aproximada de 4 metros y durante la<br \/>\n\u00faltima semana de enero comenzar\u00e1 la preparaci\u00f3n del suelo que albergar\u00e1<br \/>\nestas nuevas especies en la Ciudad Deportiva.<\/p>\n<p>Desde mayo del 2022 inici\u00f3 el programa \u201cJuntos por la Ciudad Deportiva\u201d, en<br \/>\nel que se invit\u00f3 a asociaciones deportivas, iniciativa privada, instituciones<br \/>\neducativas, as\u00ed como usuarios y p\u00fablico en general a participar en actividades<br \/>\nencaminadas a la conservaci\u00f3n del denominado \u201cpulm\u00f3n de la capital\u201d.<\/p>\n<p>En esa invitaci\u00f3n se logr\u00f3 una importante respuesta y hasta la fecha siguen<br \/>\nsum\u00e1ndose grupos deportivos, sociales y empresariales a esa campa\u00f1a en<br \/>\nfavor de \u201cLa Depor\u201d.<\/p>\n<p>Posteriormente en agosto de ese a\u00f1o y derivado de un diagn\u00f3stico del estado<br \/>\nfitosanitario del arbolado, elaborado por especialistas de la Facultad de<br \/>\nCiencias Agrotecnol\u00f3gicas de la Universidad Aut\u00f3noma de Chihuahua, se<br \/>\ndetermin\u00f3 el inminente e impostergable retiro de \u00e1rboles muertos o que ya<br \/>\ncumplieron su ciclo de vida.<\/p>\n<p>De esta manera inici\u00f3 el proceso de restauraci\u00f3n de \u00e1reas verdes, con<br \/>\nreparaci\u00f3n de los sistemas de riego y an\u00e1lisis de calidad del agua de riego,<br \/>\nadem\u00e1s se realizaron estudios de fertilidad de suelo para consecutivamente<br \/>\nempezar con trabajos de reforestaci\u00f3n.<br \/>\nCon la asesor\u00eda de la Secretar\u00eda de Desarrollo Rural de Gobierno del Estado, la<br \/>\nDirecci\u00f3n de Desarrollo Forestal, la Direcci\u00f3n de Mantenimiento Urbano y<br \/>\nEcolog\u00eda del Gobierno Municipal de Chihuahua, acompa\u00f1ados por Semarnat,<br \/>\nConafor y agrupaciones ambientalistas, se ha realizado este trabajo promovido<br \/>\npor el ICHD.<\/p>\n<p>De igual manera, se efectu\u00f3 la elecci\u00f3n de especies apropiadas para el sitio,<br \/>\naplicaci\u00f3n de mejoradores, fertilizantes o sustancias activas y siembra de<br \/>\nc\u00e9sped, para iniciar con la plantaci\u00f3n de \u00e1rboles.<\/p>\n<p>Se invita tambi\u00e9n a la poblaci\u00f3n a que haga uso correcto de las instalaciones y<br \/>\nutilicen de manera adecuada los espacios destinados para depositar la basura,<br \/>\nas\u00ed como a sumarse al programa \u201cJuntos por la Ciudad Deportiva\u201d.<\/p>\n<p>Planteles escolares, grupos y clubes deportivos, as\u00ed como iniciativa privada o<br \/>\nfamilias interesadas en colaborar con el programa, pueden comunicarse al<br \/>\nDepartamento de Conservaci\u00f3n y Mantenimiento, de la Subdirecci\u00f3n de<br \/>\nInfraestructura del ICHD, al tel\u00e9fono (614) 429-33-00 extensi\u00f3n 17830. La<br \/>\natenci\u00f3n es de lunes a viernes, de 9:00 a 14:00 horas.<img loading=\"lazy\" decoding=\"async\" class=\"alignnone size-medium wp-image-2819\" src=\"https:\/\/ichd.mx\/wp-content\/uploads\/2023\/01\/Reforestacion-1-300x200.jpg\" alt=\"\" width=\"300\" height=\"200\" srcset=\"https:\/\/ichd.mx\/wp-content\/uploads\/2023\/01\/Reforestacion-1-300x200.jpg 300w, https:\/\/ichd.mx\/wp-content\/uploads\/2023\/01\/Reforestacion-1-1024x683.jpg 1024w, https:\/\/ichd.mx\/wp-content\/uploads\/2023\/01\/Reforestacion-1-768x512.jpg 768w, https:\/\/ichd.mx\/wp-content\/uploads\/2023\/01\/Reforestacion-1-1536x1024.jpg 1536w, https:\/\/ichd.mx\/wp-content\/uploads\/2023\/01\/Reforestacion-1-2048x1365.jpg 2048w\" sizes=\"auto, (max-width: 300px) 100vw, 300px\" \/> <img loading=\"lazy\" decoding=\"async\" class=\"alignnone size-medium wp-image-2820\" src=\"https:\/\/ichd.mx\/wp-content\/uploads\/2023\/01\/Reforestacion-5-300x200.jpg\" alt=\"\" width=\"300\" height=\"200\" srcset=\"https:\/\/ichd.mx\/wp-content\/uploads\/2023\/01\/Reforestacion-5-300x200.jpg 300w, https:\/\/ichd.mx\/wp-content\/uploads\/2023\/01\/Reforestacion-5-1024x683.jpg 1024w, https:\/\/ichd.mx\/wp-content\/uploads\/2023\/01\/Reforestacion-5-768x512.jpg 768w, https:\/\/ichd.mx\/wp-content\/uploads\/2023\/01\/Reforestacion-5-1536x1024.jpg 1536w, https:\/\/ichd.mx\/wp-content\/uploads\/2023\/01\/Reforestacion-5-2048x1365.jpg 2048w\" sizes=\"auto, (max-width: 300px) 100vw, 300px\" \/> <img loading=\"lazy\" decoding=\"async\" class=\"alignnone size-medium wp-image-2821\" src=\"https:\/\/ichd.mx\/wp-content\/uploads\/2023\/01\/Reforestacion-4-300x200.jpg\" alt=\"\" width=\"300\" height=\"200\" srcset=\"https:\/\/ichd.mx\/wp-content\/uploads\/2023\/01\/Reforestacion-4-300x200.jpg 300w, https:\/\/ichd.mx\/wp-content\/uploads\/2023\/01\/Reforestacion-4-1024x683.jpg 1024w, https:\/\/ichd.mx\/wp-content\/uploads\/2023\/01\/Reforestacion-4-768x512.jpg 768w, https:\/\/ichd.mx\/wp-content\/uploads\/2023\/01\/Reforestacion-4-1536x1024.jpg 1536w, https:\/\/ichd.mx\/wp-content\/uploads\/2023\/01\/Reforestacion-4-2048x1365.jpg 2048w\" sizes=\"auto, (max-width: 300px) 100vw, 300px\" \/> <img loading=\"lazy\" decoding=\"async\" class=\"alignnone size-medium wp-image-2822\" src=\"https:\/\/ichd.mx\/wp-content\/uploads\/2023\/01\/Reforestacion-3-300x200.jpg\" alt=\"\" width=\"300\" height=\"200\" srcset=\"https:\/\/ichd.mx\/wp-content\/uploads\/2023\/01\/Reforestacion-3-300x200.jpg 300w, https:\/\/ichd.mx\/wp-content\/uploads\/2023\/01\/Reforestacion-3-1024x683.jpg 1024w, https:\/\/ichd.mx\/wp-content\/uploads\/2023\/01\/Reforestacion-3-768x512.jpg 768w, https:\/\/ichd.mx\/wp-content\/uploads\/2023\/01\/Reforestacion-3-1536x1024.jpg 1536w, https:\/\/ichd.mx\/wp-content\/uploads\/2023\/01\/Reforestacion-3-2048x1365.jpg 2048w\" sizes=\"auto, (max-width: 300px) 100vw, 300px\" \/> <img loading=\"lazy\" decoding=\"async\" class=\"alignnone size-medium wp-image-2823\" src=\"https:\/\/ichd.mx\/wp-content\/uploads\/2023\/01\/Reforestacion-2-300x200.jpg\" alt=\"\" width=\"300\" height=\"200\" srcset=\"https:\/\/ichd.mx\/wp-content\/uploads\/2023\/01\/Reforestacion-2-300x200.jpg 300w, https:\/\/ichd.mx\/wp-content\/uploads\/2023\/01\/Reforestacion-2-1024x683.jpg 1024w, https:\/\/ichd.mx\/wp-content\/uploads\/2023\/01\/Reforestacion-2-768x512.jpg 768w, https:\/\/ichd.mx\/wp-content\/uploads\/2023\/01\/Reforestacion-2-1536x1024.jpg 1536w, https:\/\/ichd.mx\/wp-content\/uploads\/2023\/01\/Reforestacion-2-2048x1365.jpg 2048w\" sizes=\"auto, (max-width: 300px) 100vw, 300px\" \/> <img loading=\"lazy\" decoding=\"async\" class=\"alignnone size-medium wp-image-2824\" src=\"https:\/\/ichd.mx\/wp-content\/uploads\/2023\/01\/Reforestacion-6-300x200.jpg\" alt=\"\" width=\"300\" height=\"200\" srcset=\"https:\/\/ichd.mx\/wp-content\/uploads\/2023\/01\/Reforestacion-6-300x200.jpg 300w, https:\/\/ichd.mx\/wp-content\/uploads\/2023\/01\/Reforestacion-6-1024x683.jpg 1024w, https:\/\/ichd.mx\/wp-content\/uploads\/2023\/01\/Reforestacion-6-768x512.jpg 768w, https:\/\/ichd.mx\/wp-content\/uploads\/2023\/01\/Reforestacion-6-1536x1024.jpg 1536w, https:\/\/ichd.mx\/wp-content\/uploads\/2023\/01\/Reforestacion-6-2048x1365.jpg 2048w\" sizes=\"auto, (max-width: 300px) 100vw, 300px\" \/><\/p>\n","protected":false},"excerpt":{"rendered":"<p>-Esta fase contempla 140 de 1500 \u00e1rboles que se sembrar\u00e1n Como parte del programa de recuperaci\u00f3n \u201cJuntos por la Ciudad<\/p>\n","protected":false},"author":3,"featured_media":2824,"comment_status":"closed","ping_status":"open","sticky":false,"template":"","format":"standard","meta":{"footnotes":""},"categories":[8,163,2],"tags":[],"class_list":["post-2818","post","type-post","status-publish","format-standard","has-post-thumbnail","hentry","category-gral","category-main-2","category-ppal"],"yoast_head":"<!-- This site is optimized with the Yoast SEO plugin v25.9 - https:\/\/yoast.com\/wordpress\/plugins\/seo\/ -->\n<title>Iniciar\u00e1 a finales de enero primera etapa de reforestaci\u00f3n del programa \u201cJuntos por la Ciudad Deportiva\u201d - ICHD<\/title>\n<meta name=\"robots\" content=\"index, follow, max-snippet:-1, max-image-preview:large, max-video-preview:-1\" \/>\n<link rel=\"canonical\" href=\"https:\/\/ichd.mx\/?p=2818\" \/>\n<meta property=\"og:locale\" content=\"es_ES\" \/>\n<meta property=\"og:type\" content=\"article\" \/>\n<meta property=\"og:title\" content=\"Iniciar\u00e1 a finales de enero primera etapa de reforestaci\u00f3n del programa \u201cJuntos por la Ciudad Deportiva\u201d - ICHD\" \/>\n<meta property=\"og:description\" content=\"-Esta fase contempla 140 de 1500 \u00e1rboles que se sembrar\u00e1n Como parte del programa de recuperaci\u00f3n \u201cJuntos por la Ciudad\" \/>\n<meta property=\"og:url\" content=\"https:\/\/ichd.mx\/?p=2818\" \/>\n<meta property=\"og:site_name\" content=\"ICHD\" \/>\n<meta property=\"article:publisher\" content=\"https:\/\/www.facebook.com\/ichdmx\" \/>\n<meta property=\"article:published_time\" content=\"2023-01-25T15:58:34+00:00\" \/>\n<meta property=\"og:image\" content=\"https:\/\/ichd.mx\/wp-content\/uploads\/2023\/01\/Reforestacion-6-scaled.jpg\" \/>\n\t<meta property=\"og:image:width\" content=\"2560\" \/>\n\t<meta property=\"og:image:height\" content=\"1707\" \/>\n\t<meta property=\"og:image:type\" content=\"image\/jpeg\" \/>\n<meta name=\"author\" content=\"Prensa ICHD\" \/>\n<meta name=\"twitter:card\" content=\"summary_large_image\" \/>\n<meta name=\"twitter:creator\" content=\"@ICHDmx\" \/>\n<meta name=\"twitter:site\" content=\"@ICHDmx\" \/>\n<meta name=\"twitter:label1\" content=\"Escrito por\" \/>\n\t<meta name=\"twitter:data1\" content=\"Prensa ICHD\" \/>\n\t<meta name=\"twitter:label2\" content=\"Tiempo de lectura\" \/>\n\t<meta name=\"twitter:data2\" content=\"4 minutos\" \/>\n<script type=\"application\/ld+json\" class=\"yoast-schema-graph\">{\"@context\":\"https:\/\/schema.org\",\"@graph\":[{\"@type\":\"WebPage\",\"@id\":\"https:\/\/ichd.mx\/?p=2818\",\"url\":\"https:\/\/ichd.mx\/?p=2818\",\"name\":\"Iniciar\u00e1 a finales de enero primera etapa de reforestaci\u00f3n del programa \u201cJuntos por la Ciudad Deportiva\u201d - ICHD\",\"isPartOf\":{\"@id\":\"https:\/\/ichd.mx\/#website\"},\"primaryImageOfPage\":{\"@id\":\"https:\/\/ichd.mx\/?p=2818#primaryimage\"},\"image\":{\"@id\":\"https:\/\/ichd.mx\/?p=2818#primaryimage\"},\"thumbnailUrl\":\"https:\/\/ichd.mx\/wp-content\/uploads\/2023\/01\/Reforestacion-6-scaled.jpg\",\"datePublished\":\"2023-01-25T15:58:34+00:00\",\"author\":{\"@id\":\"https:\/\/ichd.mx\/#\/schema\/person\/137528cf3411e3cbc248ffe1288137a7\"},\"breadcrumb\":{\"@id\":\"https:\/\/ichd.mx\/?p=2818#breadcrumb\"},\"inLanguage\":\"es\",\"potentialAction\":[{\"@type\":\"ReadAction\",\"target\":[\"https:\/\/ichd.mx\/?p=2818\"]}]},{\"@type\":\"ImageObject\",\"inLanguage\":\"es\",\"@id\":\"https:\/\/ichd.mx\/?p=2818#primaryimage\",\"url\":\"https:\/\/ichd.mx\/wp-content\/uploads\/2023\/01\/Reforestacion-6-scaled.jpg\",\"contentUrl\":\"https:\/\/ichd.mx\/wp-content\/uploads\/2023\/01\/Reforestacion-6-scaled.jpg\",\"width\":2560,\"height\":1707},{\"@type\":\"BreadcrumbList\",\"@id\":\"https:\/\/ichd.mx\/?p=2818#breadcrumb\",\"itemListElement\":[{\"@type\":\"ListItem\",\"position\":1,\"name\":\"Portada\",\"item\":\"https:\/\/ichd.mx\/\"},{\"@type\":\"ListItem\",\"position\":2,\"name\":\"Iniciar\u00e1 a finales de enero primera etapa de reforestaci\u00f3n del programa \u201cJuntos por la Ciudad Deportiva\u201d\"}]},{\"@type\":\"WebSite\",\"@id\":\"https:\/\/ichd.mx\/#website\",\"url\":\"https:\/\/ichd.mx\/\",\"name\":\"ICHD\",\"description\":\"Instituto Chihuahuense del Deporte y Cultura F\u00edsica\",\"potentialAction\":[{\"@type\":\"SearchAction\",\"target\":{\"@type\":\"EntryPoint\",\"urlTemplate\":\"https:\/\/ichd.mx\/?s={search_term_string}\"},\"query-input\":{\"@type\":\"PropertyValueSpecification\",\"valueRequired\":true,\"valueName\":\"search_term_string\"}}],\"inLanguage\":\"es\"},{\"@type\":\"Person\",\"@id\":\"https:\/\/ichd.mx\/#\/schema\/person\/137528cf3411e3cbc248ffe1288137a7\",\"name\":\"Prensa ICHD\",\"image\":{\"@type\":\"ImageObject\",\"inLanguage\":\"es\",\"@id\":\"https:\/\/ichd.mx\/#\/schema\/person\/image\/\",\"url\":\"https:\/\/secure.gravatar.com\/avatar\/166c01e5e415043a004f7d214348c415?s=96&d=mm&r=g\",\"contentUrl\":\"https:\/\/secure.gravatar.com\/avatar\/166c01e5e415043a004f7d214348c415?s=96&d=mm&r=g\",\"caption\":\"Prensa ICHD\"},\"url\":\"https:\/\/ichd.mx\/?author=3\"}]}<\/script>\n<!-- \/ Yoast SEO plugin. -->","yoast_head_json":{"title":"Iniciar\u00e1 a finales de enero primera etapa de reforestaci\u00f3n del programa \u201cJuntos por la Ciudad Deportiva\u201d - ICHD","robots":{"index":"index","follow":"follow","max-snippet":"max-snippet:-1","max-image-preview":"max-image-preview:large","max-video-preview":"max-video-preview:-1"},"canonical":"https:\/\/ichd.mx\/?p=2818","og_locale":"es_ES","og_type":"article","og_title":"Iniciar\u00e1 a finales de enero primera etapa de reforestaci\u00f3n del programa \u201cJuntos por la Ciudad Deportiva\u201d - ICHD","og_description":"-Esta fase contempla 140 de 1500 \u00e1rboles que se sembrar\u00e1n Como parte del programa de recuperaci\u00f3n \u201cJuntos por la Ciudad","og_url":"https:\/\/ichd.mx\/?p=2818","og_site_name":"ICHD","article_publisher":"https:\/\/www.facebook.com\/ichdmx","article_published_time":"2023-01-25T15:58:34+00:00","og_image":[{"width":2560,"height":1707,"url":"https:\/\/ichd.mx\/wp-content\/uploads\/2023\/01\/Reforestacion-6-scaled.jpg","type":"image\/jpeg"}],"author":"Prensa ICHD","twitter_card":"summary_large_image","twitter_creator":"@ICHDmx","twitter_site":"@ICHDmx","twitter_misc":{"Escrito por":"Prensa ICHD","Tiempo de lectura":"4 minutos"},"schema":{"@context":"https:\/\/schema.org","@graph":[{"@type":"WebPage","@id":"https:\/\/ichd.mx\/?p=2818","url":"https:\/\/ichd.mx\/?p=2818","name":"Iniciar\u00e1 a finales de enero primera etapa de reforestaci\u00f3n del programa \u201cJuntos por la Ciudad Deportiva\u201d - ICHD","isPartOf":{"@id":"https:\/\/ichd.mx\/#website"},"primaryImageOfPage":{"@id":"https:\/\/ichd.mx\/?p=2818#primaryimage"},"image":{"@id":"https:\/\/ichd.mx\/?p=2818#primaryimage"},"thumbnailUrl":"https:\/\/ichd.mx\/wp-content\/uploads\/2023\/01\/Reforestacion-6-scaled.jpg","datePublished":"2023-01-25T15:58:34+00:00","author":{"@id":"https:\/\/ichd.mx\/#\/schema\/person\/137528cf3411e3cbc248ffe1288137a7"},"breadcrumb":{"@id":"https:\/\/ichd.mx\/?p=2818#breadcrumb"},"inLanguage":"es","potentialAction":[{"@type":"ReadAction","target":["https:\/\/ichd.mx\/?p=2818"]}]},{"@type":"ImageObject","inLanguage":"es","@id":"https:\/\/ichd.mx\/?p=2818#primaryimage","url":"https:\/\/ichd.mx\/wp-content\/uploads\/2023\/01\/Reforestacion-6-scaled.jpg","contentUrl":"https:\/\/ichd.mx\/wp-content\/uploads\/2023\/01\/Reforestacion-6-scaled.jpg","width":2560,"height":1707},{"@type":"BreadcrumbList","@id":"https:\/\/ichd.mx\/?p=2818#breadcrumb","itemListElement":[{"@type":"ListItem","position":1,"name":"Portada","item":"https:\/\/ichd.mx\/"},{"@type":"ListItem","position":2,"name":"Iniciar\u00e1 a finales de enero primera etapa de reforestaci\u00f3n del programa \u201cJuntos por la Ciudad Deportiva\u201d"}]},{"@type":"WebSite","@id":"https:\/\/ichd.mx\/#website","url":"https:\/\/ichd.mx\/","name":"ICHD","description":"Instituto Chihuahuense del Deporte y Cultura F\u00edsica","potentialAction":[{"@type":"SearchAction","target":{"@type":"EntryPoint","urlTemplate":"https:\/\/ichd.mx\/?s={search_term_string}"},"query-input":{"@type":"PropertyValueSpecification","valueRequired":true,"valueName":"search_term_string"}}],"inLanguage":"es"},{"@type":"Person","@id":"https:\/\/ichd.mx\/#\/schema\/person\/137528cf3411e3cbc248ffe1288137a7","name":"Prensa ICHD","image":{"@type":"ImageObject","inLanguage":"es","@id":"https:\/\/ichd.mx\/#\/schema\/person\/image\/","url":"https:\/\/secure.gravatar.com\/avatar\/166c01e5e415043a004f7d214348c415?s=96&d=mm&r=g","contentUrl":"https:\/\/secure.gravatar.com\/avatar\/166c01e5e415043a004f7d214348c415?s=96&d=mm&r=g","caption":"Prensa ICHD"},"url":"https:\/\/ichd.mx\/?author=3"}]}},"_links":{"self":[{"href":"https:\/\/ichd.mx\/index.php?rest_route=\/wp\/v2\/posts\/2818","targetHints":{"allow":["GET"]}}],"collection":[{"href":"https:\/\/ichd.mx\/index.php?rest_route=\/wp\/v2\/posts"}],"about":[{"href":"https:\/\/ichd.mx\/index.php?rest_route=\/wp\/v2\/types\/post"}],"author":[{"embeddable":true,"href":"https:\/\/ichd.mx\/index.php?rest_route=\/wp\/v2\/users\/3"}],"replies":[{"embeddable":true,"href":"https:\/\/ichd.mx\/index.php?rest_route=%2Fwp%2Fv2%2Fcomments&post=2818"}],"version-history":[{"count":1,"href":"https:\/\/ichd.mx\/index.php?rest_route=\/wp\/v2\/posts\/2818\/revisions"}],"predecessor-version":[{"id":2825,"href":"https:\/\/ichd.mx\/index.php?rest_route=\/wp\/v2\/posts\/2818\/revisions\/2825"}],"wp:featuredmedia":[{"embeddable":true,"href":"https:\/\/ichd.mx\/index.php?rest_route=\/wp\/v2\/media\/2824"}],"wp:attachment":[{"href":"https:\/\/ichd.mx\/index.php?rest_route=%2Fwp%2Fv2%2Fmedia&parent=2818"}],"wp:term":[{"taxonomy":"category","embeddable":true,"href":"https:\/\/ichd.mx\/index.php?rest_route=%2Fwp%2Fv2%2Fcategories&post=2818"},{"taxonomy":"post_tag","embeddable":true,"href":"https:\/\/ichd.mx\/index.php?rest_route=%2Fwp%2Fv2%2Ftags&post=2818"}],"curies":[{"name":"wp","href":"https:\/\/api.w.org\/{rel}","templated":true}]}}