{"id":2729,"date":"2022-12-27T09:51:19","date_gmt":"2022-12-27T16:51:19","guid":{"rendered":"https:\/\/ichd.mx\/?p=2729"},"modified":"2022-12-27T09:51:19","modified_gmt":"2022-12-27T16:51:19","slug":"invitan-a-la-comunidad-a-unirse-al-programa-juntos-por-la-ciudad-deportiva","status":"publish","type":"post","link":"https:\/\/ichd.mx\/?p=2729","title":{"rendered":"Invitan a la comunidad a unirse al programa \u201cJuntos por la Ciudad Deportiva\u201d"},"content":{"rendered":"<p>El Gobierno del Estado, a trav\u00e9s del Instituto Chihuahuense del Deporte y Cultura F\u00edsica, inici\u00f3 en agosto el programa de Restauraci\u00f3n y Sanidad Vegetal de la Ciudad Deportiva, con el objetivo de recuperar el pulm\u00f3n m\u00e1s importante de la Ciudad de Chihuahua.<\/p>\n<p>&nbsp;<\/p>\n<p>Con el firme objetivo de contribuir a mejorar la salud de la poblaci\u00f3n, el ICHD proyect\u00f3 \u201cJuntos por la Ciudad Deportiva\u201d, que va desde el remozamiento y limpieza de las diferentes \u00e1reas verdes, as\u00ed como de juegos infantiles y deportivos, en donde han contribuido asociaciones y clubes deportivos, escuelas, maquiladoras, entre otros grupos.<\/p>\n<p>&nbsp;<\/p>\n<p>Cada fin de semana se realizan diversas actividades de mantenimiento, con el fin de crear consciencia en la poblaci\u00f3n sobre la importancia del cuidado de este espacio com\u00fan, como lo es \u201cLa Depor\u201d, luego de padecer tres d\u00e9cadas de abandono ecol\u00f3gico.<\/p>\n<p>&nbsp;<\/p>\n<p>Tambi\u00e9n se inici\u00f3 la restauraci\u00f3n de la zona arbolada, con las etapas de fertilizaci\u00f3n y mejora de suelo, encalado y derribo de \u00e1rboles secos y\/o enfermos.<\/p>\n<p>&nbsp;<\/p>\n<p>Lo anterior fue posible gracias a la participaci\u00f3n de dependencias como la Secretar\u00eda de Desarrollo Rural de Gobierno del Estado, Direcci\u00f3n de Mantenimiento Urbano y Ecolog\u00eda, Facultad de Ciencias Agrotecnol\u00f3gicas, as\u00ed como Semarnat, Conafor, Direcci\u00f3n de Desarrollo Forestal, adem\u00e1s de agrupaciones ambientalistas.<\/p>\n<p>&nbsp;<\/p>\n<p>De igual manera, se invita a la poblaci\u00f3n en general, as\u00ed como instituciones educativas, iniciativa privada y grupos deportivos, a integrarse al programa de mejora y mantenimiento del conocido bosque urbano.<img loading=\"lazy\" decoding=\"async\" class=\"alignnone size-medium wp-image-2728\" src=\"https:\/\/ichd.mx\/wp-content\/uploads\/2022\/12\/Juntos-por-la-ciudad-deportiva-200x300.jpg\" alt=\"\" width=\"200\" height=\"300\" srcset=\"https:\/\/ichd.mx\/wp-content\/uploads\/2022\/12\/Juntos-por-la-ciudad-deportiva-200x300.jpg 200w, https:\/\/ichd.mx\/wp-content\/uploads\/2022\/12\/Juntos-por-la-ciudad-deportiva-683x1024.jpg 683w, https:\/\/ichd.mx\/wp-content\/uploads\/2022\/12\/Juntos-por-la-ciudad-deportiva-768x1152.jpg 768w, https:\/\/ichd.mx\/wp-content\/uploads\/2022\/12\/Juntos-por-la-ciudad-deportiva-1024x1536.jpg 1024w, https:\/\/ichd.mx\/wp-content\/uploads\/2022\/12\/Juntos-por-la-ciudad-deportiva.jpg 1365w\" sizes=\"auto, (max-width: 200px) 100vw, 200px\" \/> <img loading=\"lazy\" decoding=\"async\" class=\"alignnone size-medium wp-image-2727\" src=\"https:\/\/ichd.mx\/wp-content\/uploads\/2022\/12\/Juntos-por-la-ciudad-deportiva-8-300x200.jpg\" alt=\"\" width=\"300\" height=\"200\" srcset=\"https:\/\/ichd.mx\/wp-content\/uploads\/2022\/12\/Juntos-por-la-ciudad-deportiva-8-300x200.jpg 300w, https:\/\/ichd.mx\/wp-content\/uploads\/2022\/12\/Juntos-por-la-ciudad-deportiva-8-1024x683.jpg 1024w, https:\/\/ichd.mx\/wp-content\/uploads\/2022\/12\/Juntos-por-la-ciudad-deportiva-8-768x512.jpg 768w, https:\/\/ichd.mx\/wp-content\/uploads\/2022\/12\/Juntos-por-la-ciudad-deportiva-8-1536x1024.jpg 1536w, https:\/\/ichd.mx\/wp-content\/uploads\/2022\/12\/Juntos-por-la-ciudad-deportiva-8-2048x1365.jpg 2048w\" sizes=\"auto, (max-width: 300px) 100vw, 300px\" \/> <img loading=\"lazy\" decoding=\"async\" class=\"alignnone size-medium wp-image-2726\" src=\"https:\/\/ichd.mx\/wp-content\/uploads\/2022\/12\/Juntos-por-la-ciudad-deportiva-7-300x200.jpg\" alt=\"\" width=\"300\" height=\"200\" srcset=\"https:\/\/ichd.mx\/wp-content\/uploads\/2022\/12\/Juntos-por-la-ciudad-deportiva-7-300x200.jpg 300w, https:\/\/ichd.mx\/wp-content\/uploads\/2022\/12\/Juntos-por-la-ciudad-deportiva-7-1024x683.jpg 1024w, https:\/\/ichd.mx\/wp-content\/uploads\/2022\/12\/Juntos-por-la-ciudad-deportiva-7-768x512.jpg 768w, https:\/\/ichd.mx\/wp-content\/uploads\/2022\/12\/Juntos-por-la-ciudad-deportiva-7-1536x1024.jpg 1536w, https:\/\/ichd.mx\/wp-content\/uploads\/2022\/12\/Juntos-por-la-ciudad-deportiva-7-2048x1365.jpg 2048w\" sizes=\"auto, (max-width: 300px) 100vw, 300px\" \/> <img loading=\"lazy\" decoding=\"async\" class=\"alignnone size-medium wp-image-2725\" src=\"https:\/\/ichd.mx\/wp-content\/uploads\/2022\/12\/Juntos-por-la-ciudad-deportiva-6-300x200.jpg\" alt=\"\" width=\"300\" height=\"200\" srcset=\"https:\/\/ichd.mx\/wp-content\/uploads\/2022\/12\/Juntos-por-la-ciudad-deportiva-6-300x200.jpg 300w, https:\/\/ichd.mx\/wp-content\/uploads\/2022\/12\/Juntos-por-la-ciudad-deportiva-6-1024x683.jpg 1024w, https:\/\/ichd.mx\/wp-content\/uploads\/2022\/12\/Juntos-por-la-ciudad-deportiva-6-768x512.jpg 768w, https:\/\/ichd.mx\/wp-content\/uploads\/2022\/12\/Juntos-por-la-ciudad-deportiva-6-1536x1024.jpg 1536w, https:\/\/ichd.mx\/wp-content\/uploads\/2022\/12\/Juntos-por-la-ciudad-deportiva-6-2048x1365.jpg 2048w\" sizes=\"auto, (max-width: 300px) 100vw, 300px\" \/> <img loading=\"lazy\" decoding=\"async\" class=\"alignnone size-medium wp-image-2724\" src=\"https:\/\/ichd.mx\/wp-content\/uploads\/2022\/12\/Juntos-por-la-ciudad-deportiva-5-300x200.jpg\" alt=\"\" width=\"300\" height=\"200\" srcset=\"https:\/\/ichd.mx\/wp-content\/uploads\/2022\/12\/Juntos-por-la-ciudad-deportiva-5-300x200.jpg 300w, https:\/\/ichd.mx\/wp-content\/uploads\/2022\/12\/Juntos-por-la-ciudad-deportiva-5-1024x683.jpg 1024w, https:\/\/ichd.mx\/wp-content\/uploads\/2022\/12\/Juntos-por-la-ciudad-deportiva-5-768x512.jpg 768w, https:\/\/ichd.mx\/wp-content\/uploads\/2022\/12\/Juntos-por-la-ciudad-deportiva-5-1536x1024.jpg 1536w, https:\/\/ichd.mx\/wp-content\/uploads\/2022\/12\/Juntos-por-la-ciudad-deportiva-5-2048x1365.jpg 2048w\" sizes=\"auto, (max-width: 300px) 100vw, 300px\" \/> <img loading=\"lazy\" decoding=\"async\" class=\"alignnone size-medium wp-image-2721\" src=\"https:\/\/ichd.mx\/wp-content\/uploads\/2022\/12\/Juntos-por-la-ciudad-deportiva-2-200x300.jpg\" alt=\"\" width=\"200\" height=\"300\" srcset=\"https:\/\/ichd.mx\/wp-content\/uploads\/2022\/12\/Juntos-por-la-ciudad-deportiva-2-200x300.jpg 200w, https:\/\/ichd.mx\/wp-content\/uploads\/2022\/12\/Juntos-por-la-ciudad-deportiva-2-683x1024.jpg 683w, https:\/\/ichd.mx\/wp-content\/uploads\/2022\/12\/Juntos-por-la-ciudad-deportiva-2-768x1152.jpg 768w, https:\/\/ichd.mx\/wp-content\/uploads\/2022\/12\/Juntos-por-la-ciudad-deportiva-2-1024x1536.jpg 1024w, https:\/\/ichd.mx\/wp-content\/uploads\/2022\/12\/Juntos-por-la-ciudad-deportiva-2.jpg 1365w\" sizes=\"auto, (max-width: 200px) 100vw, 200px\" \/> <img loading=\"lazy\" decoding=\"async\" class=\"alignnone size-medium wp-image-2722\" src=\"https:\/\/ichd.mx\/wp-content\/uploads\/2022\/12\/Juntos-por-la-ciudad-deportiva-3-200x300.jpg\" alt=\"\" width=\"200\" height=\"300\" srcset=\"https:\/\/ichd.mx\/wp-content\/uploads\/2022\/12\/Juntos-por-la-ciudad-deportiva-3-200x300.jpg 200w, https:\/\/ichd.mx\/wp-content\/uploads\/2022\/12\/Juntos-por-la-ciudad-deportiva-3-683x1024.jpg 683w, https:\/\/ichd.mx\/wp-content\/uploads\/2022\/12\/Juntos-por-la-ciudad-deportiva-3-768x1152.jpg 768w, https:\/\/ichd.mx\/wp-content\/uploads\/2022\/12\/Juntos-por-la-ciudad-deportiva-3-1024x1536.jpg 1024w, https:\/\/ichd.mx\/wp-content\/uploads\/2022\/12\/Juntos-por-la-ciudad-deportiva-3.jpg 1365w\" sizes=\"auto, (max-width: 200px) 100vw, 200px\" \/> <img loading=\"lazy\" decoding=\"async\" class=\"alignnone size-medium wp-image-2723\" src=\"https:\/\/ichd.mx\/wp-content\/uploads\/2022\/12\/Juntos-por-la-ciudad-deportiva-4-300x200.jpg\" alt=\"\" width=\"300\" height=\"200\" srcset=\"https:\/\/ichd.mx\/wp-content\/uploads\/2022\/12\/Juntos-por-la-ciudad-deportiva-4-300x200.jpg 300w, https:\/\/ichd.mx\/wp-content\/uploads\/2022\/12\/Juntos-por-la-ciudad-deportiva-4-1024x683.jpg 1024w, https:\/\/ichd.mx\/wp-content\/uploads\/2022\/12\/Juntos-por-la-ciudad-deportiva-4-768x512.jpg 768w, https:\/\/ichd.mx\/wp-content\/uploads\/2022\/12\/Juntos-por-la-ciudad-deportiva-4-1536x1024.jpg 1536w, https:\/\/ichd.mx\/wp-content\/uploads\/2022\/12\/Juntos-por-la-ciudad-deportiva-4-2048x1365.jpg 2048w\" sizes=\"auto, (max-width: 300px) 100vw, 300px\" \/><\/p>\n","protected":false},"excerpt":{"rendered":"<p>El Gobierno del Estado, a trav\u00e9s del Instituto Chihuahuense del Deporte y Cultura F\u00edsica, inici\u00f3 en agosto el programa de<\/p>\n","protected":false},"author":3,"featured_media":2726,"comment_status":"closed","ping_status":"open","sticky":false,"template":"","format":"standard","meta":{"footnotes":""},"categories":[2],"tags":[],"class_list":["post-2729","post","type-post","status-publish","format-standard","has-post-thumbnail","hentry","category-ppal"],"yoast_head":"<!-- This site is optimized with the Yoast SEO plugin v25.9 - https:\/\/yoast.com\/wordpress\/plugins\/seo\/ -->\n<title>Invitan a la comunidad a unirse al programa \u201cJuntos por la Ciudad Deportiva\u201d - ICHD<\/title>\n<meta name=\"robots\" content=\"index, follow, max-snippet:-1, max-image-preview:large, max-video-preview:-1\" \/>\n<link rel=\"canonical\" href=\"https:\/\/ichd.mx\/?p=2729\" \/>\n<meta property=\"og:locale\" content=\"es_ES\" \/>\n<meta property=\"og:type\" content=\"article\" \/>\n<meta property=\"og:title\" content=\"Invitan a la comunidad a unirse al programa \u201cJuntos por la Ciudad Deportiva\u201d - ICHD\" \/>\n<meta property=\"og:description\" content=\"El Gobierno del Estado, a trav\u00e9s del Instituto Chihuahuense del Deporte y Cultura F\u00edsica, inici\u00f3 en agosto el programa de\" \/>\n<meta property=\"og:url\" content=\"https:\/\/ichd.mx\/?p=2729\" \/>\n<meta property=\"og:site_name\" content=\"ICHD\" \/>\n<meta property=\"article:publisher\" content=\"https:\/\/www.facebook.com\/ichdmx\" \/>\n<meta property=\"article:published_time\" content=\"2022-12-27T16:51:19+00:00\" \/>\n<meta property=\"og:image\" content=\"https:\/\/ichd.mx\/wp-content\/uploads\/2022\/12\/Juntos-por-la-ciudad-deportiva-7-scaled.jpg\" \/>\n\t<meta property=\"og:image:width\" content=\"2560\" \/>\n\t<meta property=\"og:image:height\" content=\"1707\" \/>\n\t<meta property=\"og:image:type\" content=\"image\/jpeg\" \/>\n<meta name=\"author\" content=\"Prensa ICHD\" \/>\n<meta name=\"twitter:card\" content=\"summary_large_image\" \/>\n<meta name=\"twitter:creator\" content=\"@ICHDmx\" \/>\n<meta name=\"twitter:site\" content=\"@ICHDmx\" \/>\n<meta name=\"twitter:label1\" content=\"Escrito por\" \/>\n\t<meta name=\"twitter:data1\" content=\"Prensa ICHD\" \/>\n\t<meta name=\"twitter:label2\" content=\"Tiempo de lectura\" \/>\n\t<meta name=\"twitter:data2\" content=\"3 minutos\" \/>\n<script type=\"application\/ld+json\" class=\"yoast-schema-graph\">{\"@context\":\"https:\/\/schema.org\",\"@graph\":[{\"@type\":\"WebPage\",\"@id\":\"https:\/\/ichd.mx\/?p=2729\",\"url\":\"https:\/\/ichd.mx\/?p=2729\",\"name\":\"Invitan a la comunidad a unirse al programa \u201cJuntos por la Ciudad Deportiva\u201d - ICHD\",\"isPartOf\":{\"@id\":\"https:\/\/ichd.mx\/#website\"},\"primaryImageOfPage\":{\"@id\":\"https:\/\/ichd.mx\/?p=2729#primaryimage\"},\"image\":{\"@id\":\"https:\/\/ichd.mx\/?p=2729#primaryimage\"},\"thumbnailUrl\":\"https:\/\/ichd.mx\/wp-content\/uploads\/2022\/12\/Juntos-por-la-ciudad-deportiva-7-scaled.jpg\",\"datePublished\":\"2022-12-27T16:51:19+00:00\",\"author\":{\"@id\":\"https:\/\/ichd.mx\/#\/schema\/person\/137528cf3411e3cbc248ffe1288137a7\"},\"breadcrumb\":{\"@id\":\"https:\/\/ichd.mx\/?p=2729#breadcrumb\"},\"inLanguage\":\"es\",\"potentialAction\":[{\"@type\":\"ReadAction\",\"target\":[\"https:\/\/ichd.mx\/?p=2729\"]}]},{\"@type\":\"ImageObject\",\"inLanguage\":\"es\",\"@id\":\"https:\/\/ichd.mx\/?p=2729#primaryimage\",\"url\":\"https:\/\/ichd.mx\/wp-content\/uploads\/2022\/12\/Juntos-por-la-ciudad-deportiva-7-scaled.jpg\",\"contentUrl\":\"https:\/\/ichd.mx\/wp-content\/uploads\/2022\/12\/Juntos-por-la-ciudad-deportiva-7-scaled.jpg\",\"width\":2560,\"height\":1707},{\"@type\":\"BreadcrumbList\",\"@id\":\"https:\/\/ichd.mx\/?p=2729#breadcrumb\",\"itemListElement\":[{\"@type\":\"ListItem\",\"position\":1,\"name\":\"Portada\",\"item\":\"https:\/\/ichd.mx\/\"},{\"@type\":\"ListItem\",\"position\":2,\"name\":\"Invitan a la comunidad a unirse al programa \u201cJuntos por la Ciudad Deportiva\u201d\"}]},{\"@type\":\"WebSite\",\"@id\":\"https:\/\/ichd.mx\/#website\",\"url\":\"https:\/\/ichd.mx\/\",\"name\":\"ICHD\",\"description\":\"Instituto Chihuahuense del Deporte y Cultura F\u00edsica\",\"potentialAction\":[{\"@type\":\"SearchAction\",\"target\":{\"@type\":\"EntryPoint\",\"urlTemplate\":\"https:\/\/ichd.mx\/?s={search_term_string}\"},\"query-input\":{\"@type\":\"PropertyValueSpecification\",\"valueRequired\":true,\"valueName\":\"search_term_string\"}}],\"inLanguage\":\"es\"},{\"@type\":\"Person\",\"@id\":\"https:\/\/ichd.mx\/#\/schema\/person\/137528cf3411e3cbc248ffe1288137a7\",\"name\":\"Prensa ICHD\",\"image\":{\"@type\":\"ImageObject\",\"inLanguage\":\"es\",\"@id\":\"https:\/\/ichd.mx\/#\/schema\/person\/image\/\",\"url\":\"https:\/\/secure.gravatar.com\/avatar\/166c01e5e415043a004f7d214348c415?s=96&d=mm&r=g\",\"contentUrl\":\"https:\/\/secure.gravatar.com\/avatar\/166c01e5e415043a004f7d214348c415?s=96&d=mm&r=g\",\"caption\":\"Prensa ICHD\"},\"url\":\"https:\/\/ichd.mx\/?author=3\"}]}<\/script>\n<!-- \/ Yoast SEO plugin. -->","yoast_head_json":{"title":"Invitan a la comunidad a unirse al programa \u201cJuntos por la Ciudad Deportiva\u201d - ICHD","robots":{"index":"index","follow":"follow","max-snippet":"max-snippet:-1","max-image-preview":"max-image-preview:large","max-video-preview":"max-video-preview:-1"},"canonical":"https:\/\/ichd.mx\/?p=2729","og_locale":"es_ES","og_type":"article","og_title":"Invitan a la comunidad a unirse al programa \u201cJuntos por la Ciudad Deportiva\u201d - ICHD","og_description":"El Gobierno del Estado, a trav\u00e9s del Instituto Chihuahuense del Deporte y Cultura F\u00edsica, inici\u00f3 en agosto el programa de","og_url":"https:\/\/ichd.mx\/?p=2729","og_site_name":"ICHD","article_publisher":"https:\/\/www.facebook.com\/ichdmx","article_published_time":"2022-12-27T16:51:19+00:00","og_image":[{"width":2560,"height":1707,"url":"https:\/\/ichd.mx\/wp-content\/uploads\/2022\/12\/Juntos-por-la-ciudad-deportiva-7-scaled.jpg","type":"image\/jpeg"}],"author":"Prensa ICHD","twitter_card":"summary_large_image","twitter_creator":"@ICHDmx","twitter_site":"@ICHDmx","twitter_misc":{"Escrito por":"Prensa ICHD","Tiempo de lectura":"3 minutos"},"schema":{"@context":"https:\/\/schema.org","@graph":[{"@type":"WebPage","@id":"https:\/\/ichd.mx\/?p=2729","url":"https:\/\/ichd.mx\/?p=2729","name":"Invitan a la comunidad a unirse al programa \u201cJuntos por la Ciudad Deportiva\u201d - ICHD","isPartOf":{"@id":"https:\/\/ichd.mx\/#website"},"primaryImageOfPage":{"@id":"https:\/\/ichd.mx\/?p=2729#primaryimage"},"image":{"@id":"https:\/\/ichd.mx\/?p=2729#primaryimage"},"thumbnailUrl":"https:\/\/ichd.mx\/wp-content\/uploads\/2022\/12\/Juntos-por-la-ciudad-deportiva-7-scaled.jpg","datePublished":"2022-12-27T16:51:19+00:00","author":{"@id":"https:\/\/ichd.mx\/#\/schema\/person\/137528cf3411e3cbc248ffe1288137a7"},"breadcrumb":{"@id":"https:\/\/ichd.mx\/?p=2729#breadcrumb"},"inLanguage":"es","potentialAction":[{"@type":"ReadAction","target":["https:\/\/ichd.mx\/?p=2729"]}]},{"@type":"ImageObject","inLanguage":"es","@id":"https:\/\/ichd.mx\/?p=2729#primaryimage","url":"https:\/\/ichd.mx\/wp-content\/uploads\/2022\/12\/Juntos-por-la-ciudad-deportiva-7-scaled.jpg","contentUrl":"https:\/\/ichd.mx\/wp-content\/uploads\/2022\/12\/Juntos-por-la-ciudad-deportiva-7-scaled.jpg","width":2560,"height":1707},{"@type":"BreadcrumbList","@id":"https:\/\/ichd.mx\/?p=2729#breadcrumb","itemListElement":[{"@type":"ListItem","position":1,"name":"Portada","item":"https:\/\/ichd.mx\/"},{"@type":"ListItem","position":2,"name":"Invitan a la comunidad a unirse al programa \u201cJuntos por la Ciudad Deportiva\u201d"}]},{"@type":"WebSite","@id":"https:\/\/ichd.mx\/#website","url":"https:\/\/ichd.mx\/","name":"ICHD","description":"Instituto Chihuahuense del Deporte y Cultura F\u00edsica","potentialAction":[{"@type":"SearchAction","target":{"@type":"EntryPoint","urlTemplate":"https:\/\/ichd.mx\/?s={search_term_string}"},"query-input":{"@type":"PropertyValueSpecification","valueRequired":true,"valueName":"search_term_string"}}],"inLanguage":"es"},{"@type":"Person","@id":"https:\/\/ichd.mx\/#\/schema\/person\/137528cf3411e3cbc248ffe1288137a7","name":"Prensa ICHD","image":{"@type":"ImageObject","inLanguage":"es","@id":"https:\/\/ichd.mx\/#\/schema\/person\/image\/","url":"https:\/\/secure.gravatar.com\/avatar\/166c01e5e415043a004f7d214348c415?s=96&d=mm&r=g","contentUrl":"https:\/\/secure.gravatar.com\/avatar\/166c01e5e415043a004f7d214348c415?s=96&d=mm&r=g","caption":"Prensa ICHD"},"url":"https:\/\/ichd.mx\/?author=3"}]}},"_links":{"self":[{"href":"https:\/\/ichd.mx\/index.php?rest_route=\/wp\/v2\/posts\/2729","targetHints":{"allow":["GET"]}}],"collection":[{"href":"https:\/\/ichd.mx\/index.php?rest_route=\/wp\/v2\/posts"}],"about":[{"href":"https:\/\/ichd.mx\/index.php?rest_route=\/wp\/v2\/types\/post"}],"author":[{"embeddable":true,"href":"https:\/\/ichd.mx\/index.php?rest_route=\/wp\/v2\/users\/3"}],"replies":[{"embeddable":true,"href":"https:\/\/ichd.mx\/index.php?rest_route=%2Fwp%2Fv2%2Fcomments&post=2729"}],"version-history":[{"count":1,"href":"https:\/\/ichd.mx\/index.php?rest_route=\/wp\/v2\/posts\/2729\/revisions"}],"predecessor-version":[{"id":2730,"href":"https:\/\/ichd.mx\/index.php?rest_route=\/wp\/v2\/posts\/2729\/revisions\/2730"}],"wp:featuredmedia":[{"embeddable":true,"href":"https:\/\/ichd.mx\/index.php?rest_route=\/wp\/v2\/media\/2726"}],"wp:attachment":[{"href":"https:\/\/ichd.mx\/index.php?rest_route=%2Fwp%2Fv2%2Fmedia&parent=2729"}],"wp:term":[{"taxonomy":"category","embeddable":true,"href":"https:\/\/ichd.mx\/index.php?rest_route=%2Fwp%2Fv2%2Fcategories&post=2729"},{"taxonomy":"post_tag","embeddable":true,"href":"https:\/\/ichd.mx\/index.php?rest_route=%2Fwp%2Fv2%2Ftags&post=2729"}],"curies":[{"name":"wp","href":"https:\/\/api.w.org\/{rel}","templated":true}]}}