{"id":2689,"date":"2022-12-19T10:29:22","date_gmt":"2022-12-19T17:29:22","guid":{"rendered":"https:\/\/ichd.mx\/?p=2689"},"modified":"2022-12-19T10:29:22","modified_gmt":"2022-12-19T17:29:22","slug":"impulsa-ichd-programa-promotor-de-cultura-fisica-en-centros-de-atencion-a-las-adicciones","status":"publish","type":"post","link":"https:\/\/ichd.mx\/?p=2689","title":{"rendered":"Impulsa ICHD programa \u201cPromotor de Cultura F\u00edsica\u201d en centros de atenci\u00f3n a las adicciones"},"content":{"rendered":"<p>Concluyeron las jornadas de capacitaci\u00f3n con modalidad te\u00f3rica y pr\u00e1ctica para formar promotores y activadores deportivos en los establecimientos residenciales de tratamiento contra las adicciones, como parte del programa \u201cPromotor de Cultura F\u00edsica\u201d.<\/p>\n<p>Este proyecto impulsado por el Instituto Chihuahuense del Deporte y Cultura F\u00edsica y la Comisi\u00f3n Estatal de Atenci\u00f3n a las Adicciones, por conducto del Instituto de Capacitaci\u00f3n para el Trabajo del Estado Chihuahua, tuvo una respuesta favorable por parte de miembros de residenciales contra las adicciones.<\/p>\n<p>Los participantes se mostraron muy entusiastas y confirmaron su compromiso para fomentar estilos de vida saludable y replicar lo aprendido en estas organizaciones de la sociedad civil.<\/p>\n<p>Asimismo, se continuar\u00e1 con las l\u00edneas de acci\u00f3n del convenio firmado entre el ICHD y la Comisi\u00f3n Estatal de Atenci\u00f3n a las Adicciones, se programan para el pr\u00f3ximo 2023, nuevas jornadas de capacitaci\u00f3n para los residentes.<img loading=\"lazy\" decoding=\"async\" class=\"alignnone size-medium wp-image-2691\" src=\"https:\/\/ichd.mx\/wp-content\/uploads\/2022\/12\/capacitacion-promotor-cultura-fisica-7-300x225.jpg\" alt=\"\" width=\"300\" height=\"225\" srcset=\"https:\/\/ichd.mx\/wp-content\/uploads\/2022\/12\/capacitacion-promotor-cultura-fisica-7-300x225.jpg 300w, https:\/\/ichd.mx\/wp-content\/uploads\/2022\/12\/capacitacion-promotor-cultura-fisica-7-1024x768.jpg 1024w, https:\/\/ichd.mx\/wp-content\/uploads\/2022\/12\/capacitacion-promotor-cultura-fisica-7-768x576.jpg 768w, https:\/\/ichd.mx\/wp-content\/uploads\/2022\/12\/capacitacion-promotor-cultura-fisica-7.jpg 1296w\" sizes=\"auto, (max-width: 300px) 100vw, 300px\" \/> <img loading=\"lazy\" decoding=\"async\" class=\"alignnone size-medium wp-image-2692\" src=\"https:\/\/ichd.mx\/wp-content\/uploads\/2022\/12\/capacitacion-promotor-cultura-fisica-6-300x225.jpg\" alt=\"\" width=\"300\" height=\"225\" srcset=\"https:\/\/ichd.mx\/wp-content\/uploads\/2022\/12\/capacitacion-promotor-cultura-fisica-6-300x225.jpg 300w, https:\/\/ichd.mx\/wp-content\/uploads\/2022\/12\/capacitacion-promotor-cultura-fisica-6-1024x768.jpg 1024w, https:\/\/ichd.mx\/wp-content\/uploads\/2022\/12\/capacitacion-promotor-cultura-fisica-6-768x576.jpg 768w, https:\/\/ichd.mx\/wp-content\/uploads\/2022\/12\/capacitacion-promotor-cultura-fisica-6.jpg 1296w\" sizes=\"auto, (max-width: 300px) 100vw, 300px\" \/> <img loading=\"lazy\" decoding=\"async\" class=\"alignnone size-medium wp-image-2693\" src=\"https:\/\/ichd.mx\/wp-content\/uploads\/2022\/12\/capacitacion-promotor-cultura-fisica-8-300x225.jpg\" alt=\"\" width=\"300\" height=\"225\" srcset=\"https:\/\/ichd.mx\/wp-content\/uploads\/2022\/12\/capacitacion-promotor-cultura-fisica-8-300x225.jpg 300w, https:\/\/ichd.mx\/wp-content\/uploads\/2022\/12\/capacitacion-promotor-cultura-fisica-8-1024x768.jpg 1024w, https:\/\/ichd.mx\/wp-content\/uploads\/2022\/12\/capacitacion-promotor-cultura-fisica-8-768x576.jpg 768w, https:\/\/ichd.mx\/wp-content\/uploads\/2022\/12\/capacitacion-promotor-cultura-fisica-8.jpg 1296w\" sizes=\"auto, (max-width: 300px) 100vw, 300px\" \/> <img loading=\"lazy\" decoding=\"async\" class=\"alignnone size-medium wp-image-2694\" src=\"https:\/\/ichd.mx\/wp-content\/uploads\/2022\/12\/capacitacion-promotor-cultura-fisica-9-300x225.jpg\" alt=\"\" width=\"300\" height=\"225\" srcset=\"https:\/\/ichd.mx\/wp-content\/uploads\/2022\/12\/capacitacion-promotor-cultura-fisica-9-300x225.jpg 300w, https:\/\/ichd.mx\/wp-content\/uploads\/2022\/12\/capacitacion-promotor-cultura-fisica-9-1024x768.jpg 1024w, https:\/\/ichd.mx\/wp-content\/uploads\/2022\/12\/capacitacion-promotor-cultura-fisica-9-768x576.jpg 768w, https:\/\/ichd.mx\/wp-content\/uploads\/2022\/12\/capacitacion-promotor-cultura-fisica-9-1536x1152.jpg 1536w, https:\/\/ichd.mx\/wp-content\/uploads\/2022\/12\/capacitacion-promotor-cultura-fisica-9.jpg 1600w\" sizes=\"auto, (max-width: 300px) 100vw, 300px\" \/> <img loading=\"lazy\" decoding=\"async\" class=\"alignnone size-medium wp-image-2695\" src=\"https:\/\/ichd.mx\/wp-content\/uploads\/2022\/12\/capacitacion-promotor-cultura-fisica-2-300x200.jpg\" alt=\"\" width=\"300\" height=\"200\" srcset=\"https:\/\/ichd.mx\/wp-content\/uploads\/2022\/12\/capacitacion-promotor-cultura-fisica-2-300x200.jpg 300w, https:\/\/ichd.mx\/wp-content\/uploads\/2022\/12\/capacitacion-promotor-cultura-fisica-2-1024x683.jpg 1024w, https:\/\/ichd.mx\/wp-content\/uploads\/2022\/12\/capacitacion-promotor-cultura-fisica-2-768x512.jpg 768w, https:\/\/ichd.mx\/wp-content\/uploads\/2022\/12\/capacitacion-promotor-cultura-fisica-2-1536x1024.jpg 1536w, https:\/\/ichd.mx\/wp-content\/uploads\/2022\/12\/capacitacion-promotor-cultura-fisica-2.jpg 2048w\" sizes=\"auto, (max-width: 300px) 100vw, 300px\" \/> <img loading=\"lazy\" decoding=\"async\" class=\"alignnone size-medium wp-image-2696\" src=\"https:\/\/ichd.mx\/wp-content\/uploads\/2022\/12\/WhatsApp-Image-2022-12-16-at-12.58.19-PM-300x225.jpeg\" alt=\"\" width=\"300\" height=\"225\" srcset=\"https:\/\/ichd.mx\/wp-content\/uploads\/2022\/12\/WhatsApp-Image-2022-12-16-at-12.58.19-PM-300x225.jpeg 300w, https:\/\/ichd.mx\/wp-content\/uploads\/2022\/12\/WhatsApp-Image-2022-12-16-at-12.58.19-PM-1024x768.jpeg 1024w, https:\/\/ichd.mx\/wp-content\/uploads\/2022\/12\/WhatsApp-Image-2022-12-16-at-12.58.19-PM-768x576.jpeg 768w, https:\/\/ichd.mx\/wp-content\/uploads\/2022\/12\/WhatsApp-Image-2022-12-16-at-12.58.19-PM-1536x1152.jpeg 1536w, https:\/\/ichd.mx\/wp-content\/uploads\/2022\/12\/WhatsApp-Image-2022-12-16-at-12.58.19-PM.jpeg 1600w\" sizes=\"auto, (max-width: 300px) 100vw, 300px\" \/><\/p>\n","protected":false},"excerpt":{"rendered":"<p>Concluyeron las jornadas de capacitaci\u00f3n con modalidad te\u00f3rica y pr\u00e1ctica para formar promotores y activadores deportivos en los establecimientos residenciales<\/p>\n","protected":false},"author":3,"featured_media":2691,"comment_status":"closed","ping_status":"open","sticky":false,"template":"","format":"standard","meta":{"footnotes":""},"categories":[2],"tags":[],"class_list":["post-2689","post","type-post","status-publish","format-standard","has-post-thumbnail","hentry","category-ppal"],"yoast_head":"<!-- This site is optimized with the Yoast SEO plugin v25.9 - https:\/\/yoast.com\/wordpress\/plugins\/seo\/ -->\n<title>Impulsa ICHD programa \u201cPromotor de Cultura F\u00edsica\u201d en centros de atenci\u00f3n a las adicciones - ICHD<\/title>\n<meta name=\"robots\" content=\"index, follow, max-snippet:-1, max-image-preview:large, max-video-preview:-1\" \/>\n<link rel=\"canonical\" href=\"https:\/\/ichd.mx\/?p=2689\" \/>\n<meta property=\"og:locale\" content=\"es_ES\" \/>\n<meta property=\"og:type\" content=\"article\" \/>\n<meta property=\"og:title\" content=\"Impulsa ICHD programa \u201cPromotor de Cultura F\u00edsica\u201d en centros de atenci\u00f3n a las adicciones - ICHD\" \/>\n<meta property=\"og:description\" content=\"Concluyeron las jornadas de capacitaci\u00f3n con modalidad te\u00f3rica y pr\u00e1ctica para formar promotores y activadores deportivos en los establecimientos residenciales\" \/>\n<meta property=\"og:url\" content=\"https:\/\/ichd.mx\/?p=2689\" \/>\n<meta property=\"og:site_name\" content=\"ICHD\" \/>\n<meta property=\"article:publisher\" content=\"https:\/\/www.facebook.com\/ichdmx\" \/>\n<meta property=\"article:published_time\" content=\"2022-12-19T17:29:22+00:00\" \/>\n<meta property=\"og:image\" content=\"https:\/\/ichd.mx\/wp-content\/uploads\/2022\/12\/capacitacion-promotor-cultura-fisica-7.jpg\" \/>\n\t<meta property=\"og:image:width\" content=\"1296\" \/>\n\t<meta property=\"og:image:height\" content=\"972\" \/>\n\t<meta property=\"og:image:type\" content=\"image\/jpeg\" \/>\n<meta name=\"author\" content=\"Prensa ICHD\" \/>\n<meta name=\"twitter:card\" content=\"summary_large_image\" \/>\n<meta name=\"twitter:creator\" content=\"@ICHDmx\" \/>\n<meta name=\"twitter:site\" content=\"@ICHDmx\" \/>\n<meta name=\"twitter:label1\" content=\"Escrito por\" \/>\n\t<meta name=\"twitter:data1\" content=\"Prensa ICHD\" \/>\n\t<meta name=\"twitter:label2\" content=\"Tiempo de lectura\" \/>\n\t<meta name=\"twitter:data2\" content=\"2 minutos\" \/>\n<script type=\"application\/ld+json\" class=\"yoast-schema-graph\">{\"@context\":\"https:\/\/schema.org\",\"@graph\":[{\"@type\":\"WebPage\",\"@id\":\"https:\/\/ichd.mx\/?p=2689\",\"url\":\"https:\/\/ichd.mx\/?p=2689\",\"name\":\"Impulsa ICHD programa \u201cPromotor de Cultura F\u00edsica\u201d en centros de atenci\u00f3n a las adicciones - ICHD\",\"isPartOf\":{\"@id\":\"https:\/\/ichd.mx\/#website\"},\"primaryImageOfPage\":{\"@id\":\"https:\/\/ichd.mx\/?p=2689#primaryimage\"},\"image\":{\"@id\":\"https:\/\/ichd.mx\/?p=2689#primaryimage\"},\"thumbnailUrl\":\"https:\/\/ichd.mx\/wp-content\/uploads\/2022\/12\/capacitacion-promotor-cultura-fisica-7.jpg\",\"datePublished\":\"2022-12-19T17:29:22+00:00\",\"author\":{\"@id\":\"https:\/\/ichd.mx\/#\/schema\/person\/137528cf3411e3cbc248ffe1288137a7\"},\"breadcrumb\":{\"@id\":\"https:\/\/ichd.mx\/?p=2689#breadcrumb\"},\"inLanguage\":\"es\",\"potentialAction\":[{\"@type\":\"ReadAction\",\"target\":[\"https:\/\/ichd.mx\/?p=2689\"]}]},{\"@type\":\"ImageObject\",\"inLanguage\":\"es\",\"@id\":\"https:\/\/ichd.mx\/?p=2689#primaryimage\",\"url\":\"https:\/\/ichd.mx\/wp-content\/uploads\/2022\/12\/capacitacion-promotor-cultura-fisica-7.jpg\",\"contentUrl\":\"https:\/\/ichd.mx\/wp-content\/uploads\/2022\/12\/capacitacion-promotor-cultura-fisica-7.jpg\",\"width\":1296,\"height\":972},{\"@type\":\"BreadcrumbList\",\"@id\":\"https:\/\/ichd.mx\/?p=2689#breadcrumb\",\"itemListElement\":[{\"@type\":\"ListItem\",\"position\":1,\"name\":\"Portada\",\"item\":\"https:\/\/ichd.mx\/\"},{\"@type\":\"ListItem\",\"position\":2,\"name\":\"Impulsa ICHD programa \u201cPromotor de Cultura F\u00edsica\u201d en centros de atenci\u00f3n a las adicciones\"}]},{\"@type\":\"WebSite\",\"@id\":\"https:\/\/ichd.mx\/#website\",\"url\":\"https:\/\/ichd.mx\/\",\"name\":\"ICHD\",\"description\":\"Instituto Chihuahuense del Deporte y Cultura F\u00edsica\",\"potentialAction\":[{\"@type\":\"SearchAction\",\"target\":{\"@type\":\"EntryPoint\",\"urlTemplate\":\"https:\/\/ichd.mx\/?s={search_term_string}\"},\"query-input\":{\"@type\":\"PropertyValueSpecification\",\"valueRequired\":true,\"valueName\":\"search_term_string\"}}],\"inLanguage\":\"es\"},{\"@type\":\"Person\",\"@id\":\"https:\/\/ichd.mx\/#\/schema\/person\/137528cf3411e3cbc248ffe1288137a7\",\"name\":\"Prensa ICHD\",\"image\":{\"@type\":\"ImageObject\",\"inLanguage\":\"es\",\"@id\":\"https:\/\/ichd.mx\/#\/schema\/person\/image\/\",\"url\":\"https:\/\/secure.gravatar.com\/avatar\/166c01e5e415043a004f7d214348c415?s=96&d=mm&r=g\",\"contentUrl\":\"https:\/\/secure.gravatar.com\/avatar\/166c01e5e415043a004f7d214348c415?s=96&d=mm&r=g\",\"caption\":\"Prensa ICHD\"},\"url\":\"https:\/\/ichd.mx\/?author=3\"}]}<\/script>\n<!-- \/ Yoast SEO plugin. -->","yoast_head_json":{"title":"Impulsa ICHD programa \u201cPromotor de Cultura F\u00edsica\u201d en centros de atenci\u00f3n a las adicciones - ICHD","robots":{"index":"index","follow":"follow","max-snippet":"max-snippet:-1","max-image-preview":"max-image-preview:large","max-video-preview":"max-video-preview:-1"},"canonical":"https:\/\/ichd.mx\/?p=2689","og_locale":"es_ES","og_type":"article","og_title":"Impulsa ICHD programa \u201cPromotor de Cultura F\u00edsica\u201d en centros de atenci\u00f3n a las adicciones - ICHD","og_description":"Concluyeron las jornadas de capacitaci\u00f3n con modalidad te\u00f3rica y pr\u00e1ctica para formar promotores y activadores deportivos en los establecimientos residenciales","og_url":"https:\/\/ichd.mx\/?p=2689","og_site_name":"ICHD","article_publisher":"https:\/\/www.facebook.com\/ichdmx","article_published_time":"2022-12-19T17:29:22+00:00","og_image":[{"width":1296,"height":972,"url":"https:\/\/ichd.mx\/wp-content\/uploads\/2022\/12\/capacitacion-promotor-cultura-fisica-7.jpg","type":"image\/jpeg"}],"author":"Prensa ICHD","twitter_card":"summary_large_image","twitter_creator":"@ICHDmx","twitter_site":"@ICHDmx","twitter_misc":{"Escrito por":"Prensa ICHD","Tiempo de lectura":"2 minutos"},"schema":{"@context":"https:\/\/schema.org","@graph":[{"@type":"WebPage","@id":"https:\/\/ichd.mx\/?p=2689","url":"https:\/\/ichd.mx\/?p=2689","name":"Impulsa ICHD programa \u201cPromotor de Cultura F\u00edsica\u201d en centros de atenci\u00f3n a las adicciones - ICHD","isPartOf":{"@id":"https:\/\/ichd.mx\/#website"},"primaryImageOfPage":{"@id":"https:\/\/ichd.mx\/?p=2689#primaryimage"},"image":{"@id":"https:\/\/ichd.mx\/?p=2689#primaryimage"},"thumbnailUrl":"https:\/\/ichd.mx\/wp-content\/uploads\/2022\/12\/capacitacion-promotor-cultura-fisica-7.jpg","datePublished":"2022-12-19T17:29:22+00:00","author":{"@id":"https:\/\/ichd.mx\/#\/schema\/person\/137528cf3411e3cbc248ffe1288137a7"},"breadcrumb":{"@id":"https:\/\/ichd.mx\/?p=2689#breadcrumb"},"inLanguage":"es","potentialAction":[{"@type":"ReadAction","target":["https:\/\/ichd.mx\/?p=2689"]}]},{"@type":"ImageObject","inLanguage":"es","@id":"https:\/\/ichd.mx\/?p=2689#primaryimage","url":"https:\/\/ichd.mx\/wp-content\/uploads\/2022\/12\/capacitacion-promotor-cultura-fisica-7.jpg","contentUrl":"https:\/\/ichd.mx\/wp-content\/uploads\/2022\/12\/capacitacion-promotor-cultura-fisica-7.jpg","width":1296,"height":972},{"@type":"BreadcrumbList","@id":"https:\/\/ichd.mx\/?p=2689#breadcrumb","itemListElement":[{"@type":"ListItem","position":1,"name":"Portada","item":"https:\/\/ichd.mx\/"},{"@type":"ListItem","position":2,"name":"Impulsa ICHD programa \u201cPromotor de Cultura F\u00edsica\u201d en centros de atenci\u00f3n a las adicciones"}]},{"@type":"WebSite","@id":"https:\/\/ichd.mx\/#website","url":"https:\/\/ichd.mx\/","name":"ICHD","description":"Instituto Chihuahuense del Deporte y Cultura F\u00edsica","potentialAction":[{"@type":"SearchAction","target":{"@type":"EntryPoint","urlTemplate":"https:\/\/ichd.mx\/?s={search_term_string}"},"query-input":{"@type":"PropertyValueSpecification","valueRequired":true,"valueName":"search_term_string"}}],"inLanguage":"es"},{"@type":"Person","@id":"https:\/\/ichd.mx\/#\/schema\/person\/137528cf3411e3cbc248ffe1288137a7","name":"Prensa ICHD","image":{"@type":"ImageObject","inLanguage":"es","@id":"https:\/\/ichd.mx\/#\/schema\/person\/image\/","url":"https:\/\/secure.gravatar.com\/avatar\/166c01e5e415043a004f7d214348c415?s=96&d=mm&r=g","contentUrl":"https:\/\/secure.gravatar.com\/avatar\/166c01e5e415043a004f7d214348c415?s=96&d=mm&r=g","caption":"Prensa ICHD"},"url":"https:\/\/ichd.mx\/?author=3"}]}},"_links":{"self":[{"href":"https:\/\/ichd.mx\/index.php?rest_route=\/wp\/v2\/posts\/2689","targetHints":{"allow":["GET"]}}],"collection":[{"href":"https:\/\/ichd.mx\/index.php?rest_route=\/wp\/v2\/posts"}],"about":[{"href":"https:\/\/ichd.mx\/index.php?rest_route=\/wp\/v2\/types\/post"}],"author":[{"embeddable":true,"href":"https:\/\/ichd.mx\/index.php?rest_route=\/wp\/v2\/users\/3"}],"replies":[{"embeddable":true,"href":"https:\/\/ichd.mx\/index.php?rest_route=%2Fwp%2Fv2%2Fcomments&post=2689"}],"version-history":[{"count":1,"href":"https:\/\/ichd.mx\/index.php?rest_route=\/wp\/v2\/posts\/2689\/revisions"}],"predecessor-version":[{"id":2697,"href":"https:\/\/ichd.mx\/index.php?rest_route=\/wp\/v2\/posts\/2689\/revisions\/2697"}],"wp:featuredmedia":[{"embeddable":true,"href":"https:\/\/ichd.mx\/index.php?rest_route=\/wp\/v2\/media\/2691"}],"wp:attachment":[{"href":"https:\/\/ichd.mx\/index.php?rest_route=%2Fwp%2Fv2%2Fmedia&parent=2689"}],"wp:term":[{"taxonomy":"category","embeddable":true,"href":"https:\/\/ichd.mx\/index.php?rest_route=%2Fwp%2Fv2%2Fcategories&post=2689"},{"taxonomy":"post_tag","embeddable":true,"href":"https:\/\/ichd.mx\/index.php?rest_route=%2Fwp%2Fv2%2Ftags&post=2689"}],"curies":[{"name":"wp","href":"https:\/\/api.w.org\/{rel}","templated":true}]}}