{"id":2475,"date":"2022-10-29T08:01:53","date_gmt":"2022-10-29T14:01:53","guid":{"rendered":"https:\/\/ichd.mx\/?p=2475"},"modified":"2022-10-31T08:10:00","modified_gmt":"2022-10-31T15:10:00","slug":"albergues-escolares-rurales-se-incorporan-al-programa-juntos-en-el-deporte-escolar","status":"publish","type":"post","link":"https:\/\/ichd.mx\/?p=2475","title":{"rendered":"Albergues Escolares Rurales se incorporan al programa \u201cJuntos en el Deporte Escolar\u201d"},"content":{"rendered":"<p><i><span style=\"font-weight: 400;\">-Directivos se capacitan y reciben material deportivo para beneficiar a m\u00e1s de 750 ni\u00f1os y ni\u00f1as del estado en situaci\u00f3n vulnerable<\/span><\/i><\/p>\n<p><span style=\"font-weight: 400;\">\u00a0<\/span><\/p>\n<p><span style=\"font-weight: 400;\">\u00a0<\/span><\/p>\n<p><span style=\"font-weight: 400;\">Con el objetivo de fomentar y practicar los valores universales y desarrollar el pensamiento matem\u00e1tico en los alumnos de primaria y secundaria, se instituye\u00a0la estrategia Cachibol Matem\u00e1tico, que forma parte del programa \u201cJuntos en el Deporte Escolar\u201d.<\/span><\/p>\n<p>&nbsp;<\/p>\n<p><span style=\"font-weight: 400;\">El Cachibol Matem\u00e1tico est\u00e1 alineado con los planes y programas de Educaci\u00f3n B\u00e1sica y Educaci\u00f3n F\u00edsica, por lo que se incorporan 15 Albergues Escolares Rurales de los municipios de Maguarichi, Ch\u00ednipas, Madera, Balleza, Guadalupe y Calvo, Meoqui, Aldama, Bocoyna, Chihuahua, Tomochi, Valle de Zaragoza, Uruachi, Janos, Rosales y Julimes.<\/span><\/p>\n<p>&nbsp;<\/p>\n<p><span style=\"font-weight: 400;\">De igual manera se llev\u00f3 a cabo la entrega de material deportivo, en un acto donde los directores de los albergues realizaron la capacitaci\u00f3n del programa, entre bailes, risas y din\u00e1micas.<\/span><\/p>\n<p>&nbsp;<\/p>\n<p><span style=\"font-weight: 400;\">Con esta acci\u00f3n se busca beneficiar a m\u00e1s de 750 ni\u00f1os y ni\u00f1as del estado en situaci\u00f3n vulnerable.<\/span><\/p>\n<p>&nbsp;<\/p>\n<p><span style=\"font-weight: 400;\">Las instituciones educativas que quieran formar parte de este programa, pueden comunicarse a la Subdirecci\u00f3n de Cultura F\u00edsica del ICHD, tel\u00e9fono (614) 4293300 extensiones 17820 o 17826, de lunes a viernes de las 09:00 a las 15:00 horas.<\/span><\/p>\n<p><img loading=\"lazy\" decoding=\"async\" class=\"alignnone size-medium wp-image-2476\" src=\"https:\/\/ichd.mx\/wp-content\/uploads\/2022\/10\/Albergues-Escolares-Rurales-se-incorporan-al-programa-Juntos-en-el-Deporte-Escolar-11-300x200.jpeg\" alt=\"\" width=\"300\" height=\"200\" srcset=\"https:\/\/ichd.mx\/wp-content\/uploads\/2022\/10\/Albergues-Escolares-Rurales-se-incorporan-al-programa-Juntos-en-el-Deporte-Escolar-11-300x200.jpeg 300w, https:\/\/ichd.mx\/wp-content\/uploads\/2022\/10\/Albergues-Escolares-Rurales-se-incorporan-al-programa-Juntos-en-el-Deporte-Escolar-11-1024x682.jpeg 1024w, https:\/\/ichd.mx\/wp-content\/uploads\/2022\/10\/Albergues-Escolares-Rurales-se-incorporan-al-programa-Juntos-en-el-Deporte-Escolar-11-768x512.jpeg 768w, https:\/\/ichd.mx\/wp-content\/uploads\/2022\/10\/Albergues-Escolares-Rurales-se-incorporan-al-programa-Juntos-en-el-Deporte-Escolar-11.jpeg 1280w\" sizes=\"auto, (max-width: 300px) 100vw, 300px\" \/> <img loading=\"lazy\" decoding=\"async\" class=\"alignnone size-medium wp-image-2477\" src=\"https:\/\/ichd.mx\/wp-content\/uploads\/2022\/10\/Albergues-Escolares-Rurales-se-incorporan-al-programa-Juntos-en-el-Deporte-Escolar-12-300x200.jpeg\" alt=\"\" width=\"300\" height=\"200\" srcset=\"https:\/\/ichd.mx\/wp-content\/uploads\/2022\/10\/Albergues-Escolares-Rurales-se-incorporan-al-programa-Juntos-en-el-Deporte-Escolar-12-300x200.jpeg 300w, https:\/\/ichd.mx\/wp-content\/uploads\/2022\/10\/Albergues-Escolares-Rurales-se-incorporan-al-programa-Juntos-en-el-Deporte-Escolar-12-1024x682.jpeg 1024w, https:\/\/ichd.mx\/wp-content\/uploads\/2022\/10\/Albergues-Escolares-Rurales-se-incorporan-al-programa-Juntos-en-el-Deporte-Escolar-12-768x512.jpeg 768w, https:\/\/ichd.mx\/wp-content\/uploads\/2022\/10\/Albergues-Escolares-Rurales-se-incorporan-al-programa-Juntos-en-el-Deporte-Escolar-12.jpeg 1280w\" sizes=\"auto, (max-width: 300px) 100vw, 300px\" \/> <img loading=\"lazy\" decoding=\"async\" class=\"alignnone size-medium wp-image-2478\" src=\"https:\/\/ichd.mx\/wp-content\/uploads\/2022\/10\/Albergues-Escolares-Rurales-se-incorporan-al-programa-Juntos-en-el-Deporte-Escolar-10-300x171.jpeg\" alt=\"\" width=\"300\" height=\"171\" srcset=\"https:\/\/ichd.mx\/wp-content\/uploads\/2022\/10\/Albergues-Escolares-Rurales-se-incorporan-al-programa-Juntos-en-el-Deporte-Escolar-10-300x171.jpeg 300w, https:\/\/ichd.mx\/wp-content\/uploads\/2022\/10\/Albergues-Escolares-Rurales-se-incorporan-al-programa-Juntos-en-el-Deporte-Escolar-10-1024x583.jpeg 1024w, https:\/\/ichd.mx\/wp-content\/uploads\/2022\/10\/Albergues-Escolares-Rurales-se-incorporan-al-programa-Juntos-en-el-Deporte-Escolar-10-768x437.jpeg 768w, https:\/\/ichd.mx\/wp-content\/uploads\/2022\/10\/Albergues-Escolares-Rurales-se-incorporan-al-programa-Juntos-en-el-Deporte-Escolar-10.jpeg 1280w\" sizes=\"auto, (max-width: 300px) 100vw, 300px\" \/> <img loading=\"lazy\" decoding=\"async\" class=\"alignnone size-medium wp-image-2479\" src=\"https:\/\/ichd.mx\/wp-content\/uploads\/2022\/10\/Albergues-Escolares-Rurales-se-incorporan-al-programa-Juntos-en-el-Deporte-Escolar-7-300x200.jpeg\" alt=\"\" width=\"300\" height=\"200\" srcset=\"https:\/\/ichd.mx\/wp-content\/uploads\/2022\/10\/Albergues-Escolares-Rurales-se-incorporan-al-programa-Juntos-en-el-Deporte-Escolar-7-300x200.jpeg 300w, https:\/\/ichd.mx\/wp-content\/uploads\/2022\/10\/Albergues-Escolares-Rurales-se-incorporan-al-programa-Juntos-en-el-Deporte-Escolar-7-1024x682.jpeg 1024w, https:\/\/ichd.mx\/wp-content\/uploads\/2022\/10\/Albergues-Escolares-Rurales-se-incorporan-al-programa-Juntos-en-el-Deporte-Escolar-7-768x512.jpeg 768w, https:\/\/ichd.mx\/wp-content\/uploads\/2022\/10\/Albergues-Escolares-Rurales-se-incorporan-al-programa-Juntos-en-el-Deporte-Escolar-7.jpeg 1280w\" sizes=\"auto, (max-width: 300px) 100vw, 300px\" \/> <img loading=\"lazy\" decoding=\"async\" class=\"alignnone size-medium wp-image-2480\" src=\"https:\/\/ichd.mx\/wp-content\/uploads\/2022\/10\/Albergues-Escolares-Rurales-se-incorporan-al-programa-Juntos-en-el-Deporte-Escolar-9-300x200.jpeg\" alt=\"\" width=\"300\" height=\"200\" srcset=\"https:\/\/ichd.mx\/wp-content\/uploads\/2022\/10\/Albergues-Escolares-Rurales-se-incorporan-al-programa-Juntos-en-el-Deporte-Escolar-9-300x200.jpeg 300w, https:\/\/ichd.mx\/wp-content\/uploads\/2022\/10\/Albergues-Escolares-Rurales-se-incorporan-al-programa-Juntos-en-el-Deporte-Escolar-9-1024x682.jpeg 1024w, https:\/\/ichd.mx\/wp-content\/uploads\/2022\/10\/Albergues-Escolares-Rurales-se-incorporan-al-programa-Juntos-en-el-Deporte-Escolar-9-768x512.jpeg 768w, https:\/\/ichd.mx\/wp-content\/uploads\/2022\/10\/Albergues-Escolares-Rurales-se-incorporan-al-programa-Juntos-en-el-Deporte-Escolar-9.jpeg 1280w\" sizes=\"auto, (max-width: 300px) 100vw, 300px\" \/> <img loading=\"lazy\" decoding=\"async\" class=\"alignnone size-medium wp-image-2481\" src=\"https:\/\/ichd.mx\/wp-content\/uploads\/2022\/10\/Albergues-Escolares-Rurales-se-incorporan-al-programa-Juntos-en-el-Deporte-Escolar-6-300x192.jpeg\" alt=\"\" width=\"300\" height=\"192\" srcset=\"https:\/\/ichd.mx\/wp-content\/uploads\/2022\/10\/Albergues-Escolares-Rurales-se-incorporan-al-programa-Juntos-en-el-Deporte-Escolar-6-300x192.jpeg 300w, https:\/\/ichd.mx\/wp-content\/uploads\/2022\/10\/Albergues-Escolares-Rurales-se-incorporan-al-programa-Juntos-en-el-Deporte-Escolar-6-1024x655.jpeg 1024w, https:\/\/ichd.mx\/wp-content\/uploads\/2022\/10\/Albergues-Escolares-Rurales-se-incorporan-al-programa-Juntos-en-el-Deporte-Escolar-6-768x491.jpeg 768w, https:\/\/ichd.mx\/wp-content\/uploads\/2022\/10\/Albergues-Escolares-Rurales-se-incorporan-al-programa-Juntos-en-el-Deporte-Escolar-6.jpeg 1280w\" sizes=\"auto, (max-width: 300px) 100vw, 300px\" \/> <img loading=\"lazy\" decoding=\"async\" class=\"alignnone size-medium wp-image-2482\" src=\"https:\/\/ichd.mx\/wp-content\/uploads\/2022\/10\/Albergues-Escolares-Rurales-se-incorporan-al-programa-Juntos-en-el-Deporte-Escolar-5-300x155.jpeg\" alt=\"\" width=\"300\" height=\"155\" srcset=\"https:\/\/ichd.mx\/wp-content\/uploads\/2022\/10\/Albergues-Escolares-Rurales-se-incorporan-al-programa-Juntos-en-el-Deporte-Escolar-5-300x155.jpeg 300w, https:\/\/ichd.mx\/wp-content\/uploads\/2022\/10\/Albergues-Escolares-Rurales-se-incorporan-al-programa-Juntos-en-el-Deporte-Escolar-5-1024x530.jpeg 1024w, https:\/\/ichd.mx\/wp-content\/uploads\/2022\/10\/Albergues-Escolares-Rurales-se-incorporan-al-programa-Juntos-en-el-Deporte-Escolar-5-768x398.jpeg 768w, https:\/\/ichd.mx\/wp-content\/uploads\/2022\/10\/Albergues-Escolares-Rurales-se-incorporan-al-programa-Juntos-en-el-Deporte-Escolar-5.jpeg 1280w\" sizes=\"auto, (max-width: 300px) 100vw, 300px\" \/> <img loading=\"lazy\" decoding=\"async\" class=\"alignnone size-medium wp-image-2483\" src=\"https:\/\/ichd.mx\/wp-content\/uploads\/2022\/10\/Albergues-Escolares-Rurales-se-incorporan-al-programa-Juntos-en-el-Deporte-Escolar-4-300x200.jpeg\" alt=\"\" width=\"300\" height=\"200\" srcset=\"https:\/\/ichd.mx\/wp-content\/uploads\/2022\/10\/Albergues-Escolares-Rurales-se-incorporan-al-programa-Juntos-en-el-Deporte-Escolar-4-300x200.jpeg 300w, https:\/\/ichd.mx\/wp-content\/uploads\/2022\/10\/Albergues-Escolares-Rurales-se-incorporan-al-programa-Juntos-en-el-Deporte-Escolar-4-1024x682.jpeg 1024w, https:\/\/ichd.mx\/wp-content\/uploads\/2022\/10\/Albergues-Escolares-Rurales-se-incorporan-al-programa-Juntos-en-el-Deporte-Escolar-4-768x512.jpeg 768w, https:\/\/ichd.mx\/wp-content\/uploads\/2022\/10\/Albergues-Escolares-Rurales-se-incorporan-al-programa-Juntos-en-el-Deporte-Escolar-4.jpeg 1280w\" sizes=\"auto, (max-width: 300px) 100vw, 300px\" \/> <img loading=\"lazy\" decoding=\"async\" class=\"alignnone size-medium wp-image-2484\" src=\"https:\/\/ichd.mx\/wp-content\/uploads\/2022\/10\/Albergues-Escolares-Rurales-se-incorporan-al-programa-Juntos-en-el-Deporte-Escolar-3-300x200.jpeg\" alt=\"\" width=\"300\" height=\"200\" srcset=\"https:\/\/ichd.mx\/wp-content\/uploads\/2022\/10\/Albergues-Escolares-Rurales-se-incorporan-al-programa-Juntos-en-el-Deporte-Escolar-3-300x200.jpeg 300w, https:\/\/ichd.mx\/wp-content\/uploads\/2022\/10\/Albergues-Escolares-Rurales-se-incorporan-al-programa-Juntos-en-el-Deporte-Escolar-3-1024x682.jpeg 1024w, https:\/\/ichd.mx\/wp-content\/uploads\/2022\/10\/Albergues-Escolares-Rurales-se-incorporan-al-programa-Juntos-en-el-Deporte-Escolar-3-768x512.jpeg 768w, https:\/\/ichd.mx\/wp-content\/uploads\/2022\/10\/Albergues-Escolares-Rurales-se-incorporan-al-programa-Juntos-en-el-Deporte-Escolar-3.jpeg 1280w\" sizes=\"auto, (max-width: 300px) 100vw, 300px\" \/> <img loading=\"lazy\" decoding=\"async\" class=\"alignnone size-medium wp-image-2485\" src=\"https:\/\/ichd.mx\/wp-content\/uploads\/2022\/10\/Albergues-Escolares-Rurales-se-incorporan-al-programa-Juntos-en-el-Deporte-Escolar-2-300x200.jpeg\" alt=\"\" width=\"300\" height=\"200\" srcset=\"https:\/\/ichd.mx\/wp-content\/uploads\/2022\/10\/Albergues-Escolares-Rurales-se-incorporan-al-programa-Juntos-en-el-Deporte-Escolar-2-300x200.jpeg 300w, https:\/\/ichd.mx\/wp-content\/uploads\/2022\/10\/Albergues-Escolares-Rurales-se-incorporan-al-programa-Juntos-en-el-Deporte-Escolar-2-1024x682.jpeg 1024w, https:\/\/ichd.mx\/wp-content\/uploads\/2022\/10\/Albergues-Escolares-Rurales-se-incorporan-al-programa-Juntos-en-el-Deporte-Escolar-2-768x512.jpeg 768w, https:\/\/ichd.mx\/wp-content\/uploads\/2022\/10\/Albergues-Escolares-Rurales-se-incorporan-al-programa-Juntos-en-el-Deporte-Escolar-2.jpeg 1280w\" sizes=\"auto, (max-width: 300px) 100vw, 300px\" \/> <img loading=\"lazy\" decoding=\"async\" class=\"alignnone size-medium wp-image-2486\" src=\"https:\/\/ichd.mx\/wp-content\/uploads\/2022\/10\/Albergues-Escolares-Rurales-se-incorporan-al-programa-Juntos-en-el-Deporte-Escolar-1-300x160.jpeg\" alt=\"\" width=\"300\" height=\"160\" srcset=\"https:\/\/ichd.mx\/wp-content\/uploads\/2022\/10\/Albergues-Escolares-Rurales-se-incorporan-al-programa-Juntos-en-el-Deporte-Escolar-1-300x160.jpeg 300w, https:\/\/ichd.mx\/wp-content\/uploads\/2022\/10\/Albergues-Escolares-Rurales-se-incorporan-al-programa-Juntos-en-el-Deporte-Escolar-1-1024x546.jpeg 1024w, https:\/\/ichd.mx\/wp-content\/uploads\/2022\/10\/Albergues-Escolares-Rurales-se-incorporan-al-programa-Juntos-en-el-Deporte-Escolar-1-768x409.jpeg 768w, https:\/\/ichd.mx\/wp-content\/uploads\/2022\/10\/Albergues-Escolares-Rurales-se-incorporan-al-programa-Juntos-en-el-Deporte-Escolar-1.jpeg 1280w\" sizes=\"auto, (max-width: 300px) 100vw, 300px\" \/><\/p>\n","protected":false},"excerpt":{"rendered":"<p>-Directivos se capacitan y reciben material deportivo para beneficiar a m\u00e1s de 750 ni\u00f1os y ni\u00f1as del estado en situaci\u00f3n<\/p>\n","protected":false},"author":3,"featured_media":2486,"comment_status":"closed","ping_status":"open","sticky":false,"template":"","format":"standard","meta":{"footnotes":""},"categories":[8,2],"tags":[],"class_list":["post-2475","post","type-post","status-publish","format-standard","has-post-thumbnail","hentry","category-gral","category-ppal"],"yoast_head":"<!-- This site is optimized with the Yoast SEO plugin v25.9 - https:\/\/yoast.com\/wordpress\/plugins\/seo\/ -->\n<title>Albergues Escolares Rurales se incorporan al programa \u201cJuntos en el Deporte Escolar\u201d - ICHD<\/title>\n<meta name=\"robots\" content=\"index, follow, max-snippet:-1, max-image-preview:large, max-video-preview:-1\" \/>\n<link rel=\"canonical\" href=\"https:\/\/ichd.mx\/?p=2475\" \/>\n<meta property=\"og:locale\" content=\"es_ES\" \/>\n<meta property=\"og:type\" content=\"article\" \/>\n<meta property=\"og:title\" content=\"Albergues Escolares Rurales se incorporan al programa \u201cJuntos en el Deporte Escolar\u201d - ICHD\" \/>\n<meta property=\"og:description\" content=\"-Directivos se capacitan y reciben material deportivo para beneficiar a m\u00e1s de 750 ni\u00f1os y ni\u00f1as del estado en situaci\u00f3n\" \/>\n<meta property=\"og:url\" content=\"https:\/\/ichd.mx\/?p=2475\" \/>\n<meta property=\"og:site_name\" content=\"ICHD\" \/>\n<meta property=\"article:publisher\" content=\"https:\/\/www.facebook.com\/ichdmx\" \/>\n<meta property=\"article:published_time\" content=\"2022-10-29T14:01:53+00:00\" \/>\n<meta property=\"article:modified_time\" content=\"2022-10-31T15:10:00+00:00\" \/>\n<meta property=\"og:image\" content=\"https:\/\/ichd.mx\/wp-content\/uploads\/2022\/10\/Albergues-Escolares-Rurales-se-incorporan-al-programa-Juntos-en-el-Deporte-Escolar-1.jpeg\" \/>\n\t<meta property=\"og:image:width\" content=\"1280\" \/>\n\t<meta property=\"og:image:height\" content=\"682\" \/>\n\t<meta property=\"og:image:type\" content=\"image\/jpeg\" \/>\n<meta name=\"author\" content=\"Prensa ICHD\" \/>\n<meta name=\"twitter:card\" content=\"summary_large_image\" \/>\n<meta name=\"twitter:creator\" content=\"@ICHDmx\" \/>\n<meta name=\"twitter:site\" content=\"@ICHDmx\" \/>\n<meta name=\"twitter:label1\" content=\"Escrito por\" \/>\n\t<meta name=\"twitter:data1\" content=\"Prensa ICHD\" \/>\n\t<meta name=\"twitter:label2\" content=\"Tiempo de lectura\" \/>\n\t<meta name=\"twitter:data2\" content=\"4 minutos\" \/>\n<script type=\"application\/ld+json\" class=\"yoast-schema-graph\">{\"@context\":\"https:\/\/schema.org\",\"@graph\":[{\"@type\":\"WebPage\",\"@id\":\"https:\/\/ichd.mx\/?p=2475\",\"url\":\"https:\/\/ichd.mx\/?p=2475\",\"name\":\"Albergues Escolares Rurales se incorporan al programa \u201cJuntos en el Deporte Escolar\u201d - ICHD\",\"isPartOf\":{\"@id\":\"https:\/\/ichd.mx\/#website\"},\"primaryImageOfPage\":{\"@id\":\"https:\/\/ichd.mx\/?p=2475#primaryimage\"},\"image\":{\"@id\":\"https:\/\/ichd.mx\/?p=2475#primaryimage\"},\"thumbnailUrl\":\"https:\/\/ichd.mx\/wp-content\/uploads\/2022\/10\/Albergues-Escolares-Rurales-se-incorporan-al-programa-Juntos-en-el-Deporte-Escolar-1.jpeg\",\"datePublished\":\"2022-10-29T14:01:53+00:00\",\"dateModified\":\"2022-10-31T15:10:00+00:00\",\"author\":{\"@id\":\"https:\/\/ichd.mx\/#\/schema\/person\/137528cf3411e3cbc248ffe1288137a7\"},\"breadcrumb\":{\"@id\":\"https:\/\/ichd.mx\/?p=2475#breadcrumb\"},\"inLanguage\":\"es\",\"potentialAction\":[{\"@type\":\"ReadAction\",\"target\":[\"https:\/\/ichd.mx\/?p=2475\"]}]},{\"@type\":\"ImageObject\",\"inLanguage\":\"es\",\"@id\":\"https:\/\/ichd.mx\/?p=2475#primaryimage\",\"url\":\"https:\/\/ichd.mx\/wp-content\/uploads\/2022\/10\/Albergues-Escolares-Rurales-se-incorporan-al-programa-Juntos-en-el-Deporte-Escolar-1.jpeg\",\"contentUrl\":\"https:\/\/ichd.mx\/wp-content\/uploads\/2022\/10\/Albergues-Escolares-Rurales-se-incorporan-al-programa-Juntos-en-el-Deporte-Escolar-1.jpeg\",\"width\":1280,\"height\":682},{\"@type\":\"BreadcrumbList\",\"@id\":\"https:\/\/ichd.mx\/?p=2475#breadcrumb\",\"itemListElement\":[{\"@type\":\"ListItem\",\"position\":1,\"name\":\"Portada\",\"item\":\"https:\/\/ichd.mx\/\"},{\"@type\":\"ListItem\",\"position\":2,\"name\":\"Albergues Escolares Rurales se incorporan al programa \u201cJuntos en el Deporte Escolar\u201d\"}]},{\"@type\":\"WebSite\",\"@id\":\"https:\/\/ichd.mx\/#website\",\"url\":\"https:\/\/ichd.mx\/\",\"name\":\"ICHD\",\"description\":\"Instituto Chihuahuense del Deporte y Cultura F\u00edsica\",\"potentialAction\":[{\"@type\":\"SearchAction\",\"target\":{\"@type\":\"EntryPoint\",\"urlTemplate\":\"https:\/\/ichd.mx\/?s={search_term_string}\"},\"query-input\":{\"@type\":\"PropertyValueSpecification\",\"valueRequired\":true,\"valueName\":\"search_term_string\"}}],\"inLanguage\":\"es\"},{\"@type\":\"Person\",\"@id\":\"https:\/\/ichd.mx\/#\/schema\/person\/137528cf3411e3cbc248ffe1288137a7\",\"name\":\"Prensa ICHD\",\"image\":{\"@type\":\"ImageObject\",\"inLanguage\":\"es\",\"@id\":\"https:\/\/ichd.mx\/#\/schema\/person\/image\/\",\"url\":\"https:\/\/secure.gravatar.com\/avatar\/166c01e5e415043a004f7d214348c415?s=96&d=mm&r=g\",\"contentUrl\":\"https:\/\/secure.gravatar.com\/avatar\/166c01e5e415043a004f7d214348c415?s=96&d=mm&r=g\",\"caption\":\"Prensa ICHD\"},\"url\":\"https:\/\/ichd.mx\/?author=3\"}]}<\/script>\n<!-- \/ Yoast SEO plugin. -->","yoast_head_json":{"title":"Albergues Escolares Rurales se incorporan al programa \u201cJuntos en el Deporte Escolar\u201d - ICHD","robots":{"index":"index","follow":"follow","max-snippet":"max-snippet:-1","max-image-preview":"max-image-preview:large","max-video-preview":"max-video-preview:-1"},"canonical":"https:\/\/ichd.mx\/?p=2475","og_locale":"es_ES","og_type":"article","og_title":"Albergues Escolares Rurales se incorporan al programa \u201cJuntos en el Deporte Escolar\u201d - ICHD","og_description":"-Directivos se capacitan y reciben material deportivo para beneficiar a m\u00e1s de 750 ni\u00f1os y ni\u00f1as del estado en situaci\u00f3n","og_url":"https:\/\/ichd.mx\/?p=2475","og_site_name":"ICHD","article_publisher":"https:\/\/www.facebook.com\/ichdmx","article_published_time":"2022-10-29T14:01:53+00:00","article_modified_time":"2022-10-31T15:10:00+00:00","og_image":[{"width":1280,"height":682,"url":"https:\/\/ichd.mx\/wp-content\/uploads\/2022\/10\/Albergues-Escolares-Rurales-se-incorporan-al-programa-Juntos-en-el-Deporte-Escolar-1.jpeg","type":"image\/jpeg"}],"author":"Prensa ICHD","twitter_card":"summary_large_image","twitter_creator":"@ICHDmx","twitter_site":"@ICHDmx","twitter_misc":{"Escrito por":"Prensa ICHD","Tiempo de lectura":"4 minutos"},"schema":{"@context":"https:\/\/schema.org","@graph":[{"@type":"WebPage","@id":"https:\/\/ichd.mx\/?p=2475","url":"https:\/\/ichd.mx\/?p=2475","name":"Albergues Escolares Rurales se incorporan al programa \u201cJuntos en el Deporte Escolar\u201d - ICHD","isPartOf":{"@id":"https:\/\/ichd.mx\/#website"},"primaryImageOfPage":{"@id":"https:\/\/ichd.mx\/?p=2475#primaryimage"},"image":{"@id":"https:\/\/ichd.mx\/?p=2475#primaryimage"},"thumbnailUrl":"https:\/\/ichd.mx\/wp-content\/uploads\/2022\/10\/Albergues-Escolares-Rurales-se-incorporan-al-programa-Juntos-en-el-Deporte-Escolar-1.jpeg","datePublished":"2022-10-29T14:01:53+00:00","dateModified":"2022-10-31T15:10:00+00:00","author":{"@id":"https:\/\/ichd.mx\/#\/schema\/person\/137528cf3411e3cbc248ffe1288137a7"},"breadcrumb":{"@id":"https:\/\/ichd.mx\/?p=2475#breadcrumb"},"inLanguage":"es","potentialAction":[{"@type":"ReadAction","target":["https:\/\/ichd.mx\/?p=2475"]}]},{"@type":"ImageObject","inLanguage":"es","@id":"https:\/\/ichd.mx\/?p=2475#primaryimage","url":"https:\/\/ichd.mx\/wp-content\/uploads\/2022\/10\/Albergues-Escolares-Rurales-se-incorporan-al-programa-Juntos-en-el-Deporte-Escolar-1.jpeg","contentUrl":"https:\/\/ichd.mx\/wp-content\/uploads\/2022\/10\/Albergues-Escolares-Rurales-se-incorporan-al-programa-Juntos-en-el-Deporte-Escolar-1.jpeg","width":1280,"height":682},{"@type":"BreadcrumbList","@id":"https:\/\/ichd.mx\/?p=2475#breadcrumb","itemListElement":[{"@type":"ListItem","position":1,"name":"Portada","item":"https:\/\/ichd.mx\/"},{"@type":"ListItem","position":2,"name":"Albergues Escolares Rurales se incorporan al programa \u201cJuntos en el Deporte Escolar\u201d"}]},{"@type":"WebSite","@id":"https:\/\/ichd.mx\/#website","url":"https:\/\/ichd.mx\/","name":"ICHD","description":"Instituto Chihuahuense del Deporte y Cultura F\u00edsica","potentialAction":[{"@type":"SearchAction","target":{"@type":"EntryPoint","urlTemplate":"https:\/\/ichd.mx\/?s={search_term_string}"},"query-input":{"@type":"PropertyValueSpecification","valueRequired":true,"valueName":"search_term_string"}}],"inLanguage":"es"},{"@type":"Person","@id":"https:\/\/ichd.mx\/#\/schema\/person\/137528cf3411e3cbc248ffe1288137a7","name":"Prensa ICHD","image":{"@type":"ImageObject","inLanguage":"es","@id":"https:\/\/ichd.mx\/#\/schema\/person\/image\/","url":"https:\/\/secure.gravatar.com\/avatar\/166c01e5e415043a004f7d214348c415?s=96&d=mm&r=g","contentUrl":"https:\/\/secure.gravatar.com\/avatar\/166c01e5e415043a004f7d214348c415?s=96&d=mm&r=g","caption":"Prensa ICHD"},"url":"https:\/\/ichd.mx\/?author=3"}]}},"_links":{"self":[{"href":"https:\/\/ichd.mx\/index.php?rest_route=\/wp\/v2\/posts\/2475","targetHints":{"allow":["GET"]}}],"collection":[{"href":"https:\/\/ichd.mx\/index.php?rest_route=\/wp\/v2\/posts"}],"about":[{"href":"https:\/\/ichd.mx\/index.php?rest_route=\/wp\/v2\/types\/post"}],"author":[{"embeddable":true,"href":"https:\/\/ichd.mx\/index.php?rest_route=\/wp\/v2\/users\/3"}],"replies":[{"embeddable":true,"href":"https:\/\/ichd.mx\/index.php?rest_route=%2Fwp%2Fv2%2Fcomments&post=2475"}],"version-history":[{"count":1,"href":"https:\/\/ichd.mx\/index.php?rest_route=\/wp\/v2\/posts\/2475\/revisions"}],"predecessor-version":[{"id":2487,"href":"https:\/\/ichd.mx\/index.php?rest_route=\/wp\/v2\/posts\/2475\/revisions\/2487"}],"wp:featuredmedia":[{"embeddable":true,"href":"https:\/\/ichd.mx\/index.php?rest_route=\/wp\/v2\/media\/2486"}],"wp:attachment":[{"href":"https:\/\/ichd.mx\/index.php?rest_route=%2Fwp%2Fv2%2Fmedia&parent=2475"}],"wp:term":[{"taxonomy":"category","embeddable":true,"href":"https:\/\/ichd.mx\/index.php?rest_route=%2Fwp%2Fv2%2Fcategories&post=2475"},{"taxonomy":"post_tag","embeddable":true,"href":"https:\/\/ichd.mx\/index.php?rest_route=%2Fwp%2Fv2%2Ftags&post=2475"}],"curies":[{"name":"wp","href":"https:\/\/api.w.org\/{rel}","templated":true}]}}