{"id":2409,"date":"2022-10-19T12:04:29","date_gmt":"2022-10-19T18:04:29","guid":{"rendered":"https:\/\/ichd.mx\/?p=2409"},"modified":"2022-10-19T12:04:29","modified_gmt":"2022-10-19T18:04:29","slug":"ruben-arikado-mia-fernanda-guzman-y-gloria-carolina-fernandez-ganadores-del-premio-estatal-del-deporte-2022","status":"publish","type":"post","link":"https:\/\/ichd.mx\/?p=2409","title":{"rendered":"Rub\u00e9n Arikado, M\u00eda Fernanda Guzm\u00e1n y Gloria Carolina Fern\u00e1ndez ganadores del Premio Estatal del Deporte 2022"},"content":{"rendered":"<p><em>La ceremonia de premiaci\u00f3n se realizar\u00e1 el 20 de noviembre previo al desfile conmemorativo de la Revoluci\u00f3n Mexicana; la bolsa de premios es de 110 mil pesos \u00a0y recibir\u00e1n cheque simb\u00f3lico, una estatuilla y medalla alusivos al evento<\/em><\/p>\n<p>&nbsp;<\/p>\n<p><em>\u00a0<\/em><\/p>\n<p>Esta ma\u00f1ana se llev\u00f3 a cabo la Ceremonia de Elecci\u00f3n del Premio Estatal del Deporte en su trig\u00e9sima primera edici\u00f3n, donde fueron elegidos como galardonados Rub\u00e9n Mart\u00edn Arikado Gonz\u00e1lez como entrenador de marcha y en la modalidad de deportistas quedaron M\u00eda Fernanda Guzm\u00e1n Garc\u00eda de Ajedrez y Gloria Carolina Fern\u00e1ndez Qui\u00f1onez en la disciplina de boxeo.<\/p>\n<p>&nbsp;<\/p>\n<p>El evento fue encabezado por Tania Teporaca Romero Del Hierro, directora del Instituto Chihuahuense del Deporte y Cultura F\u00edsica (ICHD) y validado por Elsa Ordo\u00f1ez Ordo\u00f1ez de la Notar\u00eda P\u00fablica No. 22; tambi\u00e9n, estuvieron presentes Tom\u00e1s Aguilera Armend\u00e1riz, subdirector de Desarrollo del Deporte y Aid\u00e9 Carrillo, del \u00e1rea de Normatividad y Asuntos Jur\u00eddicos.<\/p>\n<p>&nbsp;<\/p>\n<p>En su mensaje de bienvenida, Teporaca Romero expres\u00f3 \u201ca cada uno de los que fueron nominados, y que hoy conoceremos sus logros durante el \u00faltimo a\u00f1o, quiero decirles que son orgullo de sus familias, son ejemplo de esfuerzo y trabajo para toda la comunidad chihuahuense\u201d.<\/p>\n<p>&nbsp;<\/p>\n<p>Y agreg\u00f3, \u201cnuestro reconocimiento a cada uno de los entrenadores y la entrenadora, a quienes tambi\u00e9n integran el equipo t\u00e9cnico y multidisciplinario, sin duda, son ustedes quienes llevan el talento y habilidades de nuestros deportistas hasta el triunfo. Sobre todo, queremos reconocer a los padres de familia, por ser el motor e impulsores de sus hijos, factor clave para el desarrollo de cada uno de los deportistas\u201d.<\/p>\n<p>&nbsp;<\/p>\n<p>Como parte del protocolo, se dio lectura a los curr\u00edculums de los entrenadores, donde surgieron como finalistas con 9 votos Rub\u00e9n Mart\u00edn Arikado (Atletismo Marcha); 8 votos Julio C\u00e9sar Rasc\u00f3n (B\u00e9isbol) y Alexis Hibraim Orozco Reza (Porristas) con 6 votos. Al finalizar, el jurado eligi\u00f3 como entrenador del a\u00f1o a Rub\u00e9n Mart\u00edn Arikado Gonz\u00e1lez con 5 votos a favor.<\/p>\n<p>&nbsp;<\/p>\n<p>Mientras tanto, los atletas que quedaron en la terna final fueron: con 6 votos Sa\u00fal Mena (Atletismo Marcha), Rodrigo Montoya (R\u00e1quetbol) obtuvo 5 votos y con 4 votos quedaron tambi\u00e9n como finalistas M\u00eda Fernanda Guzm\u00e1n Garc\u00eda (Ajedrez) y Gloria Carolina Fern\u00e1ndez Qui\u00f1onez (Boxeo).<\/p>\n<p>&nbsp;<\/p>\n<p>Empatadas con tres votos cada una, M\u00eda Fernanda Guzm\u00e1n y Gloria Carolina Fern\u00e1ndez fueron elegidas como ganadoras del Premio Estatal del Deporte en la modalidad de Deportista.<\/p>\n<p>&nbsp;<\/p>\n<p>El Jurado estuvo integrado por Jorge Armando Medina Aldana (Ademeba Estatal Chihuahua A.C.), Carlos Rub\u00e9n Delgado P\u00e9rez (Deporte Visi\u00f3n Chihuahua A.C), Mauricio Rodr\u00edguez Pati\u00f1o (GRD Radio), Gilberto Morales Gallegos (Radiza), Diego Hermosillo Santill\u00e1n (Pelota Caliente), Luis Fernando Castillo (Entrenador ganador B\u00e1squetbol 1999) y Jorge Medina Valerio (Atleta ganador Ciclismo 1993).<\/p>\n<p>&nbsp;<\/p>\n<p>Adem\u00e1s, Guadalupe Jaime Hern\u00e1ndez (El Diario de Chihuahua), Sergio Jovan Ju\u00e1rez Baca (El Heraldo de Chihuahua), y Anuar Elohim Talam\u00e1s Acosta (Chihuahua FC), a quienes al final se les otorg\u00f3 una placa de reconocimiento como Jurado.<\/p>\n<p>&nbsp;<\/p>\n<p>La ceremonia de premiaci\u00f3n se realizar\u00e1 el pr\u00f3ximo 20 de noviembre, en el marco de la Conmemoraci\u00f3n de la Revoluci\u00f3n Mexicana, y se entregar\u00e1 un est\u00edmulo econ\u00f3mico de 110 mil pesos, a repartir entre los ganadores con un cheque simb\u00f3lico, una estatuilla y una medalla, alusivos al evento.<\/p>\n<p>&nbsp;<\/p>\n<p>&nbsp;<\/p>\n<p><img loading=\"lazy\" decoding=\"async\" class=\"alignnone size-medium wp-image-2410\" src=\"https:\/\/ichd.mx\/wp-content\/uploads\/2022\/10\/MG_1262-300x200.jpg\" alt=\"\" width=\"300\" height=\"200\" srcset=\"https:\/\/ichd.mx\/wp-content\/uploads\/2022\/10\/MG_1262-300x200.jpg 300w, https:\/\/ichd.mx\/wp-content\/uploads\/2022\/10\/MG_1262-1024x683.jpg 1024w, https:\/\/ichd.mx\/wp-content\/uploads\/2022\/10\/MG_1262-768x512.jpg 768w, https:\/\/ichd.mx\/wp-content\/uploads\/2022\/10\/MG_1262-1536x1024.jpg 1536w, https:\/\/ichd.mx\/wp-content\/uploads\/2022\/10\/MG_1262-2048x1365.jpg 2048w\" sizes=\"auto, (max-width: 300px) 100vw, 300px\" \/> <img loading=\"lazy\" decoding=\"async\" class=\"alignnone size-medium wp-image-2411\" src=\"https:\/\/ichd.mx\/wp-content\/uploads\/2022\/10\/MG_1283-300x200.jpg\" alt=\"\" width=\"300\" height=\"200\" srcset=\"https:\/\/ichd.mx\/wp-content\/uploads\/2022\/10\/MG_1283-300x200.jpg 300w, https:\/\/ichd.mx\/wp-content\/uploads\/2022\/10\/MG_1283-1024x683.jpg 1024w, https:\/\/ichd.mx\/wp-content\/uploads\/2022\/10\/MG_1283-768x512.jpg 768w, https:\/\/ichd.mx\/wp-content\/uploads\/2022\/10\/MG_1283-1536x1024.jpg 1536w, https:\/\/ichd.mx\/wp-content\/uploads\/2022\/10\/MG_1283-2048x1365.jpg 2048w\" sizes=\"auto, (max-width: 300px) 100vw, 300px\" \/> <img loading=\"lazy\" decoding=\"async\" class=\"alignnone size-medium wp-image-2412\" src=\"https:\/\/ichd.mx\/wp-content\/uploads\/2022\/10\/MG_1294-300x200.jpg\" alt=\"\" width=\"300\" height=\"200\" srcset=\"https:\/\/ichd.mx\/wp-content\/uploads\/2022\/10\/MG_1294-300x200.jpg 300w, https:\/\/ichd.mx\/wp-content\/uploads\/2022\/10\/MG_1294-1024x683.jpg 1024w, https:\/\/ichd.mx\/wp-content\/uploads\/2022\/10\/MG_1294-768x512.jpg 768w, https:\/\/ichd.mx\/wp-content\/uploads\/2022\/10\/MG_1294-1536x1024.jpg 1536w, https:\/\/ichd.mx\/wp-content\/uploads\/2022\/10\/MG_1294-2048x1365.jpg 2048w\" sizes=\"auto, (max-width: 300px) 100vw, 300px\" \/> <img loading=\"lazy\" decoding=\"async\" class=\"alignnone size-medium wp-image-2413\" src=\"https:\/\/ichd.mx\/wp-content\/uploads\/2022\/10\/MG_1441-300x200.jpg\" alt=\"\" width=\"300\" height=\"200\" srcset=\"https:\/\/ichd.mx\/wp-content\/uploads\/2022\/10\/MG_1441-300x200.jpg 300w, https:\/\/ichd.mx\/wp-content\/uploads\/2022\/10\/MG_1441-1024x683.jpg 1024w, https:\/\/ichd.mx\/wp-content\/uploads\/2022\/10\/MG_1441-768x512.jpg 768w, https:\/\/ichd.mx\/wp-content\/uploads\/2022\/10\/MG_1441-1536x1024.jpg 1536w, https:\/\/ichd.mx\/wp-content\/uploads\/2022\/10\/MG_1441-2048x1365.jpg 2048w\" sizes=\"auto, (max-width: 300px) 100vw, 300px\" \/> <img loading=\"lazy\" decoding=\"async\" class=\"alignnone size-medium wp-image-2414\" src=\"https:\/\/ichd.mx\/wp-content\/uploads\/2022\/10\/MG_1446-300x200.jpg\" alt=\"\" width=\"300\" height=\"200\" srcset=\"https:\/\/ichd.mx\/wp-content\/uploads\/2022\/10\/MG_1446-300x200.jpg 300w, https:\/\/ichd.mx\/wp-content\/uploads\/2022\/10\/MG_1446-1024x683.jpg 1024w, https:\/\/ichd.mx\/wp-content\/uploads\/2022\/10\/MG_1446-768x512.jpg 768w, https:\/\/ichd.mx\/wp-content\/uploads\/2022\/10\/MG_1446-1536x1024.jpg 1536w, https:\/\/ichd.mx\/wp-content\/uploads\/2022\/10\/MG_1446-2048x1365.jpg 2048w\" sizes=\"auto, (max-width: 300px) 100vw, 300px\" \/><\/p>\n","protected":false},"excerpt":{"rendered":"<p>La ceremonia de premiaci\u00f3n se realizar\u00e1 el 20 de noviembre previo al desfile conmemorativo de la Revoluci\u00f3n Mexicana; la bolsa<\/p>\n","protected":false},"author":3,"featured_media":2413,"comment_status":"closed","ping_status":"open","sticky":false,"template":"","format":"standard","meta":{"footnotes":""},"categories":[2],"tags":[],"class_list":["post-2409","post","type-post","status-publish","format-standard","has-post-thumbnail","hentry","category-ppal"],"yoast_head":"<!-- This site is optimized with the Yoast SEO plugin v25.9 - https:\/\/yoast.com\/wordpress\/plugins\/seo\/ -->\n<title>Rub\u00e9n Arikado, M\u00eda Fernanda Guzm\u00e1n y Gloria Carolina Fern\u00e1ndez ganadores del Premio Estatal del Deporte 2022 - ICHD<\/title>\n<meta name=\"robots\" content=\"index, follow, max-snippet:-1, max-image-preview:large, max-video-preview:-1\" \/>\n<link rel=\"canonical\" href=\"https:\/\/ichd.mx\/?p=2409\" \/>\n<meta property=\"og:locale\" content=\"es_ES\" \/>\n<meta property=\"og:type\" content=\"article\" \/>\n<meta property=\"og:title\" content=\"Rub\u00e9n Arikado, M\u00eda Fernanda Guzm\u00e1n y Gloria Carolina Fern\u00e1ndez ganadores del Premio Estatal del Deporte 2022 - ICHD\" \/>\n<meta property=\"og:description\" content=\"La ceremonia de premiaci\u00f3n se realizar\u00e1 el 20 de noviembre previo al desfile conmemorativo de la Revoluci\u00f3n Mexicana; la bolsa\" \/>\n<meta property=\"og:url\" content=\"https:\/\/ichd.mx\/?p=2409\" \/>\n<meta property=\"og:site_name\" content=\"ICHD\" \/>\n<meta property=\"article:publisher\" content=\"https:\/\/www.facebook.com\/ichdmx\" \/>\n<meta property=\"article:published_time\" content=\"2022-10-19T18:04:29+00:00\" \/>\n<meta property=\"og:image\" content=\"https:\/\/ichd.mx\/wp-content\/uploads\/2022\/10\/MG_1441-scaled.jpg\" \/>\n\t<meta property=\"og:image:width\" content=\"2560\" \/>\n\t<meta property=\"og:image:height\" content=\"1707\" \/>\n\t<meta property=\"og:image:type\" content=\"image\/jpeg\" \/>\n<meta name=\"author\" content=\"Prensa ICHD\" \/>\n<meta name=\"twitter:card\" content=\"summary_large_image\" \/>\n<meta name=\"twitter:creator\" content=\"@ICHDmx\" \/>\n<meta name=\"twitter:site\" content=\"@ICHDmx\" \/>\n<meta name=\"twitter:label1\" content=\"Escrito por\" \/>\n\t<meta name=\"twitter:data1\" content=\"Prensa ICHD\" \/>\n\t<meta name=\"twitter:label2\" content=\"Tiempo de lectura\" \/>\n\t<meta name=\"twitter:data2\" content=\"4 minutos\" \/>\n<script type=\"application\/ld+json\" class=\"yoast-schema-graph\">{\"@context\":\"https:\/\/schema.org\",\"@graph\":[{\"@type\":\"WebPage\",\"@id\":\"https:\/\/ichd.mx\/?p=2409\",\"url\":\"https:\/\/ichd.mx\/?p=2409\",\"name\":\"Rub\u00e9n Arikado, M\u00eda Fernanda Guzm\u00e1n y Gloria Carolina Fern\u00e1ndez ganadores del Premio Estatal del Deporte 2022 - ICHD\",\"isPartOf\":{\"@id\":\"https:\/\/ichd.mx\/#website\"},\"primaryImageOfPage\":{\"@id\":\"https:\/\/ichd.mx\/?p=2409#primaryimage\"},\"image\":{\"@id\":\"https:\/\/ichd.mx\/?p=2409#primaryimage\"},\"thumbnailUrl\":\"https:\/\/ichd.mx\/wp-content\/uploads\/2022\/10\/MG_1441-scaled.jpg\",\"datePublished\":\"2022-10-19T18:04:29+00:00\",\"author\":{\"@id\":\"https:\/\/ichd.mx\/#\/schema\/person\/137528cf3411e3cbc248ffe1288137a7\"},\"breadcrumb\":{\"@id\":\"https:\/\/ichd.mx\/?p=2409#breadcrumb\"},\"inLanguage\":\"es\",\"potentialAction\":[{\"@type\":\"ReadAction\",\"target\":[\"https:\/\/ichd.mx\/?p=2409\"]}]},{\"@type\":\"ImageObject\",\"inLanguage\":\"es\",\"@id\":\"https:\/\/ichd.mx\/?p=2409#primaryimage\",\"url\":\"https:\/\/ichd.mx\/wp-content\/uploads\/2022\/10\/MG_1441-scaled.jpg\",\"contentUrl\":\"https:\/\/ichd.mx\/wp-content\/uploads\/2022\/10\/MG_1441-scaled.jpg\",\"width\":2560,\"height\":1707},{\"@type\":\"BreadcrumbList\",\"@id\":\"https:\/\/ichd.mx\/?p=2409#breadcrumb\",\"itemListElement\":[{\"@type\":\"ListItem\",\"position\":1,\"name\":\"Portada\",\"item\":\"https:\/\/ichd.mx\/\"},{\"@type\":\"ListItem\",\"position\":2,\"name\":\"Rub\u00e9n Arikado, M\u00eda Fernanda Guzm\u00e1n y Gloria Carolina Fern\u00e1ndez ganadores del Premio Estatal del Deporte 2022\"}]},{\"@type\":\"WebSite\",\"@id\":\"https:\/\/ichd.mx\/#website\",\"url\":\"https:\/\/ichd.mx\/\",\"name\":\"ICHD\",\"description\":\"Instituto Chihuahuense del Deporte y Cultura F\u00edsica\",\"potentialAction\":[{\"@type\":\"SearchAction\",\"target\":{\"@type\":\"EntryPoint\",\"urlTemplate\":\"https:\/\/ichd.mx\/?s={search_term_string}\"},\"query-input\":{\"@type\":\"PropertyValueSpecification\",\"valueRequired\":true,\"valueName\":\"search_term_string\"}}],\"inLanguage\":\"es\"},{\"@type\":\"Person\",\"@id\":\"https:\/\/ichd.mx\/#\/schema\/person\/137528cf3411e3cbc248ffe1288137a7\",\"name\":\"Prensa ICHD\",\"image\":{\"@type\":\"ImageObject\",\"inLanguage\":\"es\",\"@id\":\"https:\/\/ichd.mx\/#\/schema\/person\/image\/\",\"url\":\"https:\/\/secure.gravatar.com\/avatar\/166c01e5e415043a004f7d214348c415?s=96&d=mm&r=g\",\"contentUrl\":\"https:\/\/secure.gravatar.com\/avatar\/166c01e5e415043a004f7d214348c415?s=96&d=mm&r=g\",\"caption\":\"Prensa ICHD\"},\"url\":\"https:\/\/ichd.mx\/?author=3\"}]}<\/script>\n<!-- \/ Yoast SEO plugin. -->","yoast_head_json":{"title":"Rub\u00e9n Arikado, M\u00eda Fernanda Guzm\u00e1n y Gloria Carolina Fern\u00e1ndez ganadores del Premio Estatal del Deporte 2022 - ICHD","robots":{"index":"index","follow":"follow","max-snippet":"max-snippet:-1","max-image-preview":"max-image-preview:large","max-video-preview":"max-video-preview:-1"},"canonical":"https:\/\/ichd.mx\/?p=2409","og_locale":"es_ES","og_type":"article","og_title":"Rub\u00e9n Arikado, M\u00eda Fernanda Guzm\u00e1n y Gloria Carolina Fern\u00e1ndez ganadores del Premio Estatal del Deporte 2022 - ICHD","og_description":"La ceremonia de premiaci\u00f3n se realizar\u00e1 el 20 de noviembre previo al desfile conmemorativo de la Revoluci\u00f3n Mexicana; la bolsa","og_url":"https:\/\/ichd.mx\/?p=2409","og_site_name":"ICHD","article_publisher":"https:\/\/www.facebook.com\/ichdmx","article_published_time":"2022-10-19T18:04:29+00:00","og_image":[{"width":2560,"height":1707,"url":"https:\/\/ichd.mx\/wp-content\/uploads\/2022\/10\/MG_1441-scaled.jpg","type":"image\/jpeg"}],"author":"Prensa ICHD","twitter_card":"summary_large_image","twitter_creator":"@ICHDmx","twitter_site":"@ICHDmx","twitter_misc":{"Escrito por":"Prensa ICHD","Tiempo de lectura":"4 minutos"},"schema":{"@context":"https:\/\/schema.org","@graph":[{"@type":"WebPage","@id":"https:\/\/ichd.mx\/?p=2409","url":"https:\/\/ichd.mx\/?p=2409","name":"Rub\u00e9n Arikado, M\u00eda Fernanda Guzm\u00e1n y Gloria Carolina Fern\u00e1ndez ganadores del Premio Estatal del Deporte 2022 - ICHD","isPartOf":{"@id":"https:\/\/ichd.mx\/#website"},"primaryImageOfPage":{"@id":"https:\/\/ichd.mx\/?p=2409#primaryimage"},"image":{"@id":"https:\/\/ichd.mx\/?p=2409#primaryimage"},"thumbnailUrl":"https:\/\/ichd.mx\/wp-content\/uploads\/2022\/10\/MG_1441-scaled.jpg","datePublished":"2022-10-19T18:04:29+00:00","author":{"@id":"https:\/\/ichd.mx\/#\/schema\/person\/137528cf3411e3cbc248ffe1288137a7"},"breadcrumb":{"@id":"https:\/\/ichd.mx\/?p=2409#breadcrumb"},"inLanguage":"es","potentialAction":[{"@type":"ReadAction","target":["https:\/\/ichd.mx\/?p=2409"]}]},{"@type":"ImageObject","inLanguage":"es","@id":"https:\/\/ichd.mx\/?p=2409#primaryimage","url":"https:\/\/ichd.mx\/wp-content\/uploads\/2022\/10\/MG_1441-scaled.jpg","contentUrl":"https:\/\/ichd.mx\/wp-content\/uploads\/2022\/10\/MG_1441-scaled.jpg","width":2560,"height":1707},{"@type":"BreadcrumbList","@id":"https:\/\/ichd.mx\/?p=2409#breadcrumb","itemListElement":[{"@type":"ListItem","position":1,"name":"Portada","item":"https:\/\/ichd.mx\/"},{"@type":"ListItem","position":2,"name":"Rub\u00e9n Arikado, M\u00eda Fernanda Guzm\u00e1n y Gloria Carolina Fern\u00e1ndez ganadores del Premio Estatal del Deporte 2022"}]},{"@type":"WebSite","@id":"https:\/\/ichd.mx\/#website","url":"https:\/\/ichd.mx\/","name":"ICHD","description":"Instituto Chihuahuense del Deporte y Cultura F\u00edsica","potentialAction":[{"@type":"SearchAction","target":{"@type":"EntryPoint","urlTemplate":"https:\/\/ichd.mx\/?s={search_term_string}"},"query-input":{"@type":"PropertyValueSpecification","valueRequired":true,"valueName":"search_term_string"}}],"inLanguage":"es"},{"@type":"Person","@id":"https:\/\/ichd.mx\/#\/schema\/person\/137528cf3411e3cbc248ffe1288137a7","name":"Prensa ICHD","image":{"@type":"ImageObject","inLanguage":"es","@id":"https:\/\/ichd.mx\/#\/schema\/person\/image\/","url":"https:\/\/secure.gravatar.com\/avatar\/166c01e5e415043a004f7d214348c415?s=96&d=mm&r=g","contentUrl":"https:\/\/secure.gravatar.com\/avatar\/166c01e5e415043a004f7d214348c415?s=96&d=mm&r=g","caption":"Prensa ICHD"},"url":"https:\/\/ichd.mx\/?author=3"}]}},"_links":{"self":[{"href":"https:\/\/ichd.mx\/index.php?rest_route=\/wp\/v2\/posts\/2409","targetHints":{"allow":["GET"]}}],"collection":[{"href":"https:\/\/ichd.mx\/index.php?rest_route=\/wp\/v2\/posts"}],"about":[{"href":"https:\/\/ichd.mx\/index.php?rest_route=\/wp\/v2\/types\/post"}],"author":[{"embeddable":true,"href":"https:\/\/ichd.mx\/index.php?rest_route=\/wp\/v2\/users\/3"}],"replies":[{"embeddable":true,"href":"https:\/\/ichd.mx\/index.php?rest_route=%2Fwp%2Fv2%2Fcomments&post=2409"}],"version-history":[{"count":1,"href":"https:\/\/ichd.mx\/index.php?rest_route=\/wp\/v2\/posts\/2409\/revisions"}],"predecessor-version":[{"id":2415,"href":"https:\/\/ichd.mx\/index.php?rest_route=\/wp\/v2\/posts\/2409\/revisions\/2415"}],"wp:featuredmedia":[{"embeddable":true,"href":"https:\/\/ichd.mx\/index.php?rest_route=\/wp\/v2\/media\/2413"}],"wp:attachment":[{"href":"https:\/\/ichd.mx\/index.php?rest_route=%2Fwp%2Fv2%2Fmedia&parent=2409"}],"wp:term":[{"taxonomy":"category","embeddable":true,"href":"https:\/\/ichd.mx\/index.php?rest_route=%2Fwp%2Fv2%2Fcategories&post=2409"},{"taxonomy":"post_tag","embeddable":true,"href":"https:\/\/ichd.mx\/index.php?rest_route=%2Fwp%2Fv2%2Ftags&post=2409"}],"curies":[{"name":"wp","href":"https:\/\/api.w.org\/{rel}","templated":true}]}}