{"id":2401,"date":"2022-10-16T11:57:24","date_gmt":"2022-10-16T17:57:24","guid":{"rendered":"https:\/\/ichd.mx\/?p=2401"},"modified":"2022-10-19T11:59:48","modified_gmt":"2022-10-19T17:59:48","slug":"todo-listo-para-el-premio-estatal-del-deporte-2022","status":"publish","type":"post","link":"https:\/\/ichd.mx\/?p=2401","title":{"rendered":"Todo listo para el Premio Estatal del Deporte 2022"},"content":{"rendered":"<p>Este martes 18 de octubre se conocer\u00e1 al deportista y entrenador ganador de la trig\u00e9sima primera edici\u00f3n de la Elecci\u00f3n del Premio Estatal del Deporte, llev\u00e1ndose a cabo la ceremonia de elecci\u00f3n en el Sal\u00f3n 25 de Marzo de Palacio de Gobierno a las 10:00 horas.<\/p>\n<p>&nbsp;<\/p>\n<p>El Jurado integrado por 10 miembros pertenecientes a asociaciones deportivas, medios de comunicaci\u00f3n, directivos, as\u00ed como ganadores del Premio Estatal del Deporte en ediciones anteriores, ser\u00e1n los encargados de elegir a los ganadores que destaquen por sus logros del 11 de octubre del 2021 al 11 de octubre de 2022.<\/p>\n<p>&nbsp;<\/p>\n<p>El Premio Estatal del Deporte apoya, promueve y reconoce anualmente a los atletas y entrenadores m\u00e1s destacados, que desarrollan actividades en beneficio al deporte en el Estado.<\/p>\n<p>&nbsp;<\/p>\n<p>Se repartir\u00e1 entre los ganadores una bolsa de premios de 110 mil pesos; asimismo, se otorgar\u00e1n medalla alusiva al evento, cheque simb\u00f3lico y una estatuilla, los cuales ser\u00e1n entregados durante la ceremonia de premiaci\u00f3n a realizarse el d\u00eda 20 de noviembre, en el marco de la conmemoraci\u00f3n de la Revoluci\u00f3n Mexicana.<\/p>\n<p>&nbsp;<\/p>\n<p>Entrenadores Nominados<\/p>\n<ol>\n<li>Rub\u00e9n Mart\u00edn Arikado Gonz\u00e1lez\u00a0<strong>Atletismo<\/strong><\/li>\n<li>Leonardo Juan Avelle Ugarte\u00a0<strong>Atletismo<\/strong><\/li>\n<li>Julio C\u00e9sar Rasc\u00f3n Delgado\u00a0<strong>B\u00e9isbol<\/strong><\/li>\n<li>Alexis Hibraim Orozco Reza\u00a0<strong>Porras<\/strong><\/li>\n<li>Gabriela Isela Alarc\u00f3n G\u00f3mez\u00a0<strong>Voleibol<\/strong><\/li>\n<\/ol>\n<p>&nbsp;<\/p>\n<p>Deportistas Nominados<\/p>\n<ol>\n<li>Alba Gabriela Ampar\u00e1n Mac\u00edas\u00a0<strong>Atletismo<\/strong><\/li>\n<li>Sa\u00fal Mena G\u00f3mez\u00a0<strong>Atletismo<\/strong><\/li>\n<li>Isabella Flores L\u00f3pez\u00a0<strong>Ajedrez<\/strong><\/li>\n<li>Mia Fernanda Guzm\u00e1n Garc\u00eda\u00a0<strong>Ajedrez<\/strong><\/li>\n<li>Channel Lucero Ochoa Salinas\u00a0<strong>B\u00e1squetbol<\/strong><\/li>\n<li>Emilio Antonio Roa Vega\u00a0<strong>Boxeo<\/strong><\/li>\n<li>Gloria Carolina Fern\u00e1ndez Qui\u00f1onez\u00a0<strong>Boxeo<\/strong><\/li>\n<li>Marco Ariel Hern\u00e1ndez Alv\u00eddrez\u00a0<strong>Boxeo<\/strong><\/li>\n<li>Ana Paola Rodr\u00edguez Mart\u00ednez\u00a0<strong>Gimnasia<\/strong><\/li>\n<li>Perla Fern\u00e1ndez Hidalgo\u00a0<strong>Handball<\/strong><\/li>\n<li>Diana Rubio Leyva\u00a0<strong>Jiu Jitsu<\/strong><\/li>\n<li>Alejandro Ramos Morales\u00a0<strong>Judo<\/strong><\/li>\n<li>Vanessa Anah\u00ed Villegas Barraza\u00a0<strong>Voleibol<\/strong><\/li>\n<li>Jashel Dorado Mendiola\u00a0<strong>Levantamiento de Pesas<\/strong><\/li>\n<li>Blanca Josel Pallares Fierro\u00a0<strong>Levantamiento de Pesas<\/strong><\/li>\n<li>Carlos Aguilar Garc\u00eda\u00a0<strong>Nataci\u00f3n<\/strong><\/li>\n<li>Rodrigo Montoya Sol\u00eds\u00a0<strong>Raquetbol<\/strong><\/li>\n<li>Ashley Berenice Salas Santacruz\u00a0<strong>Tiro con Arco<\/strong><\/li>\n<li>Mar\u00eda de Lourdes Hern\u00e1ndez Delgado\u00a0<strong>Triatl\u00f3n<\/strong><\/li>\n<li>Almendra Esther Ram\u00edrez Flores\u00a0<strong>Ultimate Frisbee<\/strong><\/li>\n<li>Luis David Hern\u00e1ndez Baca\u00a0<strong>Voleibol<\/strong><\/li>\n<li>Yessenia Arizbeth Medrano Mendoza\u00a0<strong>WuShu<\/strong><\/li>\n<\/ol>\n<p>16<img loading=\"lazy\" decoding=\"async\" class=\"alignnone size-medium wp-image-2402\" src=\"https:\/\/ichd.mx\/wp-content\/uploads\/2022\/10\/WhatsApp-Image-2022-10-07-at-6.03.19-PM-225x300.jpeg\" alt=\"\" width=\"225\" height=\"300\" srcset=\"https:\/\/ichd.mx\/wp-content\/uploads\/2022\/10\/WhatsApp-Image-2022-10-07-at-6.03.19-PM-225x300.jpeg 225w, https:\/\/ichd.mx\/wp-content\/uploads\/2022\/10\/WhatsApp-Image-2022-10-07-at-6.03.19-PM-768x1024.jpeg 768w, https:\/\/ichd.mx\/wp-content\/uploads\/2022\/10\/WhatsApp-Image-2022-10-07-at-6.03.19-PM-1152x1536.jpeg 1152w, https:\/\/ichd.mx\/wp-content\/uploads\/2022\/10\/WhatsApp-Image-2022-10-07-at-6.03.19-PM.jpeg 1200w\" sizes=\"auto, (max-width: 225px) 100vw, 225px\" \/> <img loading=\"lazy\" decoding=\"async\" class=\"alignnone size-medium wp-image-2403\" src=\"https:\/\/ichd.mx\/wp-content\/uploads\/2022\/10\/WhatsApp-Image-2022-10-10-at-2.58.01-PM-2-230x300.jpeg\" alt=\"\" width=\"230\" height=\"300\" srcset=\"https:\/\/ichd.mx\/wp-content\/uploads\/2022\/10\/WhatsApp-Image-2022-10-10-at-2.58.01-PM-2-230x300.jpeg 230w, https:\/\/ichd.mx\/wp-content\/uploads\/2022\/10\/WhatsApp-Image-2022-10-10-at-2.58.01-PM-2.jpeg 448w\" sizes=\"auto, (max-width: 230px) 100vw, 230px\" \/> <img loading=\"lazy\" decoding=\"async\" class=\"alignnone size-medium wp-image-2404\" src=\"https:\/\/ichd.mx\/wp-content\/uploads\/2022\/10\/WhatsApp-Image-2022-10-10-at-5.28.20-PM-225x300.jpeg\" alt=\"\" width=\"225\" height=\"300\" srcset=\"https:\/\/ichd.mx\/wp-content\/uploads\/2022\/10\/WhatsApp-Image-2022-10-10-at-5.28.20-PM-225x300.jpeg 225w, https:\/\/ichd.mx\/wp-content\/uploads\/2022\/10\/WhatsApp-Image-2022-10-10-at-5.28.20-PM.jpeg 768w\" sizes=\"auto, (max-width: 225px) 100vw, 225px\" \/> <img loading=\"lazy\" decoding=\"async\" class=\"alignnone size-medium wp-image-2405\" src=\"https:\/\/ichd.mx\/wp-content\/uploads\/2022\/10\/WhatsApp-Image-2022-10-10-at-9.38.25-AM-2-300x202.jpeg\" alt=\"\" width=\"300\" height=\"202\" srcset=\"https:\/\/ichd.mx\/wp-content\/uploads\/2022\/10\/WhatsApp-Image-2022-10-10-at-9.38.25-AM-2-300x202.jpeg 300w, https:\/\/ichd.mx\/wp-content\/uploads\/2022\/10\/WhatsApp-Image-2022-10-10-at-9.38.25-AM-2-1024x691.jpeg 1024w, https:\/\/ichd.mx\/wp-content\/uploads\/2022\/10\/WhatsApp-Image-2022-10-10-at-9.38.25-AM-2-768x518.jpeg 768w, https:\/\/ichd.mx\/wp-content\/uploads\/2022\/10\/WhatsApp-Image-2022-10-10-at-9.38.25-AM-2.jpeg 1124w\" sizes=\"auto, (max-width: 300px) 100vw, 300px\" \/> <img loading=\"lazy\" decoding=\"async\" class=\"alignnone size-medium wp-image-2406\" src=\"https:\/\/ichd.mx\/wp-content\/uploads\/2022\/10\/WhatsApp-Image-2022-10-10-at-9.38.46-AM-1-300x200.jpeg\" alt=\"\" width=\"300\" height=\"200\" srcset=\"https:\/\/ichd.mx\/wp-content\/uploads\/2022\/10\/WhatsApp-Image-2022-10-10-at-9.38.46-AM-1-300x200.jpeg 300w, https:\/\/ichd.mx\/wp-content\/uploads\/2022\/10\/WhatsApp-Image-2022-10-10-at-9.38.46-AM-1-768x512.jpeg 768w, https:\/\/ichd.mx\/wp-content\/uploads\/2022\/10\/WhatsApp-Image-2022-10-10-at-9.38.46-AM-1.jpeg 1024w\" sizes=\"auto, (max-width: 300px) 100vw, 300px\" \/> <img loading=\"lazy\" decoding=\"async\" class=\"alignnone size-medium wp-image-2407\" src=\"https:\/\/ichd.mx\/wp-content\/uploads\/2022\/10\/WhatsApp-Image-2022-10-11-at-10.15.36-AM-300x200.jpeg\" alt=\"\" width=\"300\" height=\"200\" srcset=\"https:\/\/ichd.mx\/wp-content\/uploads\/2022\/10\/WhatsApp-Image-2022-10-11-at-10.15.36-AM-300x200.jpeg 300w, https:\/\/ichd.mx\/wp-content\/uploads\/2022\/10\/WhatsApp-Image-2022-10-11-at-10.15.36-AM-768x512.jpeg 768w, https:\/\/ichd.mx\/wp-content\/uploads\/2022\/10\/WhatsApp-Image-2022-10-11-at-10.15.36-AM.jpeg 1024w\" sizes=\"auto, (max-width: 300px) 100vw, 300px\" \/><\/p>\n","protected":false},"excerpt":{"rendered":"<p>Este martes 18 de octubre se conocer\u00e1 al deportista y entrenador ganador de la trig\u00e9sima primera edici\u00f3n de la Elecci\u00f3n<\/p>\n","protected":false},"author":3,"featured_media":2405,"comment_status":"closed","ping_status":"open","sticky":false,"template":"","format":"standard","meta":{"footnotes":""},"categories":[8,2],"tags":[],"class_list":["post-2401","post","type-post","status-publish","format-standard","has-post-thumbnail","hentry","category-gral","category-ppal"],"yoast_head":"<!-- This site is optimized with the Yoast SEO plugin v25.9 - https:\/\/yoast.com\/wordpress\/plugins\/seo\/ -->\n<title>Todo listo para el Premio Estatal del Deporte 2022 - ICHD<\/title>\n<meta name=\"robots\" content=\"index, follow, max-snippet:-1, max-image-preview:large, max-video-preview:-1\" \/>\n<link rel=\"canonical\" href=\"https:\/\/ichd.mx\/?p=2401\" \/>\n<meta property=\"og:locale\" content=\"es_ES\" \/>\n<meta property=\"og:type\" content=\"article\" \/>\n<meta property=\"og:title\" content=\"Todo listo para el Premio Estatal del Deporte 2022 - ICHD\" \/>\n<meta property=\"og:description\" content=\"Este martes 18 de octubre se conocer\u00e1 al deportista y entrenador ganador de la trig\u00e9sima primera edici\u00f3n de la Elecci\u00f3n\" \/>\n<meta property=\"og:url\" content=\"https:\/\/ichd.mx\/?p=2401\" \/>\n<meta property=\"og:site_name\" content=\"ICHD\" \/>\n<meta property=\"article:publisher\" content=\"https:\/\/www.facebook.com\/ichdmx\" \/>\n<meta property=\"article:published_time\" content=\"2022-10-16T17:57:24+00:00\" \/>\n<meta property=\"article:modified_time\" content=\"2022-10-19T17:59:48+00:00\" \/>\n<meta property=\"og:image\" content=\"https:\/\/ichd.mx\/wp-content\/uploads\/2022\/10\/WhatsApp-Image-2022-10-10-at-9.38.25-AM-2.jpeg\" \/>\n\t<meta property=\"og:image:width\" content=\"1124\" \/>\n\t<meta property=\"og:image:height\" content=\"758\" \/>\n\t<meta property=\"og:image:type\" content=\"image\/jpeg\" \/>\n<meta name=\"author\" content=\"Prensa ICHD\" \/>\n<meta name=\"twitter:card\" content=\"summary_large_image\" \/>\n<meta name=\"twitter:creator\" content=\"@ICHDmx\" \/>\n<meta name=\"twitter:site\" content=\"@ICHDmx\" \/>\n<meta name=\"twitter:label1\" content=\"Escrito por\" \/>\n\t<meta name=\"twitter:data1\" content=\"Prensa ICHD\" \/>\n\t<meta name=\"twitter:label2\" content=\"Tiempo de lectura\" \/>\n\t<meta name=\"twitter:data2\" content=\"3 minutos\" \/>\n<script type=\"application\/ld+json\" class=\"yoast-schema-graph\">{\"@context\":\"https:\/\/schema.org\",\"@graph\":[{\"@type\":\"WebPage\",\"@id\":\"https:\/\/ichd.mx\/?p=2401\",\"url\":\"https:\/\/ichd.mx\/?p=2401\",\"name\":\"Todo listo para el Premio Estatal del Deporte 2022 - ICHD\",\"isPartOf\":{\"@id\":\"https:\/\/ichd.mx\/#website\"},\"primaryImageOfPage\":{\"@id\":\"https:\/\/ichd.mx\/?p=2401#primaryimage\"},\"image\":{\"@id\":\"https:\/\/ichd.mx\/?p=2401#primaryimage\"},\"thumbnailUrl\":\"https:\/\/ichd.mx\/wp-content\/uploads\/2022\/10\/WhatsApp-Image-2022-10-10-at-9.38.25-AM-2.jpeg\",\"datePublished\":\"2022-10-16T17:57:24+00:00\",\"dateModified\":\"2022-10-19T17:59:48+00:00\",\"author\":{\"@id\":\"https:\/\/ichd.mx\/#\/schema\/person\/137528cf3411e3cbc248ffe1288137a7\"},\"breadcrumb\":{\"@id\":\"https:\/\/ichd.mx\/?p=2401#breadcrumb\"},\"inLanguage\":\"es\",\"potentialAction\":[{\"@type\":\"ReadAction\",\"target\":[\"https:\/\/ichd.mx\/?p=2401\"]}]},{\"@type\":\"ImageObject\",\"inLanguage\":\"es\",\"@id\":\"https:\/\/ichd.mx\/?p=2401#primaryimage\",\"url\":\"https:\/\/ichd.mx\/wp-content\/uploads\/2022\/10\/WhatsApp-Image-2022-10-10-at-9.38.25-AM-2.jpeg\",\"contentUrl\":\"https:\/\/ichd.mx\/wp-content\/uploads\/2022\/10\/WhatsApp-Image-2022-10-10-at-9.38.25-AM-2.jpeg\",\"width\":1124,\"height\":758},{\"@type\":\"BreadcrumbList\",\"@id\":\"https:\/\/ichd.mx\/?p=2401#breadcrumb\",\"itemListElement\":[{\"@type\":\"ListItem\",\"position\":1,\"name\":\"Portada\",\"item\":\"https:\/\/ichd.mx\/\"},{\"@type\":\"ListItem\",\"position\":2,\"name\":\"Todo listo para el Premio Estatal del Deporte 2022\"}]},{\"@type\":\"WebSite\",\"@id\":\"https:\/\/ichd.mx\/#website\",\"url\":\"https:\/\/ichd.mx\/\",\"name\":\"ICHD\",\"description\":\"Instituto Chihuahuense del Deporte y Cultura F\u00edsica\",\"potentialAction\":[{\"@type\":\"SearchAction\",\"target\":{\"@type\":\"EntryPoint\",\"urlTemplate\":\"https:\/\/ichd.mx\/?s={search_term_string}\"},\"query-input\":{\"@type\":\"PropertyValueSpecification\",\"valueRequired\":true,\"valueName\":\"search_term_string\"}}],\"inLanguage\":\"es\"},{\"@type\":\"Person\",\"@id\":\"https:\/\/ichd.mx\/#\/schema\/person\/137528cf3411e3cbc248ffe1288137a7\",\"name\":\"Prensa ICHD\",\"image\":{\"@type\":\"ImageObject\",\"inLanguage\":\"es\",\"@id\":\"https:\/\/ichd.mx\/#\/schema\/person\/image\/\",\"url\":\"https:\/\/secure.gravatar.com\/avatar\/166c01e5e415043a004f7d214348c415?s=96&d=mm&r=g\",\"contentUrl\":\"https:\/\/secure.gravatar.com\/avatar\/166c01e5e415043a004f7d214348c415?s=96&d=mm&r=g\",\"caption\":\"Prensa ICHD\"},\"url\":\"https:\/\/ichd.mx\/?author=3\"}]}<\/script>\n<!-- \/ Yoast SEO plugin. -->","yoast_head_json":{"title":"Todo listo para el Premio Estatal del Deporte 2022 - ICHD","robots":{"index":"index","follow":"follow","max-snippet":"max-snippet:-1","max-image-preview":"max-image-preview:large","max-video-preview":"max-video-preview:-1"},"canonical":"https:\/\/ichd.mx\/?p=2401","og_locale":"es_ES","og_type":"article","og_title":"Todo listo para el Premio Estatal del Deporte 2022 - ICHD","og_description":"Este martes 18 de octubre se conocer\u00e1 al deportista y entrenador ganador de la trig\u00e9sima primera edici\u00f3n de la Elecci\u00f3n","og_url":"https:\/\/ichd.mx\/?p=2401","og_site_name":"ICHD","article_publisher":"https:\/\/www.facebook.com\/ichdmx","article_published_time":"2022-10-16T17:57:24+00:00","article_modified_time":"2022-10-19T17:59:48+00:00","og_image":[{"width":1124,"height":758,"url":"https:\/\/ichd.mx\/wp-content\/uploads\/2022\/10\/WhatsApp-Image-2022-10-10-at-9.38.25-AM-2.jpeg","type":"image\/jpeg"}],"author":"Prensa ICHD","twitter_card":"summary_large_image","twitter_creator":"@ICHDmx","twitter_site":"@ICHDmx","twitter_misc":{"Escrito por":"Prensa ICHD","Tiempo de lectura":"3 minutos"},"schema":{"@context":"https:\/\/schema.org","@graph":[{"@type":"WebPage","@id":"https:\/\/ichd.mx\/?p=2401","url":"https:\/\/ichd.mx\/?p=2401","name":"Todo listo para el Premio Estatal del Deporte 2022 - ICHD","isPartOf":{"@id":"https:\/\/ichd.mx\/#website"},"primaryImageOfPage":{"@id":"https:\/\/ichd.mx\/?p=2401#primaryimage"},"image":{"@id":"https:\/\/ichd.mx\/?p=2401#primaryimage"},"thumbnailUrl":"https:\/\/ichd.mx\/wp-content\/uploads\/2022\/10\/WhatsApp-Image-2022-10-10-at-9.38.25-AM-2.jpeg","datePublished":"2022-10-16T17:57:24+00:00","dateModified":"2022-10-19T17:59:48+00:00","author":{"@id":"https:\/\/ichd.mx\/#\/schema\/person\/137528cf3411e3cbc248ffe1288137a7"},"breadcrumb":{"@id":"https:\/\/ichd.mx\/?p=2401#breadcrumb"},"inLanguage":"es","potentialAction":[{"@type":"ReadAction","target":["https:\/\/ichd.mx\/?p=2401"]}]},{"@type":"ImageObject","inLanguage":"es","@id":"https:\/\/ichd.mx\/?p=2401#primaryimage","url":"https:\/\/ichd.mx\/wp-content\/uploads\/2022\/10\/WhatsApp-Image-2022-10-10-at-9.38.25-AM-2.jpeg","contentUrl":"https:\/\/ichd.mx\/wp-content\/uploads\/2022\/10\/WhatsApp-Image-2022-10-10-at-9.38.25-AM-2.jpeg","width":1124,"height":758},{"@type":"BreadcrumbList","@id":"https:\/\/ichd.mx\/?p=2401#breadcrumb","itemListElement":[{"@type":"ListItem","position":1,"name":"Portada","item":"https:\/\/ichd.mx\/"},{"@type":"ListItem","position":2,"name":"Todo listo para el Premio Estatal del Deporte 2022"}]},{"@type":"WebSite","@id":"https:\/\/ichd.mx\/#website","url":"https:\/\/ichd.mx\/","name":"ICHD","description":"Instituto Chihuahuense del Deporte y Cultura F\u00edsica","potentialAction":[{"@type":"SearchAction","target":{"@type":"EntryPoint","urlTemplate":"https:\/\/ichd.mx\/?s={search_term_string}"},"query-input":{"@type":"PropertyValueSpecification","valueRequired":true,"valueName":"search_term_string"}}],"inLanguage":"es"},{"@type":"Person","@id":"https:\/\/ichd.mx\/#\/schema\/person\/137528cf3411e3cbc248ffe1288137a7","name":"Prensa ICHD","image":{"@type":"ImageObject","inLanguage":"es","@id":"https:\/\/ichd.mx\/#\/schema\/person\/image\/","url":"https:\/\/secure.gravatar.com\/avatar\/166c01e5e415043a004f7d214348c415?s=96&d=mm&r=g","contentUrl":"https:\/\/secure.gravatar.com\/avatar\/166c01e5e415043a004f7d214348c415?s=96&d=mm&r=g","caption":"Prensa ICHD"},"url":"https:\/\/ichd.mx\/?author=3"}]}},"_links":{"self":[{"href":"https:\/\/ichd.mx\/index.php?rest_route=\/wp\/v2\/posts\/2401","targetHints":{"allow":["GET"]}}],"collection":[{"href":"https:\/\/ichd.mx\/index.php?rest_route=\/wp\/v2\/posts"}],"about":[{"href":"https:\/\/ichd.mx\/index.php?rest_route=\/wp\/v2\/types\/post"}],"author":[{"embeddable":true,"href":"https:\/\/ichd.mx\/index.php?rest_route=\/wp\/v2\/users\/3"}],"replies":[{"embeddable":true,"href":"https:\/\/ichd.mx\/index.php?rest_route=%2Fwp%2Fv2%2Fcomments&post=2401"}],"version-history":[{"count":1,"href":"https:\/\/ichd.mx\/index.php?rest_route=\/wp\/v2\/posts\/2401\/revisions"}],"predecessor-version":[{"id":2408,"href":"https:\/\/ichd.mx\/index.php?rest_route=\/wp\/v2\/posts\/2401\/revisions\/2408"}],"wp:featuredmedia":[{"embeddable":true,"href":"https:\/\/ichd.mx\/index.php?rest_route=\/wp\/v2\/media\/2405"}],"wp:attachment":[{"href":"https:\/\/ichd.mx\/index.php?rest_route=%2Fwp%2Fv2%2Fmedia&parent=2401"}],"wp:term":[{"taxonomy":"category","embeddable":true,"href":"https:\/\/ichd.mx\/index.php?rest_route=%2Fwp%2Fv2%2Fcategories&post=2401"},{"taxonomy":"post_tag","embeddable":true,"href":"https:\/\/ichd.mx\/index.php?rest_route=%2Fwp%2Fv2%2Ftags&post=2401"}],"curies":[{"name":"wp","href":"https:\/\/api.w.org\/{rel}","templated":true}]}}