{"id":2370,"date":"2022-10-13T11:40:34","date_gmt":"2022-10-13T17:40:34","guid":{"rendered":"https:\/\/ichd.mx\/?p=2370"},"modified":"2022-10-19T11:43:15","modified_gmt":"2022-10-19T17:43:15","slug":"son-27-los-nominados-al-premio-estatal-del-deporte-2022","status":"publish","type":"post","link":"https:\/\/ichd.mx\/?p=2370","title":{"rendered":"Son 27 los nominados al Premio Estatal del Deporte 2022"},"content":{"rendered":"<p>El pr\u00f3ximo martes 18 de octubre se celebrar\u00e1 la trig\u00e9sima primera edici\u00f3n de la Elecci\u00f3n del Premio Estatal del Deporte, con la participaci\u00f3n de 22 deportistas y 5 entrenadores candidatos a este reconocimiento.<\/p>\n<p>&nbsp;<\/p>\n<p>Ser\u00e1n 10 miembros del jurado, previamente insaculado ante notario p\u00fablico, los encargados de elegir a los ganadores, en la ceremonia que se efectuar\u00e1 en el Sal\u00f3n 25 de Marzo de Palacio de Gobierno a las 10:00 horas.<\/p>\n<p>&nbsp;<\/p>\n<p>El jurado elector, est\u00e1 integrado por representantes de asociaciones deportivas, medios de comunicaci\u00f3n, directivos, as\u00ed como ganadores del Premio Estatal del Deporte en ediciones anteriores.<\/p>\n<p>&nbsp;<\/p>\n<p>La bolsa de premios es de 110 mil pesos para repartir como est\u00edmulo econ\u00f3mico entre quienes resulten ganadores. Durante la ceremonia de premiaci\u00f3n a realizarse el d\u00eda 20 de noviembre, en el marco de la conmemoraci\u00f3n de la Revoluci\u00f3n Mexicana, se har\u00e1 entrega del cheque simb\u00f3lico, as\u00ed como de la estatuilla, y medallas alusivas al evento.<\/p>\n<p>&nbsp;<\/p>\n<p>&nbsp;<\/p>\n<p>Entrenadores Nominados<\/p>\n<ol>\n<li>Rub\u00e9n Mart\u00edn Arikado Gonz\u00e1lez <strong>Atletismo<\/strong><\/li>\n<li>Leonardo Juan Avelle Ugarte <strong>Atletismo<\/strong><\/li>\n<li>Julio C\u00e9sar Rasc\u00f3n Delgado <strong>B\u00e9isbol<\/strong><\/li>\n<li>Alexis Hibraim Orozco Reza <strong>Porras<\/strong><\/li>\n<li>Gabriela Isela Alarc\u00f3n G\u00f3mez <strong>Voleibol<\/strong><\/li>\n<\/ol>\n<p>&nbsp;<\/p>\n<p>Deportistas Nominados<\/p>\n<ol>\n<li>Alba Gabriela Ampar\u00e1n Mac\u00edas <strong>Atletismo<\/strong><\/li>\n<li>Sa\u00fal Mena G\u00f3mez <strong>Atletismo<\/strong><\/li>\n<li>Isabella Flores L\u00f3pez <strong>Ajedrez<\/strong><\/li>\n<li>Mia Fernanda Guzm\u00e1n Garc\u00eda <strong>Ajedrez<\/strong><\/li>\n<li>Channel Lucero Ochoa Salinas <strong>B\u00e1squetbol<\/strong><\/li>\n<li>Emilio Antonio Roa Vega <strong>Boxeo<\/strong><\/li>\n<li>Gloria Carolina Fern\u00e1ndez Qui\u00f1\u00f3nez <strong>Boxeo<\/strong><\/li>\n<li>Marco Ariel Hern\u00e1ndez Alv\u00eddrez <strong>Boxeo<\/strong><\/li>\n<li>Ana Paola Mart\u00ednez Rodr\u00edguez <strong>Gimnasia<\/strong><\/li>\n<li>Perla Fern\u00e1ndez Hidalgo <strong>Handball<\/strong><\/li>\n<li>Diana Rubio Loya <strong>Jiu Jitsu <\/strong><\/li>\n<li>Alejandro Ramos Morales <strong>Judo<\/strong><\/li>\n<li>Vanessa Anah\u00ed Villegas Barraza <strong>Voleibol<\/strong><\/li>\n<li>Jashel Dorado Mendiola <strong>Levantamiento de Pesas<\/strong><\/li>\n<li>Blanca Josel Pallares Fierro <strong>Levantamiento de Pesas<\/strong><\/li>\n<li>Carlos Aguilar Garc\u00eda <strong>Nataci\u00f3n<\/strong><\/li>\n<li>Rodrigo Montoya Sol\u00eds <strong>R\u00e1quetbol<\/strong><\/li>\n<li>Ashley Berenice Salas Santacruz <strong>Tiro con Arco<\/strong><\/li>\n<li>Mar\u00eda de Lourdes Hern\u00e1ndez Delgado <strong>Triatl\u00f3n<\/strong><\/li>\n<li>Almendra Esther Ram\u00edrez Flores <strong>Ultimate Frisbee<\/strong><\/li>\n<li>Luis David Hern\u00e1ndez Baca <strong>Voleibol<\/strong><\/li>\n<li>Yessenia Arizbeth Medrano Mendoza <strong>WuShu<\/strong><\/li>\n<\/ol>\n<p>&nbsp;<\/p>\n<p><img loading=\"lazy\" decoding=\"async\" class=\"alignnone size-medium wp-image-2371\" src=\"https:\/\/ichd.mx\/wp-content\/uploads\/2022\/10\/99ecf8f5-3e5d-40a4-8b40-2f9c400a38f6-300x192.jpg\" alt=\"\" width=\"300\" height=\"192\" srcset=\"https:\/\/ichd.mx\/wp-content\/uploads\/2022\/10\/99ecf8f5-3e5d-40a4-8b40-2f9c400a38f6-300x192.jpg 300w, https:\/\/ichd.mx\/wp-content\/uploads\/2022\/10\/99ecf8f5-3e5d-40a4-8b40-2f9c400a38f6-768x493.jpg 768w, https:\/\/ichd.mx\/wp-content\/uploads\/2022\/10\/99ecf8f5-3e5d-40a4-8b40-2f9c400a38f6.jpg 1024w\" sizes=\"auto, (max-width: 300px) 100vw, 300px\" \/> <img loading=\"lazy\" decoding=\"async\" class=\"alignnone size-medium wp-image-2372\" src=\"https:\/\/ichd.mx\/wp-content\/uploads\/2022\/10\/AlbaAmparan_MaterialFotograficoEnCompetencia2-300x200.jpeg\" alt=\"\" width=\"300\" height=\"200\" srcset=\"https:\/\/ichd.mx\/wp-content\/uploads\/2022\/10\/AlbaAmparan_MaterialFotograficoEnCompetencia2-300x200.jpeg 300w, https:\/\/ichd.mx\/wp-content\/uploads\/2022\/10\/AlbaAmparan_MaterialFotograficoEnCompetencia2-1024x682.jpeg 1024w, https:\/\/ichd.mx\/wp-content\/uploads\/2022\/10\/AlbaAmparan_MaterialFotograficoEnCompetencia2-768x512.jpeg 768w, https:\/\/ichd.mx\/wp-content\/uploads\/2022\/10\/AlbaAmparan_MaterialFotograficoEnCompetencia2-1536x1023.jpeg 1536w, https:\/\/ichd.mx\/wp-content\/uploads\/2022\/10\/AlbaAmparan_MaterialFotograficoEnCompetencia2.jpeg 1600w\" sizes=\"auto, (max-width: 300px) 100vw, 300px\" \/> <img loading=\"lazy\" decoding=\"async\" class=\"alignnone size-medium wp-image-2373\" src=\"https:\/\/ichd.mx\/wp-content\/uploads\/2022\/10\/AlejandroRamos_MaterialFotograficoEnCompetencia-2-300x225.jpeg\" alt=\"\" width=\"300\" height=\"225\" srcset=\"https:\/\/ichd.mx\/wp-content\/uploads\/2022\/10\/AlejandroRamos_MaterialFotograficoEnCompetencia-2-300x225.jpeg 300w, https:\/\/ichd.mx\/wp-content\/uploads\/2022\/10\/AlejandroRamos_MaterialFotograficoEnCompetencia-2-1024x768.jpeg 1024w, https:\/\/ichd.mx\/wp-content\/uploads\/2022\/10\/AlejandroRamos_MaterialFotograficoEnCompetencia-2-768x576.jpeg 768w, https:\/\/ichd.mx\/wp-content\/uploads\/2022\/10\/AlejandroRamos_MaterialFotograficoEnCompetencia-2-1536x1152.jpeg 1536w, https:\/\/ichd.mx\/wp-content\/uploads\/2022\/10\/AlejandroRamos_MaterialFotograficoEnCompetencia-2.jpeg 2000w\" sizes=\"auto, (max-width: 300px) 100vw, 300px\" \/> <img loading=\"lazy\" decoding=\"async\" class=\"alignnone size-medium wp-image-2374\" src=\"https:\/\/ichd.mx\/wp-content\/uploads\/2022\/10\/AshleySalas_MaterialFotograficoEnCompetencia-5-225x300.jpeg\" alt=\"\" width=\"225\" height=\"300\" srcset=\"https:\/\/ichd.mx\/wp-content\/uploads\/2022\/10\/AshleySalas_MaterialFotograficoEnCompetencia-5-225x300.jpeg 225w, https:\/\/ichd.mx\/wp-content\/uploads\/2022\/10\/AshleySalas_MaterialFotograficoEnCompetencia-5.jpeg 450w\" sizes=\"auto, (max-width: 225px) 100vw, 225px\" \/> <img loading=\"lazy\" decoding=\"async\" class=\"alignnone size-medium wp-image-2375\" src=\"https:\/\/ichd.mx\/wp-content\/uploads\/2022\/10\/IMG-20221010-WA0010-300x169.jpg\" alt=\"\" width=\"300\" height=\"169\" srcset=\"https:\/\/ichd.mx\/wp-content\/uploads\/2022\/10\/IMG-20221010-WA0010-300x169.jpg 300w, https:\/\/ichd.mx\/wp-content\/uploads\/2022\/10\/IMG-20221010-WA0010-1024x576.jpg 1024w, https:\/\/ichd.mx\/wp-content\/uploads\/2022\/10\/IMG-20221010-WA0010-768x432.jpg 768w, https:\/\/ichd.mx\/wp-content\/uploads\/2022\/10\/IMG-20221010-WA0010.jpg 1491w\" sizes=\"auto, (max-width: 300px) 100vw, 300px\" \/> <img loading=\"lazy\" decoding=\"async\" class=\"alignnone size-medium wp-image-2376\" src=\"https:\/\/ichd.mx\/wp-content\/uploads\/2022\/10\/MicrosoftTeams-image-225x300.jpg\" alt=\"\" width=\"225\" height=\"300\" srcset=\"https:\/\/ichd.mx\/wp-content\/uploads\/2022\/10\/MicrosoftTeams-image-225x300.jpg 225w, https:\/\/ichd.mx\/wp-content\/uploads\/2022\/10\/MicrosoftTeams-image.jpg 600w\" sizes=\"auto, (max-width: 225px) 100vw, 225px\" \/>13<\/p>\n","protected":false},"excerpt":{"rendered":"<p>El pr\u00f3ximo martes 18 de octubre se celebrar\u00e1 la trig\u00e9sima primera edici\u00f3n de la Elecci\u00f3n del Premio Estatal del Deporte,<\/p>\n","protected":false},"author":3,"featured_media":2375,"comment_status":"closed","ping_status":"open","sticky":false,"template":"","format":"standard","meta":{"footnotes":""},"categories":[8,2],"tags":[],"class_list":["post-2370","post","type-post","status-publish","format-standard","has-post-thumbnail","hentry","category-gral","category-ppal"],"yoast_head":"<!-- This site is optimized with the Yoast SEO plugin v25.9 - https:\/\/yoast.com\/wordpress\/plugins\/seo\/ -->\n<title>Son 27 los nominados al Premio Estatal del Deporte 2022 - ICHD<\/title>\n<meta name=\"robots\" content=\"index, follow, max-snippet:-1, max-image-preview:large, max-video-preview:-1\" \/>\n<link rel=\"canonical\" href=\"https:\/\/ichd.mx\/?p=2370\" \/>\n<meta property=\"og:locale\" content=\"es_ES\" \/>\n<meta property=\"og:type\" content=\"article\" \/>\n<meta property=\"og:title\" content=\"Son 27 los nominados al Premio Estatal del Deporte 2022 - ICHD\" \/>\n<meta property=\"og:description\" content=\"El pr\u00f3ximo martes 18 de octubre se celebrar\u00e1 la trig\u00e9sima primera edici\u00f3n de la Elecci\u00f3n del Premio Estatal del Deporte,\" \/>\n<meta property=\"og:url\" content=\"https:\/\/ichd.mx\/?p=2370\" \/>\n<meta property=\"og:site_name\" content=\"ICHD\" \/>\n<meta property=\"article:publisher\" content=\"https:\/\/www.facebook.com\/ichdmx\" \/>\n<meta property=\"article:published_time\" content=\"2022-10-13T17:40:34+00:00\" \/>\n<meta property=\"article:modified_time\" content=\"2022-10-19T17:43:15+00:00\" \/>\n<meta property=\"og:image\" content=\"https:\/\/ichd.mx\/wp-content\/uploads\/2022\/10\/IMG-20221010-WA0010.jpg\" \/>\n\t<meta property=\"og:image:width\" content=\"1491\" \/>\n\t<meta property=\"og:image:height\" content=\"839\" \/>\n\t<meta property=\"og:image:type\" content=\"image\/jpeg\" \/>\n<meta name=\"author\" content=\"Prensa ICHD\" \/>\n<meta name=\"twitter:card\" content=\"summary_large_image\" \/>\n<meta name=\"twitter:creator\" content=\"@ICHDmx\" \/>\n<meta name=\"twitter:site\" content=\"@ICHDmx\" \/>\n<meta name=\"twitter:label1\" content=\"Escrito por\" \/>\n\t<meta name=\"twitter:data1\" content=\"Prensa ICHD\" \/>\n\t<meta name=\"twitter:label2\" content=\"Tiempo de lectura\" \/>\n\t<meta name=\"twitter:data2\" content=\"3 minutos\" \/>\n<script type=\"application\/ld+json\" class=\"yoast-schema-graph\">{\"@context\":\"https:\/\/schema.org\",\"@graph\":[{\"@type\":\"WebPage\",\"@id\":\"https:\/\/ichd.mx\/?p=2370\",\"url\":\"https:\/\/ichd.mx\/?p=2370\",\"name\":\"Son 27 los nominados al Premio Estatal del Deporte 2022 - ICHD\",\"isPartOf\":{\"@id\":\"https:\/\/ichd.mx\/#website\"},\"primaryImageOfPage\":{\"@id\":\"https:\/\/ichd.mx\/?p=2370#primaryimage\"},\"image\":{\"@id\":\"https:\/\/ichd.mx\/?p=2370#primaryimage\"},\"thumbnailUrl\":\"https:\/\/ichd.mx\/wp-content\/uploads\/2022\/10\/IMG-20221010-WA0010.jpg\",\"datePublished\":\"2022-10-13T17:40:34+00:00\",\"dateModified\":\"2022-10-19T17:43:15+00:00\",\"author\":{\"@id\":\"https:\/\/ichd.mx\/#\/schema\/person\/137528cf3411e3cbc248ffe1288137a7\"},\"breadcrumb\":{\"@id\":\"https:\/\/ichd.mx\/?p=2370#breadcrumb\"},\"inLanguage\":\"es\",\"potentialAction\":[{\"@type\":\"ReadAction\",\"target\":[\"https:\/\/ichd.mx\/?p=2370\"]}]},{\"@type\":\"ImageObject\",\"inLanguage\":\"es\",\"@id\":\"https:\/\/ichd.mx\/?p=2370#primaryimage\",\"url\":\"https:\/\/ichd.mx\/wp-content\/uploads\/2022\/10\/IMG-20221010-WA0010.jpg\",\"contentUrl\":\"https:\/\/ichd.mx\/wp-content\/uploads\/2022\/10\/IMG-20221010-WA0010.jpg\",\"width\":1491,\"height\":839},{\"@type\":\"BreadcrumbList\",\"@id\":\"https:\/\/ichd.mx\/?p=2370#breadcrumb\",\"itemListElement\":[{\"@type\":\"ListItem\",\"position\":1,\"name\":\"Portada\",\"item\":\"https:\/\/ichd.mx\/\"},{\"@type\":\"ListItem\",\"position\":2,\"name\":\"Son 27 los nominados al Premio Estatal del Deporte 2022\"}]},{\"@type\":\"WebSite\",\"@id\":\"https:\/\/ichd.mx\/#website\",\"url\":\"https:\/\/ichd.mx\/\",\"name\":\"ICHD\",\"description\":\"Instituto Chihuahuense del Deporte y Cultura F\u00edsica\",\"potentialAction\":[{\"@type\":\"SearchAction\",\"target\":{\"@type\":\"EntryPoint\",\"urlTemplate\":\"https:\/\/ichd.mx\/?s={search_term_string}\"},\"query-input\":{\"@type\":\"PropertyValueSpecification\",\"valueRequired\":true,\"valueName\":\"search_term_string\"}}],\"inLanguage\":\"es\"},{\"@type\":\"Person\",\"@id\":\"https:\/\/ichd.mx\/#\/schema\/person\/137528cf3411e3cbc248ffe1288137a7\",\"name\":\"Prensa ICHD\",\"image\":{\"@type\":\"ImageObject\",\"inLanguage\":\"es\",\"@id\":\"https:\/\/ichd.mx\/#\/schema\/person\/image\/\",\"url\":\"https:\/\/secure.gravatar.com\/avatar\/166c01e5e415043a004f7d214348c415?s=96&d=mm&r=g\",\"contentUrl\":\"https:\/\/secure.gravatar.com\/avatar\/166c01e5e415043a004f7d214348c415?s=96&d=mm&r=g\",\"caption\":\"Prensa ICHD\"},\"url\":\"https:\/\/ichd.mx\/?author=3\"}]}<\/script>\n<!-- \/ Yoast SEO plugin. -->","yoast_head_json":{"title":"Son 27 los nominados al Premio Estatal del Deporte 2022 - ICHD","robots":{"index":"index","follow":"follow","max-snippet":"max-snippet:-1","max-image-preview":"max-image-preview:large","max-video-preview":"max-video-preview:-1"},"canonical":"https:\/\/ichd.mx\/?p=2370","og_locale":"es_ES","og_type":"article","og_title":"Son 27 los nominados al Premio Estatal del Deporte 2022 - ICHD","og_description":"El pr\u00f3ximo martes 18 de octubre se celebrar\u00e1 la trig\u00e9sima primera edici\u00f3n de la Elecci\u00f3n del Premio Estatal del Deporte,","og_url":"https:\/\/ichd.mx\/?p=2370","og_site_name":"ICHD","article_publisher":"https:\/\/www.facebook.com\/ichdmx","article_published_time":"2022-10-13T17:40:34+00:00","article_modified_time":"2022-10-19T17:43:15+00:00","og_image":[{"width":1491,"height":839,"url":"https:\/\/ichd.mx\/wp-content\/uploads\/2022\/10\/IMG-20221010-WA0010.jpg","type":"image\/jpeg"}],"author":"Prensa ICHD","twitter_card":"summary_large_image","twitter_creator":"@ICHDmx","twitter_site":"@ICHDmx","twitter_misc":{"Escrito por":"Prensa ICHD","Tiempo de lectura":"3 minutos"},"schema":{"@context":"https:\/\/schema.org","@graph":[{"@type":"WebPage","@id":"https:\/\/ichd.mx\/?p=2370","url":"https:\/\/ichd.mx\/?p=2370","name":"Son 27 los nominados al Premio Estatal del Deporte 2022 - ICHD","isPartOf":{"@id":"https:\/\/ichd.mx\/#website"},"primaryImageOfPage":{"@id":"https:\/\/ichd.mx\/?p=2370#primaryimage"},"image":{"@id":"https:\/\/ichd.mx\/?p=2370#primaryimage"},"thumbnailUrl":"https:\/\/ichd.mx\/wp-content\/uploads\/2022\/10\/IMG-20221010-WA0010.jpg","datePublished":"2022-10-13T17:40:34+00:00","dateModified":"2022-10-19T17:43:15+00:00","author":{"@id":"https:\/\/ichd.mx\/#\/schema\/person\/137528cf3411e3cbc248ffe1288137a7"},"breadcrumb":{"@id":"https:\/\/ichd.mx\/?p=2370#breadcrumb"},"inLanguage":"es","potentialAction":[{"@type":"ReadAction","target":["https:\/\/ichd.mx\/?p=2370"]}]},{"@type":"ImageObject","inLanguage":"es","@id":"https:\/\/ichd.mx\/?p=2370#primaryimage","url":"https:\/\/ichd.mx\/wp-content\/uploads\/2022\/10\/IMG-20221010-WA0010.jpg","contentUrl":"https:\/\/ichd.mx\/wp-content\/uploads\/2022\/10\/IMG-20221010-WA0010.jpg","width":1491,"height":839},{"@type":"BreadcrumbList","@id":"https:\/\/ichd.mx\/?p=2370#breadcrumb","itemListElement":[{"@type":"ListItem","position":1,"name":"Portada","item":"https:\/\/ichd.mx\/"},{"@type":"ListItem","position":2,"name":"Son 27 los nominados al Premio Estatal del Deporte 2022"}]},{"@type":"WebSite","@id":"https:\/\/ichd.mx\/#website","url":"https:\/\/ichd.mx\/","name":"ICHD","description":"Instituto Chihuahuense del Deporte y Cultura F\u00edsica","potentialAction":[{"@type":"SearchAction","target":{"@type":"EntryPoint","urlTemplate":"https:\/\/ichd.mx\/?s={search_term_string}"},"query-input":{"@type":"PropertyValueSpecification","valueRequired":true,"valueName":"search_term_string"}}],"inLanguage":"es"},{"@type":"Person","@id":"https:\/\/ichd.mx\/#\/schema\/person\/137528cf3411e3cbc248ffe1288137a7","name":"Prensa ICHD","image":{"@type":"ImageObject","inLanguage":"es","@id":"https:\/\/ichd.mx\/#\/schema\/person\/image\/","url":"https:\/\/secure.gravatar.com\/avatar\/166c01e5e415043a004f7d214348c415?s=96&d=mm&r=g","contentUrl":"https:\/\/secure.gravatar.com\/avatar\/166c01e5e415043a004f7d214348c415?s=96&d=mm&r=g","caption":"Prensa ICHD"},"url":"https:\/\/ichd.mx\/?author=3"}]}},"_links":{"self":[{"href":"https:\/\/ichd.mx\/index.php?rest_route=\/wp\/v2\/posts\/2370","targetHints":{"allow":["GET"]}}],"collection":[{"href":"https:\/\/ichd.mx\/index.php?rest_route=\/wp\/v2\/posts"}],"about":[{"href":"https:\/\/ichd.mx\/index.php?rest_route=\/wp\/v2\/types\/post"}],"author":[{"embeddable":true,"href":"https:\/\/ichd.mx\/index.php?rest_route=\/wp\/v2\/users\/3"}],"replies":[{"embeddable":true,"href":"https:\/\/ichd.mx\/index.php?rest_route=%2Fwp%2Fv2%2Fcomments&post=2370"}],"version-history":[{"count":1,"href":"https:\/\/ichd.mx\/index.php?rest_route=\/wp\/v2\/posts\/2370\/revisions"}],"predecessor-version":[{"id":2377,"href":"https:\/\/ichd.mx\/index.php?rest_route=\/wp\/v2\/posts\/2370\/revisions\/2377"}],"wp:featuredmedia":[{"embeddable":true,"href":"https:\/\/ichd.mx\/index.php?rest_route=\/wp\/v2\/media\/2375"}],"wp:attachment":[{"href":"https:\/\/ichd.mx\/index.php?rest_route=%2Fwp%2Fv2%2Fmedia&parent=2370"}],"wp:term":[{"taxonomy":"category","embeddable":true,"href":"https:\/\/ichd.mx\/index.php?rest_route=%2Fwp%2Fv2%2Fcategories&post=2370"},{"taxonomy":"post_tag","embeddable":true,"href":"https:\/\/ichd.mx\/index.php?rest_route=%2Fwp%2Fv2%2Ftags&post=2370"}],"curies":[{"name":"wp","href":"https:\/\/api.w.org\/{rel}","templated":true}]}}