{"id":2111,"date":"2022-04-19T13:22:26","date_gmt":"2022-04-19T19:22:26","guid":{"rendered":"https:\/\/ichd.mx\/?p=2111"},"modified":"2022-06-01T10:13:19","modified_gmt":"2022-06-01T16:13:19","slug":"clasifican-14-deportistas-chihuahuenses-a-etapa-nacional-de-luchas-asociadas","status":"publish","type":"post","link":"https:\/\/ichd.mx\/?p=2111","title":{"rendered":"Clasifican 14 deportistas chihuahuenses a etapa nacional de Luchas Asociadas"},"content":{"rendered":"<p>Un grupo de 14 chihuahuenses logr\u00f3 su clasificaci\u00f3n a los Juegos Nacionales Conade en la disciplina de Luchas Asociadas, tras obtener su boleto en el Macro Regional que se celebr\u00f3 en Ciudad Ju\u00e1rez frente a los representantes de Aguascalientes, Baja California Sur, Durango, Sinaloa, Sonora y Zacatecas.<\/p>\n<p>En el gimnasio del Colegio de Bachilleres de Ciudad Ju\u00e1rez se desarroll\u00f3 la justa Macro Regional de Luchas Asociadas, donde 14 atletas representar\u00e1n al Estado de Chihuahua en la etapa nacional de los Juegos Conade a celebrarse en el Estado de Baja California.<\/p>\n<p>Ser\u00e1n ocho atletas en la categor\u00eda Sub-20, dos de la Sub-17 y cuatro m\u00e1s de la Sub-15, de los cuales siete son mujeres y los siete restantes varones. En la justa macro regional de los 14 clasificados, cinco lograron avanzar en primer lugar y nueve en segundo sitio.<\/p>\n<p>&nbsp;<\/p>\n<p><strong>Nombre\u00a0\u00a0\u00a0\u00a0\u00a0\u00a0\u00a0\u00a0\u00a0\u00a0\u00a0\u00a0\u00a0\u00a0\u00a0\u00a0\u00a0\u00a0\u00a0\u00a0\u00a0\u00a0\u00a0\u00a0\u00a0\u00a0\u00a0\u00a0\u00a0\u00a0\u00a0\u00a0\u00a0 \u00a0\u00a0\u00a0\u00a0\u00a0\u00a0\u00a0\u00a0 Div.\u00a0\u00a0\u00a0\u00a0\u00a0\u00a0\u00a0\u00a0\u00a0\u00a0\u00a0 categor\u00eda<\/strong><\/p>\n<p>Arely Celeste Estrada Avitia\u00a0\u00a0\u00a0\u00a0\u00a0\u00a0\u00a0\u00a0\u00a0\u00a0 55kg\u00a0\u00a0\u00a0\u00a0\u00a0\u00a0\u00a0\u00a0\u00a0\u00a0 Sub-20<\/p>\n<p>Denistey Yareli Espino Torres\u00a0\u00a0\u00a0\u00a0\u00a0\u00a0\u00a0\u00a057kg\u00a0\u00a0\u00a0\u00a0\u00a0\u00a0\u00a0\u00a0\u00a0\u00a0 Sub-20<\/p>\n<p>Lluvia Raquel Ruiz Arzola\u00a0\u00a0\u00a0\u00a0\u00a0\u00a0\u00a0\u00a0\u00a0\u00a0\u00a0\u00a0\u00a0\u00a0 59kg\u00a0\u00a0\u00a0\u00a0\u00a0\u00a0\u00a0\u00a0\u00a0\u00a0 Sub-20<\/p>\n<p>Alison Camacho L\u00f3pez\u00a0\u00a0\u00a0\u00a0\u00a0\u00a0\u00a0\u00a0\u00a0\u00a0\u00a0\u00a0\u00a0\u00a0\u00a0\u00a0\u00a0\u00a0\u00a0 62kg\u00a0\u00a0\u00a0\u00a0\u00a0\u00a0\u00a0\u00a0\u00a0\u00a0 Sub-20<\/p>\n<p>Sof\u00eda Elisa Hinojos Diego\u00a0\u00a0\u00a0\u00a0\u00a0\u00a0\u00a0\u00a0\u00a0\u00a0\u00a0\u00a0\u00a0\u00a0\u00a0 68kg\u00a0\u00a0\u00a0\u00a0\u00a0\u00a0\u00a0\u00a0\u00a0\u00a0 Sub-20<\/p>\n<p>F\u00e9lix Josu\u00e9 Figueroa Garibay\u00a0\u00a0\u00a0\u00a0\u00a0\u00a0\u00a0\u00a0\u00a0 57kg\u00a0\u00a0\u00a0\u00a0\u00a0\u00a0\u00a0\u00a0\u00a0\u00a0 Sub-15<\/p>\n<p>Bernardo Sauceda Escamilla\u00a0\u00a0\u00a0\u00a0\u00a0\u00a0\u00a0\u00a0\u00a0\u00a0 79kg\u00a0\u00a0\u00a0\u00a0\u00a0\u00a0\u00a0\u00a0\u00a0\u00a0 Sub-20<\/p>\n<p>Jennifer Nahomy Ponce Castro\u00a0\u00a0\u00a0\u00a0\u00a0\u00a0\u00a0\u00a062kg\u00a0\u00a0\u00a0\u00a0\u00a0\u00a0\u00a0\u00a0\u00a0\u00a0 Sub-15<\/p>\n<p>Marcela Ivana Arciniega Olivas\u00a0\u00a0\u00a0\u00a0\u00a0\u00a0 57kg\u00a0\u00a0\u00a0\u00a0\u00a0\u00a0\u00a0\u00a0\u00a0\u00a0 Sub-17<\/p>\n<p>Octavio Adri\u00e1n De la Garza Acosta 67kg\u00a0\u00a0\u00a0\u00a0\u00a0\u00a0\u00a0\u00a0\u00a0\u00a0 Sub-20<\/p>\n<p>Carlos Armando Quezada Mart\u00ednez 72kg\u00a0\u00a0\u00a0\u00a0\u00a0\u00a0\u00a0\u00a0\u00a0\u00a0 Sub-20<\/p>\n<p>\u00c1ngel Tadeo Ruvalcaba Gonz\u00e1lez\u00a0\u00a0 62kg\u00a0\u00a0\u00a0\u00a0\u00a0\u00a0\u00a0\u00a0\u00a0\u00a0 Sub-15<\/p>\n<p>Carlos Isaac Venegas Mu\u00f1oz\u00a0\u00a0\u00a0\u00a0\u00a0\u00a0\u00a0\u00a0\u00a0\u00a0 68kg\u00a0\u00a0\u00a0\u00a0\u00a0\u00a0\u00a0\u00a0\u00a0\u00a0 Sub-15<\/p>\n<p>Martin Antonio Armenta Duarte\u00a0\u00a0\u00a0\u00a0 48kg\u00a0\u00a0\u00a0\u00a0\u00a0\u00a0\u00a0\u00a0\u00a0\u00a0 Sub-17<\/p>\n<p>&nbsp;<\/p>\n<p>Nombre\u00a0\u00a0\u00a0\u00a0\u00a0\u00a0\u00a0\u00a0\u00a0\u00a0\u00a0\u00a0\u00a0\u00a0\u00a0\u00a0\u00a0\u00a0\u00a0\u00a0\u00a0\u00a0\u00a0\u00a0\u00a0\u00a0\u00a0\u00a0\u00a0\u00a0\u00a0\u00a0\u00a0\u00a0\u00a0\u00a0\u00a0\u00a0\u00a0\u00a0\u00a0\u00a0 Div.\u00a0\u00a0\u00a0\u00a0\u00a0\u00a0\u00a0\u00a0\u00a0\u00a0\u00a0 categor\u00eda<\/p>\n<p>Arely Celeste Estrada Avitia\u00a0\u00a0\u00a0\u00a0\u00a0\u00a0\u00a0\u00a0\u00a0\u00a0\u00a0\u00a0\u00a0\u00a0 55kg\u00a0\u00a0\u00a0\u00a0\u00a0\u00a0\u00a0\u00a0\u00a0\u00a0 Sub-20<\/p>\n<p>Denistey Yareli Espino Torres\u00a0\u00a0\u00a0\u00a0\u00a0\u00a0\u00a0\u00a0\u00a0\u00a0\u00a0 57kg\u00a0\u00a0\u00a0\u00a0\u00a0\u00a0\u00a0\u00a0\u00a0\u00a0 Sub-20<\/p>\n<p>Lluvia Raquel Ruiz Arzola\u00a0\u00a0\u00a0\u00a0\u00a0\u00a0\u00a0\u00a0\u00a0\u00a0\u00a0\u00a0\u00a0\u00a0\u00a0\u00a0\u00a0 59kg\u00a0\u00a0\u00a0\u00a0\u00a0\u00a0\u00a0\u00a0\u00a0\u00a0 Sub-20<\/p>\n<p>Alison Camacho L\u00f3pez\u00a0\u00a0\u00a0\u00a0\u00a0\u00a0\u00a0\u00a0\u00a0\u00a0\u00a0\u00a0\u00a0\u00a0\u00a0\u00a0\u00a0\u00a0\u00a0\u00a0\u00a0 62kg\u00a0\u00a0\u00a0\u00a0\u00a0\u00a0\u00a0\u00a0\u00a0\u00a0 Sub-20<\/p>\n<p>Sof\u00eda Elisa Hinojos Diego\u00a0\u00a0\u00a0\u00a0\u00a0\u00a0\u00a0\u00a0\u00a0 68kg\u00a0\u00a0\u00a0\u00a0\u00a0\u00a0\u00a0\u00a0\u00a0\u00a0 Sub-20<\/p>\n<p>F\u00e9lix Josu\u00e9 Figueroa Garibay\u00a0\u00a0\u00a0\u00a0\u00a0\u00a0\u00a0\u00a0\u00a0\u00a0\u00a0\u00a0 57kg\u00a0\u00a0\u00a0\u00a0\u00a0\u00a0\u00a0\u00a0\u00a0\u00a0 Sub-15<\/p>\n<p>Bernardo Sauceda Escamilla\u00a0\u00a0\u00a0\u00a0\u00a0\u00a0\u00a0\u00a0\u00a0\u00a0\u00a0\u00a0\u00a0 79kg\u00a0\u00a0\u00a0\u00a0\u00a0\u00a0\u00a0\u00a0\u00a0\u00a0 Sub-20<\/p>\n<p>Jennifer Nahomy Ponce Castro\u00a0\u00a0\u00a0\u00a0\u00a0\u00a0\u00a0\u00a0\u00a0 62kg\u00a0\u00a0\u00a0\u00a0\u00a0\u00a0\u00a0\u00a0\u00a0\u00a0 Sub-15<\/p>\n<p>Marcela Ivana Arciniega Olivas 57kg\u00a0\u00a0\u00a0\u00a0\u00a0\u00a0\u00a0\u00a0\u00a0\u00a0 Sub-17<\/p>\n<p>Octavio Adri\u00e1n De la Garza Acosta\u00a0\u00a0\u00a0\u00a0 67kg\u00a0\u00a0\u00a0\u00a0\u00a0\u00a0\u00a0\u00a0\u00a0\u00a0 Sub-20<\/p>\n<p>Carlos Armando Quezada Mart\u00ednez\u00a0\u00a0\u00a0\u00a0 72kg\u00a0\u00a0\u00a0\u00a0\u00a0\u00a0\u00a0\u00a0\u00a0\u00a0 Sub-20<\/p>\n<p>\u00c1ngel Tadeo Ruvalcaba Gonz\u00e1lez\u00a0\u00a0\u00a0\u00a0\u00a0\u00a0 62kg\u00a0\u00a0\u00a0\u00a0\u00a0\u00a0\u00a0\u00a0\u00a0\u00a0 Sub-15<\/p>\n<p>Carlos Isaac Venegas Mu\u00f1oz\u00a0\u00a0\u00a0\u00a0\u00a0\u00a0\u00a0\u00a0\u00a0\u00a0\u00a0\u00a0 68kg\u00a0\u00a0\u00a0\u00a0\u00a0\u00a0\u00a0\u00a0\u00a0\u00a0 Sub-15<\/p>\n<p>Martin Antonio Armenta Duarte<\/p>\n","protected":false},"excerpt":{"rendered":"<p>Un grupo de 14 chihuahuenses logr\u00f3 su clasificaci\u00f3n a los Juegos Nacionales Conade en la disciplina de Luchas Asociadas, tras<\/p>\n","protected":false},"author":1,"featured_media":2112,"comment_status":"closed","ping_status":"open","sticky":false,"template":"","format":"standard","meta":{"footnotes":""},"categories":[5,3],"tags":[],"class_list":["post-2111","post","type-post","status-publish","format-standard","has-post-thumbnail","hentry","category-on","category-sub"],"yoast_head":"<!-- This site is optimized with the Yoast SEO plugin v25.9 - https:\/\/yoast.com\/wordpress\/plugins\/seo\/ -->\n<title>Clasifican 14 deportistas chihuahuenses a etapa nacional de Luchas Asociadas - ICHD<\/title>\n<meta name=\"description\" content=\"Un grupo de 14 chihuahuenses logr\u00f3 su clasificaci\u00f3n a los Juegos Nacionales Conade en la disciplina de Luchas Asociadas, tras obtener su boleto en el Macro Regional que se celebr\u00f3 en Ciudad Ju\u00e1rez\" \/>\n<meta name=\"robots\" content=\"index, follow, max-snippet:-1, max-image-preview:large, max-video-preview:-1\" \/>\n<link rel=\"canonical\" href=\"https:\/\/ichd.mx\/?p=2111\" \/>\n<meta property=\"og:locale\" content=\"es_ES\" \/>\n<meta property=\"og:type\" content=\"article\" \/>\n<meta property=\"og:title\" content=\"Clasifican 14 deportistas chihuahuenses a etapa nacional de Luchas Asociadas - ICHD\" \/>\n<meta property=\"og:description\" content=\"Un grupo de 14 chihuahuenses logr\u00f3 su clasificaci\u00f3n a los Juegos Nacionales Conade en la disciplina de Luchas Asociadas, tras obtener su boleto en el Macro Regional que se celebr\u00f3 en Ciudad Ju\u00e1rez\" \/>\n<meta property=\"og:url\" content=\"https:\/\/ichd.mx\/?p=2111\" \/>\n<meta property=\"og:site_name\" content=\"ICHD\" \/>\n<meta property=\"article:publisher\" content=\"https:\/\/www.facebook.com\/ichdmx\" \/>\n<meta property=\"article:published_time\" content=\"2022-04-19T19:22:26+00:00\" \/>\n<meta property=\"article:modified_time\" content=\"2022-06-01T16:13:19+00:00\" \/>\n<meta property=\"og:image\" content=\"https:\/\/ichd.mx\/wp-content\/uploads\/2022\/04\/LA-1.jpg\" \/>\n\t<meta property=\"og:image:width\" content=\"1599\" \/>\n\t<meta property=\"og:image:height\" content=\"899\" \/>\n\t<meta property=\"og:image:type\" content=\"image\/jpeg\" \/>\n<meta name=\"author\" content=\"Prensa ICHD\" \/>\n<meta name=\"twitter:card\" content=\"summary_large_image\" \/>\n<meta name=\"twitter:creator\" content=\"@ICHDmx\" \/>\n<meta name=\"twitter:site\" content=\"@ICHDmx\" \/>\n<meta name=\"twitter:label1\" content=\"Escrito por\" \/>\n\t<meta name=\"twitter:data1\" content=\"Prensa ICHD\" \/>\n\t<meta name=\"twitter:label2\" content=\"Tiempo de lectura\" \/>\n\t<meta name=\"twitter:data2\" content=\"2 minutos\" \/>\n<script type=\"application\/ld+json\" class=\"yoast-schema-graph\">{\"@context\":\"https:\/\/schema.org\",\"@graph\":[{\"@type\":\"WebPage\",\"@id\":\"https:\/\/ichd.mx\/?p=2111\",\"url\":\"https:\/\/ichd.mx\/?p=2111\",\"name\":\"Clasifican 14 deportistas chihuahuenses a etapa nacional de Luchas Asociadas - ICHD\",\"isPartOf\":{\"@id\":\"https:\/\/ichd.mx\/#website\"},\"primaryImageOfPage\":{\"@id\":\"https:\/\/ichd.mx\/?p=2111#primaryimage\"},\"image\":{\"@id\":\"https:\/\/ichd.mx\/?p=2111#primaryimage\"},\"thumbnailUrl\":\"https:\/\/ichd.mx\/wp-content\/uploads\/2022\/04\/LA-1.jpg\",\"datePublished\":\"2022-04-19T19:22:26+00:00\",\"dateModified\":\"2022-06-01T16:13:19+00:00\",\"author\":{\"@id\":\"https:\/\/ichd.mx\/#\/schema\/person\/f479276b61f414d2c9cb093175585910\"},\"description\":\"Un grupo de 14 chihuahuenses logr\u00f3 su clasificaci\u00f3n a los Juegos Nacionales Conade en la disciplina de Luchas Asociadas, tras obtener su boleto en el Macro Regional que se celebr\u00f3 en Ciudad Ju\u00e1rez\",\"breadcrumb\":{\"@id\":\"https:\/\/ichd.mx\/?p=2111#breadcrumb\"},\"inLanguage\":\"es\",\"potentialAction\":[{\"@type\":\"ReadAction\",\"target\":[\"https:\/\/ichd.mx\/?p=2111\"]}]},{\"@type\":\"ImageObject\",\"inLanguage\":\"es\",\"@id\":\"https:\/\/ichd.mx\/?p=2111#primaryimage\",\"url\":\"https:\/\/ichd.mx\/wp-content\/uploads\/2022\/04\/LA-1.jpg\",\"contentUrl\":\"https:\/\/ichd.mx\/wp-content\/uploads\/2022\/04\/LA-1.jpg\",\"width\":1599,\"height\":899},{\"@type\":\"BreadcrumbList\",\"@id\":\"https:\/\/ichd.mx\/?p=2111#breadcrumb\",\"itemListElement\":[{\"@type\":\"ListItem\",\"position\":1,\"name\":\"Portada\",\"item\":\"https:\/\/ichd.mx\/\"},{\"@type\":\"ListItem\",\"position\":2,\"name\":\"Clasifican 14 deportistas chihuahuenses a etapa nacional de Luchas Asociadas\"}]},{\"@type\":\"WebSite\",\"@id\":\"https:\/\/ichd.mx\/#website\",\"url\":\"https:\/\/ichd.mx\/\",\"name\":\"ICHD\",\"description\":\"Instituto Chihuahuense del Deporte y Cultura F\u00edsica\",\"potentialAction\":[{\"@type\":\"SearchAction\",\"target\":{\"@type\":\"EntryPoint\",\"urlTemplate\":\"https:\/\/ichd.mx\/?s={search_term_string}\"},\"query-input\":{\"@type\":\"PropertyValueSpecification\",\"valueRequired\":true,\"valueName\":\"search_term_string\"}}],\"inLanguage\":\"es\"},{\"@type\":\"Person\",\"@id\":\"https:\/\/ichd.mx\/#\/schema\/person\/f479276b61f414d2c9cb093175585910\",\"name\":\"Prensa ICHD\",\"image\":{\"@type\":\"ImageObject\",\"inLanguage\":\"es\",\"@id\":\"https:\/\/ichd.mx\/#\/schema\/person\/image\/\",\"url\":\"https:\/\/secure.gravatar.com\/avatar\/6046115645d37646586ee77488df800b?s=96&d=mm&r=g\",\"contentUrl\":\"https:\/\/secure.gravatar.com\/avatar\/6046115645d37646586ee77488df800b?s=96&d=mm&r=g\",\"caption\":\"Prensa ICHD\"},\"url\":\"https:\/\/ichd.mx\/?author=1\"}]}<\/script>\n<!-- \/ Yoast SEO plugin. -->","yoast_head_json":{"title":"Clasifican 14 deportistas chihuahuenses a etapa nacional de Luchas Asociadas - ICHD","description":"Un grupo de 14 chihuahuenses logr\u00f3 su clasificaci\u00f3n a los Juegos Nacionales Conade en la disciplina de Luchas Asociadas, tras obtener su boleto en el Macro Regional que se celebr\u00f3 en Ciudad Ju\u00e1rez","robots":{"index":"index","follow":"follow","max-snippet":"max-snippet:-1","max-image-preview":"max-image-preview:large","max-video-preview":"max-video-preview:-1"},"canonical":"https:\/\/ichd.mx\/?p=2111","og_locale":"es_ES","og_type":"article","og_title":"Clasifican 14 deportistas chihuahuenses a etapa nacional de Luchas Asociadas - ICHD","og_description":"Un grupo de 14 chihuahuenses logr\u00f3 su clasificaci\u00f3n a los Juegos Nacionales Conade en la disciplina de Luchas Asociadas, tras obtener su boleto en el Macro Regional que se celebr\u00f3 en Ciudad Ju\u00e1rez","og_url":"https:\/\/ichd.mx\/?p=2111","og_site_name":"ICHD","article_publisher":"https:\/\/www.facebook.com\/ichdmx","article_published_time":"2022-04-19T19:22:26+00:00","article_modified_time":"2022-06-01T16:13:19+00:00","og_image":[{"width":1599,"height":899,"url":"https:\/\/ichd.mx\/wp-content\/uploads\/2022\/04\/LA-1.jpg","type":"image\/jpeg"}],"author":"Prensa ICHD","twitter_card":"summary_large_image","twitter_creator":"@ICHDmx","twitter_site":"@ICHDmx","twitter_misc":{"Escrito por":"Prensa ICHD","Tiempo de lectura":"2 minutos"},"schema":{"@context":"https:\/\/schema.org","@graph":[{"@type":"WebPage","@id":"https:\/\/ichd.mx\/?p=2111","url":"https:\/\/ichd.mx\/?p=2111","name":"Clasifican 14 deportistas chihuahuenses a etapa nacional de Luchas Asociadas - ICHD","isPartOf":{"@id":"https:\/\/ichd.mx\/#website"},"primaryImageOfPage":{"@id":"https:\/\/ichd.mx\/?p=2111#primaryimage"},"image":{"@id":"https:\/\/ichd.mx\/?p=2111#primaryimage"},"thumbnailUrl":"https:\/\/ichd.mx\/wp-content\/uploads\/2022\/04\/LA-1.jpg","datePublished":"2022-04-19T19:22:26+00:00","dateModified":"2022-06-01T16:13:19+00:00","author":{"@id":"https:\/\/ichd.mx\/#\/schema\/person\/f479276b61f414d2c9cb093175585910"},"description":"Un grupo de 14 chihuahuenses logr\u00f3 su clasificaci\u00f3n a los Juegos Nacionales Conade en la disciplina de Luchas Asociadas, tras obtener su boleto en el Macro Regional que se celebr\u00f3 en Ciudad Ju\u00e1rez","breadcrumb":{"@id":"https:\/\/ichd.mx\/?p=2111#breadcrumb"},"inLanguage":"es","potentialAction":[{"@type":"ReadAction","target":["https:\/\/ichd.mx\/?p=2111"]}]},{"@type":"ImageObject","inLanguage":"es","@id":"https:\/\/ichd.mx\/?p=2111#primaryimage","url":"https:\/\/ichd.mx\/wp-content\/uploads\/2022\/04\/LA-1.jpg","contentUrl":"https:\/\/ichd.mx\/wp-content\/uploads\/2022\/04\/LA-1.jpg","width":1599,"height":899},{"@type":"BreadcrumbList","@id":"https:\/\/ichd.mx\/?p=2111#breadcrumb","itemListElement":[{"@type":"ListItem","position":1,"name":"Portada","item":"https:\/\/ichd.mx\/"},{"@type":"ListItem","position":2,"name":"Clasifican 14 deportistas chihuahuenses a etapa nacional de Luchas Asociadas"}]},{"@type":"WebSite","@id":"https:\/\/ichd.mx\/#website","url":"https:\/\/ichd.mx\/","name":"ICHD","description":"Instituto Chihuahuense del Deporte y Cultura F\u00edsica","potentialAction":[{"@type":"SearchAction","target":{"@type":"EntryPoint","urlTemplate":"https:\/\/ichd.mx\/?s={search_term_string}"},"query-input":{"@type":"PropertyValueSpecification","valueRequired":true,"valueName":"search_term_string"}}],"inLanguage":"es"},{"@type":"Person","@id":"https:\/\/ichd.mx\/#\/schema\/person\/f479276b61f414d2c9cb093175585910","name":"Prensa ICHD","image":{"@type":"ImageObject","inLanguage":"es","@id":"https:\/\/ichd.mx\/#\/schema\/person\/image\/","url":"https:\/\/secure.gravatar.com\/avatar\/6046115645d37646586ee77488df800b?s=96&d=mm&r=g","contentUrl":"https:\/\/secure.gravatar.com\/avatar\/6046115645d37646586ee77488df800b?s=96&d=mm&r=g","caption":"Prensa ICHD"},"url":"https:\/\/ichd.mx\/?author=1"}]}},"_links":{"self":[{"href":"https:\/\/ichd.mx\/index.php?rest_route=\/wp\/v2\/posts\/2111","targetHints":{"allow":["GET"]}}],"collection":[{"href":"https:\/\/ichd.mx\/index.php?rest_route=\/wp\/v2\/posts"}],"about":[{"href":"https:\/\/ichd.mx\/index.php?rest_route=\/wp\/v2\/types\/post"}],"author":[{"embeddable":true,"href":"https:\/\/ichd.mx\/index.php?rest_route=\/wp\/v2\/users\/1"}],"replies":[{"embeddable":true,"href":"https:\/\/ichd.mx\/index.php?rest_route=%2Fwp%2Fv2%2Fcomments&post=2111"}],"version-history":[{"count":1,"href":"https:\/\/ichd.mx\/index.php?rest_route=\/wp\/v2\/posts\/2111\/revisions"}],"predecessor-version":[{"id":2113,"href":"https:\/\/ichd.mx\/index.php?rest_route=\/wp\/v2\/posts\/2111\/revisions\/2113"}],"wp:featuredmedia":[{"embeddable":true,"href":"https:\/\/ichd.mx\/index.php?rest_route=\/wp\/v2\/media\/2112"}],"wp:attachment":[{"href":"https:\/\/ichd.mx\/index.php?rest_route=%2Fwp%2Fv2%2Fmedia&parent=2111"}],"wp:term":[{"taxonomy":"category","embeddable":true,"href":"https:\/\/ichd.mx\/index.php?rest_route=%2Fwp%2Fv2%2Fcategories&post=2111"},{"taxonomy":"post_tag","embeddable":true,"href":"https:\/\/ichd.mx\/index.php?rest_route=%2Fwp%2Fv2%2Ftags&post=2111"}],"curies":[{"name":"wp","href":"https:\/\/api.w.org\/{rel}","templated":true}]}}