{"id":2101,"date":"2022-04-01T09:55:08","date_gmt":"2022-04-01T16:55:08","guid":{"rendered":"https:\/\/ichd.mx\/?p=2101"},"modified":"2022-04-19T13:24:30","modified_gmt":"2022-04-19T19:24:30","slug":"motiva-yamileth-mercado-a-ninos-deportistas-en-el-polideportivo-sur","status":"publish","type":"post","link":"https:\/\/ichd.mx\/?p=2101","title":{"rendered":"Motiva Yamileth Mercado a ni\u00f1os deportistas en el Polideportivo Sur"},"content":{"rendered":"<p>La boxeadora cuauhtemense Yamileth Mercado Duarte, ofreci\u00f3 una pl\u00e1tica motivacional a ni\u00f1os y j\u00f3venes que forman parte de las escuelas de iniciaci\u00f3n deportiva del Polideportivo Sur, a quienes habl\u00f3 sobre sus inicios en el mundo del pugilismo y el camino que ha recorrido para llegar a ser campeona del mundo.<\/p>\n<p>La monarca de la categor\u00eda S\u00fapergallo del Consejo Mundial de Boxeo (CMB), se\u00f1al\u00f3 que gracias al deporte tiene la oportunidad de tener una buena salud y condici\u00f3n f\u00edsica, y que ha logrado destacar gracias a su esfuerzo constante.<\/p>\n<p>El Instituto Chihuahuense del Deporte y Cultura F\u00edsica, inform\u00f3 que la pl\u00e1tica se desarroll\u00f3 en la v\u00edspera de la pelea que Mercado sostendr\u00e1 este s\u00e1bado 2 de abril, ante Isis \u201cla emperatriz\u201d Vargas, con quien expondr\u00e1 el cetro que hoy ostenta.<\/p>\n<p>La funci\u00f3n inicia en punto de las 17:00 horas y se desarrollar\u00e1 en el gimnasio Rodrigo M. Quevedo.<\/p>\n<p>Record\u00f3 que empez\u00f3 a practicar boxeo en ciudad Cuauht\u00e9moc a los 11 a\u00f1os de edad y era la \u00fanica mujer que acud\u00eda a entrenar. En dicha etapa empez\u00f3 a enfrentar a las campeonas de la Olimpiada Nacional.<\/p>\n<p>\u201cFue una etapa que disfrut\u00e9 mucho, el nivel amateur forj\u00f3 mi car\u00e1cter y enfoque en el deporte, de la mano siempre con mis estudios\u201d, indic\u00f3 a los j\u00f3venes presentes.<\/p>\n<p>Exhort\u00f3 adem\u00e1s a los padres de familia a seguir apoyando a sus hijos, \u201cmi motor m\u00e1s importante es mi familia, porque me impulsaron y me han ayudado a cumplir mis sue\u00f1os, me animan a no desistir\u201d, abund\u00f3.<\/p>\n<p>Yamileth es la primera mujer campeona del mundo originaria de Chihuahua. Actualmente tiene r\u00e9cord de 18 peleas ganadas (5 nocauts), 3 derrotas y 0 empates.<\/p>\n","protected":false},"excerpt":{"rendered":"<p>La boxeadora cuauhtemense Yamileth Mercado Duarte, ofreci\u00f3 una pl\u00e1tica motivacional a ni\u00f1os y j\u00f3venes que forman parte de las escuelas<\/p>\n","protected":false},"author":1,"featured_media":2102,"comment_status":"closed","ping_status":"open","sticky":false,"template":"","format":"standard","meta":{"footnotes":""},"categories":[8,3],"tags":[],"class_list":["post-2101","post","type-post","status-publish","format-standard","has-post-thumbnail","hentry","category-gral","category-sub"],"yoast_head":"<!-- This site is optimized with the Yoast SEO plugin v25.9 - https:\/\/yoast.com\/wordpress\/plugins\/seo\/ -->\n<title>Motiva Yamileth Mercado a ni\u00f1os deportistas en el Polideportivo Sur - ICHD<\/title>\n<meta name=\"description\" content=\"Este s\u00e1bado 2 de abril expone su cetro mundial S\u00fapergallo, del Consejo Mundial de boxeo, ante Isis \u201cla emperatriz\u201d Vargas, en el gimnasio Rodrigo M. Quevedo.\" \/>\n<meta name=\"robots\" content=\"index, follow, max-snippet:-1, max-image-preview:large, max-video-preview:-1\" \/>\n<link rel=\"canonical\" href=\"https:\/\/ichd.mx\/?p=2101\" \/>\n<meta property=\"og:locale\" content=\"es_ES\" \/>\n<meta property=\"og:type\" content=\"article\" \/>\n<meta property=\"og:title\" content=\"Motiva Yamileth Mercado a ni\u00f1os deportistas en el Polideportivo Sur - ICHD\" \/>\n<meta property=\"og:description\" content=\"Este s\u00e1bado 2 de abril expone su cetro mundial S\u00fapergallo, del Consejo Mundial de boxeo, ante Isis \u201cla emperatriz\u201d Vargas, en el gimnasio Rodrigo M. Quevedo.\" \/>\n<meta property=\"og:url\" content=\"https:\/\/ichd.mx\/?p=2101\" \/>\n<meta property=\"og:site_name\" content=\"ICHD\" \/>\n<meta property=\"article:publisher\" content=\"https:\/\/www.facebook.com\/ichdmx\" \/>\n<meta property=\"article:published_time\" content=\"2022-04-01T16:55:08+00:00\" \/>\n<meta property=\"article:modified_time\" content=\"2022-04-19T19:24:30+00:00\" \/>\n<meta property=\"og:image\" content=\"https:\/\/ichd.mx\/wp-content\/uploads\/2022\/04\/Platica-motivacional-Yamileth-Mercado-1.jpeg\" \/>\n\t<meta property=\"og:image:width\" content=\"1280\" \/>\n\t<meta property=\"og:image:height\" content=\"853\" \/>\n\t<meta property=\"og:image:type\" content=\"image\/jpeg\" \/>\n<meta name=\"author\" content=\"Prensa ICHD\" \/>\n<meta name=\"twitter:card\" content=\"summary_large_image\" \/>\n<meta name=\"twitter:creator\" content=\"@ICHDmx\" \/>\n<meta name=\"twitter:site\" content=\"@ICHDmx\" \/>\n<meta name=\"twitter:label1\" content=\"Escrito por\" \/>\n\t<meta name=\"twitter:data1\" content=\"Prensa ICHD\" \/>\n\t<meta name=\"twitter:label2\" content=\"Tiempo de lectura\" \/>\n\t<meta name=\"twitter:data2\" content=\"1 minuto\" \/>\n<script type=\"application\/ld+json\" class=\"yoast-schema-graph\">{\"@context\":\"https:\/\/schema.org\",\"@graph\":[{\"@type\":\"WebPage\",\"@id\":\"https:\/\/ichd.mx\/?p=2101\",\"url\":\"https:\/\/ichd.mx\/?p=2101\",\"name\":\"Motiva Yamileth Mercado a ni\u00f1os deportistas en el Polideportivo Sur - ICHD\",\"isPartOf\":{\"@id\":\"https:\/\/ichd.mx\/#website\"},\"primaryImageOfPage\":{\"@id\":\"https:\/\/ichd.mx\/?p=2101#primaryimage\"},\"image\":{\"@id\":\"https:\/\/ichd.mx\/?p=2101#primaryimage\"},\"thumbnailUrl\":\"https:\/\/ichd.mx\/wp-content\/uploads\/2022\/04\/Platica-motivacional-Yamileth-Mercado-1.jpeg\",\"datePublished\":\"2022-04-01T16:55:08+00:00\",\"dateModified\":\"2022-04-19T19:24:30+00:00\",\"author\":{\"@id\":\"https:\/\/ichd.mx\/#\/schema\/person\/f479276b61f414d2c9cb093175585910\"},\"description\":\"Este s\u00e1bado 2 de abril expone su cetro mundial S\u00fapergallo, del Consejo Mundial de boxeo, ante Isis \u201cla emperatriz\u201d Vargas, en el gimnasio Rodrigo M. Quevedo.\",\"breadcrumb\":{\"@id\":\"https:\/\/ichd.mx\/?p=2101#breadcrumb\"},\"inLanguage\":\"es\",\"potentialAction\":[{\"@type\":\"ReadAction\",\"target\":[\"https:\/\/ichd.mx\/?p=2101\"]}]},{\"@type\":\"ImageObject\",\"inLanguage\":\"es\",\"@id\":\"https:\/\/ichd.mx\/?p=2101#primaryimage\",\"url\":\"https:\/\/ichd.mx\/wp-content\/uploads\/2022\/04\/Platica-motivacional-Yamileth-Mercado-1.jpeg\",\"contentUrl\":\"https:\/\/ichd.mx\/wp-content\/uploads\/2022\/04\/Platica-motivacional-Yamileth-Mercado-1.jpeg\",\"width\":1280,\"height\":853},{\"@type\":\"BreadcrumbList\",\"@id\":\"https:\/\/ichd.mx\/?p=2101#breadcrumb\",\"itemListElement\":[{\"@type\":\"ListItem\",\"position\":1,\"name\":\"Portada\",\"item\":\"https:\/\/ichd.mx\/\"},{\"@type\":\"ListItem\",\"position\":2,\"name\":\"Motiva Yamileth Mercado a ni\u00f1os deportistas en el Polideportivo Sur\"}]},{\"@type\":\"WebSite\",\"@id\":\"https:\/\/ichd.mx\/#website\",\"url\":\"https:\/\/ichd.mx\/\",\"name\":\"ICHD\",\"description\":\"Instituto Chihuahuense del Deporte y Cultura F\u00edsica\",\"potentialAction\":[{\"@type\":\"SearchAction\",\"target\":{\"@type\":\"EntryPoint\",\"urlTemplate\":\"https:\/\/ichd.mx\/?s={search_term_string}\"},\"query-input\":{\"@type\":\"PropertyValueSpecification\",\"valueRequired\":true,\"valueName\":\"search_term_string\"}}],\"inLanguage\":\"es\"},{\"@type\":\"Person\",\"@id\":\"https:\/\/ichd.mx\/#\/schema\/person\/f479276b61f414d2c9cb093175585910\",\"name\":\"Prensa ICHD\",\"image\":{\"@type\":\"ImageObject\",\"inLanguage\":\"es\",\"@id\":\"https:\/\/ichd.mx\/#\/schema\/person\/image\/\",\"url\":\"https:\/\/secure.gravatar.com\/avatar\/6046115645d37646586ee77488df800b?s=96&d=mm&r=g\",\"contentUrl\":\"https:\/\/secure.gravatar.com\/avatar\/6046115645d37646586ee77488df800b?s=96&d=mm&r=g\",\"caption\":\"Prensa ICHD\"},\"url\":\"https:\/\/ichd.mx\/?author=1\"}]}<\/script>\n<!-- \/ Yoast SEO plugin. -->","yoast_head_json":{"title":"Motiva Yamileth Mercado a ni\u00f1os deportistas en el Polideportivo Sur - ICHD","description":"Este s\u00e1bado 2 de abril expone su cetro mundial S\u00fapergallo, del Consejo Mundial de boxeo, ante Isis \u201cla emperatriz\u201d Vargas, en el gimnasio Rodrigo M. Quevedo.","robots":{"index":"index","follow":"follow","max-snippet":"max-snippet:-1","max-image-preview":"max-image-preview:large","max-video-preview":"max-video-preview:-1"},"canonical":"https:\/\/ichd.mx\/?p=2101","og_locale":"es_ES","og_type":"article","og_title":"Motiva Yamileth Mercado a ni\u00f1os deportistas en el Polideportivo Sur - ICHD","og_description":"Este s\u00e1bado 2 de abril expone su cetro mundial S\u00fapergallo, del Consejo Mundial de boxeo, ante Isis \u201cla emperatriz\u201d Vargas, en el gimnasio Rodrigo M. Quevedo.","og_url":"https:\/\/ichd.mx\/?p=2101","og_site_name":"ICHD","article_publisher":"https:\/\/www.facebook.com\/ichdmx","article_published_time":"2022-04-01T16:55:08+00:00","article_modified_time":"2022-04-19T19:24:30+00:00","og_image":[{"width":1280,"height":853,"url":"https:\/\/ichd.mx\/wp-content\/uploads\/2022\/04\/Platica-motivacional-Yamileth-Mercado-1.jpeg","type":"image\/jpeg"}],"author":"Prensa ICHD","twitter_card":"summary_large_image","twitter_creator":"@ICHDmx","twitter_site":"@ICHDmx","twitter_misc":{"Escrito por":"Prensa ICHD","Tiempo de lectura":"1 minuto"},"schema":{"@context":"https:\/\/schema.org","@graph":[{"@type":"WebPage","@id":"https:\/\/ichd.mx\/?p=2101","url":"https:\/\/ichd.mx\/?p=2101","name":"Motiva Yamileth Mercado a ni\u00f1os deportistas en el Polideportivo Sur - ICHD","isPartOf":{"@id":"https:\/\/ichd.mx\/#website"},"primaryImageOfPage":{"@id":"https:\/\/ichd.mx\/?p=2101#primaryimage"},"image":{"@id":"https:\/\/ichd.mx\/?p=2101#primaryimage"},"thumbnailUrl":"https:\/\/ichd.mx\/wp-content\/uploads\/2022\/04\/Platica-motivacional-Yamileth-Mercado-1.jpeg","datePublished":"2022-04-01T16:55:08+00:00","dateModified":"2022-04-19T19:24:30+00:00","author":{"@id":"https:\/\/ichd.mx\/#\/schema\/person\/f479276b61f414d2c9cb093175585910"},"description":"Este s\u00e1bado 2 de abril expone su cetro mundial S\u00fapergallo, del Consejo Mundial de boxeo, ante Isis \u201cla emperatriz\u201d Vargas, en el gimnasio Rodrigo M. Quevedo.","breadcrumb":{"@id":"https:\/\/ichd.mx\/?p=2101#breadcrumb"},"inLanguage":"es","potentialAction":[{"@type":"ReadAction","target":["https:\/\/ichd.mx\/?p=2101"]}]},{"@type":"ImageObject","inLanguage":"es","@id":"https:\/\/ichd.mx\/?p=2101#primaryimage","url":"https:\/\/ichd.mx\/wp-content\/uploads\/2022\/04\/Platica-motivacional-Yamileth-Mercado-1.jpeg","contentUrl":"https:\/\/ichd.mx\/wp-content\/uploads\/2022\/04\/Platica-motivacional-Yamileth-Mercado-1.jpeg","width":1280,"height":853},{"@type":"BreadcrumbList","@id":"https:\/\/ichd.mx\/?p=2101#breadcrumb","itemListElement":[{"@type":"ListItem","position":1,"name":"Portada","item":"https:\/\/ichd.mx\/"},{"@type":"ListItem","position":2,"name":"Motiva Yamileth Mercado a ni\u00f1os deportistas en el Polideportivo Sur"}]},{"@type":"WebSite","@id":"https:\/\/ichd.mx\/#website","url":"https:\/\/ichd.mx\/","name":"ICHD","description":"Instituto Chihuahuense del Deporte y Cultura F\u00edsica","potentialAction":[{"@type":"SearchAction","target":{"@type":"EntryPoint","urlTemplate":"https:\/\/ichd.mx\/?s={search_term_string}"},"query-input":{"@type":"PropertyValueSpecification","valueRequired":true,"valueName":"search_term_string"}}],"inLanguage":"es"},{"@type":"Person","@id":"https:\/\/ichd.mx\/#\/schema\/person\/f479276b61f414d2c9cb093175585910","name":"Prensa ICHD","image":{"@type":"ImageObject","inLanguage":"es","@id":"https:\/\/ichd.mx\/#\/schema\/person\/image\/","url":"https:\/\/secure.gravatar.com\/avatar\/6046115645d37646586ee77488df800b?s=96&d=mm&r=g","contentUrl":"https:\/\/secure.gravatar.com\/avatar\/6046115645d37646586ee77488df800b?s=96&d=mm&r=g","caption":"Prensa ICHD"},"url":"https:\/\/ichd.mx\/?author=1"}]}},"_links":{"self":[{"href":"https:\/\/ichd.mx\/index.php?rest_route=\/wp\/v2\/posts\/2101","targetHints":{"allow":["GET"]}}],"collection":[{"href":"https:\/\/ichd.mx\/index.php?rest_route=\/wp\/v2\/posts"}],"about":[{"href":"https:\/\/ichd.mx\/index.php?rest_route=\/wp\/v2\/types\/post"}],"author":[{"embeddable":true,"href":"https:\/\/ichd.mx\/index.php?rest_route=\/wp\/v2\/users\/1"}],"replies":[{"embeddable":true,"href":"https:\/\/ichd.mx\/index.php?rest_route=%2Fwp%2Fv2%2Fcomments&post=2101"}],"version-history":[{"count":1,"href":"https:\/\/ichd.mx\/index.php?rest_route=\/wp\/v2\/posts\/2101\/revisions"}],"predecessor-version":[{"id":2103,"href":"https:\/\/ichd.mx\/index.php?rest_route=\/wp\/v2\/posts\/2101\/revisions\/2103"}],"wp:featuredmedia":[{"embeddable":true,"href":"https:\/\/ichd.mx\/index.php?rest_route=\/wp\/v2\/media\/2102"}],"wp:attachment":[{"href":"https:\/\/ichd.mx\/index.php?rest_route=%2Fwp%2Fv2%2Fmedia&parent=2101"}],"wp:term":[{"taxonomy":"category","embeddable":true,"href":"https:\/\/ichd.mx\/index.php?rest_route=%2Fwp%2Fv2%2Fcategories&post=2101"},{"taxonomy":"post_tag","embeddable":true,"href":"https:\/\/ichd.mx\/index.php?rest_route=%2Fwp%2Fv2%2Ftags&post=2101"}],"curies":[{"name":"wp","href":"https:\/\/api.w.org\/{rel}","templated":true}]}}