{"id":2098,"date":"2022-04-01T14:13:26","date_gmt":"2022-04-01T21:13:26","guid":{"rendered":"https:\/\/ichd.mx\/?p=2098"},"modified":"2022-04-19T13:24:24","modified_gmt":"2022-04-19T19:24:24","slug":"inicia-la-semana-nacional-de-la-cultura-fisica-y-el-deporte","status":"publish","type":"post","link":"https:\/\/ichd.mx\/?p=2098","title":{"rendered":"Inicia la Semana Nacional de la Cultura F\u00edsica y el Deporte"},"content":{"rendered":"<p>Esta ma\u00f1ana iniciaron las actividades de la Semana Nacional de la Cultura F\u00edsica y el Deporte con activaciones f\u00edsicas simult\u00e1neas en diversos planteles educativos de nivel b\u00e1sico de los subsistemas estatal y federal en el Estado de Chihuahua.<\/p>\n<p>Con la atleta paral\u00edmpica Daniela Mart\u00ednez (Para-Taekwondo) como embajadora de la Semana Nacional de Cultura F\u00edsica y Deporte, este evento se realizar\u00e1 a partir de hoy y hasta el 7 de abril con el objetivo de fomentar la actividad f\u00edsica desde los ni\u00f1os, j\u00f3venes y adultos mayores.<\/p>\n<p>Entre otras escuelas participantes en esta competencia est\u00e1n la primaria Cecilio Polanco de Vistas del Norte, la primaria Manuela Medina, ubicada en la Zona Centro de la Capital y la primaria Elisa Griensen, de Santa Eulalia.<\/p>\n<p>Las actividades se realizan en coordinaci\u00f3n con personal de Servicios Educativos del Estado de Chihuahua (SEECH) y de los 67 municipios del estado a trav\u00e9s de los directores locales del deporte.<\/p>\n<p>Cada instituto o comit\u00e9 municipal del deporte, tendr\u00e1 su propia programaci\u00f3n y actividades de manera abierta para la poblaci\u00f3n de su localidad.<\/p>\n<p>Este fin de semana, en la ciudad de Chihuahua se realizar\u00e1 un torneo ind\u00edgena de b\u00e1squetbol y f\u00fatbol en la Unidad Deportiva de la Colonia Campesina, de igual manera, los promotores y profesores de escuelas de iniciaci\u00f3n deportiva tendr\u00e1n actividad.<\/p>\n","protected":false},"excerpt":{"rendered":"<p>Esta ma\u00f1ana iniciaron las actividades de la Semana Nacional de la Cultura F\u00edsica y el Deporte con activaciones f\u00edsicas simult\u00e1neas<\/p>\n","protected":false},"author":1,"featured_media":2099,"comment_status":"closed","ping_status":"open","sticky":false,"template":"","format":"standard","meta":{"footnotes":""},"categories":[8,3],"tags":[],"class_list":["post-2098","post","type-post","status-publish","format-standard","has-post-thumbnail","hentry","category-gral","category-sub"],"yoast_head":"<!-- This site is optimized with the Yoast SEO plugin v25.9 - https:\/\/yoast.com\/wordpress\/plugins\/seo\/ -->\n<title>Inicia la Semana Nacional de la Cultura F\u00edsica y el Deporte - ICHD<\/title>\n<meta name=\"description\" content=\"Habr\u00e1 actividades hasta el 7 de abril con participaci\u00f3n de escuelas de nivel b\u00e1sico y personal de los 67 ayuntamientos.\" \/>\n<meta name=\"robots\" content=\"index, follow, max-snippet:-1, max-image-preview:large, max-video-preview:-1\" \/>\n<link rel=\"canonical\" href=\"https:\/\/ichd.mx\/?p=2098\" \/>\n<meta property=\"og:locale\" content=\"es_ES\" \/>\n<meta property=\"og:type\" content=\"article\" \/>\n<meta property=\"og:title\" content=\"Inicia la Semana Nacional de la Cultura F\u00edsica y el Deporte - ICHD\" \/>\n<meta property=\"og:description\" content=\"Habr\u00e1 actividades hasta el 7 de abril con participaci\u00f3n de escuelas de nivel b\u00e1sico y personal de los 67 ayuntamientos.\" \/>\n<meta property=\"og:url\" content=\"https:\/\/ichd.mx\/?p=2098\" \/>\n<meta property=\"og:site_name\" content=\"ICHD\" \/>\n<meta property=\"article:publisher\" content=\"https:\/\/www.facebook.com\/ichdmx\" \/>\n<meta property=\"article:published_time\" content=\"2022-04-01T21:13:26+00:00\" \/>\n<meta property=\"article:modified_time\" content=\"2022-04-19T19:24:24+00:00\" \/>\n<meta property=\"og:image\" content=\"https:\/\/ichd.mx\/wp-content\/uploads\/2022\/04\/Activacio\u0301n-fi\u0301sica-escolar-SMCFYD-5.jpeg\" \/>\n\t<meta property=\"og:image:width\" content=\"1280\" \/>\n\t<meta property=\"og:image:height\" content=\"853\" \/>\n\t<meta property=\"og:image:type\" content=\"image\/jpeg\" \/>\n<meta name=\"author\" content=\"Prensa ICHD\" \/>\n<meta name=\"twitter:card\" content=\"summary_large_image\" \/>\n<meta name=\"twitter:creator\" content=\"@ICHDmx\" \/>\n<meta name=\"twitter:site\" content=\"@ICHDmx\" \/>\n<meta name=\"twitter:label1\" content=\"Escrito por\" \/>\n\t<meta name=\"twitter:data1\" content=\"Prensa ICHD\" \/>\n\t<meta name=\"twitter:label2\" content=\"Tiempo de lectura\" \/>\n\t<meta name=\"twitter:data2\" content=\"1 minuto\" \/>\n<script type=\"application\/ld+json\" class=\"yoast-schema-graph\">{\"@context\":\"https:\/\/schema.org\",\"@graph\":[{\"@type\":\"WebPage\",\"@id\":\"https:\/\/ichd.mx\/?p=2098\",\"url\":\"https:\/\/ichd.mx\/?p=2098\",\"name\":\"Inicia la Semana Nacional de la Cultura F\u00edsica y el Deporte - ICHD\",\"isPartOf\":{\"@id\":\"https:\/\/ichd.mx\/#website\"},\"primaryImageOfPage\":{\"@id\":\"https:\/\/ichd.mx\/?p=2098#primaryimage\"},\"image\":{\"@id\":\"https:\/\/ichd.mx\/?p=2098#primaryimage\"},\"thumbnailUrl\":\"https:\/\/ichd.mx\/wp-content\/uploads\/2022\/04\/Activacio\u0301n-fi\u0301sica-escolar-SMCFYD-5.jpeg\",\"datePublished\":\"2022-04-01T21:13:26+00:00\",\"dateModified\":\"2022-04-19T19:24:24+00:00\",\"author\":{\"@id\":\"https:\/\/ichd.mx\/#\/schema\/person\/f479276b61f414d2c9cb093175585910\"},\"description\":\"Habr\u00e1 actividades hasta el 7 de abril con participaci\u00f3n de escuelas de nivel b\u00e1sico y personal de los 67 ayuntamientos.\",\"breadcrumb\":{\"@id\":\"https:\/\/ichd.mx\/?p=2098#breadcrumb\"},\"inLanguage\":\"es\",\"potentialAction\":[{\"@type\":\"ReadAction\",\"target\":[\"https:\/\/ichd.mx\/?p=2098\"]}]},{\"@type\":\"ImageObject\",\"inLanguage\":\"es\",\"@id\":\"https:\/\/ichd.mx\/?p=2098#primaryimage\",\"url\":\"https:\/\/ichd.mx\/wp-content\/uploads\/2022\/04\/Activacio\u0301n-fi\u0301sica-escolar-SMCFYD-5.jpeg\",\"contentUrl\":\"https:\/\/ichd.mx\/wp-content\/uploads\/2022\/04\/Activacio\u0301n-fi\u0301sica-escolar-SMCFYD-5.jpeg\",\"width\":1280,\"height\":853},{\"@type\":\"BreadcrumbList\",\"@id\":\"https:\/\/ichd.mx\/?p=2098#breadcrumb\",\"itemListElement\":[{\"@type\":\"ListItem\",\"position\":1,\"name\":\"Portada\",\"item\":\"https:\/\/ichd.mx\/\"},{\"@type\":\"ListItem\",\"position\":2,\"name\":\"Inicia la Semana Nacional de la Cultura F\u00edsica y el Deporte\"}]},{\"@type\":\"WebSite\",\"@id\":\"https:\/\/ichd.mx\/#website\",\"url\":\"https:\/\/ichd.mx\/\",\"name\":\"ICHD\",\"description\":\"Instituto Chihuahuense del Deporte y Cultura F\u00edsica\",\"potentialAction\":[{\"@type\":\"SearchAction\",\"target\":{\"@type\":\"EntryPoint\",\"urlTemplate\":\"https:\/\/ichd.mx\/?s={search_term_string}\"},\"query-input\":{\"@type\":\"PropertyValueSpecification\",\"valueRequired\":true,\"valueName\":\"search_term_string\"}}],\"inLanguage\":\"es\"},{\"@type\":\"Person\",\"@id\":\"https:\/\/ichd.mx\/#\/schema\/person\/f479276b61f414d2c9cb093175585910\",\"name\":\"Prensa ICHD\",\"image\":{\"@type\":\"ImageObject\",\"inLanguage\":\"es\",\"@id\":\"https:\/\/ichd.mx\/#\/schema\/person\/image\/\",\"url\":\"https:\/\/secure.gravatar.com\/avatar\/6046115645d37646586ee77488df800b?s=96&d=mm&r=g\",\"contentUrl\":\"https:\/\/secure.gravatar.com\/avatar\/6046115645d37646586ee77488df800b?s=96&d=mm&r=g\",\"caption\":\"Prensa ICHD\"},\"url\":\"https:\/\/ichd.mx\/?author=1\"}]}<\/script>\n<!-- \/ Yoast SEO plugin. -->","yoast_head_json":{"title":"Inicia la Semana Nacional de la Cultura F\u00edsica y el Deporte - ICHD","description":"Habr\u00e1 actividades hasta el 7 de abril con participaci\u00f3n de escuelas de nivel b\u00e1sico y personal de los 67 ayuntamientos.","robots":{"index":"index","follow":"follow","max-snippet":"max-snippet:-1","max-image-preview":"max-image-preview:large","max-video-preview":"max-video-preview:-1"},"canonical":"https:\/\/ichd.mx\/?p=2098","og_locale":"es_ES","og_type":"article","og_title":"Inicia la Semana Nacional de la Cultura F\u00edsica y el Deporte - ICHD","og_description":"Habr\u00e1 actividades hasta el 7 de abril con participaci\u00f3n de escuelas de nivel b\u00e1sico y personal de los 67 ayuntamientos.","og_url":"https:\/\/ichd.mx\/?p=2098","og_site_name":"ICHD","article_publisher":"https:\/\/www.facebook.com\/ichdmx","article_published_time":"2022-04-01T21:13:26+00:00","article_modified_time":"2022-04-19T19:24:24+00:00","og_image":[{"width":1280,"height":853,"url":"https:\/\/ichd.mx\/wp-content\/uploads\/2022\/04\/Activacio\u0301n-fi\u0301sica-escolar-SMCFYD-5.jpeg","type":"image\/jpeg"}],"author":"Prensa ICHD","twitter_card":"summary_large_image","twitter_creator":"@ICHDmx","twitter_site":"@ICHDmx","twitter_misc":{"Escrito por":"Prensa ICHD","Tiempo de lectura":"1 minuto"},"schema":{"@context":"https:\/\/schema.org","@graph":[{"@type":"WebPage","@id":"https:\/\/ichd.mx\/?p=2098","url":"https:\/\/ichd.mx\/?p=2098","name":"Inicia la Semana Nacional de la Cultura F\u00edsica y el Deporte - ICHD","isPartOf":{"@id":"https:\/\/ichd.mx\/#website"},"primaryImageOfPage":{"@id":"https:\/\/ichd.mx\/?p=2098#primaryimage"},"image":{"@id":"https:\/\/ichd.mx\/?p=2098#primaryimage"},"thumbnailUrl":"https:\/\/ichd.mx\/wp-content\/uploads\/2022\/04\/Activacio\u0301n-fi\u0301sica-escolar-SMCFYD-5.jpeg","datePublished":"2022-04-01T21:13:26+00:00","dateModified":"2022-04-19T19:24:24+00:00","author":{"@id":"https:\/\/ichd.mx\/#\/schema\/person\/f479276b61f414d2c9cb093175585910"},"description":"Habr\u00e1 actividades hasta el 7 de abril con participaci\u00f3n de escuelas de nivel b\u00e1sico y personal de los 67 ayuntamientos.","breadcrumb":{"@id":"https:\/\/ichd.mx\/?p=2098#breadcrumb"},"inLanguage":"es","potentialAction":[{"@type":"ReadAction","target":["https:\/\/ichd.mx\/?p=2098"]}]},{"@type":"ImageObject","inLanguage":"es","@id":"https:\/\/ichd.mx\/?p=2098#primaryimage","url":"https:\/\/ichd.mx\/wp-content\/uploads\/2022\/04\/Activacio\u0301n-fi\u0301sica-escolar-SMCFYD-5.jpeg","contentUrl":"https:\/\/ichd.mx\/wp-content\/uploads\/2022\/04\/Activacio\u0301n-fi\u0301sica-escolar-SMCFYD-5.jpeg","width":1280,"height":853},{"@type":"BreadcrumbList","@id":"https:\/\/ichd.mx\/?p=2098#breadcrumb","itemListElement":[{"@type":"ListItem","position":1,"name":"Portada","item":"https:\/\/ichd.mx\/"},{"@type":"ListItem","position":2,"name":"Inicia la Semana Nacional de la Cultura F\u00edsica y el Deporte"}]},{"@type":"WebSite","@id":"https:\/\/ichd.mx\/#website","url":"https:\/\/ichd.mx\/","name":"ICHD","description":"Instituto Chihuahuense del Deporte y Cultura F\u00edsica","potentialAction":[{"@type":"SearchAction","target":{"@type":"EntryPoint","urlTemplate":"https:\/\/ichd.mx\/?s={search_term_string}"},"query-input":{"@type":"PropertyValueSpecification","valueRequired":true,"valueName":"search_term_string"}}],"inLanguage":"es"},{"@type":"Person","@id":"https:\/\/ichd.mx\/#\/schema\/person\/f479276b61f414d2c9cb093175585910","name":"Prensa ICHD","image":{"@type":"ImageObject","inLanguage":"es","@id":"https:\/\/ichd.mx\/#\/schema\/person\/image\/","url":"https:\/\/secure.gravatar.com\/avatar\/6046115645d37646586ee77488df800b?s=96&d=mm&r=g","contentUrl":"https:\/\/secure.gravatar.com\/avatar\/6046115645d37646586ee77488df800b?s=96&d=mm&r=g","caption":"Prensa ICHD"},"url":"https:\/\/ichd.mx\/?author=1"}]}},"_links":{"self":[{"href":"https:\/\/ichd.mx\/index.php?rest_route=\/wp\/v2\/posts\/2098","targetHints":{"allow":["GET"]}}],"collection":[{"href":"https:\/\/ichd.mx\/index.php?rest_route=\/wp\/v2\/posts"}],"about":[{"href":"https:\/\/ichd.mx\/index.php?rest_route=\/wp\/v2\/types\/post"}],"author":[{"embeddable":true,"href":"https:\/\/ichd.mx\/index.php?rest_route=\/wp\/v2\/users\/1"}],"replies":[{"embeddable":true,"href":"https:\/\/ichd.mx\/index.php?rest_route=%2Fwp%2Fv2%2Fcomments&post=2098"}],"version-history":[{"count":1,"href":"https:\/\/ichd.mx\/index.php?rest_route=\/wp\/v2\/posts\/2098\/revisions"}],"predecessor-version":[{"id":2100,"href":"https:\/\/ichd.mx\/index.php?rest_route=\/wp\/v2\/posts\/2098\/revisions\/2100"}],"wp:featuredmedia":[{"embeddable":true,"href":"https:\/\/ichd.mx\/index.php?rest_route=\/wp\/v2\/media\/2099"}],"wp:attachment":[{"href":"https:\/\/ichd.mx\/index.php?rest_route=%2Fwp%2Fv2%2Fmedia&parent=2098"}],"wp:term":[{"taxonomy":"category","embeddable":true,"href":"https:\/\/ichd.mx\/index.php?rest_route=%2Fwp%2Fv2%2Fcategories&post=2098"},{"taxonomy":"post_tag","embeddable":true,"href":"https:\/\/ichd.mx\/index.php?rest_route=%2Fwp%2Fv2%2Ftags&post=2098"}],"curies":[{"name":"wp","href":"https:\/\/api.w.org\/{rel}","templated":true}]}}