{"id":2092,"date":"2022-03-30T20:24:29","date_gmt":"2022-03-31T03:24:29","guid":{"rendered":"https:\/\/ichd.mx\/?p=2092"},"modified":"2022-04-13T12:41:04","modified_gmt":"2022-04-13T18:41:04","slug":"anuncian-actividades-de-la-semana-nacional-de-la-cultura-fisica-y-el-deporte","status":"publish","type":"post","link":"https:\/\/ichd.mx\/?p=2092","title":{"rendered":"Anuncian actividades de la Semana Nacional de la Cultura F\u00edsica y el Deporte"},"content":{"rendered":"<p>El Instituto Chihuahuense del Deporte y Cultura F\u00edsica, dio a conocer el programa de actividades que se desarrollar\u00e1n como parte de la Semana Nacional de la Cultura F\u00edsica y el Deporte, que se realizar\u00e1 del 1 al 7 de abril.<\/p>\n<p>La titular de la dependencia, inform\u00f3 que estas acciones tienen como finalidad promover, fomentar y estimular la actividad f\u00edsica entre la poblaci\u00f3n a trav\u00e9s de distintas actividades.<\/p>\n<p>\u201cComo sociedad siempre nos debe de preocupar que llegue el bienestar a nuestras familias, es por eso que, en materia de salud, sabemos que lo mejor para prevenir y reducir enfermedades es el deporte, porque contribuye a tener una vida sana y alegre\u201d, coment\u00f3 en rueda de prensa.<\/p>\n<p>Explic\u00f3 que las actividades se realizan en coordinaci\u00f3n con personal de Servicios Educativos del Estado de Chihuahua (SEECH) y de los 67 municipios del estado, a trav\u00e9s de los directores locales del deporte.<\/p>\n<p>\u201cHemos hecho una importante mancuerna y juntos seguiremos impulsando la cultura f\u00edsica equitativa, para que el deporte y la actividad f\u00edsica sean accesibles para todos nuestros ni\u00f1os, j\u00f3venes y sus familias\u201d, extern\u00f3 la funcionaria.<\/p>\n<p>El arranque de la Semana Nacional ser\u00e1 este viernes 1 de abril, con activaciones f\u00edsicas escolares de manera simult\u00e1nea en planteles de educaci\u00f3n b\u00e1sica.<\/p>\n<p>Para el mi\u00e9rcoles 6 de abril, fecha en que se conmemora el D\u00eda Mundial de la Actividad F\u00edsica, se llevar\u00e1 a cabo el arranque del programa \u201cJunt@s en el Deporte Escolar\u201d, se har\u00e1 una bicicleteada en escuelas de nivel b\u00e1sico de El Sauz, localidad seccional del municipio de Chihuahua.<\/p>\n<p>Para el cierre del programa, se efectuar\u00e1n activaciones f\u00edsicas laborales de manera simult\u00e1nea, entre personal de los distintos ayuntamientos del estado.<\/p>\n<p>La Semana Nacional de Cultura F\u00edsica y Deporte se celebra la primera semana de abril de cada a\u00f1o, a partir de un decreto publicado en el Diario Oficial de la Federaci\u00f3n el 24 de enero de 2016.<\/p>\n<p>Para el presente a\u00f1o, la atleta paral\u00edmpica Daniela Mart\u00ednez (Para-Taekwondo), fue nombrada Embajadora del evento.<\/p>\n","protected":false},"excerpt":{"rendered":"<p>El Instituto Chihuahuense del Deporte y Cultura F\u00edsica, dio a conocer el programa de actividades que se desarrollar\u00e1n como parte<\/p>\n","protected":false},"author":1,"featured_media":2093,"comment_status":"closed","ping_status":"open","sticky":false,"template":"","format":"standard","meta":{"footnotes":""},"categories":[8,3],"tags":[],"class_list":["post-2092","post","type-post","status-publish","format-standard","has-post-thumbnail","hentry","category-gral","category-sub"],"yoast_head":"<!-- This site is optimized with the Yoast SEO plugin v25.9 - https:\/\/yoast.com\/wordpress\/plugins\/seo\/ -->\n<title>Anuncian actividades de la Semana Nacional de la Cultura F\u00edsica y el Deporte - ICHD<\/title>\n<meta name=\"description\" content=\"Se llevar\u00e1 a cabo del 1 al 7 de abril, con la participaci\u00f3n de escuelas de nivel b\u00e1sico y personal de los 67 ayuntamientos.\" \/>\n<meta name=\"robots\" content=\"index, follow, max-snippet:-1, max-image-preview:large, max-video-preview:-1\" \/>\n<link rel=\"canonical\" href=\"https:\/\/ichd.mx\/?p=2092\" \/>\n<meta property=\"og:locale\" content=\"es_ES\" \/>\n<meta property=\"og:type\" content=\"article\" \/>\n<meta property=\"og:title\" content=\"Anuncian actividades de la Semana Nacional de la Cultura F\u00edsica y el Deporte - ICHD\" \/>\n<meta property=\"og:description\" content=\"Se llevar\u00e1 a cabo del 1 al 7 de abril, con la participaci\u00f3n de escuelas de nivel b\u00e1sico y personal de los 67 ayuntamientos.\" \/>\n<meta property=\"og:url\" content=\"https:\/\/ichd.mx\/?p=2092\" \/>\n<meta property=\"og:site_name\" content=\"ICHD\" \/>\n<meta property=\"article:publisher\" content=\"https:\/\/www.facebook.com\/ichdmx\" \/>\n<meta property=\"article:published_time\" content=\"2022-03-31T03:24:29+00:00\" \/>\n<meta property=\"article:modified_time\" content=\"2022-04-13T18:41:04+00:00\" \/>\n<meta property=\"og:image\" content=\"https:\/\/ichd.mx\/wp-content\/uploads\/2022\/03\/RP_SNCFyD-12-scaled.jpg\" \/>\n\t<meta property=\"og:image:width\" content=\"2560\" \/>\n\t<meta property=\"og:image:height\" content=\"1706\" \/>\n\t<meta property=\"og:image:type\" content=\"image\/jpeg\" \/>\n<meta name=\"author\" content=\"Prensa ICHD\" \/>\n<meta name=\"twitter:card\" content=\"summary_large_image\" \/>\n<meta name=\"twitter:creator\" content=\"@ICHDmx\" \/>\n<meta name=\"twitter:site\" content=\"@ICHDmx\" \/>\n<meta name=\"twitter:label1\" content=\"Escrito por\" \/>\n\t<meta name=\"twitter:data1\" content=\"Prensa ICHD\" \/>\n\t<meta name=\"twitter:label2\" content=\"Tiempo de lectura\" \/>\n\t<meta name=\"twitter:data2\" content=\"2 minutos\" \/>\n<script type=\"application\/ld+json\" class=\"yoast-schema-graph\">{\"@context\":\"https:\/\/schema.org\",\"@graph\":[{\"@type\":\"WebPage\",\"@id\":\"https:\/\/ichd.mx\/?p=2092\",\"url\":\"https:\/\/ichd.mx\/?p=2092\",\"name\":\"Anuncian actividades de la Semana Nacional de la Cultura F\u00edsica y el Deporte - ICHD\",\"isPartOf\":{\"@id\":\"https:\/\/ichd.mx\/#website\"},\"primaryImageOfPage\":{\"@id\":\"https:\/\/ichd.mx\/?p=2092#primaryimage\"},\"image\":{\"@id\":\"https:\/\/ichd.mx\/?p=2092#primaryimage\"},\"thumbnailUrl\":\"https:\/\/ichd.mx\/wp-content\/uploads\/2022\/03\/RP_SNCFyD-12-scaled.jpg\",\"datePublished\":\"2022-03-31T03:24:29+00:00\",\"dateModified\":\"2022-04-13T18:41:04+00:00\",\"author\":{\"@id\":\"https:\/\/ichd.mx\/#\/schema\/person\/f479276b61f414d2c9cb093175585910\"},\"description\":\"Se llevar\u00e1 a cabo del 1 al 7 de abril, con la participaci\u00f3n de escuelas de nivel b\u00e1sico y personal de los 67 ayuntamientos.\",\"breadcrumb\":{\"@id\":\"https:\/\/ichd.mx\/?p=2092#breadcrumb\"},\"inLanguage\":\"es\",\"potentialAction\":[{\"@type\":\"ReadAction\",\"target\":[\"https:\/\/ichd.mx\/?p=2092\"]}]},{\"@type\":\"ImageObject\",\"inLanguage\":\"es\",\"@id\":\"https:\/\/ichd.mx\/?p=2092#primaryimage\",\"url\":\"https:\/\/ichd.mx\/wp-content\/uploads\/2022\/03\/RP_SNCFyD-12-scaled.jpg\",\"contentUrl\":\"https:\/\/ichd.mx\/wp-content\/uploads\/2022\/03\/RP_SNCFyD-12-scaled.jpg\",\"width\":2560,\"height\":1706},{\"@type\":\"BreadcrumbList\",\"@id\":\"https:\/\/ichd.mx\/?p=2092#breadcrumb\",\"itemListElement\":[{\"@type\":\"ListItem\",\"position\":1,\"name\":\"Portada\",\"item\":\"https:\/\/ichd.mx\/\"},{\"@type\":\"ListItem\",\"position\":2,\"name\":\"Anuncian actividades de la Semana Nacional de la Cultura F\u00edsica y el Deporte\"}]},{\"@type\":\"WebSite\",\"@id\":\"https:\/\/ichd.mx\/#website\",\"url\":\"https:\/\/ichd.mx\/\",\"name\":\"ICHD\",\"description\":\"Instituto Chihuahuense del Deporte y Cultura F\u00edsica\",\"potentialAction\":[{\"@type\":\"SearchAction\",\"target\":{\"@type\":\"EntryPoint\",\"urlTemplate\":\"https:\/\/ichd.mx\/?s={search_term_string}\"},\"query-input\":{\"@type\":\"PropertyValueSpecification\",\"valueRequired\":true,\"valueName\":\"search_term_string\"}}],\"inLanguage\":\"es\"},{\"@type\":\"Person\",\"@id\":\"https:\/\/ichd.mx\/#\/schema\/person\/f479276b61f414d2c9cb093175585910\",\"name\":\"Prensa ICHD\",\"image\":{\"@type\":\"ImageObject\",\"inLanguage\":\"es\",\"@id\":\"https:\/\/ichd.mx\/#\/schema\/person\/image\/\",\"url\":\"https:\/\/secure.gravatar.com\/avatar\/6046115645d37646586ee77488df800b?s=96&d=mm&r=g\",\"contentUrl\":\"https:\/\/secure.gravatar.com\/avatar\/6046115645d37646586ee77488df800b?s=96&d=mm&r=g\",\"caption\":\"Prensa ICHD\"},\"url\":\"https:\/\/ichd.mx\/?author=1\"}]}<\/script>\n<!-- \/ Yoast SEO plugin. -->","yoast_head_json":{"title":"Anuncian actividades de la Semana Nacional de la Cultura F\u00edsica y el Deporte - ICHD","description":"Se llevar\u00e1 a cabo del 1 al 7 de abril, con la participaci\u00f3n de escuelas de nivel b\u00e1sico y personal de los 67 ayuntamientos.","robots":{"index":"index","follow":"follow","max-snippet":"max-snippet:-1","max-image-preview":"max-image-preview:large","max-video-preview":"max-video-preview:-1"},"canonical":"https:\/\/ichd.mx\/?p=2092","og_locale":"es_ES","og_type":"article","og_title":"Anuncian actividades de la Semana Nacional de la Cultura F\u00edsica y el Deporte - ICHD","og_description":"Se llevar\u00e1 a cabo del 1 al 7 de abril, con la participaci\u00f3n de escuelas de nivel b\u00e1sico y personal de los 67 ayuntamientos.","og_url":"https:\/\/ichd.mx\/?p=2092","og_site_name":"ICHD","article_publisher":"https:\/\/www.facebook.com\/ichdmx","article_published_time":"2022-03-31T03:24:29+00:00","article_modified_time":"2022-04-13T18:41:04+00:00","og_image":[{"width":2560,"height":1706,"url":"https:\/\/ichd.mx\/wp-content\/uploads\/2022\/03\/RP_SNCFyD-12-scaled.jpg","type":"image\/jpeg"}],"author":"Prensa ICHD","twitter_card":"summary_large_image","twitter_creator":"@ICHDmx","twitter_site":"@ICHDmx","twitter_misc":{"Escrito por":"Prensa ICHD","Tiempo de lectura":"2 minutos"},"schema":{"@context":"https:\/\/schema.org","@graph":[{"@type":"WebPage","@id":"https:\/\/ichd.mx\/?p=2092","url":"https:\/\/ichd.mx\/?p=2092","name":"Anuncian actividades de la Semana Nacional de la Cultura F\u00edsica y el Deporte - ICHD","isPartOf":{"@id":"https:\/\/ichd.mx\/#website"},"primaryImageOfPage":{"@id":"https:\/\/ichd.mx\/?p=2092#primaryimage"},"image":{"@id":"https:\/\/ichd.mx\/?p=2092#primaryimage"},"thumbnailUrl":"https:\/\/ichd.mx\/wp-content\/uploads\/2022\/03\/RP_SNCFyD-12-scaled.jpg","datePublished":"2022-03-31T03:24:29+00:00","dateModified":"2022-04-13T18:41:04+00:00","author":{"@id":"https:\/\/ichd.mx\/#\/schema\/person\/f479276b61f414d2c9cb093175585910"},"description":"Se llevar\u00e1 a cabo del 1 al 7 de abril, con la participaci\u00f3n de escuelas de nivel b\u00e1sico y personal de los 67 ayuntamientos.","breadcrumb":{"@id":"https:\/\/ichd.mx\/?p=2092#breadcrumb"},"inLanguage":"es","potentialAction":[{"@type":"ReadAction","target":["https:\/\/ichd.mx\/?p=2092"]}]},{"@type":"ImageObject","inLanguage":"es","@id":"https:\/\/ichd.mx\/?p=2092#primaryimage","url":"https:\/\/ichd.mx\/wp-content\/uploads\/2022\/03\/RP_SNCFyD-12-scaled.jpg","contentUrl":"https:\/\/ichd.mx\/wp-content\/uploads\/2022\/03\/RP_SNCFyD-12-scaled.jpg","width":2560,"height":1706},{"@type":"BreadcrumbList","@id":"https:\/\/ichd.mx\/?p=2092#breadcrumb","itemListElement":[{"@type":"ListItem","position":1,"name":"Portada","item":"https:\/\/ichd.mx\/"},{"@type":"ListItem","position":2,"name":"Anuncian actividades de la Semana Nacional de la Cultura F\u00edsica y el Deporte"}]},{"@type":"WebSite","@id":"https:\/\/ichd.mx\/#website","url":"https:\/\/ichd.mx\/","name":"ICHD","description":"Instituto Chihuahuense del Deporte y Cultura F\u00edsica","potentialAction":[{"@type":"SearchAction","target":{"@type":"EntryPoint","urlTemplate":"https:\/\/ichd.mx\/?s={search_term_string}"},"query-input":{"@type":"PropertyValueSpecification","valueRequired":true,"valueName":"search_term_string"}}],"inLanguage":"es"},{"@type":"Person","@id":"https:\/\/ichd.mx\/#\/schema\/person\/f479276b61f414d2c9cb093175585910","name":"Prensa ICHD","image":{"@type":"ImageObject","inLanguage":"es","@id":"https:\/\/ichd.mx\/#\/schema\/person\/image\/","url":"https:\/\/secure.gravatar.com\/avatar\/6046115645d37646586ee77488df800b?s=96&d=mm&r=g","contentUrl":"https:\/\/secure.gravatar.com\/avatar\/6046115645d37646586ee77488df800b?s=96&d=mm&r=g","caption":"Prensa ICHD"},"url":"https:\/\/ichd.mx\/?author=1"}]}},"_links":{"self":[{"href":"https:\/\/ichd.mx\/index.php?rest_route=\/wp\/v2\/posts\/2092","targetHints":{"allow":["GET"]}}],"collection":[{"href":"https:\/\/ichd.mx\/index.php?rest_route=\/wp\/v2\/posts"}],"about":[{"href":"https:\/\/ichd.mx\/index.php?rest_route=\/wp\/v2\/types\/post"}],"author":[{"embeddable":true,"href":"https:\/\/ichd.mx\/index.php?rest_route=\/wp\/v2\/users\/1"}],"replies":[{"embeddable":true,"href":"https:\/\/ichd.mx\/index.php?rest_route=%2Fwp%2Fv2%2Fcomments&post=2092"}],"version-history":[{"count":1,"href":"https:\/\/ichd.mx\/index.php?rest_route=\/wp\/v2\/posts\/2092\/revisions"}],"predecessor-version":[{"id":2094,"href":"https:\/\/ichd.mx\/index.php?rest_route=\/wp\/v2\/posts\/2092\/revisions\/2094"}],"wp:featuredmedia":[{"embeddable":true,"href":"https:\/\/ichd.mx\/index.php?rest_route=\/wp\/v2\/media\/2093"}],"wp:attachment":[{"href":"https:\/\/ichd.mx\/index.php?rest_route=%2Fwp%2Fv2%2Fmedia&parent=2092"}],"wp:term":[{"taxonomy":"category","embeddable":true,"href":"https:\/\/ichd.mx\/index.php?rest_route=%2Fwp%2Fv2%2Fcategories&post=2092"},{"taxonomy":"post_tag","embeddable":true,"href":"https:\/\/ichd.mx\/index.php?rest_route=%2Fwp%2Fv2%2Ftags&post=2092"}],"curies":[{"name":"wp","href":"https:\/\/api.w.org\/{rel}","templated":true}]}}