{"id":2060,"date":"2022-02-28T09:10:16","date_gmt":"2022-02-28T16:10:16","guid":{"rendered":"https:\/\/ichd.mx\/?p=2060"},"modified":"2022-03-01T10:23:31","modified_gmt":"2022-03-01T17:23:31","slug":"se-realiza-el-karate-en-la-deportiva-sur","status":"publish","type":"post","link":"https:\/\/ichd.mx\/?p=2060","title":{"rendered":"Se realiza el Karate en la Deportiva Sur"},"content":{"rendered":"<p>Los clasificatorios de Karate se realizaron el Polideportivo de la Unidad Deportiva Sur, donde surgieron los primeros ganadores en las categor\u00edas 2005-2006, 2007-2008, as\u00ed como 2002-2004 en ambas ramas.<\/p>\n<p>En la modalidad de Kata en la categor\u00eda varonil 2007-2008, el ganador fue Yoshua Reza de Ciudad Ju\u00e1rez, en segundo lugar, se ubic\u00f3 Horacio Lugo de Chihuahua y en la tercera posici\u00f3n Diego Luj\u00e1n (Chihuahua) y Antonio Ju\u00e1rez (Nuevo Casas Grandes).<\/p>\n<p>Camila Solis y Paulina Villela de Parral ganaron el primero y segundo lugar respectivamente, compartiendo p\u00f3dium con Vanessa G\u00e1ndara e Ilse Maldonado, quienes ocuparon el tercer lugar.<\/p>\n<p>La categor\u00eda 2005-2006 fue dominada por los capitalinos Paul Ibarra, Gabriel Mart\u00ednez en los dos primeros lugares, mientras que, Gabriel Borjas y Gael Agui\u00f1aga se quedaron en el tercer puesto, tambi\u00e9n en Kata.<\/p>\n<p>Para Chihuahua fueron los dos primeros lugares en la categor\u00eda 2002-2004, ubic\u00e1ndose Rodolfo Garc\u00eda en el primer puesto y \u00c1ngel Reyes en el segundo, a su vez, Jonathan Torres de Nuevo Casas Grandes y Miguel Dur\u00e1n de Parral, ganaron el tercer lugar.<\/p>\n<p>&nbsp;<\/p>\n<p>Otros resultados<\/p>\n<p>Kata 2005-2006<\/p>\n<p>Lugar\u00a0\u00a0\u00a0\u00a0\u00a0\u00a0\u00a0\u00a0\u00a0 Nombre\u00a0\u00a0\u00a0\u00a0\u00a0\u00a0\u00a0\u00a0\u00a0\u00a0\u00a0\u00a0\u00a0\u00a0\u00a0 Procedencia<\/p>\n<p>1\u00a0\u00a0\u00a0\u00a0\u00a0\u00a0\u00a0\u00a0\u00a0\u00a0\u00a0\u00a0\u00a0\u00a0\u00a0 Andrea Dur\u00e1n\u00a0\u00a0\u00a0\u00a0\u00a0\u00a0 Parral<\/p>\n<p>2\u00a0\u00a0\u00a0\u00a0\u00a0\u00a0\u00a0\u00a0\u00a0\u00a0\u00a0\u00a0\u00a0\u00a0\u00a0 Julia Corrujedo\u00a0\u00a0\u00a0\u00a0\u00a0 Parral<\/p>\n<p>3\u00a0\u00a0\u00a0\u00a0\u00a0\u00a0\u00a0\u00a0\u00a0\u00a0\u00a0\u00a0\u00a0\u00a0\u00a0 Ana Maldonado\u00a0\u00a0\u00a0\u00a0 Chihuahua<\/p>\n<p>3\u00a0\u00a0\u00a0\u00a0\u00a0\u00a0\u00a0\u00a0\u00a0\u00a0\u00a0\u00a0\u00a0\u00a0\u00a0 Evelin Hern\u00e1ndez\u00a0\u00a0 Chihuahua<\/p>\n<p>&nbsp;<\/p>\n<p>Kata 2002-2004<\/p>\n<p>Lugar\u00a0\u00a0\u00a0\u00a0\u00a0\u00a0\u00a0\u00a0\u00a0 Nombre\u00a0\u00a0\u00a0\u00a0\u00a0\u00a0\u00a0\u00a0\u00a0\u00a0\u00a0\u00a0\u00a0\u00a0\u00a0 Procedencia<\/p>\n<p>1\u00a0\u00a0\u00a0\u00a0\u00a0\u00a0\u00a0\u00a0\u00a0\u00a0\u00a0\u00a0\u00a0\u00a0\u00a0 Paula Delgado\u00a0\u00a0\u00a0\u00a0\u00a0\u00a0 Chihuahua<\/p>\n<p>2\u00a0\u00a0\u00a0\u00a0\u00a0\u00a0\u00a0\u00a0\u00a0\u00a0\u00a0\u00a0\u00a0\u00a0\u00a0 Fernanda Flores\u00a0\u00a0\u00a0 NCG<\/p>\n<p>3\u00a0\u00a0\u00a0\u00a0\u00a0\u00a0\u00a0\u00a0\u00a0\u00a0\u00a0\u00a0\u00a0\u00a0\u00a0 Aylin Zapata Chihuahua<\/p>\n<p>3\u00a0\u00a0\u00a0\u00a0\u00a0\u00a0\u00a0\u00a0\u00a0\u00a0\u00a0\u00a0\u00a0\u00a0\u00a0 Arely Vega\u00a0\u00a0\u00a0\u00a0\u00a0\u00a0\u00a0\u00a0\u00a0\u00a0\u00a0 Chihuahua<\/p>\n<p>&nbsp;<\/p>\n<p>&nbsp;<\/p>\n<p>Kumite<\/p>\n<p>Categor\u00eda \u00a0\u00a0\u00a0 Divisi\u00f3n\u00a0\u00a0\u00a0\u00a0\u00a0\u00a0 Lugar\u00a0\u00a0\u00a0\u00a0\u00a0\u00a0\u00a0\u00a0\u00a0\u00a0\u00a0\u00a0\u00a0\u00a0\u00a0\u00a0\u00a0\u00a0 Nombre\u00a0\u00a0\u00a0\u00a0\u00a0\u00a0\u00a0\u00a0\u00a0\u00a0\u00a0\u00a0\u00a0\u00a0\u00a0 Procedencia<\/p>\n<p>2002-2004\u00a0\u00a0 +84kg\u00a0\u00a0\u00a0\u00a0\u00a0\u00a0\u00a0\u00a0 1\u00a0\u00a0\u00a0\u00a0\u00a0\u00a0\u00a0\u00a0\u00a0\u00a0\u00a0\u00a0\u00a0\u00a0\u00a0\u00a0\u00a0\u00a0\u00a0\u00a0\u00a0\u00a0\u00a0\u00a0 Ramiro Zabata\u00a0\u00a0\u00a0\u00a0\u00a0\u00a0 NCG<\/p>\n<p>2002-2004\u00a0\u00a0 -84kg\u00a0\u00a0\u00a0\u00a0\u00a0\u00a0\u00a0\u00a0\u00a0 1\u00a0\u00a0\u00a0\u00a0\u00a0\u00a0\u00a0\u00a0\u00a0\u00a0\u00a0\u00a0\u00a0\u00a0\u00a0\u00a0\u00a0\u00a0\u00a0\u00a0\u00a0\u00a0\u00a0\u00a0 Joaqu\u00edn Agui\u00f1aga\u00a0 Chihuahua<\/p>\n<p>2002-2004\u00a0\u00a0 +68kg\u00a0\u00a0\u00a0\u00a0\u00a0\u00a0\u00a0\u00a0 1\u00a0\u00a0\u00a0\u00a0\u00a0\u00a0\u00a0\u00a0\u00a0\u00a0\u00a0\u00a0\u00a0\u00a0\u00a0\u00a0\u00a0\u00a0\u00a0\u00a0\u00a0\u00a0\u00a0\u00a0 Veronica Antill\u00f3n\u00a0\u00a0 Chihuahua<\/p>\n<p>2002-2004\u00a0\u00a0 -55kg\u00a0\u00a0\u00a0\u00a0\u00a0\u00a0\u00a0\u00a0\u00a0 1\u00a0\u00a0\u00a0\u00a0\u00a0\u00a0\u00a0\u00a0\u00a0\u00a0\u00a0\u00a0\u00a0\u00a0\u00a0\u00a0\u00a0\u00a0\u00a0\u00a0\u00a0\u00a0\u00a0\u00a0 Daniela Mu\u00f1oz\u00a0\u00a0\u00a0\u00a0\u00a0 NCG<\/p>\n<p>2002-2004\u00a0\u00a0 -50kg\u00a0\u00a0\u00a0\u00a0\u00a0\u00a0\u00a0\u00a0\u00a0 1\u00a0\u00a0\u00a0\u00a0\u00a0\u00a0\u00a0\u00a0\u00a0\u00a0\u00a0\u00a0\u00a0\u00a0\u00a0\u00a0\u00a0\u00a0\u00a0\u00a0\u00a0\u00a0\u00a0\u00a0 Paola Delgado\u00a0\u00a0\u00a0\u00a0\u00a0\u00a0 Chihuahua<\/p>\n<p>2002-2004\u00a0\u00a0 -61kg\u00a0\u00a0\u00a0\u00a0\u00a0\u00a0\u00a0\u00a0\u00a0 1\u00a0\u00a0\u00a0\u00a0\u00a0\u00a0\u00a0\u00a0\u00a0\u00a0\u00a0\u00a0\u00a0\u00a0\u00a0\u00a0\u00a0\u00a0\u00a0\u00a0\u00a0\u00a0\u00a0\u00a0 Alejandra Moriel\u00a0\u00a0\u00a0 Parral<\/p>\n<p>2002-2004\u00a0\u00a0 -75kg\u00a0\u00a0\u00a0\u00a0\u00a0\u00a0\u00a0\u00a0\u00a0 1\u00a0\u00a0\u00a0\u00a0\u00a0\u00a0\u00a0\u00a0\u00a0\u00a0\u00a0\u00a0\u00a0\u00a0\u00a0\u00a0\u00a0\u00a0\u00a0\u00a0\u00a0\u00a0\u00a0\u00a0 Victor Tesillo\u00a0\u00a0\u00a0\u00a0\u00a0\u00a0\u00a0 Chihuahua<\/p>\n<p>2002-2004\u00a0\u00a0 -60kg\u00a0\u00a0\u00a0\u00a0\u00a0\u00a0\u00a0\u00a0\u00a0 1\u00a0\u00a0\u00a0\u00a0\u00a0\u00a0\u00a0\u00a0\u00a0\u00a0\u00a0\u00a0\u00a0\u00a0\u00a0\u00a0\u00a0\u00a0\u00a0\u00a0\u00a0\u00a0\u00a0\u00a0 Jonathan Torres\u00a0\u00a0\u00a0 NCG<\/p>\n<p>2002-2004\u00a0\u00a0 -67kg\u00a0\u00a0\u00a0\u00a0\u00a0\u00a0\u00a0\u00a0\u00a0 1\u00a0\u00a0\u00a0\u00a0\u00a0\u00a0\u00a0\u00a0\u00a0\u00a0\u00a0\u00a0\u00a0\u00a0\u00a0\u00a0\u00a0\u00a0\u00a0\u00a0\u00a0\u00a0\u00a0\u00a0 Rodolfo Garc\u00eda\u00a0\u00a0\u00a0\u00a0\u00a0 Chihuahua<\/p>\n<p>2005-2006\u00a0\u00a0 +76kg\u00a0\u00a0\u00a0\u00a0\u00a0\u00a0\u00a0\u00a0 1\u00a0\u00a0\u00a0\u00a0\u00a0\u00a0\u00a0\u00a0\u00a0\u00a0\u00a0\u00a0\u00a0\u00a0\u00a0\u00a0\u00a0\u00a0\u00a0\u00a0\u00a0\u00a0\u00a0\u00a0 Julio Quezada\u00a0\u00a0\u00a0\u00a0\u00a0\u00a0\u00a0 Chihuahua<\/p>\n<p>2005-2006\u00a0\u00a0 -76kg\u00a0\u00a0\u00a0\u00a0\u00a0\u00a0\u00a0\u00a0\u00a0 1\u00a0\u00a0\u00a0\u00a0\u00a0\u00a0\u00a0\u00a0\u00a0\u00a0\u00a0\u00a0\u00a0\u00a0\u00a0\u00a0\u00a0\u00a0\u00a0\u00a0\u00a0\u00a0\u00a0\u00a0 Karol C\u00f3rdoba\u00a0\u00a0\u00a0\u00a0\u00a0\u00a0 Chihuahua<\/p>\n<p>2005-2006\u00a0\u00a0 -53kg\u00a0\u00a0\u00a0\u00a0\u00a0\u00a0\u00a0\u00a0\u00a0 1\u00a0\u00a0\u00a0\u00a0\u00a0\u00a0\u00a0\u00a0\u00a0\u00a0\u00a0\u00a0\u00a0\u00a0\u00a0\u00a0\u00a0\u00a0\u00a0\u00a0\u00a0\u00a0\u00a0\u00a0 Ana Maldonado\u00a0\u00a0\u00a0\u00a0 Chihuahua<\/p>\n<p>2005-2006\u00a0\u00a0 -61kg\u00a0\u00a0\u00a0\u00a0\u00a0\u00a0\u00a0\u00a0\u00a0 1\u00a0\u00a0\u00a0\u00a0\u00a0\u00a0\u00a0\u00a0\u00a0\u00a0\u00a0\u00a0\u00a0\u00a0\u00a0\u00a0\u00a0\u00a0\u00a0\u00a0\u00a0\u00a0\u00a0\u00a0 Paul Ibarra\u00a0\u00a0\u00a0\u00a0\u00a0\u00a0\u00a0\u00a0\u00a0\u00a0\u00a0 Chihuahua<\/p>\n<p>205-2006\u00a0\u00a0\u00a0\u00a0 -68kg\u00a0\u00a0\u00a0\u00a0\u00a0\u00a0\u00a0\u00a0\u00a0 1\u00a0\u00a0\u00a0\u00a0\u00a0\u00a0\u00a0\u00a0\u00a0\u00a0\u00a0\u00a0\u00a0\u00a0\u00a0\u00a0\u00a0\u00a0\u00a0\u00a0\u00a0\u00a0\u00a0\u00a0 Ram\u00f3n Bernal\u00a0\u00a0\u00a0\u00a0\u00a0\u00a0 Ju\u00e1rez<\/p>\n<p>2005-2006\u00a0\u00a0 -55kg\u00a0\u00a0\u00a0\u00a0\u00a0\u00a0\u00a0\u00a0\u00a0 1\u00a0\u00a0\u00a0\u00a0\u00a0\u00a0\u00a0\u00a0\u00a0\u00a0\u00a0\u00a0\u00a0\u00a0\u00a0\u00a0\u00a0\u00a0\u00a0\u00a0\u00a0\u00a0\u00a0\u00a0 Gabriel Mart\u00ednez\u00a0\u00a0\u00a0 Chihuahua<\/p>\n<p>2007-2008\u00a0\u00a0 +54kg\u00a0\u00a0\u00a0\u00a0\u00a0\u00a0\u00a0\u00a0 1\u00a0\u00a0\u00a0\u00a0\u00a0\u00a0\u00a0\u00a0\u00a0\u00a0\u00a0\u00a0\u00a0\u00a0\u00a0\u00a0\u00a0\u00a0\u00a0\u00a0\u00a0\u00a0\u00a0\u00a0 Ilse Maldonado\u00a0\u00a0\u00a0\u00a0\u00a0 Chihuahua<\/p>\n<p>2007-2008\u00a0\u00a0 -57kg\u00a0\u00a0\u00a0\u00a0\u00a0\u00a0\u00a0\u00a0\u00a0 1\u00a0\u00a0\u00a0\u00a0\u00a0\u00a0\u00a0\u00a0\u00a0\u00a0\u00a0\u00a0\u00a0\u00a0\u00a0\u00a0\u00a0\u00a0\u00a0\u00a0\u00a0\u00a0\u00a0\u00a0 Yehoshua Reza\u00a0\u00a0\u00a0\u00a0\u00a0 Ju\u00e1rez<\/p>\n<p>2007-2008\u00a0\u00a0 -47kg\u00a0\u00a0\u00a0\u00a0\u00a0\u00a0\u00a0\u00a0\u00a0 1\u00a0\u00a0\u00a0\u00a0\u00a0\u00a0\u00a0\u00a0\u00a0\u00a0\u00a0\u00a0\u00a0\u00a0\u00a0\u00a0\u00a0\u00a0\u00a0\u00a0\u00a0\u00a0\u00a0\u00a0 Sof\u00eda Holgu\u00edn\u00a0\u00a0\u00a0\u00a0\u00a0\u00a0\u00a0 Ju\u00e1rez<\/p>\n<p>2007-2008\u00a0\u00a0 +70kg\u00a0\u00a0\u00a0\u00a0\u00a0\u00a0\u00a0\u00a0 1\u00a0\u00a0\u00a0\u00a0\u00a0\u00a0\u00a0\u00a0\u00a0\u00a0\u00a0\u00a0\u00a0\u00a0\u00a0\u00a0\u00a0\u00a0\u00a0\u00a0\u00a0\u00a0\u00a0\u00a0 Axel Reza\u00a0\u00a0\u00a0\u00a0\u00a0\u00a0\u00a0\u00a0\u00a0\u00a0\u00a0\u00a0 Chihuahua<\/p>\n","protected":false},"excerpt":{"rendered":"<p>Los clasificatorios de Karate se realizaron el Polideportivo de la Unidad Deportiva Sur, donde surgieron los primeros ganadores en las<\/p>\n","protected":false},"author":1,"featured_media":2061,"comment_status":"closed","ping_status":"open","sticky":false,"template":"","format":"standard","meta":{"footnotes":""},"categories":[5,3],"tags":[],"class_list":["post-2060","post","type-post","status-publish","format-standard","has-post-thumbnail","hentry","category-on","category-sub"],"yoast_head":"<!-- This site is optimized with the Yoast SEO plugin v25.9 - https:\/\/yoast.com\/wordpress\/plugins\/seo\/ -->\n<title>Se realiza el Karate en la Deportiva Sur - ICHD<\/title>\n<meta name=\"description\" content=\"Los clasificatorios de Karate se realizaron el Polideportivo de la Unidad Deportiva Sur, donde surgieron los primeros ganadores en las categor\u00edas 2005-2006, 2007-2008, as\u00ed como 2002-2004 en ambas ramas.\" \/>\n<meta name=\"robots\" content=\"index, follow, max-snippet:-1, max-image-preview:large, max-video-preview:-1\" \/>\n<link rel=\"canonical\" href=\"https:\/\/ichd.mx\/?p=2060\" \/>\n<meta property=\"og:locale\" content=\"es_ES\" \/>\n<meta property=\"og:type\" content=\"article\" \/>\n<meta property=\"og:title\" content=\"Se realiza el Karate en la Deportiva Sur - ICHD\" \/>\n<meta property=\"og:description\" content=\"Los clasificatorios de Karate se realizaron el Polideportivo de la Unidad Deportiva Sur, donde surgieron los primeros ganadores en las categor\u00edas 2005-2006, 2007-2008, as\u00ed como 2002-2004 en ambas ramas.\" \/>\n<meta property=\"og:url\" content=\"https:\/\/ichd.mx\/?p=2060\" \/>\n<meta property=\"og:site_name\" content=\"ICHD\" \/>\n<meta property=\"article:publisher\" content=\"https:\/\/www.facebook.com\/ichdmx\" \/>\n<meta property=\"article:published_time\" content=\"2022-02-28T16:10:16+00:00\" \/>\n<meta property=\"article:modified_time\" content=\"2022-03-01T17:23:31+00:00\" \/>\n<meta property=\"og:image\" content=\"https:\/\/ichd.mx\/wp-content\/uploads\/2022\/02\/JE-Karate-1.jpeg\" \/>\n\t<meta property=\"og:image:width\" content=\"1280\" \/>\n\t<meta property=\"og:image:height\" content=\"853\" \/>\n\t<meta property=\"og:image:type\" content=\"image\/jpeg\" \/>\n<meta name=\"author\" content=\"Prensa ICHD\" \/>\n<meta name=\"twitter:card\" content=\"summary_large_image\" \/>\n<meta name=\"twitter:creator\" content=\"@ICHDmx\" \/>\n<meta name=\"twitter:site\" content=\"@ICHDmx\" \/>\n<meta name=\"twitter:label1\" content=\"Escrito por\" \/>\n\t<meta name=\"twitter:data1\" content=\"Prensa ICHD\" \/>\n\t<meta name=\"twitter:label2\" content=\"Tiempo de lectura\" \/>\n\t<meta name=\"twitter:data2\" content=\"2 minutos\" \/>\n<script type=\"application\/ld+json\" class=\"yoast-schema-graph\">{\"@context\":\"https:\/\/schema.org\",\"@graph\":[{\"@type\":\"WebPage\",\"@id\":\"https:\/\/ichd.mx\/?p=2060\",\"url\":\"https:\/\/ichd.mx\/?p=2060\",\"name\":\"Se realiza el Karate en la Deportiva Sur - ICHD\",\"isPartOf\":{\"@id\":\"https:\/\/ichd.mx\/#website\"},\"primaryImageOfPage\":{\"@id\":\"https:\/\/ichd.mx\/?p=2060#primaryimage\"},\"image\":{\"@id\":\"https:\/\/ichd.mx\/?p=2060#primaryimage\"},\"thumbnailUrl\":\"https:\/\/ichd.mx\/wp-content\/uploads\/2022\/02\/JE-Karate-1.jpeg\",\"datePublished\":\"2022-02-28T16:10:16+00:00\",\"dateModified\":\"2022-03-01T17:23:31+00:00\",\"author\":{\"@id\":\"https:\/\/ichd.mx\/#\/schema\/person\/f479276b61f414d2c9cb093175585910\"},\"description\":\"Los clasificatorios de Karate se realizaron el Polideportivo de la Unidad Deportiva Sur, donde surgieron los primeros ganadores en las categor\u00edas 2005-2006, 2007-2008, as\u00ed como 2002-2004 en ambas ramas.\",\"breadcrumb\":{\"@id\":\"https:\/\/ichd.mx\/?p=2060#breadcrumb\"},\"inLanguage\":\"es\",\"potentialAction\":[{\"@type\":\"ReadAction\",\"target\":[\"https:\/\/ichd.mx\/?p=2060\"]}]},{\"@type\":\"ImageObject\",\"inLanguage\":\"es\",\"@id\":\"https:\/\/ichd.mx\/?p=2060#primaryimage\",\"url\":\"https:\/\/ichd.mx\/wp-content\/uploads\/2022\/02\/JE-Karate-1.jpeg\",\"contentUrl\":\"https:\/\/ichd.mx\/wp-content\/uploads\/2022\/02\/JE-Karate-1.jpeg\",\"width\":1280,\"height\":853},{\"@type\":\"BreadcrumbList\",\"@id\":\"https:\/\/ichd.mx\/?p=2060#breadcrumb\",\"itemListElement\":[{\"@type\":\"ListItem\",\"position\":1,\"name\":\"Portada\",\"item\":\"https:\/\/ichd.mx\/\"},{\"@type\":\"ListItem\",\"position\":2,\"name\":\"Se realiza el Karate en la Deportiva Sur\"}]},{\"@type\":\"WebSite\",\"@id\":\"https:\/\/ichd.mx\/#website\",\"url\":\"https:\/\/ichd.mx\/\",\"name\":\"ICHD\",\"description\":\"Instituto Chihuahuense del Deporte y Cultura F\u00edsica\",\"potentialAction\":[{\"@type\":\"SearchAction\",\"target\":{\"@type\":\"EntryPoint\",\"urlTemplate\":\"https:\/\/ichd.mx\/?s={search_term_string}\"},\"query-input\":{\"@type\":\"PropertyValueSpecification\",\"valueRequired\":true,\"valueName\":\"search_term_string\"}}],\"inLanguage\":\"es\"},{\"@type\":\"Person\",\"@id\":\"https:\/\/ichd.mx\/#\/schema\/person\/f479276b61f414d2c9cb093175585910\",\"name\":\"Prensa ICHD\",\"image\":{\"@type\":\"ImageObject\",\"inLanguage\":\"es\",\"@id\":\"https:\/\/ichd.mx\/#\/schema\/person\/image\/\",\"url\":\"https:\/\/secure.gravatar.com\/avatar\/6046115645d37646586ee77488df800b?s=96&d=mm&r=g\",\"contentUrl\":\"https:\/\/secure.gravatar.com\/avatar\/6046115645d37646586ee77488df800b?s=96&d=mm&r=g\",\"caption\":\"Prensa ICHD\"},\"url\":\"https:\/\/ichd.mx\/?author=1\"}]}<\/script>\n<!-- \/ Yoast SEO plugin. -->","yoast_head_json":{"title":"Se realiza el Karate en la Deportiva Sur - ICHD","description":"Los clasificatorios de Karate se realizaron el Polideportivo de la Unidad Deportiva Sur, donde surgieron los primeros ganadores en las categor\u00edas 2005-2006, 2007-2008, as\u00ed como 2002-2004 en ambas ramas.","robots":{"index":"index","follow":"follow","max-snippet":"max-snippet:-1","max-image-preview":"max-image-preview:large","max-video-preview":"max-video-preview:-1"},"canonical":"https:\/\/ichd.mx\/?p=2060","og_locale":"es_ES","og_type":"article","og_title":"Se realiza el Karate en la Deportiva Sur - ICHD","og_description":"Los clasificatorios de Karate se realizaron el Polideportivo de la Unidad Deportiva Sur, donde surgieron los primeros ganadores en las categor\u00edas 2005-2006, 2007-2008, as\u00ed como 2002-2004 en ambas ramas.","og_url":"https:\/\/ichd.mx\/?p=2060","og_site_name":"ICHD","article_publisher":"https:\/\/www.facebook.com\/ichdmx","article_published_time":"2022-02-28T16:10:16+00:00","article_modified_time":"2022-03-01T17:23:31+00:00","og_image":[{"width":1280,"height":853,"url":"https:\/\/ichd.mx\/wp-content\/uploads\/2022\/02\/JE-Karate-1.jpeg","type":"image\/jpeg"}],"author":"Prensa ICHD","twitter_card":"summary_large_image","twitter_creator":"@ICHDmx","twitter_site":"@ICHDmx","twitter_misc":{"Escrito por":"Prensa ICHD","Tiempo de lectura":"2 minutos"},"schema":{"@context":"https:\/\/schema.org","@graph":[{"@type":"WebPage","@id":"https:\/\/ichd.mx\/?p=2060","url":"https:\/\/ichd.mx\/?p=2060","name":"Se realiza el Karate en la Deportiva Sur - ICHD","isPartOf":{"@id":"https:\/\/ichd.mx\/#website"},"primaryImageOfPage":{"@id":"https:\/\/ichd.mx\/?p=2060#primaryimage"},"image":{"@id":"https:\/\/ichd.mx\/?p=2060#primaryimage"},"thumbnailUrl":"https:\/\/ichd.mx\/wp-content\/uploads\/2022\/02\/JE-Karate-1.jpeg","datePublished":"2022-02-28T16:10:16+00:00","dateModified":"2022-03-01T17:23:31+00:00","author":{"@id":"https:\/\/ichd.mx\/#\/schema\/person\/f479276b61f414d2c9cb093175585910"},"description":"Los clasificatorios de Karate se realizaron el Polideportivo de la Unidad Deportiva Sur, donde surgieron los primeros ganadores en las categor\u00edas 2005-2006, 2007-2008, as\u00ed como 2002-2004 en ambas ramas.","breadcrumb":{"@id":"https:\/\/ichd.mx\/?p=2060#breadcrumb"},"inLanguage":"es","potentialAction":[{"@type":"ReadAction","target":["https:\/\/ichd.mx\/?p=2060"]}]},{"@type":"ImageObject","inLanguage":"es","@id":"https:\/\/ichd.mx\/?p=2060#primaryimage","url":"https:\/\/ichd.mx\/wp-content\/uploads\/2022\/02\/JE-Karate-1.jpeg","contentUrl":"https:\/\/ichd.mx\/wp-content\/uploads\/2022\/02\/JE-Karate-1.jpeg","width":1280,"height":853},{"@type":"BreadcrumbList","@id":"https:\/\/ichd.mx\/?p=2060#breadcrumb","itemListElement":[{"@type":"ListItem","position":1,"name":"Portada","item":"https:\/\/ichd.mx\/"},{"@type":"ListItem","position":2,"name":"Se realiza el Karate en la Deportiva Sur"}]},{"@type":"WebSite","@id":"https:\/\/ichd.mx\/#website","url":"https:\/\/ichd.mx\/","name":"ICHD","description":"Instituto Chihuahuense del Deporte y Cultura F\u00edsica","potentialAction":[{"@type":"SearchAction","target":{"@type":"EntryPoint","urlTemplate":"https:\/\/ichd.mx\/?s={search_term_string}"},"query-input":{"@type":"PropertyValueSpecification","valueRequired":true,"valueName":"search_term_string"}}],"inLanguage":"es"},{"@type":"Person","@id":"https:\/\/ichd.mx\/#\/schema\/person\/f479276b61f414d2c9cb093175585910","name":"Prensa ICHD","image":{"@type":"ImageObject","inLanguage":"es","@id":"https:\/\/ichd.mx\/#\/schema\/person\/image\/","url":"https:\/\/secure.gravatar.com\/avatar\/6046115645d37646586ee77488df800b?s=96&d=mm&r=g","contentUrl":"https:\/\/secure.gravatar.com\/avatar\/6046115645d37646586ee77488df800b?s=96&d=mm&r=g","caption":"Prensa ICHD"},"url":"https:\/\/ichd.mx\/?author=1"}]}},"_links":{"self":[{"href":"https:\/\/ichd.mx\/index.php?rest_route=\/wp\/v2\/posts\/2060","targetHints":{"allow":["GET"]}}],"collection":[{"href":"https:\/\/ichd.mx\/index.php?rest_route=\/wp\/v2\/posts"}],"about":[{"href":"https:\/\/ichd.mx\/index.php?rest_route=\/wp\/v2\/types\/post"}],"author":[{"embeddable":true,"href":"https:\/\/ichd.mx\/index.php?rest_route=\/wp\/v2\/users\/1"}],"replies":[{"embeddable":true,"href":"https:\/\/ichd.mx\/index.php?rest_route=%2Fwp%2Fv2%2Fcomments&post=2060"}],"version-history":[{"count":1,"href":"https:\/\/ichd.mx\/index.php?rest_route=\/wp\/v2\/posts\/2060\/revisions"}],"predecessor-version":[{"id":2062,"href":"https:\/\/ichd.mx\/index.php?rest_route=\/wp\/v2\/posts\/2060\/revisions\/2062"}],"wp:featuredmedia":[{"embeddable":true,"href":"https:\/\/ichd.mx\/index.php?rest_route=\/wp\/v2\/media\/2061"}],"wp:attachment":[{"href":"https:\/\/ichd.mx\/index.php?rest_route=%2Fwp%2Fv2%2Fmedia&parent=2060"}],"wp:term":[{"taxonomy":"category","embeddable":true,"href":"https:\/\/ichd.mx\/index.php?rest_route=%2Fwp%2Fv2%2Fcategories&post=2060"},{"taxonomy":"post_tag","embeddable":true,"href":"https:\/\/ichd.mx\/index.php?rest_route=%2Fwp%2Fv2%2Ftags&post=2060"}],"curies":[{"name":"wp","href":"https:\/\/api.w.org\/{rel}","templated":true}]}}