{"id":2030,"date":"2022-02-19T19:13:59","date_gmt":"2022-02-20T02:13:59","guid":{"rendered":"https:\/\/ichd.mx\/?p=2030"},"modified":"2022-02-20T20:37:22","modified_gmt":"2022-02-21T03:37:22","slug":"abre-el-tae-kwon-do-etapa-estatal-de-juegos-conade","status":"publish","type":"post","link":"https:\/\/ichd.mx\/?p=2030","title":{"rendered":"Abre el Tae Kwon Do etapa estatal de Juegos Conade"},"content":{"rendered":"<p>El gimnasio del Colegio de Bachilleres en Ciudad Ju\u00e1rez, fue el escenario de las eliminatorias de Tae Kwon Do, correspondientes a los Juegos Estatales, en las categor\u00edas infantil, cadete y juvenil.<\/p>\n<p>Durante esta etapa, se cont\u00f3 con la participaci\u00f3n de taekwondo\u00ednes cinta negra representantes de: Cuauht\u00e9moc, Delicias, Meoqui, Chihuahua, Casas Grandes, Jim\u00e9nez y los anfitriones Ciudad Ju\u00e1rez.<\/p>\n<p>Dentro de la categor\u00eda Infantil, divisi\u00f3n -30 kilogramos, el campe\u00f3n fue Derian Roberto Acosta Estavillo representante de ciudad Jim\u00e9nez, el segundo lugar para Santiago Islas Rodr\u00edguez de Cuauht\u00e9moc y el tercer puesto lo ocuparon, Elian Gonz\u00e1lez (Ju\u00e1rez) y Andr\u00e9s Gerard (Chihuahua).<\/p>\n<p>Asimismo, la divisi\u00f3n -33 kilogramos de la categor\u00eda Infantil, fue dominada por los juarenses, siendo el campe\u00f3n Santiago Ochoa, Jared Gonz\u00e1lez en el segundo puesto y los terceros lugares fueron para Alejandro Su\u00e1rez y Andr\u00e9s Castro.<\/p>\n<p>&nbsp;<\/p>\n<p>Otros resultados<\/p>\n<p>Categor\u00eda Infantil, Div. -27kg<\/p>\n<p>Lugar\u00a0\u00a0\u00a0\u00a0\u00a0\u00a0\u00a0\u00a0\u00a0 Nombre\u00a0\u00a0\u00a0\u00a0\u00a0\u00a0\u00a0\u00a0\u00a0\u00a0\u00a0\u00a0\u00a0\u00a0\u00a0 Procedencia<\/p>\n<p>1\u00a0\u00a0\u00a0\u00a0\u00a0\u00a0\u00a0\u00a0\u00a0\u00a0\u00a0\u00a0\u00a0\u00a0\u00a0 Sof\u00eda Aguirre\u00a0\u00a0\u00a0\u00a0\u00a0\u00a0\u00a0 Ju\u00e1rez<\/p>\n<p>2\u00a0\u00a0\u00a0\u00a0\u00a0\u00a0\u00a0\u00a0\u00a0\u00a0\u00a0\u00a0\u00a0\u00a0\u00a0 Andrea Escobedo\u00a0 Chihuahua<\/p>\n<p>3\u00a0\u00a0\u00a0\u00a0\u00a0\u00a0\u00a0\u00a0\u00a0\u00a0\u00a0\u00a0\u00a0\u00a0\u00a0 Zaira Moralez\u00a0\u00a0\u00a0\u00a0\u00a0\u00a0\u00a0 Ju\u00e1rez<\/p>\n<p>3\u00a0\u00a0\u00a0\u00a0\u00a0\u00a0\u00a0\u00a0\u00a0\u00a0\u00a0\u00a0\u00a0\u00a0\u00a0 Lizbeth Ordu\u00f1o\u00a0\u00a0\u00a0\u00a0 Ju\u00e1rez<\/p>\n<p>&nbsp;<\/p>\n<p>Categor\u00eda Infantil, Div. -33kg<\/p>\n<p>Lugar\u00a0\u00a0\u00a0\u00a0\u00a0\u00a0\u00a0\u00a0\u00a0 Nombre\u00a0\u00a0\u00a0\u00a0\u00a0\u00a0\u00a0\u00a0\u00a0\u00a0\u00a0\u00a0\u00a0\u00a0\u00a0 Procedencia<\/p>\n<p>1\u00a0\u00a0\u00a0\u00a0\u00a0\u00a0\u00a0\u00a0\u00a0\u00a0\u00a0\u00a0\u00a0\u00a0\u00a0 Fernanda Cruz\u00a0\u00a0\u00a0\u00a0\u00a0 Ju\u00e1rez<\/p>\n<p>2\u00a0\u00a0\u00a0\u00a0\u00a0\u00a0\u00a0\u00a0\u00a0\u00a0\u00a0\u00a0\u00a0\u00a0\u00a0 Aztrid Cruz\u00a0\u00a0\u00a0\u00a0\u00a0\u00a0\u00a0\u00a0\u00a0\u00a0 Ju\u00e1rez<\/p>\n<p>3\u00a0\u00a0\u00a0\u00a0\u00a0\u00a0\u00a0\u00a0\u00a0\u00a0\u00a0\u00a0\u00a0\u00a0\u00a0 Miranda Rodr\u00edguez Ju\u00e1rez<\/p>\n<p>3\u00a0\u00a0\u00a0\u00a0\u00a0\u00a0\u00a0\u00a0\u00a0\u00a0\u00a0\u00a0\u00a0\u00a0\u00a0 Atziry Fierro\u00a0\u00a0\u00a0\u00a0\u00a0\u00a0\u00a0\u00a0 Cuauht\u00e9moc<\/p>\n<p>&nbsp;<\/p>\n<p>Categor\u00eda Infantil, Div. -36kg<\/p>\n<p>Lugar\u00a0\u00a0\u00a0\u00a0\u00a0\u00a0\u00a0\u00a0\u00a0 Nombre\u00a0\u00a0\u00a0\u00a0\u00a0\u00a0\u00a0\u00a0\u00a0\u00a0\u00a0\u00a0\u00a0\u00a0\u00a0 Procedencia<\/p>\n<p>1\u00a0\u00a0\u00a0\u00a0\u00a0\u00a0\u00a0\u00a0\u00a0\u00a0\u00a0\u00a0\u00a0\u00a0\u00a0 Natalia Ch\u00e1vez\u00a0\u00a0\u00a0\u00a0\u00a0 Ju\u00e1rez<\/p>\n<p>2\u00a0\u00a0\u00a0\u00a0\u00a0\u00a0\u00a0\u00a0\u00a0\u00a0\u00a0\u00a0\u00a0\u00a0\u00a0 Renata Rodr\u00edguez\u00a0 Ju\u00e1rez<\/p>\n<p>&nbsp;<\/p>\n<p>Categor\u00eda Infantil, Div. -39kg<\/p>\n<p>Lugar\u00a0\u00a0\u00a0\u00a0\u00a0\u00a0\u00a0\u00a0\u00a0 Nombre\u00a0\u00a0\u00a0\u00a0\u00a0\u00a0\u00a0\u00a0\u00a0\u00a0\u00a0\u00a0\u00a0\u00a0\u00a0 Procedencia<\/p>\n<p>1\u00a0\u00a0\u00a0\u00a0\u00a0\u00a0\u00a0\u00a0\u00a0\u00a0\u00a0\u00a0\u00a0\u00a0\u00a0 Natalia Gonz\u00e1lez\u00a0\u00a0\u00a0 Ju\u00e1rez<\/p>\n<p>2\u00a0\u00a0\u00a0\u00a0\u00a0\u00a0\u00a0\u00a0\u00a0\u00a0\u00a0\u00a0\u00a0\u00a0\u00a0 Kamila Garc\u00eda\u00a0\u00a0\u00a0\u00a0\u00a0\u00a0 Ju\u00e1rez<\/p>\n<p>3\u00a0\u00a0\u00a0\u00a0\u00a0\u00a0\u00a0\u00a0\u00a0\u00a0\u00a0\u00a0\u00a0\u00a0\u00a0 Daniela Fern\u00e1ndez Ju\u00e1rez<\/p>\n<p>3\u00a0\u00a0\u00a0\u00a0\u00a0\u00a0\u00a0\u00a0\u00a0\u00a0\u00a0\u00a0\u00a0\u00a0\u00a0 Fernanda Hoyos\u00a0\u00a0\u00a0 Ju\u00e1rez<\/p>\n<p>&nbsp;<\/p>\n<p>Categor\u00eda Infantil, Div. -42kg<\/p>\n<p>Lugar\u00a0\u00a0\u00a0\u00a0\u00a0\u00a0\u00a0\u00a0\u00a0 Nombre\u00a0\u00a0\u00a0\u00a0\u00a0\u00a0\u00a0\u00a0\u00a0\u00a0\u00a0\u00a0\u00a0\u00a0\u00a0 Procedencia<\/p>\n<p>1\u00a0\u00a0\u00a0\u00a0\u00a0\u00a0\u00a0\u00a0\u00a0\u00a0\u00a0\u00a0\u00a0\u00a0\u00a0 F\u00e1tima Torres\u00a0\u00a0\u00a0\u00a0\u00a0\u00a0 Ju\u00e1rez<\/p>\n<p>2\u00a0\u00a0\u00a0\u00a0\u00a0\u00a0\u00a0\u00a0\u00a0\u00a0\u00a0\u00a0\u00a0\u00a0\u00a0 Eva G\u00f3mez\u00a0\u00a0\u00a0\u00a0\u00a0\u00a0\u00a0\u00a0\u00a0\u00a0 Chihuahua<\/p>\n<p>3\u00a0\u00a0\u00a0\u00a0\u00a0\u00a0\u00a0\u00a0\u00a0\u00a0\u00a0\u00a0\u00a0\u00a0\u00a0 Astrid Silerio\u00a0\u00a0\u00a0\u00a0\u00a0\u00a0\u00a0\u00a0 Ju\u00e1rez<\/p>\n<p>3\u00a0\u00a0\u00a0\u00a0\u00a0\u00a0\u00a0\u00a0\u00a0\u00a0\u00a0\u00a0\u00a0\u00a0\u00a0 Danika Fern\u00e1ndez\u00a0 Ju\u00e1rez<\/p>\n<p>&nbsp;<\/p>\n<p>Categor\u00eda Infantil, Div. -46kg<\/p>\n<p>Lugar\u00a0\u00a0\u00a0\u00a0\u00a0\u00a0\u00a0\u00a0\u00a0 Nombre\u00a0\u00a0\u00a0\u00a0\u00a0\u00a0\u00a0\u00a0\u00a0\u00a0\u00a0\u00a0\u00a0\u00a0\u00a0 Procedencia<\/p>\n<p>1\u00a0\u00a0\u00a0\u00a0\u00a0\u00a0\u00a0\u00a0\u00a0\u00a0\u00a0\u00a0\u00a0\u00a0\u00a0 Alexa Zapien\u00a0\u00a0\u00a0\u00a0\u00a0\u00a0\u00a0\u00a0 Ju\u00e1rez<\/p>\n<p>2\u00a0\u00a0\u00a0\u00a0\u00a0\u00a0\u00a0\u00a0\u00a0\u00a0\u00a0\u00a0\u00a0\u00a0\u00a0 Celia Lic\u00f3n\u00a0\u00a0\u00a0\u00a0\u00a0\u00a0\u00a0\u00a0\u00a0\u00a0 Chihuahua<\/p>\n<p>&nbsp;<\/p>\n<p>Categor\u00eda Infantil, Div. -50kg<\/p>\n<p>Lugar\u00a0\u00a0\u00a0\u00a0\u00a0\u00a0\u00a0\u00a0\u00a0 Nombre\u00a0\u00a0\u00a0\u00a0\u00a0\u00a0\u00a0\u00a0\u00a0\u00a0\u00a0\u00a0\u00a0\u00a0\u00a0 Procedencia<\/p>\n<p>1\u00a0\u00a0\u00a0\u00a0\u00a0\u00a0\u00a0\u00a0\u00a0\u00a0\u00a0\u00a0\u00a0\u00a0\u00a0 Kenia Hamilton\u00a0\u00a0\u00a0\u00a0\u00a0 Ju\u00e1rez<\/p>\n<p>2\u00a0\u00a0\u00a0\u00a0\u00a0\u00a0\u00a0\u00a0\u00a0\u00a0\u00a0\u00a0\u00a0\u00a0\u00a0 Aide L\u00f3pez\u00a0\u00a0\u00a0\u00a0\u00a0\u00a0\u00a0\u00a0\u00a0\u00a0 Ju\u00e1rez<\/p>\n<p>&nbsp;<\/p>\n<p>Categor\u00eda Infantil, Div. -27kg<\/p>\n<p>Lugar\u00a0\u00a0\u00a0\u00a0\u00a0\u00a0\u00a0\u00a0\u00a0 Nombre\u00a0\u00a0\u00a0\u00a0\u00a0\u00a0\u00a0\u00a0\u00a0\u00a0\u00a0\u00a0\u00a0\u00a0\u00a0 Procedencia<\/p>\n<p>1\u00a0\u00a0\u00a0\u00a0\u00a0\u00a0\u00a0\u00a0\u00a0\u00a0\u00a0\u00a0\u00a0\u00a0\u00a0 Emiliano Fuentes\u00a0\u00a0 Ju\u00e1rez<\/p>\n<p>2\u00a0\u00a0\u00a0\u00a0\u00a0\u00a0\u00a0\u00a0\u00a0\u00a0\u00a0\u00a0\u00a0\u00a0\u00a0 Maximiliano Calleros Ju\u00e1rez<\/p>\n<p>3\u00a0\u00a0\u00a0\u00a0\u00a0\u00a0\u00a0\u00a0\u00a0\u00a0\u00a0\u00a0\u00a0\u00a0\u00a0 Fernando Quintana Ju\u00e1rez<\/p>\n<p>3\u00a0\u00a0\u00a0\u00a0\u00a0\u00a0\u00a0\u00a0\u00a0\u00a0\u00a0\u00a0\u00a0\u00a0\u00a0 Jos\u00e9 Murillo\u00a0\u00a0\u00a0\u00a0\u00a0\u00a0\u00a0\u00a0\u00a0 Cuauht\u00e9moc<\/p>\n<p>&nbsp;<\/p>\n<p>&nbsp;<\/p>\n<p>&nbsp;<\/p>\n","protected":false},"excerpt":{"rendered":"<p>El gimnasio del Colegio de Bachilleres en Ciudad Ju\u00e1rez, fue el escenario de las eliminatorias de Tae Kwon Do, correspondientes<\/p>\n","protected":false},"author":1,"featured_media":2031,"comment_status":"closed","ping_status":"open","sticky":false,"template":"","format":"standard","meta":{"footnotes":""},"categories":[5,3],"tags":[],"class_list":["post-2030","post","type-post","status-publish","format-standard","has-post-thumbnail","hentry","category-on","category-sub"],"yoast_head":"<!-- This site is optimized with the Yoast SEO plugin v25.9 - https:\/\/yoast.com\/wordpress\/plugins\/seo\/ -->\n<title>Abre el Tae Kwon Do etapa estatal de Juegos Conade - ICHD<\/title>\n<meta name=\"description\" content=\"En la ciudad fronteriza se realizan las competencias\" \/>\n<meta name=\"robots\" content=\"index, follow, max-snippet:-1, max-image-preview:large, max-video-preview:-1\" \/>\n<link rel=\"canonical\" href=\"https:\/\/ichd.mx\/?p=2030\" \/>\n<meta property=\"og:locale\" content=\"es_ES\" \/>\n<meta property=\"og:type\" content=\"article\" \/>\n<meta property=\"og:title\" content=\"Abre el Tae Kwon Do etapa estatal de Juegos Conade - ICHD\" \/>\n<meta property=\"og:description\" content=\"En la ciudad fronteriza se realizan las competencias\" \/>\n<meta property=\"og:url\" content=\"https:\/\/ichd.mx\/?p=2030\" \/>\n<meta property=\"og:site_name\" content=\"ICHD\" \/>\n<meta property=\"article:publisher\" content=\"https:\/\/www.facebook.com\/ichdmx\" \/>\n<meta property=\"article:published_time\" content=\"2022-02-20T02:13:59+00:00\" \/>\n<meta property=\"article:modified_time\" content=\"2022-02-21T03:37:22+00:00\" \/>\n<meta property=\"og:image\" content=\"https:\/\/ichd.mx\/wp-content\/uploads\/2022\/02\/JE-Taekwondo-primer-di\u0301a-4.jpeg\" \/>\n\t<meta property=\"og:image:width\" content=\"1280\" \/>\n\t<meta property=\"og:image:height\" content=\"853\" \/>\n\t<meta property=\"og:image:type\" content=\"image\/jpeg\" \/>\n<meta name=\"author\" content=\"Prensa ICHD\" \/>\n<meta name=\"twitter:card\" content=\"summary_large_image\" \/>\n<meta name=\"twitter:creator\" content=\"@ICHDmx\" \/>\n<meta name=\"twitter:site\" content=\"@ICHDmx\" \/>\n<meta name=\"twitter:label1\" content=\"Escrito por\" \/>\n\t<meta name=\"twitter:data1\" content=\"Prensa ICHD\" \/>\n\t<meta name=\"twitter:label2\" content=\"Tiempo de lectura\" \/>\n\t<meta name=\"twitter:data2\" content=\"2 minutos\" \/>\n<script type=\"application\/ld+json\" class=\"yoast-schema-graph\">{\"@context\":\"https:\/\/schema.org\",\"@graph\":[{\"@type\":\"WebPage\",\"@id\":\"https:\/\/ichd.mx\/?p=2030\",\"url\":\"https:\/\/ichd.mx\/?p=2030\",\"name\":\"Abre el Tae Kwon Do etapa estatal de Juegos Conade - ICHD\",\"isPartOf\":{\"@id\":\"https:\/\/ichd.mx\/#website\"},\"primaryImageOfPage\":{\"@id\":\"https:\/\/ichd.mx\/?p=2030#primaryimage\"},\"image\":{\"@id\":\"https:\/\/ichd.mx\/?p=2030#primaryimage\"},\"thumbnailUrl\":\"https:\/\/ichd.mx\/wp-content\/uploads\/2022\/02\/JE-Taekwondo-primer-di\u0301a-4.jpeg\",\"datePublished\":\"2022-02-20T02:13:59+00:00\",\"dateModified\":\"2022-02-21T03:37:22+00:00\",\"author\":{\"@id\":\"https:\/\/ichd.mx\/#\/schema\/person\/f479276b61f414d2c9cb093175585910\"},\"description\":\"En la ciudad fronteriza se realizan las competencias\",\"breadcrumb\":{\"@id\":\"https:\/\/ichd.mx\/?p=2030#breadcrumb\"},\"inLanguage\":\"es\",\"potentialAction\":[{\"@type\":\"ReadAction\",\"target\":[\"https:\/\/ichd.mx\/?p=2030\"]}]},{\"@type\":\"ImageObject\",\"inLanguage\":\"es\",\"@id\":\"https:\/\/ichd.mx\/?p=2030#primaryimage\",\"url\":\"https:\/\/ichd.mx\/wp-content\/uploads\/2022\/02\/JE-Taekwondo-primer-di\u0301a-4.jpeg\",\"contentUrl\":\"https:\/\/ichd.mx\/wp-content\/uploads\/2022\/02\/JE-Taekwondo-primer-di\u0301a-4.jpeg\",\"width\":1280,\"height\":853},{\"@type\":\"BreadcrumbList\",\"@id\":\"https:\/\/ichd.mx\/?p=2030#breadcrumb\",\"itemListElement\":[{\"@type\":\"ListItem\",\"position\":1,\"name\":\"Portada\",\"item\":\"https:\/\/ichd.mx\/\"},{\"@type\":\"ListItem\",\"position\":2,\"name\":\"Abre el Tae Kwon Do etapa estatal de Juegos Conade\"}]},{\"@type\":\"WebSite\",\"@id\":\"https:\/\/ichd.mx\/#website\",\"url\":\"https:\/\/ichd.mx\/\",\"name\":\"ICHD\",\"description\":\"Instituto Chihuahuense del Deporte y Cultura F\u00edsica\",\"potentialAction\":[{\"@type\":\"SearchAction\",\"target\":{\"@type\":\"EntryPoint\",\"urlTemplate\":\"https:\/\/ichd.mx\/?s={search_term_string}\"},\"query-input\":{\"@type\":\"PropertyValueSpecification\",\"valueRequired\":true,\"valueName\":\"search_term_string\"}}],\"inLanguage\":\"es\"},{\"@type\":\"Person\",\"@id\":\"https:\/\/ichd.mx\/#\/schema\/person\/f479276b61f414d2c9cb093175585910\",\"name\":\"Prensa ICHD\",\"image\":{\"@type\":\"ImageObject\",\"inLanguage\":\"es\",\"@id\":\"https:\/\/ichd.mx\/#\/schema\/person\/image\/\",\"url\":\"https:\/\/secure.gravatar.com\/avatar\/6046115645d37646586ee77488df800b?s=96&d=mm&r=g\",\"contentUrl\":\"https:\/\/secure.gravatar.com\/avatar\/6046115645d37646586ee77488df800b?s=96&d=mm&r=g\",\"caption\":\"Prensa ICHD\"},\"url\":\"https:\/\/ichd.mx\/?author=1\"}]}<\/script>\n<!-- \/ Yoast SEO plugin. -->","yoast_head_json":{"title":"Abre el Tae Kwon Do etapa estatal de Juegos Conade - ICHD","description":"En la ciudad fronteriza se realizan las competencias","robots":{"index":"index","follow":"follow","max-snippet":"max-snippet:-1","max-image-preview":"max-image-preview:large","max-video-preview":"max-video-preview:-1"},"canonical":"https:\/\/ichd.mx\/?p=2030","og_locale":"es_ES","og_type":"article","og_title":"Abre el Tae Kwon Do etapa estatal de Juegos Conade - ICHD","og_description":"En la ciudad fronteriza se realizan las competencias","og_url":"https:\/\/ichd.mx\/?p=2030","og_site_name":"ICHD","article_publisher":"https:\/\/www.facebook.com\/ichdmx","article_published_time":"2022-02-20T02:13:59+00:00","article_modified_time":"2022-02-21T03:37:22+00:00","og_image":[{"width":1280,"height":853,"url":"https:\/\/ichd.mx\/wp-content\/uploads\/2022\/02\/JE-Taekwondo-primer-di\u0301a-4.jpeg","type":"image\/jpeg"}],"author":"Prensa ICHD","twitter_card":"summary_large_image","twitter_creator":"@ICHDmx","twitter_site":"@ICHDmx","twitter_misc":{"Escrito por":"Prensa ICHD","Tiempo de lectura":"2 minutos"},"schema":{"@context":"https:\/\/schema.org","@graph":[{"@type":"WebPage","@id":"https:\/\/ichd.mx\/?p=2030","url":"https:\/\/ichd.mx\/?p=2030","name":"Abre el Tae Kwon Do etapa estatal de Juegos Conade - ICHD","isPartOf":{"@id":"https:\/\/ichd.mx\/#website"},"primaryImageOfPage":{"@id":"https:\/\/ichd.mx\/?p=2030#primaryimage"},"image":{"@id":"https:\/\/ichd.mx\/?p=2030#primaryimage"},"thumbnailUrl":"https:\/\/ichd.mx\/wp-content\/uploads\/2022\/02\/JE-Taekwondo-primer-di\u0301a-4.jpeg","datePublished":"2022-02-20T02:13:59+00:00","dateModified":"2022-02-21T03:37:22+00:00","author":{"@id":"https:\/\/ichd.mx\/#\/schema\/person\/f479276b61f414d2c9cb093175585910"},"description":"En la ciudad fronteriza se realizan las competencias","breadcrumb":{"@id":"https:\/\/ichd.mx\/?p=2030#breadcrumb"},"inLanguage":"es","potentialAction":[{"@type":"ReadAction","target":["https:\/\/ichd.mx\/?p=2030"]}]},{"@type":"ImageObject","inLanguage":"es","@id":"https:\/\/ichd.mx\/?p=2030#primaryimage","url":"https:\/\/ichd.mx\/wp-content\/uploads\/2022\/02\/JE-Taekwondo-primer-di\u0301a-4.jpeg","contentUrl":"https:\/\/ichd.mx\/wp-content\/uploads\/2022\/02\/JE-Taekwondo-primer-di\u0301a-4.jpeg","width":1280,"height":853},{"@type":"BreadcrumbList","@id":"https:\/\/ichd.mx\/?p=2030#breadcrumb","itemListElement":[{"@type":"ListItem","position":1,"name":"Portada","item":"https:\/\/ichd.mx\/"},{"@type":"ListItem","position":2,"name":"Abre el Tae Kwon Do etapa estatal de Juegos Conade"}]},{"@type":"WebSite","@id":"https:\/\/ichd.mx\/#website","url":"https:\/\/ichd.mx\/","name":"ICHD","description":"Instituto Chihuahuense del Deporte y Cultura F\u00edsica","potentialAction":[{"@type":"SearchAction","target":{"@type":"EntryPoint","urlTemplate":"https:\/\/ichd.mx\/?s={search_term_string}"},"query-input":{"@type":"PropertyValueSpecification","valueRequired":true,"valueName":"search_term_string"}}],"inLanguage":"es"},{"@type":"Person","@id":"https:\/\/ichd.mx\/#\/schema\/person\/f479276b61f414d2c9cb093175585910","name":"Prensa ICHD","image":{"@type":"ImageObject","inLanguage":"es","@id":"https:\/\/ichd.mx\/#\/schema\/person\/image\/","url":"https:\/\/secure.gravatar.com\/avatar\/6046115645d37646586ee77488df800b?s=96&d=mm&r=g","contentUrl":"https:\/\/secure.gravatar.com\/avatar\/6046115645d37646586ee77488df800b?s=96&d=mm&r=g","caption":"Prensa ICHD"},"url":"https:\/\/ichd.mx\/?author=1"}]}},"_links":{"self":[{"href":"https:\/\/ichd.mx\/index.php?rest_route=\/wp\/v2\/posts\/2030","targetHints":{"allow":["GET"]}}],"collection":[{"href":"https:\/\/ichd.mx\/index.php?rest_route=\/wp\/v2\/posts"}],"about":[{"href":"https:\/\/ichd.mx\/index.php?rest_route=\/wp\/v2\/types\/post"}],"author":[{"embeddable":true,"href":"https:\/\/ichd.mx\/index.php?rest_route=\/wp\/v2\/users\/1"}],"replies":[{"embeddable":true,"href":"https:\/\/ichd.mx\/index.php?rest_route=%2Fwp%2Fv2%2Fcomments&post=2030"}],"version-history":[{"count":1,"href":"https:\/\/ichd.mx\/index.php?rest_route=\/wp\/v2\/posts\/2030\/revisions"}],"predecessor-version":[{"id":2032,"href":"https:\/\/ichd.mx\/index.php?rest_route=\/wp\/v2\/posts\/2030\/revisions\/2032"}],"wp:featuredmedia":[{"embeddable":true,"href":"https:\/\/ichd.mx\/index.php?rest_route=\/wp\/v2\/media\/2031"}],"wp:attachment":[{"href":"https:\/\/ichd.mx\/index.php?rest_route=%2Fwp%2Fv2%2Fmedia&parent=2030"}],"wp:term":[{"taxonomy":"category","embeddable":true,"href":"https:\/\/ichd.mx\/index.php?rest_route=%2Fwp%2Fv2%2Fcategories&post=2030"},{"taxonomy":"post_tag","embeddable":true,"href":"https:\/\/ichd.mx\/index.php?rest_route=%2Fwp%2Fv2%2Ftags&post=2030"}],"curies":[{"name":"wp","href":"https:\/\/api.w.org\/{rel}","templated":true}]}}