{"id":1975,"date":"2021-11-26T11:03:28","date_gmt":"2021-11-26T18:03:28","guid":{"rendered":"https:\/\/ichd.mx\/?p=1975"},"modified":"2021-11-26T11:03:28","modified_gmt":"2021-11-26T18:03:28","slug":"la-seleccion-mexicana-de-baloncesto-se-enfrentara-a-puerto-rico-y-estados-unidos","status":"publish","type":"post","link":"https:\/\/ichd.mx\/?p=1975","title":{"rendered":"Revelan lista de la Selecci\u00f3n Mexicana de B\u00e1squetbol para la ventana del pre mundial de Chihuahua"},"content":{"rendered":"<p>En una conferencia de prensa virtual, el coach Omar Quintero revel\u00f3 la lista de jugadores que integrar\u00e1n la Selecci\u00f3n Mexicana de B\u00e1squetbol que iniciar\u00e1 actividades el pr\u00f3ximo domingo 28 en la primera burbuja clasificatoria rumbo a la Copa del Mundo FIBA 2023, que tendr\u00e1 como sede el Gimnasio Manuel Bernardo Aguirre en la capital de Chihuahua.<\/p>\n<p>En la lista destacan jugadores nuevos que por primera ocasi\u00f3n recibir\u00e1n la oportunidad de representar al pa\u00eds y destaca tambi\u00e9n que no asistir\u00e1 Gustavo Ay\u00f3n, quien oficializ\u00f3 su retiro de la escuadra mexicana.<\/p>\n<p>Quintero revel\u00f3 que el plantel nacional estar\u00e1 compuesto por: Paul Stoll, Paul Meyer, Mois\u00e9s Endreachi, Santiago Ochoa, Orlando M\u00e9ndez, Esteban Roacho, Gabriel Gir\u00f3n, Gael Bonilla, Irwin \u00c1valos, Jorge Camacho, Jonathan Machado, Fabi\u00e1n Jaimes, Daniel Amigo e Israel Guti\u00e9rrez.<\/p>\n<p>El t\u00e9cnico Omar Quintero explic\u00f3 que \u201cEstamos apostando a este nuevo proceso con sangre nueva y estoy muy motivado, sobre todo cuando ya los vi entrenar aqu\u00ed por primera vez el d\u00eda lunes en Chihuahua. A m\u00ed no me da miedo \u2014a\u00f1adi\u00f3\u2014 darle la oportunidad a Gael Bonilla, a Esteban Roacho. Es el momento de hacer este cambio; es un proceso, hay que tener paciencia, pero vamos a cumplir con el objetivo que es estar en el Mundial\u201d que tendr\u00e1 lugar en Filipinas, Jap\u00f3n e Indonesia, entre agosto y septiembre de 2023.<\/p>\n<p>Espec\u00edficamente sobre Gustavo Ay\u00f3n, el t\u00e9cnico Omar Quintero explic\u00f3 que se habl\u00f3 con \u00e9l, pero reiter\u00f3 que ya estaba retirado se la Selecci\u00f3n Mexicana.<\/p>\n<p>\u201cEs una decisi\u00f3n que se respeta. Yo siempre voy a estar agradecido con \u00e9l, me apoy\u00f3 en mis primeras dos participaciones con la Selecci\u00f3n, fue al primer jugador que convoqu\u00e9 y hay que respetar su decisi\u00f3n\u201d, detall\u00f3.<\/p>\n<p>El Comit\u00e9 Organizador, encabezado por el Gobierno de Chihuahua, el Instituto Chihuahuense del Deporte y Cultura F\u00edsica, ADEMEBA y Xoy Capital, anunciaron hoy que los boletos, adem\u00e1s de poder comprarse en l\u00ednea en www.topticket.mx, podr\u00e1n adquirirse en la taquilla del Gimnasio Manuel Bernardo Aguirre de 11:00 a 18:00 horas.<\/p>\n<p><img loading=\"lazy\" decoding=\"async\" class=\"alignnone wp-image-1976 size-full\" src=\"https:\/\/ichd.mx\/wp-content\/uploads\/2021\/11\/Seleccio\u0301n-Me\u0301xico-FIBA.jpeg\" alt=\"\" width=\"1272\" height=\"1280\" srcset=\"https:\/\/ichd.mx\/wp-content\/uploads\/2021\/11\/Seleccio\u0301n-Me\u0301xico-FIBA.jpeg 1272w, https:\/\/ichd.mx\/wp-content\/uploads\/2021\/11\/Seleccio\u0301n-Me\u0301xico-FIBA-298x300.jpeg 298w, https:\/\/ichd.mx\/wp-content\/uploads\/2021\/11\/Seleccio\u0301n-Me\u0301xico-FIBA-1018x1024.jpeg 1018w, https:\/\/ichd.mx\/wp-content\/uploads\/2021\/11\/Seleccio\u0301n-Me\u0301xico-FIBA-150x150.jpeg 150w, https:\/\/ichd.mx\/wp-content\/uploads\/2021\/11\/Seleccio\u0301n-Me\u0301xico-FIBA-768x773.jpeg 768w\" sizes=\"auto, (max-width: 1272px) 100vw, 1272px\" \/><\/p>\n","protected":false},"excerpt":{"rendered":"<p>En una conferencia de prensa virtual, el coach Omar Quintero revel\u00f3 la lista de jugadores que integrar\u00e1n la Selecci\u00f3n Mexicana<\/p>\n","protected":false},"author":1,"featured_media":1976,"comment_status":"closed","ping_status":"open","sticky":false,"template":"","format":"standard","meta":{"footnotes":""},"categories":[8,2],"tags":[],"class_list":["post-1975","post","type-post","status-publish","format-standard","has-post-thumbnail","hentry","category-gral","category-ppal"],"yoast_head":"<!-- This site is optimized with the Yoast SEO plugin v25.9 - https:\/\/yoast.com\/wordpress\/plugins\/seo\/ -->\n<title>Revelan lista de la Selecci\u00f3n Mexicana de B\u00e1squetbol para la ventana del pre mundial de Chihuahua - ICHD<\/title>\n<meta name=\"description\" content=\"En conferencia virtual, el entrenador Omar Quintero present\u00f3 uno a uno los jugadores que integrar\u00e1n el selectivo para dicha justa.\" \/>\n<meta name=\"robots\" content=\"index, follow, max-snippet:-1, max-image-preview:large, max-video-preview:-1\" \/>\n<link rel=\"canonical\" href=\"https:\/\/ichd.mx\/?p=1975\" \/>\n<meta property=\"og:locale\" content=\"es_ES\" \/>\n<meta property=\"og:type\" content=\"article\" \/>\n<meta property=\"og:title\" content=\"Revelan lista de la Selecci\u00f3n Mexicana de B\u00e1squetbol para la ventana del pre mundial de Chihuahua - ICHD\" \/>\n<meta property=\"og:description\" content=\"En conferencia virtual, el entrenador Omar Quintero present\u00f3 uno a uno los jugadores que integrar\u00e1n el selectivo para dicha justa.\" \/>\n<meta property=\"og:url\" content=\"https:\/\/ichd.mx\/?p=1975\" \/>\n<meta property=\"og:site_name\" content=\"ICHD\" \/>\n<meta property=\"article:publisher\" content=\"https:\/\/www.facebook.com\/ichdmx\" \/>\n<meta property=\"article:published_time\" content=\"2021-11-26T18:03:28+00:00\" \/>\n<meta property=\"og:image\" content=\"https:\/\/ichd.mx\/wp-content\/uploads\/2021\/11\/Seleccio\u0301n-Me\u0301xico-FIBA.jpeg\" \/>\n\t<meta property=\"og:image:width\" content=\"1272\" \/>\n\t<meta property=\"og:image:height\" content=\"1280\" \/>\n\t<meta property=\"og:image:type\" content=\"image\/jpeg\" \/>\n<meta name=\"author\" content=\"Prensa ICHD\" \/>\n<meta name=\"twitter:card\" content=\"summary_large_image\" \/>\n<meta name=\"twitter:creator\" content=\"@ICHDmx\" \/>\n<meta name=\"twitter:site\" content=\"@ICHDmx\" \/>\n<meta name=\"twitter:label1\" content=\"Escrito por\" \/>\n\t<meta name=\"twitter:data1\" content=\"Prensa ICHD\" \/>\n\t<meta name=\"twitter:label2\" content=\"Tiempo de lectura\" \/>\n\t<meta name=\"twitter:data2\" content=\"2 minutos\" \/>\n<script type=\"application\/ld+json\" class=\"yoast-schema-graph\">{\"@context\":\"https:\/\/schema.org\",\"@graph\":[{\"@type\":\"WebPage\",\"@id\":\"https:\/\/ichd.mx\/?p=1975\",\"url\":\"https:\/\/ichd.mx\/?p=1975\",\"name\":\"Revelan lista de la Selecci\u00f3n Mexicana de B\u00e1squetbol para la ventana del pre mundial de Chihuahua - ICHD\",\"isPartOf\":{\"@id\":\"https:\/\/ichd.mx\/#website\"},\"primaryImageOfPage\":{\"@id\":\"https:\/\/ichd.mx\/?p=1975#primaryimage\"},\"image\":{\"@id\":\"https:\/\/ichd.mx\/?p=1975#primaryimage\"},\"thumbnailUrl\":\"https:\/\/ichd.mx\/wp-content\/uploads\/2021\/11\/Seleccio\u0301n-Me\u0301xico-FIBA.jpeg\",\"datePublished\":\"2021-11-26T18:03:28+00:00\",\"author\":{\"@id\":\"https:\/\/ichd.mx\/#\/schema\/person\/f479276b61f414d2c9cb093175585910\"},\"description\":\"En conferencia virtual, el entrenador Omar Quintero present\u00f3 uno a uno los jugadores que integrar\u00e1n el selectivo para dicha justa.\",\"breadcrumb\":{\"@id\":\"https:\/\/ichd.mx\/?p=1975#breadcrumb\"},\"inLanguage\":\"es\",\"potentialAction\":[{\"@type\":\"ReadAction\",\"target\":[\"https:\/\/ichd.mx\/?p=1975\"]}]},{\"@type\":\"ImageObject\",\"inLanguage\":\"es\",\"@id\":\"https:\/\/ichd.mx\/?p=1975#primaryimage\",\"url\":\"https:\/\/ichd.mx\/wp-content\/uploads\/2021\/11\/Seleccio\u0301n-Me\u0301xico-FIBA.jpeg\",\"contentUrl\":\"https:\/\/ichd.mx\/wp-content\/uploads\/2021\/11\/Seleccio\u0301n-Me\u0301xico-FIBA.jpeg\",\"width\":1272,\"height\":1280},{\"@type\":\"BreadcrumbList\",\"@id\":\"https:\/\/ichd.mx\/?p=1975#breadcrumb\",\"itemListElement\":[{\"@type\":\"ListItem\",\"position\":1,\"name\":\"Portada\",\"item\":\"https:\/\/ichd.mx\/\"},{\"@type\":\"ListItem\",\"position\":2,\"name\":\"Revelan lista de la Selecci\u00f3n Mexicana de B\u00e1squetbol para la ventana del pre mundial de Chihuahua\"}]},{\"@type\":\"WebSite\",\"@id\":\"https:\/\/ichd.mx\/#website\",\"url\":\"https:\/\/ichd.mx\/\",\"name\":\"ICHD\",\"description\":\"Instituto Chihuahuense del Deporte y Cultura F\u00edsica\",\"potentialAction\":[{\"@type\":\"SearchAction\",\"target\":{\"@type\":\"EntryPoint\",\"urlTemplate\":\"https:\/\/ichd.mx\/?s={search_term_string}\"},\"query-input\":{\"@type\":\"PropertyValueSpecification\",\"valueRequired\":true,\"valueName\":\"search_term_string\"}}],\"inLanguage\":\"es\"},{\"@type\":\"Person\",\"@id\":\"https:\/\/ichd.mx\/#\/schema\/person\/f479276b61f414d2c9cb093175585910\",\"name\":\"Prensa ICHD\",\"image\":{\"@type\":\"ImageObject\",\"inLanguage\":\"es\",\"@id\":\"https:\/\/ichd.mx\/#\/schema\/person\/image\/\",\"url\":\"https:\/\/secure.gravatar.com\/avatar\/6046115645d37646586ee77488df800b?s=96&d=mm&r=g\",\"contentUrl\":\"https:\/\/secure.gravatar.com\/avatar\/6046115645d37646586ee77488df800b?s=96&d=mm&r=g\",\"caption\":\"Prensa ICHD\"},\"url\":\"https:\/\/ichd.mx\/?author=1\"}]}<\/script>\n<!-- \/ Yoast SEO plugin. -->","yoast_head_json":{"title":"Revelan lista de la Selecci\u00f3n Mexicana de B\u00e1squetbol para la ventana del pre mundial de Chihuahua - ICHD","description":"En conferencia virtual, el entrenador Omar Quintero present\u00f3 uno a uno los jugadores que integrar\u00e1n el selectivo para dicha justa.","robots":{"index":"index","follow":"follow","max-snippet":"max-snippet:-1","max-image-preview":"max-image-preview:large","max-video-preview":"max-video-preview:-1"},"canonical":"https:\/\/ichd.mx\/?p=1975","og_locale":"es_ES","og_type":"article","og_title":"Revelan lista de la Selecci\u00f3n Mexicana de B\u00e1squetbol para la ventana del pre mundial de Chihuahua - ICHD","og_description":"En conferencia virtual, el entrenador Omar Quintero present\u00f3 uno a uno los jugadores que integrar\u00e1n el selectivo para dicha justa.","og_url":"https:\/\/ichd.mx\/?p=1975","og_site_name":"ICHD","article_publisher":"https:\/\/www.facebook.com\/ichdmx","article_published_time":"2021-11-26T18:03:28+00:00","og_image":[{"width":1272,"height":1280,"url":"https:\/\/ichd.mx\/wp-content\/uploads\/2021\/11\/Seleccio\u0301n-Me\u0301xico-FIBA.jpeg","type":"image\/jpeg"}],"author":"Prensa ICHD","twitter_card":"summary_large_image","twitter_creator":"@ICHDmx","twitter_site":"@ICHDmx","twitter_misc":{"Escrito por":"Prensa ICHD","Tiempo de lectura":"2 minutos"},"schema":{"@context":"https:\/\/schema.org","@graph":[{"@type":"WebPage","@id":"https:\/\/ichd.mx\/?p=1975","url":"https:\/\/ichd.mx\/?p=1975","name":"Revelan lista de la Selecci\u00f3n Mexicana de B\u00e1squetbol para la ventana del pre mundial de Chihuahua - ICHD","isPartOf":{"@id":"https:\/\/ichd.mx\/#website"},"primaryImageOfPage":{"@id":"https:\/\/ichd.mx\/?p=1975#primaryimage"},"image":{"@id":"https:\/\/ichd.mx\/?p=1975#primaryimage"},"thumbnailUrl":"https:\/\/ichd.mx\/wp-content\/uploads\/2021\/11\/Seleccio\u0301n-Me\u0301xico-FIBA.jpeg","datePublished":"2021-11-26T18:03:28+00:00","author":{"@id":"https:\/\/ichd.mx\/#\/schema\/person\/f479276b61f414d2c9cb093175585910"},"description":"En conferencia virtual, el entrenador Omar Quintero present\u00f3 uno a uno los jugadores que integrar\u00e1n el selectivo para dicha justa.","breadcrumb":{"@id":"https:\/\/ichd.mx\/?p=1975#breadcrumb"},"inLanguage":"es","potentialAction":[{"@type":"ReadAction","target":["https:\/\/ichd.mx\/?p=1975"]}]},{"@type":"ImageObject","inLanguage":"es","@id":"https:\/\/ichd.mx\/?p=1975#primaryimage","url":"https:\/\/ichd.mx\/wp-content\/uploads\/2021\/11\/Seleccio\u0301n-Me\u0301xico-FIBA.jpeg","contentUrl":"https:\/\/ichd.mx\/wp-content\/uploads\/2021\/11\/Seleccio\u0301n-Me\u0301xico-FIBA.jpeg","width":1272,"height":1280},{"@type":"BreadcrumbList","@id":"https:\/\/ichd.mx\/?p=1975#breadcrumb","itemListElement":[{"@type":"ListItem","position":1,"name":"Portada","item":"https:\/\/ichd.mx\/"},{"@type":"ListItem","position":2,"name":"Revelan lista de la Selecci\u00f3n Mexicana de B\u00e1squetbol para la ventana del pre mundial de Chihuahua"}]},{"@type":"WebSite","@id":"https:\/\/ichd.mx\/#website","url":"https:\/\/ichd.mx\/","name":"ICHD","description":"Instituto Chihuahuense del Deporte y Cultura F\u00edsica","potentialAction":[{"@type":"SearchAction","target":{"@type":"EntryPoint","urlTemplate":"https:\/\/ichd.mx\/?s={search_term_string}"},"query-input":{"@type":"PropertyValueSpecification","valueRequired":true,"valueName":"search_term_string"}}],"inLanguage":"es"},{"@type":"Person","@id":"https:\/\/ichd.mx\/#\/schema\/person\/f479276b61f414d2c9cb093175585910","name":"Prensa ICHD","image":{"@type":"ImageObject","inLanguage":"es","@id":"https:\/\/ichd.mx\/#\/schema\/person\/image\/","url":"https:\/\/secure.gravatar.com\/avatar\/6046115645d37646586ee77488df800b?s=96&d=mm&r=g","contentUrl":"https:\/\/secure.gravatar.com\/avatar\/6046115645d37646586ee77488df800b?s=96&d=mm&r=g","caption":"Prensa ICHD"},"url":"https:\/\/ichd.mx\/?author=1"}]}},"_links":{"self":[{"href":"https:\/\/ichd.mx\/index.php?rest_route=\/wp\/v2\/posts\/1975","targetHints":{"allow":["GET"]}}],"collection":[{"href":"https:\/\/ichd.mx\/index.php?rest_route=\/wp\/v2\/posts"}],"about":[{"href":"https:\/\/ichd.mx\/index.php?rest_route=\/wp\/v2\/types\/post"}],"author":[{"embeddable":true,"href":"https:\/\/ichd.mx\/index.php?rest_route=\/wp\/v2\/users\/1"}],"replies":[{"embeddable":true,"href":"https:\/\/ichd.mx\/index.php?rest_route=%2Fwp%2Fv2%2Fcomments&post=1975"}],"version-history":[{"count":1,"href":"https:\/\/ichd.mx\/index.php?rest_route=\/wp\/v2\/posts\/1975\/revisions"}],"predecessor-version":[{"id":1977,"href":"https:\/\/ichd.mx\/index.php?rest_route=\/wp\/v2\/posts\/1975\/revisions\/1977"}],"wp:featuredmedia":[{"embeddable":true,"href":"https:\/\/ichd.mx\/index.php?rest_route=\/wp\/v2\/media\/1976"}],"wp:attachment":[{"href":"https:\/\/ichd.mx\/index.php?rest_route=%2Fwp%2Fv2%2Fmedia&parent=1975"}],"wp:term":[{"taxonomy":"category","embeddable":true,"href":"https:\/\/ichd.mx\/index.php?rest_route=%2Fwp%2Fv2%2Fcategories&post=1975"},{"taxonomy":"post_tag","embeddable":true,"href":"https:\/\/ichd.mx\/index.php?rest_route=%2Fwp%2Fv2%2Ftags&post=1975"}],"curies":[{"name":"wp","href":"https:\/\/api.w.org\/{rel}","templated":true}]}}