{"id":1945,"date":"2021-11-22T13:58:35","date_gmt":"2021-11-22T20:58:35","guid":{"rendered":"https:\/\/ichd.mx\/?p=1945"},"modified":"2021-11-23T13:31:44","modified_gmt":"2021-11-23T20:31:44","slug":"fomenta-ichd-el-deporte-entre-internos-de-centros-de-readaptacion-social","status":"publish","type":"post","link":"https:\/\/ichd.mx\/?p=1945","title":{"rendered":"Fomenta ICHD el deporte entre internos de centros de readaptaci\u00f3n social"},"content":{"rendered":"<p style=\"margin: 0cm; margin-bottom: .0001pt; text-align: justify; background: white;\"><span lang=\"ES-MX\" style=\"font-size: 14.0pt; color: #222222;\">El Instituto Chihuahuense del Deporte y Cultura F\u00edsica (ICHD), particip\u00f3 en la organizaci\u00f3n de actividades atl\u00e9ticas entre internos de los centros de readaptaci\u00f3n social para adultos y para adolescentes, en apoyo a su proceso de reinserci\u00f3n social.<\/span><\/p>\n<p style=\"margin: 0cm; margin-bottom: .0001pt; text-align: justify; background: white;\"><span lang=\"ES-MX\" style=\"font-size: 14.0pt; color: #222222;\">\u00a0<\/span><\/p>\n<p style=\"margin: 0cm; margin-bottom: .0001pt; text-align: justify; background: white;\"><span lang=\"ES-MX\" style=\"font-size: 14.0pt; color: #222222;\">Tania Teporaca Romero, directora de la dependencia, destac\u00f3 que la activaci\u00f3n f\u00edsica es una influencia positiva en los h\u00e1bitos y el comportamiento para la rehabilitaci\u00f3n de los internos, lo que se fomenta a trav\u00e9s de estas actividades.<\/span><\/p>\n<p style=\"margin: 0cm; margin-bottom: .0001pt; text-align: justify; background: white;\"><span lang=\"ES-MX\" style=\"font-size: 14.0pt; color: #222222;\">\u00a0<\/span><\/p>\n<p style=\"margin: 0cm; margin-bottom: .0001pt; text-align: justify; background: white;\"><span lang=\"ES-MX\" style=\"font-size: 14.0pt; color: #222222;\">Dio a conocer que, en el Centro de Readaptaci\u00f3n Social de Aquiles Serd\u00e1n, se realiz\u00f3 un torneo interno de boxeo, en el cual se desarrollaron 9 peleas de exhibici\u00f3n, en las que los participantes dieron muestra de su talento.<\/span><\/p>\n<p style=\"margin: 0cm; margin-bottom: .0001pt; text-align: justify; background: white;\"><span lang=\"ES-MX\" style=\"font-size: 14.0pt; color: #222222;\">\u00a0<\/span><\/p>\n<p style=\"margin: 0cm; margin-bottom: .0001pt; text-align: justify; background: white;\"><span lang=\"ES-MX\" style=\"font-size: 14.0pt; color: #222222;\">Los peleadores fueron asistidos por el entrenador profesional Rodolfo \u201cpicos\u201d Montes, mientras que, el cuadril\u00e1tero fue instalado por el ICHD y el resto del material utilizado, fue una donaci\u00f3n del empresario Mauricio Madero.<\/span><\/p>\n<p style=\"margin: 0cm; margin-bottom: .0001pt; text-align: justify; background: white;\"><span lang=\"ES-MX\" style=\"font-size: 14.0pt; color: #222222;\">\u00a0<\/span><\/p>\n<p style=\"margin: 0cm; margin-bottom: .0001pt; text-align: justify; background: white;\"><span lang=\"ES-MX\" style=\"font-size: 14.0pt; color: #222222;\">Durante la organizaci\u00f3n de las peleas, el ICHD apoy\u00f3 con el ring y material deportivo, mismo que estuvo a cargo del entrenador Rodolfo \u2018Picos\u2019 Montes, quien asisti\u00f3 a los internos durante las ocho peleas en las que los internos dieron muestra de talento.<\/span><\/p>\n<p style=\"margin: 0cm; margin-bottom: .0001pt; text-align: justify; background: white;\"><span lang=\"ES-MX\" style=\"font-size: 14.0pt; color: #222222;\">\u00a0<\/span><\/p>\n<p style=\"margin: 0cm; margin-bottom: .0001pt; text-align: justify; background: white;\"><span lang=\"ES-MX\" style=\"font-size: 14.0pt; color: #222222;\">Adem\u00e1s, personal de la Subdirecci\u00f3n de Cultura F\u00edsica de la dependencia, organiz\u00f3 una jornada de activaci\u00f3n f\u00edsica, en el marco de la inauguraci\u00f3n de la Mini Olimpiada del Centro de Readaptaci\u00f3n Social para Adolescentes Infractores (Cersai).<\/span><\/p>\n<p style=\"margin: 0cm; margin-bottom: .0001pt; text-align: justify; background: white;\"><span lang=\"ES-MX\" style=\"font-size: 14.0pt; color: #222222;\">\u00a0<\/span><\/p>\n<p style=\"margin: 0cm; margin-bottom: .0001pt; text-align: justify; background: white;\"><span lang=\"ES-MX\" style=\"font-size: 14.0pt; color: #222222;\">En la clase impartida fueron atendidos 30 menores, a quienes se reparti\u00f3 camisetas y medallas para la premiaci\u00f3n de las distintas competencias en que participaron.<\/span><\/p>\n","protected":false},"excerpt":{"rendered":"<p>El Instituto Chihuahuense del Deporte y Cultura F\u00edsica (ICHD), particip\u00f3 en la organizaci\u00f3n de actividades atl\u00e9ticas entre internos de los<\/p>\n","protected":false},"author":1,"featured_media":1946,"comment_status":"closed","ping_status":"open","sticky":false,"template":"","format":"standard","meta":{"footnotes":""},"categories":[8,3],"tags":[],"class_list":["post-1945","post","type-post","status-publish","format-standard","has-post-thumbnail","hentry","category-gral","category-sub"],"yoast_head":"<!-- This site is optimized with the Yoast SEO plugin v25.9 - https:\/\/yoast.com\/wordpress\/plugins\/seo\/ -->\n<title>Fomenta ICHD el deporte entre internos de centros de readaptaci\u00f3n social - ICHD<\/title>\n<meta name=\"description\" content=\"Participa en la organizaci\u00f3n de peleas de exhibici\u00f3n de box en el Cereso de Aquiles Serd\u00e1n y ofreci\u00f3 una jornada de activaci\u00f3n f\u00edsica en el Cersai.\" \/>\n<meta name=\"robots\" content=\"index, follow, max-snippet:-1, max-image-preview:large, max-video-preview:-1\" \/>\n<link rel=\"canonical\" href=\"https:\/\/ichd.mx\/?p=1945\" \/>\n<meta property=\"og:locale\" content=\"es_ES\" \/>\n<meta property=\"og:type\" content=\"article\" \/>\n<meta property=\"og:title\" content=\"Fomenta ICHD el deporte entre internos de centros de readaptaci\u00f3n social - ICHD\" \/>\n<meta property=\"og:description\" content=\"Participa en la organizaci\u00f3n de peleas de exhibici\u00f3n de box en el Cereso de Aquiles Serd\u00e1n y ofreci\u00f3 una jornada de activaci\u00f3n f\u00edsica en el Cersai.\" \/>\n<meta property=\"og:url\" content=\"https:\/\/ichd.mx\/?p=1945\" \/>\n<meta property=\"og:site_name\" content=\"ICHD\" \/>\n<meta property=\"article:publisher\" content=\"https:\/\/www.facebook.com\/ichdmx\" \/>\n<meta property=\"article:published_time\" content=\"2021-11-22T20:58:35+00:00\" \/>\n<meta property=\"article:modified_time\" content=\"2021-11-23T20:31:44+00:00\" \/>\n<meta property=\"og:image\" content=\"https:\/\/ichd.mx\/wp-content\/uploads\/2021\/11\/Torneo-Box-CERESO-1.jpeg\" \/>\n\t<meta property=\"og:image:width\" content=\"1280\" \/>\n\t<meta property=\"og:image:height\" content=\"853\" \/>\n\t<meta property=\"og:image:type\" content=\"image\/jpeg\" \/>\n<meta name=\"author\" content=\"Prensa ICHD\" \/>\n<meta name=\"twitter:card\" content=\"summary_large_image\" \/>\n<meta name=\"twitter:creator\" content=\"@ICHDmx\" \/>\n<meta name=\"twitter:site\" content=\"@ICHDmx\" \/>\n<meta name=\"twitter:label1\" content=\"Escrito por\" \/>\n\t<meta name=\"twitter:data1\" content=\"Prensa ICHD\" \/>\n\t<meta name=\"twitter:label2\" content=\"Tiempo de lectura\" \/>\n\t<meta name=\"twitter:data2\" content=\"2 minutos\" \/>\n<script type=\"application\/ld+json\" class=\"yoast-schema-graph\">{\"@context\":\"https:\/\/schema.org\",\"@graph\":[{\"@type\":\"WebPage\",\"@id\":\"https:\/\/ichd.mx\/?p=1945\",\"url\":\"https:\/\/ichd.mx\/?p=1945\",\"name\":\"Fomenta ICHD el deporte entre internos de centros de readaptaci\u00f3n social - ICHD\",\"isPartOf\":{\"@id\":\"https:\/\/ichd.mx\/#website\"},\"primaryImageOfPage\":{\"@id\":\"https:\/\/ichd.mx\/?p=1945#primaryimage\"},\"image\":{\"@id\":\"https:\/\/ichd.mx\/?p=1945#primaryimage\"},\"thumbnailUrl\":\"https:\/\/ichd.mx\/wp-content\/uploads\/2021\/11\/Torneo-Box-CERESO-1.jpeg\",\"datePublished\":\"2021-11-22T20:58:35+00:00\",\"dateModified\":\"2021-11-23T20:31:44+00:00\",\"author\":{\"@id\":\"https:\/\/ichd.mx\/#\/schema\/person\/f479276b61f414d2c9cb093175585910\"},\"description\":\"Participa en la organizaci\u00f3n de peleas de exhibici\u00f3n de box en el Cereso de Aquiles Serd\u00e1n y ofreci\u00f3 una jornada de activaci\u00f3n f\u00edsica en el Cersai.\",\"breadcrumb\":{\"@id\":\"https:\/\/ichd.mx\/?p=1945#breadcrumb\"},\"inLanguage\":\"es\",\"potentialAction\":[{\"@type\":\"ReadAction\",\"target\":[\"https:\/\/ichd.mx\/?p=1945\"]}]},{\"@type\":\"ImageObject\",\"inLanguage\":\"es\",\"@id\":\"https:\/\/ichd.mx\/?p=1945#primaryimage\",\"url\":\"https:\/\/ichd.mx\/wp-content\/uploads\/2021\/11\/Torneo-Box-CERESO-1.jpeg\",\"contentUrl\":\"https:\/\/ichd.mx\/wp-content\/uploads\/2021\/11\/Torneo-Box-CERESO-1.jpeg\",\"width\":1280,\"height\":853},{\"@type\":\"BreadcrumbList\",\"@id\":\"https:\/\/ichd.mx\/?p=1945#breadcrumb\",\"itemListElement\":[{\"@type\":\"ListItem\",\"position\":1,\"name\":\"Portada\",\"item\":\"https:\/\/ichd.mx\/\"},{\"@type\":\"ListItem\",\"position\":2,\"name\":\"Fomenta ICHD el deporte entre internos de centros de readaptaci\u00f3n social\"}]},{\"@type\":\"WebSite\",\"@id\":\"https:\/\/ichd.mx\/#website\",\"url\":\"https:\/\/ichd.mx\/\",\"name\":\"ICHD\",\"description\":\"Instituto Chihuahuense del Deporte y Cultura F\u00edsica\",\"potentialAction\":[{\"@type\":\"SearchAction\",\"target\":{\"@type\":\"EntryPoint\",\"urlTemplate\":\"https:\/\/ichd.mx\/?s={search_term_string}\"},\"query-input\":{\"@type\":\"PropertyValueSpecification\",\"valueRequired\":true,\"valueName\":\"search_term_string\"}}],\"inLanguage\":\"es\"},{\"@type\":\"Person\",\"@id\":\"https:\/\/ichd.mx\/#\/schema\/person\/f479276b61f414d2c9cb093175585910\",\"name\":\"Prensa ICHD\",\"image\":{\"@type\":\"ImageObject\",\"inLanguage\":\"es\",\"@id\":\"https:\/\/ichd.mx\/#\/schema\/person\/image\/\",\"url\":\"https:\/\/secure.gravatar.com\/avatar\/6046115645d37646586ee77488df800b?s=96&d=mm&r=g\",\"contentUrl\":\"https:\/\/secure.gravatar.com\/avatar\/6046115645d37646586ee77488df800b?s=96&d=mm&r=g\",\"caption\":\"Prensa ICHD\"},\"url\":\"https:\/\/ichd.mx\/?author=1\"}]}<\/script>\n<!-- \/ Yoast SEO plugin. -->","yoast_head_json":{"title":"Fomenta ICHD el deporte entre internos de centros de readaptaci\u00f3n social - ICHD","description":"Participa en la organizaci\u00f3n de peleas de exhibici\u00f3n de box en el Cereso de Aquiles Serd\u00e1n y ofreci\u00f3 una jornada de activaci\u00f3n f\u00edsica en el Cersai.","robots":{"index":"index","follow":"follow","max-snippet":"max-snippet:-1","max-image-preview":"max-image-preview:large","max-video-preview":"max-video-preview:-1"},"canonical":"https:\/\/ichd.mx\/?p=1945","og_locale":"es_ES","og_type":"article","og_title":"Fomenta ICHD el deporte entre internos de centros de readaptaci\u00f3n social - ICHD","og_description":"Participa en la organizaci\u00f3n de peleas de exhibici\u00f3n de box en el Cereso de Aquiles Serd\u00e1n y ofreci\u00f3 una jornada de activaci\u00f3n f\u00edsica en el Cersai.","og_url":"https:\/\/ichd.mx\/?p=1945","og_site_name":"ICHD","article_publisher":"https:\/\/www.facebook.com\/ichdmx","article_published_time":"2021-11-22T20:58:35+00:00","article_modified_time":"2021-11-23T20:31:44+00:00","og_image":[{"width":1280,"height":853,"url":"https:\/\/ichd.mx\/wp-content\/uploads\/2021\/11\/Torneo-Box-CERESO-1.jpeg","type":"image\/jpeg"}],"author":"Prensa ICHD","twitter_card":"summary_large_image","twitter_creator":"@ICHDmx","twitter_site":"@ICHDmx","twitter_misc":{"Escrito por":"Prensa ICHD","Tiempo de lectura":"2 minutos"},"schema":{"@context":"https:\/\/schema.org","@graph":[{"@type":"WebPage","@id":"https:\/\/ichd.mx\/?p=1945","url":"https:\/\/ichd.mx\/?p=1945","name":"Fomenta ICHD el deporte entre internos de centros de readaptaci\u00f3n social - ICHD","isPartOf":{"@id":"https:\/\/ichd.mx\/#website"},"primaryImageOfPage":{"@id":"https:\/\/ichd.mx\/?p=1945#primaryimage"},"image":{"@id":"https:\/\/ichd.mx\/?p=1945#primaryimage"},"thumbnailUrl":"https:\/\/ichd.mx\/wp-content\/uploads\/2021\/11\/Torneo-Box-CERESO-1.jpeg","datePublished":"2021-11-22T20:58:35+00:00","dateModified":"2021-11-23T20:31:44+00:00","author":{"@id":"https:\/\/ichd.mx\/#\/schema\/person\/f479276b61f414d2c9cb093175585910"},"description":"Participa en la organizaci\u00f3n de peleas de exhibici\u00f3n de box en el Cereso de Aquiles Serd\u00e1n y ofreci\u00f3 una jornada de activaci\u00f3n f\u00edsica en el Cersai.","breadcrumb":{"@id":"https:\/\/ichd.mx\/?p=1945#breadcrumb"},"inLanguage":"es","potentialAction":[{"@type":"ReadAction","target":["https:\/\/ichd.mx\/?p=1945"]}]},{"@type":"ImageObject","inLanguage":"es","@id":"https:\/\/ichd.mx\/?p=1945#primaryimage","url":"https:\/\/ichd.mx\/wp-content\/uploads\/2021\/11\/Torneo-Box-CERESO-1.jpeg","contentUrl":"https:\/\/ichd.mx\/wp-content\/uploads\/2021\/11\/Torneo-Box-CERESO-1.jpeg","width":1280,"height":853},{"@type":"BreadcrumbList","@id":"https:\/\/ichd.mx\/?p=1945#breadcrumb","itemListElement":[{"@type":"ListItem","position":1,"name":"Portada","item":"https:\/\/ichd.mx\/"},{"@type":"ListItem","position":2,"name":"Fomenta ICHD el deporte entre internos de centros de readaptaci\u00f3n social"}]},{"@type":"WebSite","@id":"https:\/\/ichd.mx\/#website","url":"https:\/\/ichd.mx\/","name":"ICHD","description":"Instituto Chihuahuense del Deporte y Cultura F\u00edsica","potentialAction":[{"@type":"SearchAction","target":{"@type":"EntryPoint","urlTemplate":"https:\/\/ichd.mx\/?s={search_term_string}"},"query-input":{"@type":"PropertyValueSpecification","valueRequired":true,"valueName":"search_term_string"}}],"inLanguage":"es"},{"@type":"Person","@id":"https:\/\/ichd.mx\/#\/schema\/person\/f479276b61f414d2c9cb093175585910","name":"Prensa ICHD","image":{"@type":"ImageObject","inLanguage":"es","@id":"https:\/\/ichd.mx\/#\/schema\/person\/image\/","url":"https:\/\/secure.gravatar.com\/avatar\/6046115645d37646586ee77488df800b?s=96&d=mm&r=g","contentUrl":"https:\/\/secure.gravatar.com\/avatar\/6046115645d37646586ee77488df800b?s=96&d=mm&r=g","caption":"Prensa ICHD"},"url":"https:\/\/ichd.mx\/?author=1"}]}},"_links":{"self":[{"href":"https:\/\/ichd.mx\/index.php?rest_route=\/wp\/v2\/posts\/1945","targetHints":{"allow":["GET"]}}],"collection":[{"href":"https:\/\/ichd.mx\/index.php?rest_route=\/wp\/v2\/posts"}],"about":[{"href":"https:\/\/ichd.mx\/index.php?rest_route=\/wp\/v2\/types\/post"}],"author":[{"embeddable":true,"href":"https:\/\/ichd.mx\/index.php?rest_route=\/wp\/v2\/users\/1"}],"replies":[{"embeddable":true,"href":"https:\/\/ichd.mx\/index.php?rest_route=%2Fwp%2Fv2%2Fcomments&post=1945"}],"version-history":[{"count":1,"href":"https:\/\/ichd.mx\/index.php?rest_route=\/wp\/v2\/posts\/1945\/revisions"}],"predecessor-version":[{"id":1947,"href":"https:\/\/ichd.mx\/index.php?rest_route=\/wp\/v2\/posts\/1945\/revisions\/1947"}],"wp:featuredmedia":[{"embeddable":true,"href":"https:\/\/ichd.mx\/index.php?rest_route=\/wp\/v2\/media\/1946"}],"wp:attachment":[{"href":"https:\/\/ichd.mx\/index.php?rest_route=%2Fwp%2Fv2%2Fmedia&parent=1945"}],"wp:term":[{"taxonomy":"category","embeddable":true,"href":"https:\/\/ichd.mx\/index.php?rest_route=%2Fwp%2Fv2%2Fcategories&post=1945"},{"taxonomy":"post_tag","embeddable":true,"href":"https:\/\/ichd.mx\/index.php?rest_route=%2Fwp%2Fv2%2Ftags&post=1945"}],"curies":[{"name":"wp","href":"https:\/\/api.w.org\/{rel}","templated":true}]}}