{"id":1938,"date":"2021-11-11T13:07:27","date_gmt":"2021-11-11T20:07:27","guid":{"rendered":"https:\/\/ichd.mx\/?p=1938"},"modified":"2021-11-23T13:32:01","modified_gmt":"2021-11-23T20:32:01","slug":"chihuahuenses-ganan-medallas-de-bronce-en-campeonato-centroamericano-de-karate","status":"publish","type":"post","link":"https:\/\/ichd.mx\/?p=1938","title":{"rendered":"Chihuahuenses ganan medallas de bronce en  Campeonato Centroamericano de Karate"},"content":{"rendered":"<p>Con una cosecha de dos medallas de bronce, finalizaron los chihuahuenses el Campeonato Centroamericano y del Caribe Junior y Senior de Karate que se desarroll\u00f3 en la Rep\u00fablica de El Salvador.<\/p>\n<p>El karateca Horacio Octavio Lugo Blackaller se colg\u00f3 la presea de bronce dentro de los m\u00e1s de 55 kilogramos de la categor\u00eda Sub-14 en la modalidad de Kumite y Paola Delgado Villareal hizo lo propio dentro de la divisi\u00f3n hasta 50 kilogramos de la categor\u00eda Senior.<\/p>\n<p>El evento tuvo lugar del 4 al 6 de noviembre en el Palacio de los Deportes de San Salvador, capital de El Salvador y participaron pa\u00edses de Centroam\u00e9rica, as\u00ed como M\u00e9xico, Colombia, Venezuela y Rep\u00fablica Dominicana.<\/p>\n<p>La delegaci\u00f3n Chihuahua estuvo conformada por Andr\u00e9s Villalobos, Horacio Octavio Lugo Blackeller y Paola Delgado Villareal, dirigidos por el sensei Jos\u00e9 Luis Aguilar Escudero, entrenador nacional.<\/p>\n<p>La chihuahuense Paola Delgado se encuentra en preparaci\u00f3n para participar en el Campeonato Panamericano Junior de Karate que se desarrollar\u00e1 en Cali, Colombia del 25 de noviembre al 5 de diciembre.<\/p>\n","protected":false},"excerpt":{"rendered":"<p>Con una cosecha de dos medallas de bronce, finalizaron los chihuahuenses el Campeonato Centroamericano y del Caribe Junior y Senior<\/p>\n","protected":false},"author":1,"featured_media":1939,"comment_status":"closed","ping_status":"open","sticky":false,"template":"","format":"standard","meta":{"footnotes":""},"categories":[8,3],"tags":[],"class_list":["post-1938","post","type-post","status-publish","format-standard","has-post-thumbnail","hentry","category-gral","category-sub"],"yoast_head":"<!-- This site is optimized with the Yoast SEO plugin v25.9 - https:\/\/yoast.com\/wordpress\/plugins\/seo\/ -->\n<title>Chihuahuenses ganan medallas de bronce en Campeonato Centroamericano de Karate - ICHD<\/title>\n<meta name=\"description\" content=\"En la categor\u00eda Sub-14, se consiguieron dos preseas de bronce en El Salvador\" \/>\n<meta name=\"robots\" content=\"index, follow, max-snippet:-1, max-image-preview:large, max-video-preview:-1\" \/>\n<link rel=\"canonical\" href=\"https:\/\/ichd.mx\/?p=1938\" \/>\n<meta property=\"og:locale\" content=\"es_ES\" \/>\n<meta property=\"og:type\" content=\"article\" \/>\n<meta property=\"og:title\" content=\"Chihuahuenses ganan medallas de bronce en Campeonato Centroamericano de Karate - ICHD\" \/>\n<meta property=\"og:description\" content=\"En la categor\u00eda Sub-14, se consiguieron dos preseas de bronce en El Salvador\" \/>\n<meta property=\"og:url\" content=\"https:\/\/ichd.mx\/?p=1938\" \/>\n<meta property=\"og:site_name\" content=\"ICHD\" \/>\n<meta property=\"article:publisher\" content=\"https:\/\/www.facebook.com\/ichdmx\" \/>\n<meta property=\"article:published_time\" content=\"2021-11-11T20:07:27+00:00\" \/>\n<meta property=\"article:modified_time\" content=\"2021-11-23T20:32:01+00:00\" \/>\n<meta property=\"og:image\" content=\"https:\/\/ichd.mx\/wp-content\/uploads\/2021\/11\/Centroamericano-de-Karate-1.jpeg\" \/>\n\t<meta property=\"og:image:width\" content=\"1600\" \/>\n\t<meta property=\"og:image:height\" content=\"900\" \/>\n\t<meta property=\"og:image:type\" content=\"image\/jpeg\" \/>\n<meta name=\"author\" content=\"Prensa ICHD\" \/>\n<meta name=\"twitter:card\" content=\"summary_large_image\" \/>\n<meta name=\"twitter:creator\" content=\"@ICHDmx\" \/>\n<meta name=\"twitter:site\" content=\"@ICHDmx\" \/>\n<meta name=\"twitter:label1\" content=\"Escrito por\" \/>\n\t<meta name=\"twitter:data1\" content=\"Prensa ICHD\" \/>\n\t<meta name=\"twitter:label2\" content=\"Tiempo de lectura\" \/>\n\t<meta name=\"twitter:data2\" content=\"1 minuto\" \/>\n<script type=\"application\/ld+json\" class=\"yoast-schema-graph\">{\"@context\":\"https:\/\/schema.org\",\"@graph\":[{\"@type\":\"WebPage\",\"@id\":\"https:\/\/ichd.mx\/?p=1938\",\"url\":\"https:\/\/ichd.mx\/?p=1938\",\"name\":\"Chihuahuenses ganan medallas de bronce en Campeonato Centroamericano de Karate - ICHD\",\"isPartOf\":{\"@id\":\"https:\/\/ichd.mx\/#website\"},\"primaryImageOfPage\":{\"@id\":\"https:\/\/ichd.mx\/?p=1938#primaryimage\"},\"image\":{\"@id\":\"https:\/\/ichd.mx\/?p=1938#primaryimage\"},\"thumbnailUrl\":\"https:\/\/ichd.mx\/wp-content\/uploads\/2021\/11\/Centroamericano-de-Karate-1.jpeg\",\"datePublished\":\"2021-11-11T20:07:27+00:00\",\"dateModified\":\"2021-11-23T20:32:01+00:00\",\"author\":{\"@id\":\"https:\/\/ichd.mx\/#\/schema\/person\/f479276b61f414d2c9cb093175585910\"},\"description\":\"En la categor\u00eda Sub-14, se consiguieron dos preseas de bronce en El Salvador\",\"breadcrumb\":{\"@id\":\"https:\/\/ichd.mx\/?p=1938#breadcrumb\"},\"inLanguage\":\"es\",\"potentialAction\":[{\"@type\":\"ReadAction\",\"target\":[\"https:\/\/ichd.mx\/?p=1938\"]}]},{\"@type\":\"ImageObject\",\"inLanguage\":\"es\",\"@id\":\"https:\/\/ichd.mx\/?p=1938#primaryimage\",\"url\":\"https:\/\/ichd.mx\/wp-content\/uploads\/2021\/11\/Centroamericano-de-Karate-1.jpeg\",\"contentUrl\":\"https:\/\/ichd.mx\/wp-content\/uploads\/2021\/11\/Centroamericano-de-Karate-1.jpeg\",\"width\":1600,\"height\":900},{\"@type\":\"BreadcrumbList\",\"@id\":\"https:\/\/ichd.mx\/?p=1938#breadcrumb\",\"itemListElement\":[{\"@type\":\"ListItem\",\"position\":1,\"name\":\"Portada\",\"item\":\"https:\/\/ichd.mx\/\"},{\"@type\":\"ListItem\",\"position\":2,\"name\":\"Chihuahuenses ganan medallas de bronce en Campeonato Centroamericano de Karate\"}]},{\"@type\":\"WebSite\",\"@id\":\"https:\/\/ichd.mx\/#website\",\"url\":\"https:\/\/ichd.mx\/\",\"name\":\"ICHD\",\"description\":\"Instituto Chihuahuense del Deporte y Cultura F\u00edsica\",\"potentialAction\":[{\"@type\":\"SearchAction\",\"target\":{\"@type\":\"EntryPoint\",\"urlTemplate\":\"https:\/\/ichd.mx\/?s={search_term_string}\"},\"query-input\":{\"@type\":\"PropertyValueSpecification\",\"valueRequired\":true,\"valueName\":\"search_term_string\"}}],\"inLanguage\":\"es\"},{\"@type\":\"Person\",\"@id\":\"https:\/\/ichd.mx\/#\/schema\/person\/f479276b61f414d2c9cb093175585910\",\"name\":\"Prensa ICHD\",\"image\":{\"@type\":\"ImageObject\",\"inLanguage\":\"es\",\"@id\":\"https:\/\/ichd.mx\/#\/schema\/person\/image\/\",\"url\":\"https:\/\/secure.gravatar.com\/avatar\/6046115645d37646586ee77488df800b?s=96&d=mm&r=g\",\"contentUrl\":\"https:\/\/secure.gravatar.com\/avatar\/6046115645d37646586ee77488df800b?s=96&d=mm&r=g\",\"caption\":\"Prensa ICHD\"},\"url\":\"https:\/\/ichd.mx\/?author=1\"}]}<\/script>\n<!-- \/ Yoast SEO plugin. -->","yoast_head_json":{"title":"Chihuahuenses ganan medallas de bronce en Campeonato Centroamericano de Karate - ICHD","description":"En la categor\u00eda Sub-14, se consiguieron dos preseas de bronce en El Salvador","robots":{"index":"index","follow":"follow","max-snippet":"max-snippet:-1","max-image-preview":"max-image-preview:large","max-video-preview":"max-video-preview:-1"},"canonical":"https:\/\/ichd.mx\/?p=1938","og_locale":"es_ES","og_type":"article","og_title":"Chihuahuenses ganan medallas de bronce en Campeonato Centroamericano de Karate - ICHD","og_description":"En la categor\u00eda Sub-14, se consiguieron dos preseas de bronce en El Salvador","og_url":"https:\/\/ichd.mx\/?p=1938","og_site_name":"ICHD","article_publisher":"https:\/\/www.facebook.com\/ichdmx","article_published_time":"2021-11-11T20:07:27+00:00","article_modified_time":"2021-11-23T20:32:01+00:00","og_image":[{"width":1600,"height":900,"url":"https:\/\/ichd.mx\/wp-content\/uploads\/2021\/11\/Centroamericano-de-Karate-1.jpeg","type":"image\/jpeg"}],"author":"Prensa ICHD","twitter_card":"summary_large_image","twitter_creator":"@ICHDmx","twitter_site":"@ICHDmx","twitter_misc":{"Escrito por":"Prensa ICHD","Tiempo de lectura":"1 minuto"},"schema":{"@context":"https:\/\/schema.org","@graph":[{"@type":"WebPage","@id":"https:\/\/ichd.mx\/?p=1938","url":"https:\/\/ichd.mx\/?p=1938","name":"Chihuahuenses ganan medallas de bronce en Campeonato Centroamericano de Karate - ICHD","isPartOf":{"@id":"https:\/\/ichd.mx\/#website"},"primaryImageOfPage":{"@id":"https:\/\/ichd.mx\/?p=1938#primaryimage"},"image":{"@id":"https:\/\/ichd.mx\/?p=1938#primaryimage"},"thumbnailUrl":"https:\/\/ichd.mx\/wp-content\/uploads\/2021\/11\/Centroamericano-de-Karate-1.jpeg","datePublished":"2021-11-11T20:07:27+00:00","dateModified":"2021-11-23T20:32:01+00:00","author":{"@id":"https:\/\/ichd.mx\/#\/schema\/person\/f479276b61f414d2c9cb093175585910"},"description":"En la categor\u00eda Sub-14, se consiguieron dos preseas de bronce en El Salvador","breadcrumb":{"@id":"https:\/\/ichd.mx\/?p=1938#breadcrumb"},"inLanguage":"es","potentialAction":[{"@type":"ReadAction","target":["https:\/\/ichd.mx\/?p=1938"]}]},{"@type":"ImageObject","inLanguage":"es","@id":"https:\/\/ichd.mx\/?p=1938#primaryimage","url":"https:\/\/ichd.mx\/wp-content\/uploads\/2021\/11\/Centroamericano-de-Karate-1.jpeg","contentUrl":"https:\/\/ichd.mx\/wp-content\/uploads\/2021\/11\/Centroamericano-de-Karate-1.jpeg","width":1600,"height":900},{"@type":"BreadcrumbList","@id":"https:\/\/ichd.mx\/?p=1938#breadcrumb","itemListElement":[{"@type":"ListItem","position":1,"name":"Portada","item":"https:\/\/ichd.mx\/"},{"@type":"ListItem","position":2,"name":"Chihuahuenses ganan medallas de bronce en Campeonato Centroamericano de Karate"}]},{"@type":"WebSite","@id":"https:\/\/ichd.mx\/#website","url":"https:\/\/ichd.mx\/","name":"ICHD","description":"Instituto Chihuahuense del Deporte y Cultura F\u00edsica","potentialAction":[{"@type":"SearchAction","target":{"@type":"EntryPoint","urlTemplate":"https:\/\/ichd.mx\/?s={search_term_string}"},"query-input":{"@type":"PropertyValueSpecification","valueRequired":true,"valueName":"search_term_string"}}],"inLanguage":"es"},{"@type":"Person","@id":"https:\/\/ichd.mx\/#\/schema\/person\/f479276b61f414d2c9cb093175585910","name":"Prensa ICHD","image":{"@type":"ImageObject","inLanguage":"es","@id":"https:\/\/ichd.mx\/#\/schema\/person\/image\/","url":"https:\/\/secure.gravatar.com\/avatar\/6046115645d37646586ee77488df800b?s=96&d=mm&r=g","contentUrl":"https:\/\/secure.gravatar.com\/avatar\/6046115645d37646586ee77488df800b?s=96&d=mm&r=g","caption":"Prensa ICHD"},"url":"https:\/\/ichd.mx\/?author=1"}]}},"_links":{"self":[{"href":"https:\/\/ichd.mx\/index.php?rest_route=\/wp\/v2\/posts\/1938","targetHints":{"allow":["GET"]}}],"collection":[{"href":"https:\/\/ichd.mx\/index.php?rest_route=\/wp\/v2\/posts"}],"about":[{"href":"https:\/\/ichd.mx\/index.php?rest_route=\/wp\/v2\/types\/post"}],"author":[{"embeddable":true,"href":"https:\/\/ichd.mx\/index.php?rest_route=\/wp\/v2\/users\/1"}],"replies":[{"embeddable":true,"href":"https:\/\/ichd.mx\/index.php?rest_route=%2Fwp%2Fv2%2Fcomments&post=1938"}],"version-history":[{"count":1,"href":"https:\/\/ichd.mx\/index.php?rest_route=\/wp\/v2\/posts\/1938\/revisions"}],"predecessor-version":[{"id":1940,"href":"https:\/\/ichd.mx\/index.php?rest_route=\/wp\/v2\/posts\/1938\/revisions\/1940"}],"wp:featuredmedia":[{"embeddable":true,"href":"https:\/\/ichd.mx\/index.php?rest_route=\/wp\/v2\/media\/1939"}],"wp:attachment":[{"href":"https:\/\/ichd.mx\/index.php?rest_route=%2Fwp%2Fv2%2Fmedia&parent=1938"}],"wp:term":[{"taxonomy":"category","embeddable":true,"href":"https:\/\/ichd.mx\/index.php?rest_route=%2Fwp%2Fv2%2Fcategories&post=1938"},{"taxonomy":"post_tag","embeddable":true,"href":"https:\/\/ichd.mx\/index.php?rest_route=%2Fwp%2Fv2%2Ftags&post=1938"}],"curies":[{"name":"wp","href":"https:\/\/api.w.org\/{rel}","templated":true}]}}