{"id":1932,"date":"2021-11-09T09:09:04","date_gmt":"2021-11-09T16:09:04","guid":{"rendered":"https:\/\/ichd.mx\/?p=1932"},"modified":"2021-11-23T13:32:19","modified_gmt":"2021-11-23T20:32:19","slug":"este-miercoles-elegiran-al-premio-estatal-del-deporte-2021","status":"publish","type":"post","link":"https:\/\/ichd.mx\/?p=1932","title":{"rendered":"Este mi\u00e9rcoles elegir\u00e1n al Premio Estatal del Deporte 2021"},"content":{"rendered":"<p>Este mi\u00e9rcoles ser\u00e1 la ceremonia de elecci\u00f3n del Premio Estatal del Deporte 2021, a las 10:00 horas, en el sal\u00f3n Gobernadores de Palacio de Gobierno, en donde contienden 22 son deportistas y 12 entrenadores (as).<\/p>\n<p>&nbsp;<\/p>\n<p>El Jurado Elector estar\u00e1 integrado por los representantes de las Asociaciones Deportivas de Levantamiento de Pesas y Deportes Aut\u00f3ctonos, como medios de comunicaci\u00f3n: Radio F\u00f3rmula, Radio Net y Canal 5, como deportista ganador en ediciones anteriores Horacio Nava Atletismo (Marcha) 2005 y Jos\u00e9 Andr\u00e9s Mart\u00ednez ganador en el 2007 como entrenador de judo, as\u00ed como los designados por la titular del ICHD, son El Diario de Chihuahua, Jorge Ginther, presidente de Caudillos y Anwar El\u00edas, presidente del Club Dorados de Chihuahua.<\/p>\n<p>&nbsp;<\/p>\n<p>De los atletas nominados (as), se analizar\u00e1 la relevancia y trayectoria de los resultados obtenidos, durante el periodo comprendido entre el 11 de octubre de 2020 al 11 de octubre de 2021, a nivel Estatal, Nacional e Internacional.<\/p>\n<p>&nbsp;<\/p>\n<p>Los y las deportistas deber\u00e1n estar incorporados a alguna de las Asociaciones Deportivas Nacionales en cualquiera de los siguientes grupos; seleccionado\/a Nacional Juvenil, seleccionado\/a Nacional de Primera Fuerza, atleta de Alto Rendimiento.<\/p>\n<p>&nbsp;<\/p>\n<p>Respecto de las y los entrenadores, se analizar\u00e1n los logros deportivos y los resultados de las y los atletas a su cargo, durante el periodo comprendido entre el 11 de octubre de 2020 al 11 de octubre de 2021, a nivel Estatal, Nacional e Internacional.<\/p>\n<p>&nbsp;<\/p>\n<p>&nbsp;<\/p>\n<p><strong>Deportistas nominados:<\/strong><\/p>\n<p>Sol Nahomi Zapata Porras\u00a0\u00a0\u00a0\u00a0\u00a0\u00a0\u00a0 \u00a0\u00a0\u00a0\u00a0\u00a0\u00a0\u00a0\u00a0 \u00a0\u00a0\u00a0\u00a0\u00a0\u00a0\u00a0\u00a0 Atletismo<\/p>\n<p>Andr\u00e9s Eduardo Olivas N\u00fa\u00f1ez\u00a0\u00a0 \u00a0\u00a0\u00a0\u00a0\u00a0\u00a0\u00a0\u00a0 \u00a0\u00a0\u00a0\u00a0\u00a0\u00a0\u00a0\u00a0 Atletismo (Marcha)<\/p>\n<p>Adri\u00e1n Mora Barraza\u00a0\u00a0\u00a0\u00a0\u00a0\u00a0 \u00a0\u00a0\u00a0\u00a0\u00a0\u00a0\u00a0\u00a0\u00a0\u00a0\u00a0\u00a0\u00a0\u00a0\u00a0\u00a0\u00a0 \u00a0\u00a0\u00a0\u00a0\u00a0\u00a0\u00a0\u00a0 F\u00fatbol<\/p>\n<p>Dulce Angela Dur\u00e1n Ceballos\u00a0\u00a0\u00a0\u00a0\u00a0\u00a0\u00a0\u00a0\u00a0\u00a0\u00a0\u00a0\u00a0\u00a0\u00a0\u00a0\u00a0\u00a0\u00a0\u00a0\u00a0 Basquetbol<\/p>\n<p>Jesus Emilio Barraza Trevino\u00a0\u00a0\u00a0\u00a0\u00a0\u00a0\u00a0\u00a0\u00a0\u00a0\u00a0\u00a0\u00a0\u00a0\u00a0\u00a0\u00a0\u00a0\u00a0\u00a0\u00a0 Esgrima<\/p>\n<p>Irma Paula Delgado Villareal\u00a0\u00a0\u00a0\u00a0\u00a0\u00a0\u00a0\u00a0\u00a0\u00a0\u00a0\u00a0\u00a0\u00a0\u00a0\u00a0\u00a0\u00a0\u00a0\u00a0\u00a0\u00a0 Karate Do<\/p>\n<p>Paulina Luna Villalobos\u00a0\u00a0\u00a0\u00a0\u00a0\u00a0\u00a0\u00a0\u00a0\u00a0\u00a0\u00a0\u00a0\u00a0\u00a0\u00a0\u00a0\u00a0\u00a0\u00a0\u00a0\u00a0\u00a0\u00a0\u00a0\u00a0\u00a0\u00a0\u00a0\u00a0 Rodeo<\/p>\n<p>Nely Raquel Loera Pay\u00e1n \u00a0\u00a0\u00a0\u00a0\u00a0\u00a0\u00a0\u00a0 \u00a0\u00a0\u00a0\u00a0\u00a0\u00a0\u00a0\u00a0 Ciclismo<\/p>\n<p>Daniela Andrea Mart\u00ednez Mariscal\u00a0\u00a0\u00a0\u00a0\u00a0\u00a0 \u00a0\u00a0\u00a0\u00a0\u00a0\u00a0\u00a0\u00a0 Para-Taekwondo<\/p>\n<p>Byanca Melissa Rodr\u00edguez Villanueva\u00a0 Nataci\u00f3n<\/p>\n<p>Karen Paola Rivera Herrera\u00a0\u00a0\u00a0\u00a0\u00a0\u00a0 \u00a0\u00a0\u00a0\u00a0\u00a0\u00a0\u00a0\u00a0 \u00a0\u00a0\u00a0\u00a0\u00a0\u00a0\u00a0\u00a0 Voleibol<\/p>\n<p>Francisco Alejandro Pedroza Luna\u00a0\u00a0\u00a0\u00a0\u00a0 \u00a0\u00a0\u00a0\u00a0\u00a0\u00a0\u00a0\u00a0 Para-Taekwondo<\/p>\n<p>Rodrigo Montoya Sol\u00eds\u00a0\u00a0\u00a0 \u00a0\u00a0\u00a0\u00a0\u00a0\u00a0\u00a0\u00a0\u00a0\u00a0\u00a0\u00a0\u00a0\u00a0\u00a0\u00a0\u00a0 \u00a0\u00a0\u00a0\u00a0\u00a0\u00a0\u00a0\u00a0 Racquetbol<\/p>\n<p>Vannisaret Villa De la Riva\u00a0\u00a0\u00a0\u00a0\u00a0\u00a0\u00a0 \u00a0\u00a0\u00a0\u00a0\u00a0\u00a0\u00a0\u00a0 \u00a0\u00a0\u00a0\u00a0\u00a0\u00a0\u00a0\u00a0 Artes Marciales<\/p>\n<p>Luis Mario \u00c1lvarez Garc\u00eda\u00a0\u00a0\u00a0\u00a0\u00a0\u00a0\u00a0 \u00a0\u00a0\u00a0\u00a0\u00a0\u00a0\u00a0\u00a0 \u00a0\u00a0\u00a0\u00a0\u00a0\u00a0\u00a0\u00a0 Taekwondo<\/p>\n<p>Isabella Flores L\u00f3pez\u00a0\u00a0\u00a0\u00a0\u00a0 \u00a0\u00a0\u00a0\u00a0\u00a0\u00a0\u00a0\u00a0\u00a0\u00a0\u00a0\u00a0\u00a0\u00a0\u00a0\u00a0\u00a0 \u00a0\u00a0\u00a0\u00a0\u00a0\u00a0\u00a0\u00a0 Ajedrez<\/p>\n<p>Kenneth Damian Alba Ruiz\u00a0\u00a0\u00a0\u00a0\u00a0\u00a0\u00a0\u00a0\u00a0\u00a0\u00a0\u00a0\u00a0\u00a0\u00a0\u00a0\u00a0\u00a0\u00a0\u00a0\u00a0\u00a0\u00a0\u00a0 Ajedrez<\/p>\n<p>Mia Fernanda Guzm\u00e1n Garc\u00eda\u00a0\u00a0\u00a0\u00a0\u00a0\u00a0\u00a0\u00a0\u00a0\u00a0\u00a0\u00a0\u00a0\u00a0\u00a0\u00a0\u00a0\u00a0\u00a0\u00a0 Ajedrez<\/p>\n<p>Shary Natalia Ruvalcaba Reza\u00a0\u00a0 \u00a0\u00a0\u00a0\u00a0\u00a0\u00a0\u00a0\u00a0 \u00a0\u00a0\u00a0\u00a0\u00a0\u00a0\u00a0\u00a0 Pentatl\u00f3n Moderno<\/p>\n<p>Sebasti\u00e1n Garc\u00eda Lucero\u00a0 \u00a0\u00a0\u00a0\u00a0\u00a0\u00a0\u00a0\u00a0\u00a0\u00a0\u00a0\u00a0\u00a0\u00a0\u00a0\u00a0\u00a0 \u00a0\u00a0\u00a0\u00a0\u00a0\u00a0\u00a0\u00a0 Pentatl\u00f3n Moderno<\/p>\n<p>Nora Fernanda Ochoa P\u00e9rez\u00a0\u00a0\u00a0\u00a0 \u00a0\u00a0\u00a0\u00a0\u00a0\u00a0\u00a0\u00a0 \u00a0\u00a0\u00a0\u00a0\u00a0\u00a0\u00a0\u00a0 Artes Marciales<\/p>\n<p>Alan Gabriel Mart\u00ednez Alarc\u00f3n\u00a0\u00a0 \u00a0\u00a0\u00a0\u00a0\u00a0\u00a0\u00a0\u00a0 \u00a0\u00a0\u00a0\u00a0\u00a0\u00a0\u00a0\u00a0 Voleibol<\/p>\n<p>&nbsp;<\/p>\n<p><strong>Entrenadores nominados:<\/strong><\/p>\n<p>Isaac Sahagin Rojas Padilla\u00a0\u00a0\u00a0\u00a0\u00a0\u00a0 \u00a0\u00a0\u00a0\u00a0\u00a0\u00a0\u00a0\u00a0 \u00a0\u00a0\u00a0\u00a0\u00a0\u00a0\u00a0\u00a0 Para-Taekwondo<\/p>\n<p>Evelyn Guadalupe Loya Payan\u00a0 \u00a0\u00a0\u00a0\u00a0\u00a0\u00a0\u00a0\u00a0 \u00a0\u00a0\u00a0\u00a0\u00a0\u00a0\u00a0\u00a0 Atletismo<\/p>\n<p>Angel Salvador Escare\u00f1o Rojas\u00a0\u00a0\u00a0\u00a0\u00a0\u00a0\u00a0\u00a0\u00a0 Ajedrez<\/p>\n<p>Ruben Eduardo Barraza Trevino\u00a0\u00a0\u00a0\u00a0\u00a0\u00a0\u00a0\u00a0\u00a0\u00a0\u00a0\u00a0\u00a0\u00a0\u00a0\u00a0\u00a0 Esgrima<\/p>\n<p>Jose Luis Aguilar Escudero\u00a0\u00a0\u00a0\u00a0\u00a0\u00a0\u00a0\u00a0\u00a0\u00a0\u00a0\u00a0\u00a0\u00a0\u00a0\u00a0\u00a0\u00a0\u00a0\u00a0\u00a0\u00a0\u00a0\u00a0 Karate Do<\/p>\n<p>Nicol\u00e1s Torres P\u00e9rez\u00a0\u00a0\u00a0\u00a0\u00a0 \u00a0\u00a0\u00a0\u00a0\u00a0\u00a0\u00a0\u00a0\u00a0\u00a0\u00a0\u00a0\u00a0\u00a0\u00a0\u00a0\u00a0 \u00a0\u00a0\u00a0\u00a0\u00a0\u00a0\u00a0\u00a0 Nataci\u00f3n<\/p>\n<p>Miguel \u00c1ngel Rodr\u00edguez Gallegos\u00a0\u00a0\u00a0\u00a0\u00a0\u00a0 \u00a0\u00a0\u00a0\u00a0\u00a0\u00a0\u00a0\u00a0 Atletismo (Marcha)<\/p>\n<p>Gabriel Guillermo Gonz\u00e1lez\u00a0\u00a0\u00a0\u00a0\u00a0\u00a0 \u00a0\u00a0\u00a0\u00a0\u00a0\u00a0\u00a0\u00a0 \u00a0\u00a0\u00a0\u00a0\u00a0\u00a0\u00a0\u00a0 Judo<\/p>\n<p>Gabriela Isela Alarc\u00f3n G\u00f3mez\u00a0\u00a0 \u00a0\u00a0\u00a0\u00a0\u00a0\u00a0\u00a0\u00a0 \u00a0\u00a0\u00a0\u00a0\u00a0\u00a0\u00a0\u00a0 Voleibol<\/p>\n<p>Manuel Ger\u00f3nimo Ontiveros Porras\u00a0\u00a0\u00a0 \u00a0\u00a0\u00a0\u00a0\u00a0\u00a0\u00a0\u00a0 Pentatl\u00f3n Moderno<\/p>\n<p>Edgar Osvaldo Ch\u00e1vez Andujo\u00a0 \u00a0\u00a0\u00a0\u00a0\u00a0\u00a0\u00a0\u00a0 \u00a0\u00a0\u00a0\u00a0\u00a0\u00a0\u00a0\u00a0 F\u00fatbol<\/p>\n<p>V\u00edctor Adri\u00e1n Orozco Tena\u00a0\u00a0\u00a0\u00a0\u00a0\u00a0 \u00a0\u00a0\u00a0\u00a0\u00a0\u00a0\u00a0\u00a0 \u00a0\u00a0\u00a0\u00a0\u00a0\u00a0\u00a0\u00a0 Taekwondo<\/p>\n","protected":false},"excerpt":{"rendered":"<p>Este mi\u00e9rcoles ser\u00e1 la ceremonia de elecci\u00f3n del Premio Estatal del Deporte 2021, a las 10:00 horas, en el sal\u00f3n<\/p>\n","protected":false},"author":1,"featured_media":1933,"comment_status":"closed","ping_status":"open","sticky":false,"template":"","format":"standard","meta":{"footnotes":""},"categories":[8,3],"tags":[],"class_list":["post-1932","post","type-post","status-publish","format-standard","has-post-thumbnail","hentry","category-gral","category-sub"],"yoast_head":"<!-- This site is optimized with the Yoast SEO plugin v25.9 - https:\/\/yoast.com\/wordpress\/plugins\/seo\/ -->\n<title>Este mi\u00e9rcoles elegir\u00e1n al Premio Estatal del Deporte 2021 - ICHD<\/title>\n<meta name=\"description\" content=\"Son 34 candidatos los que aspiran a ser Deportista y Entrenador del A\u00f1o.\" \/>\n<meta name=\"robots\" content=\"index, follow, max-snippet:-1, max-image-preview:large, max-video-preview:-1\" \/>\n<link rel=\"canonical\" href=\"https:\/\/ichd.mx\/?p=1932\" \/>\n<meta property=\"og:locale\" content=\"es_ES\" \/>\n<meta property=\"og:type\" content=\"article\" \/>\n<meta property=\"og:title\" content=\"Este mi\u00e9rcoles elegir\u00e1n al Premio Estatal del Deporte 2021 - ICHD\" \/>\n<meta property=\"og:description\" content=\"Son 34 candidatos los que aspiran a ser Deportista y Entrenador del A\u00f1o.\" \/>\n<meta property=\"og:url\" content=\"https:\/\/ichd.mx\/?p=1932\" \/>\n<meta property=\"og:site_name\" content=\"ICHD\" \/>\n<meta property=\"article:publisher\" content=\"https:\/\/www.facebook.com\/ichdmx\" \/>\n<meta property=\"article:published_time\" content=\"2021-11-09T16:09:04+00:00\" \/>\n<meta property=\"article:modified_time\" content=\"2021-11-23T20:32:19+00:00\" \/>\n<meta property=\"og:image\" content=\"https:\/\/ichd.mx\/wp-content\/uploads\/2021\/11\/andres-olivas.jpeg\" \/>\n\t<meta property=\"og:image:width\" content=\"1079\" \/>\n\t<meta property=\"og:image:height\" content=\"720\" \/>\n\t<meta property=\"og:image:type\" content=\"image\/jpeg\" \/>\n<meta name=\"author\" content=\"Prensa ICHD\" \/>\n<meta name=\"twitter:card\" content=\"summary_large_image\" \/>\n<meta name=\"twitter:creator\" content=\"@ICHDmx\" \/>\n<meta name=\"twitter:site\" content=\"@ICHDmx\" \/>\n<meta name=\"twitter:label1\" content=\"Escrito por\" \/>\n\t<meta name=\"twitter:data1\" content=\"Prensa ICHD\" \/>\n\t<meta name=\"twitter:label2\" content=\"Tiempo de lectura\" \/>\n\t<meta name=\"twitter:data2\" content=\"2 minutos\" \/>\n<script type=\"application\/ld+json\" class=\"yoast-schema-graph\">{\"@context\":\"https:\/\/schema.org\",\"@graph\":[{\"@type\":\"WebPage\",\"@id\":\"https:\/\/ichd.mx\/?p=1932\",\"url\":\"https:\/\/ichd.mx\/?p=1932\",\"name\":\"Este mi\u00e9rcoles elegir\u00e1n al Premio Estatal del Deporte 2021 - ICHD\",\"isPartOf\":{\"@id\":\"https:\/\/ichd.mx\/#website\"},\"primaryImageOfPage\":{\"@id\":\"https:\/\/ichd.mx\/?p=1932#primaryimage\"},\"image\":{\"@id\":\"https:\/\/ichd.mx\/?p=1932#primaryimage\"},\"thumbnailUrl\":\"https:\/\/ichd.mx\/wp-content\/uploads\/2021\/11\/andres-olivas.jpeg\",\"datePublished\":\"2021-11-09T16:09:04+00:00\",\"dateModified\":\"2021-11-23T20:32:19+00:00\",\"author\":{\"@id\":\"https:\/\/ichd.mx\/#\/schema\/person\/f479276b61f414d2c9cb093175585910\"},\"description\":\"Son 34 candidatos los que aspiran a ser Deportista y Entrenador del A\u00f1o.\",\"breadcrumb\":{\"@id\":\"https:\/\/ichd.mx\/?p=1932#breadcrumb\"},\"inLanguage\":\"es\",\"potentialAction\":[{\"@type\":\"ReadAction\",\"target\":[\"https:\/\/ichd.mx\/?p=1932\"]}]},{\"@type\":\"ImageObject\",\"inLanguage\":\"es\",\"@id\":\"https:\/\/ichd.mx\/?p=1932#primaryimage\",\"url\":\"https:\/\/ichd.mx\/wp-content\/uploads\/2021\/11\/andres-olivas.jpeg\",\"contentUrl\":\"https:\/\/ichd.mx\/wp-content\/uploads\/2021\/11\/andres-olivas.jpeg\",\"width\":1079,\"height\":720},{\"@type\":\"BreadcrumbList\",\"@id\":\"https:\/\/ichd.mx\/?p=1932#breadcrumb\",\"itemListElement\":[{\"@type\":\"ListItem\",\"position\":1,\"name\":\"Portada\",\"item\":\"https:\/\/ichd.mx\/\"},{\"@type\":\"ListItem\",\"position\":2,\"name\":\"Este mi\u00e9rcoles elegir\u00e1n al Premio Estatal del Deporte 2021\"}]},{\"@type\":\"WebSite\",\"@id\":\"https:\/\/ichd.mx\/#website\",\"url\":\"https:\/\/ichd.mx\/\",\"name\":\"ICHD\",\"description\":\"Instituto Chihuahuense del Deporte y Cultura F\u00edsica\",\"potentialAction\":[{\"@type\":\"SearchAction\",\"target\":{\"@type\":\"EntryPoint\",\"urlTemplate\":\"https:\/\/ichd.mx\/?s={search_term_string}\"},\"query-input\":{\"@type\":\"PropertyValueSpecification\",\"valueRequired\":true,\"valueName\":\"search_term_string\"}}],\"inLanguage\":\"es\"},{\"@type\":\"Person\",\"@id\":\"https:\/\/ichd.mx\/#\/schema\/person\/f479276b61f414d2c9cb093175585910\",\"name\":\"Prensa ICHD\",\"image\":{\"@type\":\"ImageObject\",\"inLanguage\":\"es\",\"@id\":\"https:\/\/ichd.mx\/#\/schema\/person\/image\/\",\"url\":\"https:\/\/secure.gravatar.com\/avatar\/6046115645d37646586ee77488df800b?s=96&d=mm&r=g\",\"contentUrl\":\"https:\/\/secure.gravatar.com\/avatar\/6046115645d37646586ee77488df800b?s=96&d=mm&r=g\",\"caption\":\"Prensa ICHD\"},\"url\":\"https:\/\/ichd.mx\/?author=1\"}]}<\/script>\n<!-- \/ Yoast SEO plugin. -->","yoast_head_json":{"title":"Este mi\u00e9rcoles elegir\u00e1n al Premio Estatal del Deporte 2021 - ICHD","description":"Son 34 candidatos los que aspiran a ser Deportista y Entrenador del A\u00f1o.","robots":{"index":"index","follow":"follow","max-snippet":"max-snippet:-1","max-image-preview":"max-image-preview:large","max-video-preview":"max-video-preview:-1"},"canonical":"https:\/\/ichd.mx\/?p=1932","og_locale":"es_ES","og_type":"article","og_title":"Este mi\u00e9rcoles elegir\u00e1n al Premio Estatal del Deporte 2021 - ICHD","og_description":"Son 34 candidatos los que aspiran a ser Deportista y Entrenador del A\u00f1o.","og_url":"https:\/\/ichd.mx\/?p=1932","og_site_name":"ICHD","article_publisher":"https:\/\/www.facebook.com\/ichdmx","article_published_time":"2021-11-09T16:09:04+00:00","article_modified_time":"2021-11-23T20:32:19+00:00","og_image":[{"width":1079,"height":720,"url":"https:\/\/ichd.mx\/wp-content\/uploads\/2021\/11\/andres-olivas.jpeg","type":"image\/jpeg"}],"author":"Prensa ICHD","twitter_card":"summary_large_image","twitter_creator":"@ICHDmx","twitter_site":"@ICHDmx","twitter_misc":{"Escrito por":"Prensa ICHD","Tiempo de lectura":"2 minutos"},"schema":{"@context":"https:\/\/schema.org","@graph":[{"@type":"WebPage","@id":"https:\/\/ichd.mx\/?p=1932","url":"https:\/\/ichd.mx\/?p=1932","name":"Este mi\u00e9rcoles elegir\u00e1n al Premio Estatal del Deporte 2021 - ICHD","isPartOf":{"@id":"https:\/\/ichd.mx\/#website"},"primaryImageOfPage":{"@id":"https:\/\/ichd.mx\/?p=1932#primaryimage"},"image":{"@id":"https:\/\/ichd.mx\/?p=1932#primaryimage"},"thumbnailUrl":"https:\/\/ichd.mx\/wp-content\/uploads\/2021\/11\/andres-olivas.jpeg","datePublished":"2021-11-09T16:09:04+00:00","dateModified":"2021-11-23T20:32:19+00:00","author":{"@id":"https:\/\/ichd.mx\/#\/schema\/person\/f479276b61f414d2c9cb093175585910"},"description":"Son 34 candidatos los que aspiran a ser Deportista y Entrenador del A\u00f1o.","breadcrumb":{"@id":"https:\/\/ichd.mx\/?p=1932#breadcrumb"},"inLanguage":"es","potentialAction":[{"@type":"ReadAction","target":["https:\/\/ichd.mx\/?p=1932"]}]},{"@type":"ImageObject","inLanguage":"es","@id":"https:\/\/ichd.mx\/?p=1932#primaryimage","url":"https:\/\/ichd.mx\/wp-content\/uploads\/2021\/11\/andres-olivas.jpeg","contentUrl":"https:\/\/ichd.mx\/wp-content\/uploads\/2021\/11\/andres-olivas.jpeg","width":1079,"height":720},{"@type":"BreadcrumbList","@id":"https:\/\/ichd.mx\/?p=1932#breadcrumb","itemListElement":[{"@type":"ListItem","position":1,"name":"Portada","item":"https:\/\/ichd.mx\/"},{"@type":"ListItem","position":2,"name":"Este mi\u00e9rcoles elegir\u00e1n al Premio Estatal del Deporte 2021"}]},{"@type":"WebSite","@id":"https:\/\/ichd.mx\/#website","url":"https:\/\/ichd.mx\/","name":"ICHD","description":"Instituto Chihuahuense del Deporte y Cultura F\u00edsica","potentialAction":[{"@type":"SearchAction","target":{"@type":"EntryPoint","urlTemplate":"https:\/\/ichd.mx\/?s={search_term_string}"},"query-input":{"@type":"PropertyValueSpecification","valueRequired":true,"valueName":"search_term_string"}}],"inLanguage":"es"},{"@type":"Person","@id":"https:\/\/ichd.mx\/#\/schema\/person\/f479276b61f414d2c9cb093175585910","name":"Prensa ICHD","image":{"@type":"ImageObject","inLanguage":"es","@id":"https:\/\/ichd.mx\/#\/schema\/person\/image\/","url":"https:\/\/secure.gravatar.com\/avatar\/6046115645d37646586ee77488df800b?s=96&d=mm&r=g","contentUrl":"https:\/\/secure.gravatar.com\/avatar\/6046115645d37646586ee77488df800b?s=96&d=mm&r=g","caption":"Prensa ICHD"},"url":"https:\/\/ichd.mx\/?author=1"}]}},"_links":{"self":[{"href":"https:\/\/ichd.mx\/index.php?rest_route=\/wp\/v2\/posts\/1932","targetHints":{"allow":["GET"]}}],"collection":[{"href":"https:\/\/ichd.mx\/index.php?rest_route=\/wp\/v2\/posts"}],"about":[{"href":"https:\/\/ichd.mx\/index.php?rest_route=\/wp\/v2\/types\/post"}],"author":[{"embeddable":true,"href":"https:\/\/ichd.mx\/index.php?rest_route=\/wp\/v2\/users\/1"}],"replies":[{"embeddable":true,"href":"https:\/\/ichd.mx\/index.php?rest_route=%2Fwp%2Fv2%2Fcomments&post=1932"}],"version-history":[{"count":1,"href":"https:\/\/ichd.mx\/index.php?rest_route=\/wp\/v2\/posts\/1932\/revisions"}],"predecessor-version":[{"id":1934,"href":"https:\/\/ichd.mx\/index.php?rest_route=\/wp\/v2\/posts\/1932\/revisions\/1934"}],"wp:featuredmedia":[{"embeddable":true,"href":"https:\/\/ichd.mx\/index.php?rest_route=\/wp\/v2\/media\/1933"}],"wp:attachment":[{"href":"https:\/\/ichd.mx\/index.php?rest_route=%2Fwp%2Fv2%2Fmedia&parent=1932"}],"wp:term":[{"taxonomy":"category","embeddable":true,"href":"https:\/\/ichd.mx\/index.php?rest_route=%2Fwp%2Fv2%2Fcategories&post=1932"},{"taxonomy":"post_tag","embeddable":true,"href":"https:\/\/ichd.mx\/index.php?rest_route=%2Fwp%2Fv2%2Ftags&post=1932"}],"curies":[{"name":"wp","href":"https:\/\/api.w.org\/{rel}","templated":true}]}}