{"id":1916,"date":"2021-10-23T18:10:15","date_gmt":"2021-10-24T00:10:15","guid":{"rendered":"https:\/\/ichd.mx\/?p=1916"},"modified":"2021-11-09T09:09:32","modified_gmt":"2021-11-09T16:09:32","slug":"abre-con-oro-y-plata-chihuahua-en-paraatletismo","status":"publish","type":"post","link":"https:\/\/ichd.mx\/?p=1916","title":{"rendered":"Abre con oro y plata Chihuahua en Paraatletismo"},"content":{"rendered":"<p>La Delegaci\u00f3n Chihuahuense de Paraatletismo arranc\u00f3 su participaci\u00f3n en los Juegos Paranacionales, con dos medallas en la categor\u00eda Sub 18, competencias que se desarrollan en el Centro de Alto Rendimiento de Canc\u00fan, Quintana Roo.<\/p>\n<p>Fue Pablo Larreta quien logr\u00f3 dos medallas para Chihuahua, la primera fue un oro en la prueba de Salto de Longitud de la clasificaci\u00f3n F13, con una distancia de 4.71 metros.<\/p>\n<p>Mientras que en los 100 metros planos, Pablo se llev\u00f3 la medalla de plata, al finalizar la prueba con crono de 13.17 segundos en la clasificaci\u00f3n T13.<\/p>\n<p>Por su parte, V\u00edctor Alba se ubic\u00f3 en el cuarto lugar de los 100 metros planos, a solo dos d\u00e9cimas del tercer lugar en la calificaci\u00f3n 20 con un tiempo de 12.91, dentro de la clasificaci\u00f3n T20.<\/p>\n<p>La representaci\u00f3n chihuahuense continuar\u00e1 con su actividad en diversas disciplinas, por lo cual se espera la obtenci\u00f3n de m\u00e1s presas en esta edici\u00f3n de los Juegos Paranacionales.<\/p>\n","protected":false},"excerpt":{"rendered":"<p>La Delegaci\u00f3n Chihuahuense de Paraatletismo arranc\u00f3 su participaci\u00f3n en los Juegos Paranacionales, con dos medallas en la categor\u00eda Sub 18,<\/p>\n","protected":false},"author":1,"featured_media":1917,"comment_status":"closed","ping_status":"open","sticky":false,"template":"","format":"standard","meta":{"footnotes":""},"categories":[5,3],"tags":[],"class_list":["post-1916","post","type-post","status-publish","format-standard","has-post-thumbnail","hentry","category-on","category-sub"],"yoast_head":"<!-- This site is optimized with the Yoast SEO plugin v25.9 - https:\/\/yoast.com\/wordpress\/plugins\/seo\/ -->\n<title>Abre con oro y plata Chihuahua en Paraatletismo - ICHD<\/title>\n<meta name=\"description\" content=\"Contin\u00faan los Juegos Paranacionales en Canc\u00fan.\" \/>\n<meta name=\"robots\" content=\"index, follow, max-snippet:-1, max-image-preview:large, max-video-preview:-1\" \/>\n<link rel=\"canonical\" href=\"https:\/\/ichd.mx\/?p=1916\" \/>\n<meta property=\"og:locale\" content=\"es_ES\" \/>\n<meta property=\"og:type\" content=\"article\" \/>\n<meta property=\"og:title\" content=\"Abre con oro y plata Chihuahua en Paraatletismo - ICHD\" \/>\n<meta property=\"og:description\" content=\"Contin\u00faan los Juegos Paranacionales en Canc\u00fan.\" \/>\n<meta property=\"og:url\" content=\"https:\/\/ichd.mx\/?p=1916\" \/>\n<meta property=\"og:site_name\" content=\"ICHD\" \/>\n<meta property=\"article:publisher\" content=\"https:\/\/www.facebook.com\/ichdmx\" \/>\n<meta property=\"article:published_time\" content=\"2021-10-24T00:10:15+00:00\" \/>\n<meta property=\"article:modified_time\" content=\"2021-11-09T16:09:32+00:00\" \/>\n<meta property=\"og:image\" content=\"https:\/\/ichd.mx\/wp-content\/uploads\/2021\/10\/Paraatletismo-1-9.jpeg\" \/>\n\t<meta property=\"og:image:width\" content=\"1296\" \/>\n\t<meta property=\"og:image:height\" content=\"864\" \/>\n\t<meta property=\"og:image:type\" content=\"image\/jpeg\" \/>\n<meta name=\"author\" content=\"Prensa ICHD\" \/>\n<meta name=\"twitter:card\" content=\"summary_large_image\" \/>\n<meta name=\"twitter:creator\" content=\"@ICHDmx\" \/>\n<meta name=\"twitter:site\" content=\"@ICHDmx\" \/>\n<meta name=\"twitter:label1\" content=\"Escrito por\" \/>\n\t<meta name=\"twitter:data1\" content=\"Prensa ICHD\" \/>\n\t<meta name=\"twitter:label2\" content=\"Tiempo de lectura\" \/>\n\t<meta name=\"twitter:data2\" content=\"1 minuto\" \/>\n<script type=\"application\/ld+json\" class=\"yoast-schema-graph\">{\"@context\":\"https:\/\/schema.org\",\"@graph\":[{\"@type\":\"WebPage\",\"@id\":\"https:\/\/ichd.mx\/?p=1916\",\"url\":\"https:\/\/ichd.mx\/?p=1916\",\"name\":\"Abre con oro y plata Chihuahua en Paraatletismo - ICHD\",\"isPartOf\":{\"@id\":\"https:\/\/ichd.mx\/#website\"},\"primaryImageOfPage\":{\"@id\":\"https:\/\/ichd.mx\/?p=1916#primaryimage\"},\"image\":{\"@id\":\"https:\/\/ichd.mx\/?p=1916#primaryimage\"},\"thumbnailUrl\":\"https:\/\/ichd.mx\/wp-content\/uploads\/2021\/10\/Paraatletismo-1-9.jpeg\",\"datePublished\":\"2021-10-24T00:10:15+00:00\",\"dateModified\":\"2021-11-09T16:09:32+00:00\",\"author\":{\"@id\":\"https:\/\/ichd.mx\/#\/schema\/person\/f479276b61f414d2c9cb093175585910\"},\"description\":\"Contin\u00faan los Juegos Paranacionales en Canc\u00fan.\",\"breadcrumb\":{\"@id\":\"https:\/\/ichd.mx\/?p=1916#breadcrumb\"},\"inLanguage\":\"es\",\"potentialAction\":[{\"@type\":\"ReadAction\",\"target\":[\"https:\/\/ichd.mx\/?p=1916\"]}]},{\"@type\":\"ImageObject\",\"inLanguage\":\"es\",\"@id\":\"https:\/\/ichd.mx\/?p=1916#primaryimage\",\"url\":\"https:\/\/ichd.mx\/wp-content\/uploads\/2021\/10\/Paraatletismo-1-9.jpeg\",\"contentUrl\":\"https:\/\/ichd.mx\/wp-content\/uploads\/2021\/10\/Paraatletismo-1-9.jpeg\",\"width\":1296,\"height\":864},{\"@type\":\"BreadcrumbList\",\"@id\":\"https:\/\/ichd.mx\/?p=1916#breadcrumb\",\"itemListElement\":[{\"@type\":\"ListItem\",\"position\":1,\"name\":\"Portada\",\"item\":\"https:\/\/ichd.mx\/\"},{\"@type\":\"ListItem\",\"position\":2,\"name\":\"Abre con oro y plata Chihuahua en Paraatletismo\"}]},{\"@type\":\"WebSite\",\"@id\":\"https:\/\/ichd.mx\/#website\",\"url\":\"https:\/\/ichd.mx\/\",\"name\":\"ICHD\",\"description\":\"Instituto Chihuahuense del Deporte y Cultura F\u00edsica\",\"potentialAction\":[{\"@type\":\"SearchAction\",\"target\":{\"@type\":\"EntryPoint\",\"urlTemplate\":\"https:\/\/ichd.mx\/?s={search_term_string}\"},\"query-input\":{\"@type\":\"PropertyValueSpecification\",\"valueRequired\":true,\"valueName\":\"search_term_string\"}}],\"inLanguage\":\"es\"},{\"@type\":\"Person\",\"@id\":\"https:\/\/ichd.mx\/#\/schema\/person\/f479276b61f414d2c9cb093175585910\",\"name\":\"Prensa ICHD\",\"image\":{\"@type\":\"ImageObject\",\"inLanguage\":\"es\",\"@id\":\"https:\/\/ichd.mx\/#\/schema\/person\/image\/\",\"url\":\"https:\/\/secure.gravatar.com\/avatar\/6046115645d37646586ee77488df800b?s=96&d=mm&r=g\",\"contentUrl\":\"https:\/\/secure.gravatar.com\/avatar\/6046115645d37646586ee77488df800b?s=96&d=mm&r=g\",\"caption\":\"Prensa ICHD\"},\"url\":\"https:\/\/ichd.mx\/?author=1\"}]}<\/script>\n<!-- \/ Yoast SEO plugin. -->","yoast_head_json":{"title":"Abre con oro y plata Chihuahua en Paraatletismo - ICHD","description":"Contin\u00faan los Juegos Paranacionales en Canc\u00fan.","robots":{"index":"index","follow":"follow","max-snippet":"max-snippet:-1","max-image-preview":"max-image-preview:large","max-video-preview":"max-video-preview:-1"},"canonical":"https:\/\/ichd.mx\/?p=1916","og_locale":"es_ES","og_type":"article","og_title":"Abre con oro y plata Chihuahua en Paraatletismo - ICHD","og_description":"Contin\u00faan los Juegos Paranacionales en Canc\u00fan.","og_url":"https:\/\/ichd.mx\/?p=1916","og_site_name":"ICHD","article_publisher":"https:\/\/www.facebook.com\/ichdmx","article_published_time":"2021-10-24T00:10:15+00:00","article_modified_time":"2021-11-09T16:09:32+00:00","og_image":[{"width":1296,"height":864,"url":"https:\/\/ichd.mx\/wp-content\/uploads\/2021\/10\/Paraatletismo-1-9.jpeg","type":"image\/jpeg"}],"author":"Prensa ICHD","twitter_card":"summary_large_image","twitter_creator":"@ICHDmx","twitter_site":"@ICHDmx","twitter_misc":{"Escrito por":"Prensa ICHD","Tiempo de lectura":"1 minuto"},"schema":{"@context":"https:\/\/schema.org","@graph":[{"@type":"WebPage","@id":"https:\/\/ichd.mx\/?p=1916","url":"https:\/\/ichd.mx\/?p=1916","name":"Abre con oro y plata Chihuahua en Paraatletismo - ICHD","isPartOf":{"@id":"https:\/\/ichd.mx\/#website"},"primaryImageOfPage":{"@id":"https:\/\/ichd.mx\/?p=1916#primaryimage"},"image":{"@id":"https:\/\/ichd.mx\/?p=1916#primaryimage"},"thumbnailUrl":"https:\/\/ichd.mx\/wp-content\/uploads\/2021\/10\/Paraatletismo-1-9.jpeg","datePublished":"2021-10-24T00:10:15+00:00","dateModified":"2021-11-09T16:09:32+00:00","author":{"@id":"https:\/\/ichd.mx\/#\/schema\/person\/f479276b61f414d2c9cb093175585910"},"description":"Contin\u00faan los Juegos Paranacionales en Canc\u00fan.","breadcrumb":{"@id":"https:\/\/ichd.mx\/?p=1916#breadcrumb"},"inLanguage":"es","potentialAction":[{"@type":"ReadAction","target":["https:\/\/ichd.mx\/?p=1916"]}]},{"@type":"ImageObject","inLanguage":"es","@id":"https:\/\/ichd.mx\/?p=1916#primaryimage","url":"https:\/\/ichd.mx\/wp-content\/uploads\/2021\/10\/Paraatletismo-1-9.jpeg","contentUrl":"https:\/\/ichd.mx\/wp-content\/uploads\/2021\/10\/Paraatletismo-1-9.jpeg","width":1296,"height":864},{"@type":"BreadcrumbList","@id":"https:\/\/ichd.mx\/?p=1916#breadcrumb","itemListElement":[{"@type":"ListItem","position":1,"name":"Portada","item":"https:\/\/ichd.mx\/"},{"@type":"ListItem","position":2,"name":"Abre con oro y plata Chihuahua en Paraatletismo"}]},{"@type":"WebSite","@id":"https:\/\/ichd.mx\/#website","url":"https:\/\/ichd.mx\/","name":"ICHD","description":"Instituto Chihuahuense del Deporte y Cultura F\u00edsica","potentialAction":[{"@type":"SearchAction","target":{"@type":"EntryPoint","urlTemplate":"https:\/\/ichd.mx\/?s={search_term_string}"},"query-input":{"@type":"PropertyValueSpecification","valueRequired":true,"valueName":"search_term_string"}}],"inLanguage":"es"},{"@type":"Person","@id":"https:\/\/ichd.mx\/#\/schema\/person\/f479276b61f414d2c9cb093175585910","name":"Prensa ICHD","image":{"@type":"ImageObject","inLanguage":"es","@id":"https:\/\/ichd.mx\/#\/schema\/person\/image\/","url":"https:\/\/secure.gravatar.com\/avatar\/6046115645d37646586ee77488df800b?s=96&d=mm&r=g","contentUrl":"https:\/\/secure.gravatar.com\/avatar\/6046115645d37646586ee77488df800b?s=96&d=mm&r=g","caption":"Prensa ICHD"},"url":"https:\/\/ichd.mx\/?author=1"}]}},"_links":{"self":[{"href":"https:\/\/ichd.mx\/index.php?rest_route=\/wp\/v2\/posts\/1916","targetHints":{"allow":["GET"]}}],"collection":[{"href":"https:\/\/ichd.mx\/index.php?rest_route=\/wp\/v2\/posts"}],"about":[{"href":"https:\/\/ichd.mx\/index.php?rest_route=\/wp\/v2\/types\/post"}],"author":[{"embeddable":true,"href":"https:\/\/ichd.mx\/index.php?rest_route=\/wp\/v2\/users\/1"}],"replies":[{"embeddable":true,"href":"https:\/\/ichd.mx\/index.php?rest_route=%2Fwp%2Fv2%2Fcomments&post=1916"}],"version-history":[{"count":1,"href":"https:\/\/ichd.mx\/index.php?rest_route=\/wp\/v2\/posts\/1916\/revisions"}],"predecessor-version":[{"id":1918,"href":"https:\/\/ichd.mx\/index.php?rest_route=\/wp\/v2\/posts\/1916\/revisions\/1918"}],"wp:featuredmedia":[{"embeddable":true,"href":"https:\/\/ichd.mx\/index.php?rest_route=\/wp\/v2\/media\/1917"}],"wp:attachment":[{"href":"https:\/\/ichd.mx\/index.php?rest_route=%2Fwp%2Fv2%2Fmedia&parent=1916"}],"wp:term":[{"taxonomy":"category","embeddable":true,"href":"https:\/\/ichd.mx\/index.php?rest_route=%2Fwp%2Fv2%2Fcategories&post=1916"},{"taxonomy":"post_tag","embeddable":true,"href":"https:\/\/ichd.mx\/index.php?rest_route=%2Fwp%2Fv2%2Ftags&post=1916"}],"curies":[{"name":"wp","href":"https:\/\/api.w.org\/{rel}","templated":true}]}}